{"id":33780,"date":"2019-05-23T08:00:03","date_gmt":"2019-05-23T11:00:03","guid":{"rendered":"http:\/\/www.novaconcursos.com.br\/portal\/?post_type=nc-public-tender&#038;p=33780"},"modified":"2025-04-09T17:16:50","modified_gmt":"2025-04-09T20:16:50","slug":"concurso-prefeitura-de-resende-rj","status":"publish","type":"post","link":"https:\/\/www.novaconcursos.com.br\/portal\/concursos\/concurso-prefeitura-de-resende-rj\/","title":{"rendered":"Concurso Prefeitura de Resende \u2013 RJ"},"content":{"rendered":"<p><strong>Saiu o edital<\/strong> do novo concurso Prefeitura de Resende \u2013 RJ. As oportunidades s\u00e3o para <strong>n\u00edveis fundamental, m\u00e9dio e superior<\/strong>, com sal\u00e1rios de at\u00e9 <strong>R$ 2,5 mil!<\/strong><\/p>\n<h2 id=\"como-fazer-a-inscrio-do-concurso-prefeitura-de-resende-rj\">Como fazer a inscri\u00e7\u00e3o do concurso Prefeitura de Resende \u2013 RJ?<\/h2>\n<p>As <strong>inscri\u00e7\u00f5es<\/strong> ficar\u00e3o dispon\u00edveis at\u00e9 \u00e0s <strong>23h59min do dia 17 de junho de 2019<\/strong>.<\/p>\n<p>Para se <strong>inscrever<\/strong> o candidato dever\u00e1 acessar o site da banca organizadora, <span style=\"color: #0000ff;\">Consulpam<\/span>.<\/p>\n<p>A <strong>taxa de inscri\u00e7\u00e3o<\/strong> varia nos seguintes valores:<\/p>\n<p>\u2013 <strong>N\u00edvel Fundamental<\/strong>: R$ 25,00;<\/p>\n<p>\u2013 <strong>N\u00edvel M\u00e9dio<\/strong>: R$ 30,00;<\/p>\n<p>\u2013 <strong>N\u00edvel Superior<\/strong>: R$ 35,00.<\/p>\n<h2 id=\"vagas-e-salrios\">Vagas e sal\u00e1rios<\/h2>\n<p>O certame oferta <strong>131 vagas divididas em tr\u00eas editais<\/strong>, para n\u00edveis fundamental, m\u00e9dio e superior. As <strong>oportunidades<\/strong> s\u00e3o para os seguintes cargos:<\/p>\n<h3>Edital 001\/2019<\/h3>\n<p>\u2666 <strong>N\u00edvel Fundamental:<\/strong> Lavador de Ve\u00edculos (3), Mec\u00e2nico de Auto (3), Mec\u00e2nico de M\u00e1quinas Pesadas (3), Motorista Categoria D (35), Operador de M\u00e1quinas Pesadas (10);<\/p>\n<p>\u2666 <strong>N\u00edvel M\u00e9dio:<\/strong> Maqueiro (2), T\u00e9cnico de Arquivo (2), T\u00e9cnico de Processamento de Dados (2), T\u00e9cnico em Farm\u00e1cia (4), T\u00e9cnico em Farm\u00e1cia Plant\u00e3o (2), T\u00e9cnico em Log\u00edstica (3), T\u00e9cnico em Radiologia com Habilita\u00e7\u00e3o em Mamografia (1), T\u00e9cnico em Radiologia com Habilita\u00e7\u00e3o em Temografia (1);<\/p>\n<p>\u2666 <strong>N\u00edvel Superior:<\/strong> Bibliotec\u00e1rio (2), Engenheiro Civil (3), Fiscal de Tributos (5), Fiscal Sanit\u00e1rio (5), M\u00e9dico Anestesista (1), M\u00e9dico Cirurgi\u00e3o Geral Plant\u00e3o (1), M\u00e9dico Cirurgi\u00e3o Pedi\u00e1trico (1), M\u00e9dico Cirurgi\u00e3o Pl\u00e1stico Reparador (1), M\u00e9dico Intensivista Plant\u00e3o (1), M\u00e9dico Ortopedista Plant\u00e3o (1), M\u00e9dico do Trabalho (1), M\u00e9dico Hematologista (1), M\u00e9dico Psiquiatra (2), M\u00e9dico Veterin\u00e1rio (2), Muse\u00f3logo (1), Odontologista Buco-Maxilo Facial (1), Odontologista Protesista (1).<\/p>\n<p>Os <strong>sal\u00e1rios<\/strong> variam de <strong>R$ 998,00 a R$ 2.564,17<\/strong>, com jornadas de trabalho de <strong>20 a 40<\/strong> horas semanais.<\/p>\n<h3>Edital 002\/2019<\/h3>\n<p>\u2666 <strong>N\u00edvel Fundamental:<\/strong> Auxiliar de Servi\u00e7os Gerais (1), <span style=\"color: #0000ff;\">Motorista Categoria D (1) \u00bb Ver Apostila \u00ab<\/span>.<\/p>\n<p>Os <strong>sal\u00e1rios<\/strong> para ambos os cargos t\u00eam o valor de <strong>R$ 998,00<\/strong>, para jornadas de trabalho de <strong>40<\/strong> horas semanais.<\/p>\n<h3>Edital 003\/2019<\/h3>\n<p>\u2666 <strong>N\u00edvel Fundamental:<\/strong> Agente Comunit\u00e1rio de Sa\u00fade (28).<\/p>\n<p>O <strong>sal\u00e1rio<\/strong> para o cargo tem o valor de <strong>R$ 1.014,00<\/strong>, com jornadas de trabalho de <strong>40<\/strong> horas semanais.<\/p>\n<h2 id=\"como-ser-a-prova-do-concurso-prefeitura-de-resende-rj\">Como ser\u00e1 a prova do concurso Prefeitura de Resende \u2013 RJ?<\/h2>\n<p>A <strong>avalia\u00e7\u00e3o<\/strong> dos candidatos ser\u00e1 mediante <strong>prova objetiva<\/strong> (para todos os cargos), realizada nas datas de <strong>27 e 28 de julho de 2019<\/strong>, na cidade Resende\/RJ.<\/p>\n<p>Os <strong>locais e hor\u00e1rios<\/strong> da prova ser\u00e3o informados posteriormente no site da banca organizadora.<\/p>\n<p>Haver\u00e1 ainda <strong>prova pr\u00e1tica<\/strong> para os cargos de Operador de M\u00e1quinas Pesadas, Motorista Categoria D e Auxiliar de Servi\u00e7os Gerais.<\/p>\n<p>O <strong>conte\u00fado program\u00e1tico<\/strong> da prova consistir\u00e1 nas disciplinas de L\u00edngua Portuguesa, Matem\u00e1tica, Atualidades, Inform\u00e1tica, Conhecimentos Espec\u00edficos.<\/p>\n<p>O <strong>prazo de validade<\/strong> do Processo de Sele\u00e7\u00e3o P\u00fablica ser\u00e1 de <strong>2 (dois) anos<\/strong> contados da data de sua homologa\u00e7\u00e3o, podendo, por ato expresso do Chefe do Poder Executivo Municipal ser prorrogado, uma \u00fanica vez, por igual per\u00edodo.<\/p>\n<h2 id=\"requisitos-necessrios-para-posse-dos-cargos\">Requisitos necess\u00e1rios para posse dos cargos<\/h2>\n<p>Os candidatos interessados nos cargos ofertados, dever\u00e3o atender os <strong>seguintes requisitos necess\u00e1rios<\/strong> para posse dos cargos:<\/p>\n<p>\u2013 Ser brasileiro nato ou naturalizado, ou cidad\u00e3o portugu\u00eas que tenha adquirido a igualdade de direitos e obriga\u00e7\u00f5es civis e o gozo dos direitos pol\u00edticos (Decreto n\u00ba. 70.436, de 18\/04\/72, e artigo 12, \u00a71\u00ba, da Constitui\u00e7\u00e3o Federal \u2013 artigo 3\u00ba da Emenda Constitucional n\u00ba. 19, de 04\/06\/98);<\/p>\n<p>\u2013 Ter idade igual ou superior a 18 (dezoito) anos no ato da nomea\u00e7\u00e3o.<\/p>\n<p>\u2013 Ter a situa\u00e7\u00e3o regularizada com as obriga\u00e7\u00f5es perante o servi\u00e7o militar, se do sexo masculino;<\/p>\n<p>\u2013 Ter a situa\u00e7\u00e3o regularizada perante a Justi\u00e7a Eleitoral;<\/p>\n<p>\u2013 Possuir, at\u00e9 a data da posse, os requisitos de habilita\u00e7\u00e3o exigidos para o cargo pretendido;<\/p>\n<p>\u2013 Conhecer, atender e aceitar as condi\u00e7\u00f5es estabelecidas no edital;<\/p>\n<p>\u2013 Estar em pleno gozo dos seus direitos pol\u00edticos e civis;<\/p>\n<p>\u2013 Ter aptid\u00e3o f\u00edsica e mental e n\u00e3o ser pessoa com defici\u00eancia incompat\u00edvel com o exerc\u00edcio do cargo;<\/p>\n<p>\u2013 N\u00e3o ter sofrido, no exerc\u00edcio da fun\u00e7\u00e3o p\u00fablica, penalidade incompat\u00edvel com a investidura em Cargo P\u00fablico, prevista na Lei Federal 8.429 de 02 de junho de 1992.<\/p>","protected":false},"excerpt":{"rendered":"<p>Saiu o edital do novo concurso Prefeitura de Resende \u2013 RJ. As oportunidades s\u00e3o para n\u00edveis fundamental, m\u00e9dio e superior, com sal\u00e1rios de at\u00e9 R$ 2,5 mil!<\/p>\n","protected":false},"author":16,"featured_media":0,"comment_status":"closed","ping_status":"closed","sticky":false,"template":"","format":"standard","meta":{"_acf_changed":false,"footnotes":"","_wp_rev_ctl_limit":""},"categories":[44999],"tags":[],"class_list":["post-33780","post","type-post","status-publish","format-standard","hentry","category-concursos"],"acf":[],"_links":{"self":[{"href":"https:\/\/www.novaconcursos.com.br\/portal\/wp-json\/wp\/v2\/posts\/33780","targetHints":{"allow":["GET"]}}],"collection":[{"href":"https:\/\/www.novaconcursos.com.br\/portal\/wp-json\/wp\/v2\/posts"}],"about":[{"href":"https:\/\/www.novaconcursos.com.br\/portal\/wp-json\/wp\/v2\/types\/post"}],"author":[{"embeddable":true,"href":"https:\/\/www.novaconcursos.com.br\/portal\/wp-json\/wp\/v2\/users\/16"}],"replies":[{"embeddable":true,"href":"https:\/\/www.novaconcursos.com.br\/portal\/wp-json\/wp\/v2\/comments?post=33780"}],"version-history":[{"count":3,"href":"https:\/\/www.novaconcursos.com.br\/portal\/wp-json\/wp\/v2\/posts\/33780\/revisions"}],"predecessor-version":[{"id":278650,"href":"https:\/\/www.novaconcursos.com.br\/portal\/wp-json\/wp\/v2\/posts\/33780\/revisions\/278650"}],"wp:attachment":[{"href":"https:\/\/www.novaconcursos.com.br\/portal\/wp-json\/wp\/v2\/media?parent=33780"}],"wp:term":[{"taxonomy":"category","embeddable":true,"href":"https:\/\/www.novaconcursos.com.br\/portal\/wp-json\/wp\/v2\/categories?post=33780"},{"taxonomy":"post_tag","embeddable":true,"href":"https:\/\/www.novaconcursos.com.br\/portal\/wp-json\/wp\/v2\/tags?post=33780"}],"curies":[{"name":"wp","href":"https:\/\/api.w.org\/{rel}","templated":true}]}}