{"id":33982,"date":"2016-02-05T16:25:16","date_gmt":"2016-02-05T18:25:16","guid":{"rendered":"http:\/\/www.novaconcursos.com.br\/portal\/?p=33982"},"modified":"2021-01-28T16:53:30","modified_gmt":"2021-01-28T19:53:30","slug":"concursos-que-abrem-e-encerram-a-inscricao-de-08-a-14-de-fevereiro-2016-02","status":"publish","type":"post","link":"https:\/\/www.novaconcursos.com.br\/portal\/noticias\/concursos-que-abrem-e-encerram-a-inscricao-de-08-a-14-de-fevereiro-2016-02\/","title":{"rendered":"Concursos que abrem e encerram a inscri\u00e7\u00e3o de 08 a 14 de fevereiro"},"content":{"rendered":"<p><a href=\"https:\/\/www.novaconcursos.com.br\/portal\/wp-content\/uploads\/2015\/11\/calend%C3%A1rio.jpg\"><img decoding=\"async\" class=\" size-medium wp-image-29665 alignright\" src=\"https:\/\/www.novaconcursos.com.br\/portal\/wp-content\/uploads\/2015\/11\/calend%C3%A1rio-300x225.jpg\" alt=\"calend\u00e1rio\" width=\"300\" height=\"225\" loading=\"lazy\" title=\"\" srcset=\"https:\/\/www.novaconcursos.com.br\/portal\/wp-content\/uploads\/2015\/11\/calend\u00e1rio-300x225.jpg 300w, https:\/\/www.novaconcursos.com.br\/portal\/wp-content\/uploads\/2015\/11\/calend\u00e1rio-1024x767.jpg 1024w, https:\/\/www.novaconcursos.com.br\/portal\/wp-content\/uploads\/2015\/11\/calend\u00e1rio.jpg 1600w\" sizes=\"auto, (max-width: 480px) 100vw, (max-width: 768px) 100vw, (max-width: 1200px) 70vw, 768px\"><\/a>A semana \u00e9 de Carnaval, mas para quem est\u00e1 estudando n\u00e3o tem descanso. Do dia 9 at\u00e9 14 de fevereiro algumas institui\u00e7\u00f5es aproveitam as datas para encerrar ou abrir o per\u00edodo de inscri\u00e7\u00e3o. Confira a lista:<\/p>\n<ul><li><em>Segunda-feira (8)<\/em><\/li>\n<\/ul><p>Nada est\u00e1 agendado para esse dia.<\/p>\n<ul><li><em>Ter\u00e7a-feira (9)<\/em><\/li>\n<\/ul><p>A <span style=\"text-decoration: underline;\"><strong><a href=\"https:\/\/www.novaconcursos.com.br\/portal\/concursos\/concurso-ufma\/\" target=\"_blank\" rel=\"noopener noreferrer\">Universidade Federal do Maranh\u00e3o<\/a><\/strong><\/span> encerra a inscri\u00e7\u00e3o para seu processo seletivo.<\/p>\n<ul><li><em>Quarta-feira (10)<\/em><\/li>\n<\/ul><p>O Conselho Regional de Fisioterapia e Terapia Ocupacional da 5\u00aa Regi\u00e3o (<span style=\"text-decoration: underline;\"><strong><a href=\"https:\/\/www.novaconcursos.com.br\/portal\/concursos\/concurso-crefito-5a-regiao-rs\/\" target=\"_blank\" rel=\"noopener noreferrer\">Crefito do Rio Grande do Sul<\/a><\/strong><\/span>) agendou esse dia como o \u00faltimo para se cadastrar nesse certame.<\/p>\n<ul><li><em>Quinta-feira (11)<\/em><\/li>\n<\/ul><p>Nesse dia, a <span style=\"text-decoration: underline;\"><strong><a href=\"https:\/\/www.novaconcursos.com.br\/portal\/concursos\/concurso-camara-de-sao-vicente-sp\/\" target=\"_blank\" rel=\"noopener noreferrer\">C\u00e2mara Municipal de S\u00e3o Vicente<\/a><\/strong><\/span>, no litoral paulista, e a <span style=\"text-decoration: underline;\"><strong><a href=\"https:\/\/www.novaconcursos.com.br\/portal\/concursos\/concurso-prefeitura-de-barueri-sp-agente-de-transito\/\" target=\"_blank\" rel=\"noopener noreferrer\">Prefeitura de Barueri<\/a><\/strong><\/span>, na regi\u00e3o Metropolitana de S\u00e3o Paulo, terminam o per\u00edodo de inscri\u00e7\u00e3o para seus respectivos concursos. Na contra-m\u00e3o disso, a <span style=\"text-decoration: underline;\"><strong><a href=\"https:\/\/www.novaconcursos.com.br\/portal\/concursos\/concurso-guarda-municipal-de-varginha-mg\/\" target=\"_blank\" rel=\"noopener noreferrer\">Prefeitura de Varginha<\/a><\/strong><\/span>, em Minas Gerais, recebe os primeiros candidatos para suas oportunidades.<\/p>\n<ul><li><em>Sexta-feira (12)<\/em><\/li>\n<\/ul><p>Em Minas Gerais, a <span style=\"text-decoration: underline;\"><strong><a href=\"https:\/\/www.novaconcursos.com.br\/portal\/concursos\/concurso-prefeitura-de-ituiutaba-mg\/\" target=\"_blank\" rel=\"noopener noreferrer\">Prefeitura de Ituiutaba<\/a><\/strong><\/span> encerra o per\u00edodo de inscri\u00e7\u00e3o, assim como a seletiva realizada pela <span style=\"text-decoration: underline;\"><strong><a href=\"https:\/\/www.novaconcursos.com.br\/portal\/concursos\/processo-seletivo-prefeitura-de-taboao-da-serra-sp\/\" target=\"_blank\" rel=\"noopener noreferrer\">Prefeitura de Tabo\u00e3o da Serra<\/a><\/strong><\/span>, em S\u00e3o Paulo.<\/p>\n<ul><li><em>S\u00e1bado (13)<\/em><\/li>\n<\/ul><p>N\u00e3o h\u00e1 nada marcado no primeiro dia do final de semana.<\/p>\n<ul><li><em>Domingo (14)<\/em><\/li>\n<\/ul><p>Por fim, no \u00faltimo dia da semana, a\u00a0Previd\u00eancia Social dos Servidores do Guaruj\u00e1, a <span style=\"text-decoration: underline;\"><strong><a href=\"https:\/\/www.novaconcursos.com.br\/portal\/concursos\/concurso-guaruja-previdencia\/\" target=\"_blank\" rel=\"noopener noreferrer\">Guaruj\u00e1 Previd\u00eancia<\/a><\/strong><\/span>, aceita\u00a0os \u00faltimos candidatos da sua prova, que acontecer\u00e1 em 6 de mar\u00e7o.<\/p>","protected":false},"excerpt":{"rendered":"<p>A semana \u00e9 de Carnaval, mas para quem est\u00e1 estudando n\u00e3o tem descanso. Do dia 9 at\u00e9 14 de fevereiro algumas institui\u00e7\u00f5es aproveitam as datas para encerrar ou abrir o per\u00edodo de inscri\u00e7\u00e3o. Confira a lista: Segunda-feira (8) Nada est\u00e1 agendado para esse dia. Ter\u00e7a-feira (9) A Universidade Federal do Maranh\u00e3o encerra a inscri\u00e7\u00e3o para [&hellip;]<\/p>\n","protected":false},"author":16,"featured_media":28783,"comment_status":"closed","ping_status":"closed","sticky":false,"template":"","format":"standard","meta":{"_acf_changed":false,"footnotes":"","_wp_rev_ctl_limit":""},"categories":[228],"tags":[16084,16299],"class_list":["post-33982","post","type-post","status-publish","format-standard","has-post-thumbnail","hentry","category-noticias","tag-concursos-que-abrem-inscricoes","tag-concursos-que-encerram-inscricoes"],"acf":[],"_links":{"self":[{"href":"https:\/\/www.novaconcursos.com.br\/portal\/wp-json\/wp\/v2\/posts\/33982","targetHints":{"allow":["GET"]}}],"collection":[{"href":"https:\/\/www.novaconcursos.com.br\/portal\/wp-json\/wp\/v2\/posts"}],"about":[{"href":"https:\/\/www.novaconcursos.com.br\/portal\/wp-json\/wp\/v2\/types\/post"}],"author":[{"embeddable":true,"href":"https:\/\/www.novaconcursos.com.br\/portal\/wp-json\/wp\/v2\/users\/16"}],"replies":[{"embeddable":true,"href":"https:\/\/www.novaconcursos.com.br\/portal\/wp-json\/wp\/v2\/comments?post=33982"}],"version-history":[{"count":2,"href":"https:\/\/www.novaconcursos.com.br\/portal\/wp-json\/wp\/v2\/posts\/33982\/revisions"}],"predecessor-version":[{"id":116663,"href":"https:\/\/www.novaconcursos.com.br\/portal\/wp-json\/wp\/v2\/posts\/33982\/revisions\/116663"}],"wp:featuredmedia":[{"embeddable":true,"href":"https:\/\/www.novaconcursos.com.br\/portal\/wp-json\/wp\/v2\/media\/28783"}],"wp:attachment":[{"href":"https:\/\/www.novaconcursos.com.br\/portal\/wp-json\/wp\/v2\/media?parent=33982"}],"wp:term":[{"taxonomy":"category","embeddable":true,"href":"https:\/\/www.novaconcursos.com.br\/portal\/wp-json\/wp\/v2\/categories?post=33982"},{"taxonomy":"post_tag","embeddable":true,"href":"https:\/\/www.novaconcursos.com.br\/portal\/wp-json\/wp\/v2\/tags?post=33982"}],"curies":[{"name":"wp","href":"https:\/\/api.w.org\/{rel}","templated":true}]}}