{"id":36590,"date":"2023-11-10T08:02:36","date_gmt":"2023-11-10T11:02:36","guid":{"rendered":"http:\/\/www.novaconcursos.com.br\/portal\/?post_type=nc-public-tender&#038;p=36590"},"modified":"2025-04-03T14:06:42","modified_gmt":"2025-04-03T17:06:42","slug":"concurso-ufpel","status":"publish","type":"post","link":"https:\/\/www.novaconcursos.com.br\/portal\/concursos\/concurso-ufpel\/","title":{"rendered":"Concurso UFPel: Edital publicado para Assistente em Administra\u00e7\u00e3o, n\u00edvel m\u00e9dio!"},"content":{"rendered":"<p>Aten\u00e7\u00e3o, concurseiros! Um novo concurso <a href=\"https:\/\/www.novaconcursos.com.br\/portal\/concursos-abertos\/rs\/\">UFPel (Universidade Federal de Pelotas)<\/a> foi publicado! ?<\/p>\n\n\n\n<p>Edital oferece vagas de <strong>n\u00edvel m\u00e9dio<\/strong> para Assistente!<\/p>\n\n\n\n<p>Saiba como participar!<\/p>\n\n\n\n<h2 class=\"wp-block-heading\" id=\"resumo-do-edital\">Resumo do Edital<\/h2>\n\n\n\n<p>Vagas: 16<br>Escolaridade: n\u00edvel m\u00e9dio<br>Sal\u00e1rio: R$ 2.667,19<br>Per\u00edodo de inscri\u00e7\u00e3o: 13\/11\/2023 at\u00e9 04\/12\/2023<br>Taxa de inscri\u00e7\u00e3o: R$ 70,00<br>Prova: 21\/01\/2024<br>Banca: Legalle Concursos<br><a href=\"https:\/\/www.novaconcursos.com.br\/portal\/wp-content\/uploads\/2023\/04\/edital-ufpel.pdf\" target=\"_blank\" rel=\"noopener\">Baixe o edital.<\/a><\/p>\n\n\n\n<h2 class=\"wp-block-heading\" id=\"como-se-inscrever-no-concurso-ufpel\">Como se inscrever no concurso UFPel?<\/h2>\n\n\n\n<p>As inscri\u00e7\u00f5es para o concurso da UFPel estar\u00e3o abertas entre os dias <strong>13 de novembro de 2023 e 04 de dezembro de 2023<\/strong>!<\/p>\n\n\n\n<p>Para se candidatar, o interessado dever\u00e1 realizar a inscri\u00e7\u00e3o pelo site da banca, a <a href=\"https:\/\/legalleconcursos.com.br\/editais\/abertos\" target=\"_blank\" rel=\"noopener\">Legalle Concursos<\/a>.<\/p>\n\n\n\n<p>Al\u00e9m disso, dever\u00e1 efetivar o pagamento de uma\u00a0<strong>taxa de inscri\u00e7\u00e3o<\/strong> no valor de <strong>R$ 70,00<\/strong>, que dever\u00e1 ser paga at\u00e9 o dia 05 de dezembro.<\/p>\n\n\n\n<p>O certame oferece a\u00a0<strong>isen\u00e7\u00e3o\u00a0<\/strong>da taxa para o candidato que:<\/p>\n\n\n\n<ul class=\"wp-block-list\"><li>estiver com a inscri\u00e7\u00e3o ativa no Cadastro \u00danico para Programas Sociais do Governo Federal \u2013 Cad\u00danico,;<\/li>\n\n\n\n<li>possuir renda familiar mensal per capita seja inferior ou igual a meio sal\u00e1rio-m\u00ednimo nacional; e<\/li>\n\n\n\n<li>seja doador de medula \u00f3ssea em entidades reconhecidas pelo Minist\u00e9rio da Sa\u00fade, nos termos do Decreto n\u00b0 6.135\/2007 e da Lei n\u00b0 13.656\/2018.<\/li>\n<\/ul><p><strong>Fique atento!<\/strong> O per\u00edodo de solicita\u00e7\u00e3o da isen\u00e7\u00e3o \u00e9 de 13 \u00e0 20 de novembro de 2023.<\/p>\n\n\n\n<ul class=\"wp-block-list\"><li><strong>Confira:<\/strong> <a href=\"https:\/\/www.novaconcursos.com.br\/livro\/600-questoes-comentadas-lingua-portuguesa-isabella-ramiro?q=portugues\">Concurso UFPel \u2013 Livro 600 Quest\u00f5es Comentadas de L\u00edngua Portuguesa<\/a><\/li>\n\n\n\n<li><strong>Confira:<\/strong> <a href=\"https:\/\/www.novaconcursos.com.br\/mapa-mental\/lingua-portuguesa-principais-topicos-pdf?q=portugues\">Concurso UFPel \u2013\u00a0 Mapas Mentais L\u00edngua Portugues Principais T\u00f3picos\u00a0<\/a><\/li>\n<\/ul><p>Estude para o concurso dos seus sonhos com o\u00a0<strong>M\u00e9todo<\/strong>\u00a0que j\u00e1 ajudou na\u00a0<strong>aprova\u00e7\u00e3o de mais de 70 mil alunos<\/strong>.\u00a0<a href=\"https:\/\/www.novaconcursos.com.br\/eventos\/assinatura?promo_creative=Clique+aqui&amp;promo_name=concurso&amp;promo_id=%2Fportal%2Fconcursos%2Fconcurso-uespi-edital-autorizado-160-vagas&amp;promo_position=corpo-texto\">Clique aqui<\/a> e saiba mais!<\/p>\n\n\n\n<h2 class=\"wp-block-heading\" id=\"quais-as-vagas-e-salrios-ofertadas-pelo-concurso-ufpel\">Quais as vagas e sal\u00e1rios ofertadas pelo concurso UFPel?<\/h2>\n\n\n\n<p>A Universidade Federal de Pelotas est\u00e1 ofertando <strong>16 vagas<\/strong> para <strong>Assistente em Administra\u00e7\u00e3<\/strong>o, distribu\u00eddas da seguinte forma:<\/p>\n\n\n\n<ul class=\"wp-block-list\"><li>Ampla Concorr\u00eancia: 12 vagas<\/li>\n\n\n\n<li>Cota racial: 03 vagas<\/li>\n\n\n\n<li>PcDs: 01 vaga<\/li>\n<\/ul><p>O cargo possui uma carga hor\u00e1ria de 40 horas semanais e oferece o sal\u00e1rio inicial de<strong> R$ 2.667,19<\/strong>!<\/p>\n\n\n\n<p>Ademais, o servidor ter\u00e1 direito aos seguintes\u00a0<strong>benef\u00edcios<\/strong>:<\/p>\n\n\n\n<ul class=\"wp-block-list\"><li>Aux\u00edlio-Alimenta\u00e7\u00e3o, que atualmente \u00e9 de R$ 658,00;<\/li>\n\n\n\n<li>Aux\u00edlio Transporte;<\/li>\n\n\n\n<li>Ressarcimento de Plano de Sa\u00fade;<\/li>\n\n\n\n<li>Aux\u00edlio Pr\u00e9-Escolar; e<\/li>\n\n\n\n<li>Vantagens previstas no Plano de Carreira dos Cargos T\u00e9cnico-Administrativos em Educa\u00e7\u00e3o \u2013 PCCTAE.<\/li>\n<\/ul><p>\u00a0<\/p>\n\n\n\n<h2 class=\"wp-block-heading\" id=\"requisitos-do-concurso-ufpel\">Requisitos do concurso UFPel<\/h2>\n\n\n\n<p>O cargo de Assitente em Administra\u00e7\u00e3o exige Ensino M\u00e9dio Profissionalizante ou M\u00e9dio Completo.<\/p>\n\n\n\n<p>Al\u00e9m disso, s\u00e3o exig\u00eancias <strong>b\u00e1sicas<\/strong> para investidura no cargo s\u00e3o:<\/p>\n\n\n\n<ul class=\"wp-block-list\"><li>Ser aprovado neste concurso p\u00fablico;<\/li>\n\n\n\n<li>Ser brasileiro nato ou naturalizado ou nacionalidade estrangeira na forma da lei;<\/li>\n\n\n\n<li><strong>Ter idade m\u00ednima de 18 (dezoito) anos completos, na data da posse;<\/strong><\/li>\n\n\n\n<li>Apresentar original e c\u00f3pia da C\u00e9dula de Identidade e do Cadastro de Pessoa F\u00edsica;<\/li>\n\n\n\n<li>Estar quite com as obriga\u00e7\u00f5es militares e eleitorais;<\/li>\n\n\n\n<li>Possuir o n\u00edvel de escolaridade e demais requisitos para ingresso,at\u00e9 a data da investidura no cargo;<\/li>\n\n\n\n<li>Possuir registro no Conselho de Classe correspondente, quando couber, e estar com a anuidade em dia.<\/li>\n\n\n\n<li>N\u00e3o ter sofrido, no exerc\u00edcio da Fun\u00e7\u00e3o P\u00fablica, penalidade incompat\u00edvel com a investidura em Cargo P\u00fablico Federal, prevista no artigo 137, par\u00e1grafo \u00fanico da Lei n\u00ba 8.112\/90, bem como n\u00e3o ter sido, nos \u00faltimos cinco anos, na forma da legisla\u00e7\u00e3o vigente:<\/li>\n<\/ul><h2 class=\"wp-block-heading\" id=\"atribuies\">Atribui\u00e7\u00f5es<\/h2>\n\n\n\n<p>S\u00e3o <strong>responsabilidades<\/strong> do Assistente em Administra\u00e7\u00e3o na UFPel:<\/p>\n\n\n\n<ul class=\"wp-block-list\"><li>Dar suporte administrativo e t\u00e9cnico nas \u00e1reas de gest\u00e3o de pessoas, administra\u00e7\u00e3o, finan\u00e7as e log\u00edstica;<\/li>\n\n\n\n<li>Atender usu\u00e1rios, fornecer e receber informa\u00e7\u00f5es;<\/li>\n\n\n\n<li>Tratar de documentos variados, cumprindo todo o procedimento necess\u00e1rio referente aos mesmos;<\/li>\n\n\n\n<li>Preparar relat\u00f3rios e planilhas;<\/li>\n\n\n\n<li>Assessorar nas atividades de ensino, pesquisa e extens\u00e3o.<\/li>\n<\/ul><h2 class=\"wp-block-heading\" id=\"etapas-de-seleo\">Etapas de Sele\u00e7\u00e3o<\/h2>\n\n\n\n<p>O certame ser\u00e1 realizado por etapa \u00fanica, com a <strong>prova objetiva<\/strong>, de car\u00e1ter eliminat\u00f3rio e classificat\u00f3rio.<\/p>\n\n\n\n<p>A avalia\u00e7\u00e3o ser\u00e1 aplicada no dia <strong>21 de janeiro de 2024<\/strong>, na cidade de <a href=\"https:\/\/www.novaconcursos.com.br\/portal\/concursos-previstos\/rs\/\">Pelotas\/RS<\/a>, em local e hor\u00e1rio a ser divulgado.<\/p>\n\n\n\n<p>Com dura\u00e7\u00e3o de 4 horas, a prova ser\u00e1 composta por\u00a0<strong>40 quest\u00f5es\u00a0<\/strong>de m\u00faltipla escolha, distribu\u00eddas entre as seguintes disciplinas:<\/p>\n\n\n\n<ul class=\"wp-block-list\"><li>Conhecimentos Gerias\n<ul class=\"wp-block-list\"><li>L\u00edngua Portuguesa \u2013 peso 1 (10)<\/li>\n\n\n\n<li>Legisla\u00e7\u00e3o \u2013 peso 1 (10)<\/li>\n<\/ul><\/li>\n\n\n\n<li>Conhecimentos Espec\u00edficos \u2013 peso 2 (20)\n<ul class=\"wp-block-list\"><li>Reda\u00e7\u00e3o Oficial<\/li>\n\n\n\n<li>No\u00e7\u00f5es de Direito Administrativo<\/li>\n\n\n\n<li>No\u00e7\u00f5es de Arquiv\u00edstica<\/li>\n\n\n\n<li>Qualidade em Atendimento ao P\u00fablico (online, presencial, por telefone)<\/li>\n\n\n\n<li>Conhecimentos sobre o Processo Eletr\u00f4nico Nacional<\/li>\n\n\n\n<li>Inform\u00e1tica b\u00e1sica<\/li>\n\n\n\n<li>Matem\u00e1tica b\u00e1sica<\/li>\n<\/ul><\/li>\n<\/ul><p>Para serem considerados <strong>aprovados<\/strong>, os candidatos dever\u00e3o obter, no m\u00ednimo:<\/p>\n\n\n\n<ul class=\"wp-block-list\"><li>aproveitamento igual ou superior a 20% de acertos nas partes Conhecimentos Gerias;<\/li>\n\n\n\n<li>aproveitamento igual ou superior a 50% de acertos na parte de Conhecimentos Espec\u00edficos, desde que obtidos, no m\u00ednimo, 60% de aproveitamento (24 acertos) no total da prova.<\/li>\n<\/ul><h2 class=\"wp-block-heading\" id=\"ltimo-concurso-ufpel\">\u00daltimo concurso UFPel<\/h2>\n\n\n\n<p>O \u00faltimo certame foi realizado em abril de<strong> 2023<\/strong> e teve seu processo de nomea\u00e7\u00f5es realizado at\u00e9 dia 10 de agosto.<\/p>\n\n\n\n<p>Realizado pela Legalle Concursos, o certame ofertou <strong>15 vagas<\/strong> de <strong>n\u00edvel superior<\/strong>, para os seguintes cargos:<\/p>\n\n\n\n<ul class=\"wp-block-list\"><li>Analista de Tecnologia da Informa\u00e7\u00e3o (03)<\/li>\n\n\n\n<li>T\u00e9cnico em Assuntos Educacionais (03)<\/li>\n\n\n\n<li>Administrador (09)<\/li>\n<\/ul><p>Os candidatos aprovados fizeram jus ao sal\u00e1rio inicial de<strong> R$ 4.180,66<\/strong>.<\/p>\n\n\n\n<p>Al\u00e9m disso, contar\u00e3o com os seguintes <strong>benef\u00edcios:\u00a0<\/strong><\/p>\n\n\n\n<ul class=\"wp-block-list\"><li>Aux\u00edlio alimenta\u00e7\u00e3o (no valor de R$ 458,00);<\/li>\n\n\n\n<li>Aux\u00edlio transporte;<\/li>\n\n\n\n<li>Ressarcimento de plano de sa\u00fade; e<\/li>\n\n\n\n<li>Aux\u00edlio pr\u00e9-escolar.<\/li>\n<\/ul><h3 class=\"wp-block-heading\">Requisitos<\/h3>\n\n\n\n<p>Para tomar <strong>posse<\/strong> nos cargos, o candidato dever\u00e1 atender aos seguintes quesitos:<\/p>\n\n\n\n<ul class=\"wp-block-list\"><li>Ser aprovado neste concurso p\u00fablico;<\/li>\n\n\n\n<li>Cumprir as determina\u00e7\u00f5es deste edital;<\/li>\n\n\n\n<li>Ser brasileiro nato ou naturalizado ou nacionalidade estrangeira na forma da lei;<\/li>\n\n\n\n<li>Ter idade m\u00ednima de 18 (dezoito) anos completos, na data da posse;<\/li>\n\n\n\n<li>Apresentar original e c\u00f3pia da C\u00e9dula de Identidade e do Cadastro de Pessoa F\u00edsica;<\/li>\n\n\n\n<li>Estar quite com as obriga\u00e7\u00f5es militares e eleitorais;<\/li>\n\n\n\n<li>Possuir o n\u00edvel de escolaridade e demais requisitos para ingresso, conforme Tabela do item 4.1, at\u00e9 a data da investidura no cargo;<\/li>\n\n\n\n<li>Possuir registro no Conselho de Classe correspondente, quando couber, e estar com a anuidade em dia.<\/li>\n\n\n\n<li>Possuir aptid\u00e3o f\u00edsica e mental para o exerc\u00edcio das atribui\u00e7\u00f5es do cargo, devendo submeter-se aos exames m\u00e9dicos pr\u00e9-admissionais e, para tanto, apresentar exames cl\u00ednicos e laboratoriais solicitados, os quais correr\u00e3o \u00e0s suas expensas.<\/li>\n<\/ul><p>Tamb\u00e9m ser\u00e3o exigidos os seguintes <strong>requisitos espec\u00edficos:\u00a0<\/strong><\/p>\n\n\n\n<ul class=\"wp-block-list\"><li>Analista de Tecnologia da Informa\u00e7\u00e3o\n<ul class=\"wp-block-list\"><li>Curso Superior na \u00c1rea<\/li>\n<\/ul><\/li>\n\n\n\n<li>T\u00e9cnico em Assuntos Educacionais\n<ul class=\"wp-block-list\"><li>Curso Superior em Pedagogia ou Licenciaturas<\/li>\n<\/ul><\/li>\n\n\n\n<li>Administrador\n<ul class=\"wp-block-list\"><li>Curso Superior em Administra\u00e7\u00e3o e registro no Conselho competente.<\/li>\n<\/ul><\/li>\n<\/ul><h3 class=\"wp-block-heading\">Quais s\u00e3o as atribui\u00e7\u00f5es dos cargos?<\/h3>\n\n\n\n<p>\u00c9 imprescind\u00edvel que os candidatos conhe\u00e7am as fun\u00e7\u00f5es do cargo que ir\u00e1 desempenhar, se aprovado.<\/p>\n\n\n\n<p>Confira:<\/p>\n\n\n\n<ul class=\"wp-block-list\"><li><strong>Analista de Tecnologia da Informa\u00e7\u00e3o<\/strong>\n<ul class=\"wp-block-list\"><li>Planejar, supervisionar, analisar e reformular o processo de ensino aprendizagem tra\u00e7ando metas, estabelecendo normas, orientando e supervisionando o cumprimento dos mesmos e criando ou modificando processos educativos de estreita articula\u00e7\u00e3o com os demais componentes do sistema educacional para proporcionar educa\u00e7\u00e3o integral dos alunos.<\/li>\n<\/ul><\/li>\n\n\n\n<li><strong>T\u00e9cnico em Assuntos Educacionais<\/strong>\n<ul class=\"wp-block-list\"><li>Exercer atividades de planejamento e assessoramento t\u00e9cnico e de supervis\u00e3o aos \u00f3rg\u00e3os superiores, no que respeita a pol\u00edtica e diretrizes de desenvolvimento de projetos;<\/li>\n\n\n\n<li>Orientar, coordenar, controlar e avalizar trabalhos de alto grau de complexidade t\u00e9cnica;<\/li>\n\n\n\n<li>Definir e\/ou participar na elabora\u00e7\u00e3o de planos e projetos, com vistas \u00e0 implanta\u00e7\u00e3o de sistemas de informa\u00e7\u00e3o, computadorizados ou n\u00e3o.<\/li>\n<\/ul><\/li>\n\n\n\n<li><strong>Administrador<\/strong>\n<ul class=\"wp-block-list\"><li>Analisar as caracter\u00edsticas da entidade, seu desenvolvimento e rela\u00e7\u00f5es com o meio ambiente, os recursos dispon\u00edveis, as rotinas de trabalho, a fim de avaliar, estabelecer ou alterar pr\u00e1ticas administrativas;<\/li>\n\n\n\n<li>Pesquisar, analisar, e propor m\u00e9todos e rotinas de simplifica\u00e7\u00e3o e racionaliza\u00e7\u00e3o dos procedimentos administrativos e seus respectivos planos de aplica\u00e7\u00e3o;<\/li>\n\n\n\n<li>Avaliar e controlar resultados de implanta\u00e7\u00e3o de planos e programas.<\/li>\n<\/ul><\/li>\n<\/ul><h3 class=\"wp-block-heading\">Provas do concurso UFPel<\/h3>\n\n\n\n<p>Os candidatos do concurso da Universidade Federal de Pelotas, foram avaliados por meio de uma <strong>\u00fanica<\/strong> etapa avaliativa, sendo ela, a <strong>prova objetiva<\/strong>, de car\u00e1ter obrigat\u00f3rio, classificat\u00f3rio e eliminat\u00f3rio.<\/p>\n\n\n\n<p>A aprova contou com <strong>40 quest\u00f5es de m\u00faltipla escolha<\/strong> acerca das disciplinas a seguir:<\/p>\n\n\n\n<p><strong>Administrador<\/strong><\/p>\n\n\n\n<figure class=\"wp-block-image\"><a href=\"https:\/\/www.novaconcursos.com.br\/portal\/wp-content\/uploads\/2023\/04\/Prova-objetiva-UFPel.png\"><img decoding=\"async\" width=\"567\" height=\"132\" src=\"https:\/\/www.novaconcursos.com.br\/portal\/wp-content\/uploads\/2023\/04\/Prova-objetiva-UFPel.png\" alt=\"Prova objetiva UFPel ADM\" class=\"wp-image-190798\" loading=\"lazy\" title=\"\" srcset=\"https:\/\/www.novaconcursos.com.br\/portal\/wp-content\/uploads\/2023\/04\/Prova-objetiva-UFPel-300x70.png 300w, https:\/\/www.novaconcursos.com.br\/portal\/wp-content\/uploads\/2023\/04\/Prova-objetiva-UFPel.png 567w\" sizes=\"auto, (max-width: 480px) 100vw, (max-width: 768px) 100vw, (max-width: 1200px) 70vw, 768px\"><\/a><\/figure><p><strong>Analista de Tecnologia da Informa\u00e7\u00e3o\u00a0e T\u00e9cnico em Assuntos Educacionais<\/strong><\/p>\n\n\n\n<figure class=\"wp-block-image\"><a href=\"https:\/\/www.novaconcursos.com.br\/portal\/wp-content\/uploads\/2023\/04\/Prova-objetiva-UFPel-2.png\"><img decoding=\"async\" width=\"566\" height=\"128\" src=\"https:\/\/www.novaconcursos.com.br\/portal\/wp-content\/uploads\/2023\/04\/Prova-objetiva-UFPel-2.png\" alt=\"Prova objetiva UFPel \" class=\"wp-image-190800\" loading=\"lazy\" title=\"\" srcset=\"https:\/\/www.novaconcursos.com.br\/portal\/wp-content\/uploads\/2023\/04\/Prova-objetiva-UFPel-2-300x68.png 300w, https:\/\/www.novaconcursos.com.br\/portal\/wp-content\/uploads\/2023\/04\/Prova-objetiva-UFPel-2.png 566w\" sizes=\"auto, (max-width: 480px) 100vw, (max-width: 768px) 100vw, (max-width: 1200px) 70vw, 768px\"><\/a><\/figure><p>Foram <strong>aprovados<\/strong> no certame, os candidatos que obtiveram aproveitamento igual ou superior a:<\/p>\n\n\n\n<ul class=\"wp-block-list\"><li>20% de acertos nas partes de portugu\u00eas e legisla\u00e7\u00e3o da prova; e<\/li>\n\n\n\n<li>50% de acertos na parte de conhecimentos espec\u00edficos, desde que obtidos, no m\u00ednimo, 60% de aproveitamento (24 acertos) no total da prova.<\/li>\n<\/ul><p>\u00a0<\/p>","protected":false},"excerpt":{"rendered":"<p>Aten\u00e7\u00e3o, concurseiros! Um novo concurso UFPel (Universidade Federal de Pelotas) foi publicado! ?<\/p>\n<p>Edital oferece vagas de n\u00edvel m\u00e9dio para Assistente!<\/p>\n<p>Saiba como participar!<\/p>\n","protected":false},"author":16,"featured_media":190811,"comment_status":"open","ping_status":"closed","sticky":false,"template":"","format":"standard","meta":{"_acf_changed":false,"footnotes":"","_wp_rev_ctl_limit":""},"categories":[44999],"tags":[],"class_list":["post-36590","post","type-post","status-publish","format-standard","has-post-thumbnail","hentry","category-concursos"],"acf":[],"_links":{"self":[{"href":"https:\/\/www.novaconcursos.com.br\/portal\/wp-json\/wp\/v2\/posts\/36590","targetHints":{"allow":["GET"]}}],"collection":[{"href":"https:\/\/www.novaconcursos.com.br\/portal\/wp-json\/wp\/v2\/posts"}],"about":[{"href":"https:\/\/www.novaconcursos.com.br\/portal\/wp-json\/wp\/v2\/types\/post"}],"author":[{"embeddable":true,"href":"https:\/\/www.novaconcursos.com.br\/portal\/wp-json\/wp\/v2\/users\/16"}],"replies":[{"embeddable":true,"href":"https:\/\/www.novaconcursos.com.br\/portal\/wp-json\/wp\/v2\/comments?post=36590"}],"version-history":[{"count":40,"href":"https:\/\/www.novaconcursos.com.br\/portal\/wp-json\/wp\/v2\/posts\/36590\/revisions"}],"predecessor-version":[{"id":277738,"href":"https:\/\/www.novaconcursos.com.br\/portal\/wp-json\/wp\/v2\/posts\/36590\/revisions\/277738"}],"wp:featuredmedia":[{"embeddable":true,"href":"https:\/\/www.novaconcursos.com.br\/portal\/wp-json\/wp\/v2\/media\/190811"}],"wp:attachment":[{"href":"https:\/\/www.novaconcursos.com.br\/portal\/wp-json\/wp\/v2\/media?parent=36590"}],"wp:term":[{"taxonomy":"category","embeddable":true,"href":"https:\/\/www.novaconcursos.com.br\/portal\/wp-json\/wp\/v2\/categories?post=36590"},{"taxonomy":"post_tag","embeddable":true,"href":"https:\/\/www.novaconcursos.com.br\/portal\/wp-json\/wp\/v2\/tags?post=36590"}],"curies":[{"name":"wp","href":"https:\/\/api.w.org\/{rel}","templated":true}]}}