{"id":37951,"date":"2016-05-03T15:58:42","date_gmt":"2016-05-03T18:58:42","guid":{"rendered":"http:\/\/www.novaconcursos.com.br\/portal\/?p=37951"},"modified":"2021-01-28T16:47:19","modified_gmt":"2021-01-28T19:47:19","slug":"o-que-cai-na-prova-prefeitura-de-natal-rn-2016-05","status":"publish","type":"post","link":"https:\/\/www.novaconcursos.com.br\/portal\/noticias\/o-que-cai-na-prova-prefeitura-de-natal-rn-2016-05\/","title":{"rendered":"O que cai na prova: Prefeitura de Natal &#8211; RN"},"content":{"rendered":"<p><a href=\"https:\/\/www.novaconcursos.com.br\/concurso\/prefeitura-de-natal\/apostila?utm_source=blog&amp;utm_medium=smm&amp;utm_content=banner-Conteudo&amp;utm_campaign=Natal\" target=\"_blank\" rel=\"noopener noreferrer\"><img decoding=\"async\" class=\" size-full wp-image-38441 alignright\" src=\"https:\/\/www.novaconcursos.com.br\/portal\/wp-content\/uploads\/2015\/09\/natal-250X250.jpg\" alt=\"natal-250X250\" width=\"250\" height=\"250\" loading=\"lazy\" title=\"\" srcset=\"https:\/\/www.novaconcursos.com.br\/portal\/wp-content\/uploads\/2015\/09\/natal-250X250-55x55.jpg 55w, https:\/\/www.novaconcursos.com.br\/portal\/wp-content\/uploads\/2015\/09\/natal-250X250-150x150.jpg 150w, https:\/\/www.novaconcursos.com.br\/portal\/wp-content\/uploads\/2015\/09\/natal-250X250.jpg 250w\" sizes=\"auto, (max-width: 480px) 100vw, (max-width: 768px) 100vw, (max-width: 1200px) 70vw, 768px\"><\/a>A <strong>Prefeitura de Natal<\/strong>, capital do Rio Grande do Norte, publicou edital com <strong>1.339 oportunidades<\/strong> de emprego para as \u00e1reas da sa\u00fade e da administra\u00e7\u00e3o. As carreiras dispon\u00edveis envolvem os n\u00edveis de escolaridade m\u00e9dio\/t\u00e9cnico e superior. A remunera\u00e7\u00e3o vai de\u00a0<strong>R$ 998,68 at\u00e9 R$ 4.601,17<\/strong>.<\/p>\n<p><strong>Garanta j\u00e1 a sua vaga neste concurso!<\/strong><br><span style=\"text-decoration: underline; color: #0000ff;\"><strong> <a style=\"color: #0000ff; text-decoration: underline;\" href=\"https:\/\/www.novaconcursos.com.br\/apostila-concurso\/prefeitura-de-natal\" target=\"_blank\" rel=\"noopener noreferrer\">Compre aqui: Apostila Prefeitura de Natal<\/a><\/strong><\/span><\/p>\n<p>Para quem se interessou, as <strong>inscri\u00e7\u00f5es<\/strong> come\u00e7am nesta quinta (5) e permanecem em aberto <strong>at\u00e9 19 de maio<\/strong>. O <strong>processo de avalia\u00e7\u00e3o ter\u00e1 in\u00edcio em 19 de junho<\/strong> com a aplica\u00e7\u00e3o da prova objetiva. Confira a seguir o que ser\u00e1 cobrado no teste:<\/p>\n<p><strong>Conte\u00fado Program\u00e1tico<\/strong><\/p>\n<p>1)\u00a0Cargos de N\u00edvel M\u00e9dio<\/p>\n<p>Conhecimentos Gerais<\/p>\n<p><em>\u2013 L\u00edngua Portuguesa:\u00a0<\/em>compreens\u00e3o e interpreta\u00e7\u00e3o de textos; Varia\u00e7\u00e3o lingu\u00edstica; g\u00eaneros de texto; Estil\u00edstica:\u00a0Figuras de linguagem. Coer\u00eancia e coes\u00e3o textuais; Sem\u00e2ntica: Sin\u00f4nimos; Ant\u00f4nimos; Hom\u00f4nimos; Par\u00f4nimos. Ortografia oficial; acentua\u00e7\u00e3o gr\u00e1fica; Ortografia: Dificuldades ortogr\u00e1ficas; Emprego do \u201cs, z, g, j, ss, \u00e7, x, ch\u201d; Estrutura da ora\u00e7\u00e3o e do per\u00edodo: aspectos sint\u00e1ticos e sem\u00e2nticos; Morfologia (Flex\u00e3o e Emprego): Substantivo; Adjetivo; Pronome; Artigo; Preposi\u00e7\u00e3o; Numeral; Adv\u00e9rbio; Interjei\u00e7\u00e3o; Verbo-flex\u00e3o. Substantivo: classifica\u00e7\u00e3o, flex\u00e3o, emprego; Adjetivo: classifica\u00e7\u00e3o, flex\u00e3o, emprego; Pronome: classifica\u00e7\u00e3o, emprego, coloca\u00e7\u00e3o dos pronomes pessoais obl\u00edquos \u00e1tonos, formas de tratamento; Verbo: conjuga\u00e7\u00e3o, flex\u00e3o, propriedades, classifica\u00e7\u00e3o, emprego, correla\u00e7\u00e3o dos modos e tempos verbais, vozes; Adv\u00e9rbio: classifica\u00e7\u00e3o e emprego; Coordena\u00e7\u00e3o e subordina\u00e7\u00e3o; Concord\u00e2ncia verbal e nominal; Sujeito: classifica\u00e7\u00e3o; Predicado: verbal, nominal e verbo \u2013 nominal; Reg\u00eancia verbal e nominal; Emprego do sinal indicativo da crase; Adjuntos adnominais e adverbiais; Pontua\u00e7\u00e3o.<\/p>\n<p><em>\u2013 Atualidades:<\/em>\u00a0no\u00e7\u00f5es gerais sobre a vida econ\u00f4mica, social, pol\u00edtica, tecnol\u00f3gica, rela\u00e7\u00f5es exteriores, seguran\u00e7a e ecologia com as diversas \u00e1reas correlatas do conhecimento juntamente com suas vincula\u00e7\u00f5es hist\u00f3rico-geogr\u00e1ficas em n\u00edvel nacional e internacional. Descobertas e inova\u00e7\u00f5es cient\u00edficas na atualidade e seus respectivos impactos na sociedade contempor\u00e2nea. Atualidades (not\u00edcias divulgadas em jornais, revistas, televis\u00e3o e Internet nos \u00faltimos seis meses): descobertas e\/ou inova\u00e7\u00f5es cient\u00edficas na atualidade e seus respectivos impactos na sociedade contempor\u00e2nea.<\/p>\n<p><em>\u2013 Inform\u00e1tica: <\/em>seguran\u00e7a: Rotinas de seguran\u00e7a da informa\u00e7\u00e3o e recupera\u00e7\u00e3o de arquivos; Procedimento para a realiza\u00e7\u00e3o de c\u00f3pia de seguran\u00e7a; Rotinas de backup e preven\u00e7\u00e3o de v\u00edrus; Sistema Operacional: Configura\u00e7\u00f5es b\u00e1sicas do Sistema Operacional (painel de controle); Organiza\u00e7\u00e3o de pastas e arquivos; opera\u00e7\u00f5es de manipula\u00e7\u00e3o de pastas e arquivos (copiar, mover, excluir e renomear); Office 2010 \u2013 Pacote de software Microsoft Office (Word, Excel, Power Point, Outlook) e suas funcionalidades \u2013 Windows XP Organiza\u00e7\u00e3o: Organiza\u00e7\u00e3o de pastas e arquivos; opera\u00e7\u00f5es de manipula\u00e7\u00e3o de pastas e arquivos (copiar, mover, excluir e renomear); Principais navegadores para Internet; Correio Eletr\u00f4nico: Conceitos b\u00e1sicos; Formatos de mensagens; Transmiss\u00e3o e recep\u00e7\u00e3o de mensagens; Cat\u00e1logo de endere\u00e7os; Arquivos Anexados; Conceito de Internet e Intranet: Conceitos de organiza\u00e7\u00e3o de arquivos e m\u00e9todos de acesso.<\/p>\n<p>1)\u00a0Cargos de N\u00edvel\u00a0Superior<\/p>\n<p>Conhecimentos Gerais<\/p>\n<p><em>\u2013 L\u00edngua Portuguesa:<\/em>\u00a0compreens\u00e3o e interpreta\u00e7\u00e3o de textos; Varia\u00e7\u00e3o lingu\u00edstica; g\u00eaneros de texto; Estil\u00edstica: Figuras de linguagem. Coer\u00eancia e coes\u00e3o textuais; Sem\u00e2ntica: Sin\u00f4nimos; Ant\u00f4nimos; Hom\u00f4nimos; Par\u00f4nimos. Ortografia oficial; acentua\u00e7\u00e3o gr\u00e1fica; Ortografia: Dificuldades ortogr\u00e1ficas; Emprego do \u201cs, z, g, j, ss, \u00e7, x, ch\u201d; Estrutura da ora\u00e7\u00e3o e do per\u00edodo: aspectos sint\u00e1ticos e sem\u00e2nticos; Morfologia (Flex\u00e3o e Emprego): Substantivo; Adjetivo; Pronome; Artigo; Preposi\u00e7\u00e3o; Numeral; Adv\u00e9rbio; Interjei\u00e7\u00e3o; Verbo-flex\u00e3o. Substantivo: classifica\u00e7\u00e3o, flex\u00e3o, emprego; Adjetivo: classifica\u00e7\u00e3o, flex\u00e3o, emprego; Pronome: classifica\u00e7\u00e3o, emprego, coloca\u00e7\u00e3o dos pronomes pessoais obl\u00edquos \u00e1tonos, formas de tratamento; Verbo: conjuga\u00e7\u00e3o, flex\u00e3o, propriedades, classifica\u00e7\u00e3o, emprego, correla\u00e7\u00e3o dos modos e tempos verbais, vozes; Adv\u00e9rbio: classifica\u00e7\u00e3o e emprego; Coordena\u00e7\u00e3o e subordina\u00e7\u00e3o; Concord\u00e2ncia verbal e nominal; Sujeito: classifica\u00e7\u00e3o; Predicado: verbal, nominal e verbo \u2013 nominal; Reg\u00eancia verbal e nominal; Emprego do sinal indicativo da crase; Adjuntos adnominais e adverbiais; Pontua\u00e7\u00e3o.<\/p>\n<p><em>\u2013 Atualidades:\u00a0<\/em>no\u00e7\u00f5es gerais sobre a vida econ\u00f4mica, social, pol\u00edtica, tecnol\u00f3gica, rela\u00e7\u00f5es exteriores, seguran\u00e7a e ecologia com as diversas \u00e1reas correlatas do conhecimento juntamente com suas vincula\u00e7\u00f5es hist\u00f3rico-geogr\u00e1ficas em n\u00edvel nacional e internacional. Descobertas e inova\u00e7\u00f5es cient\u00edficas na atualidade e seus respectivos impactos na sociedade contempor\u00e2nea. Atualidades (not\u00edcias divulgadas em jornais, revistas, televis\u00e3o e Internet nos \u00faltimos seis meses): descobertas e\/ou inova\u00e7\u00f5es cient\u00edficas na atualidade e seus respectivos impactos na sociedade contempor\u00e2nea.<\/p>\n<p><em>\u2013 Inform\u00e1tica:<\/em>\u00a0seguran\u00e7a: Rotinas de seguran\u00e7a da informa\u00e7\u00e3o e recupera\u00e7\u00e3o de arquivos; Procedimento para a realiza\u00e7\u00e3o de c\u00f3pia de seguran\u00e7a; Rotinas de backup e preven\u00e7\u00e3o de v\u00edrus; Sistema Operacional: Configura\u00e7\u00f5es b\u00e1sicas do Sistema Operacional (painel de controle); Organiza\u00e7\u00e3o de pastas e arquivos; opera\u00e7\u00f5es de manipula\u00e7\u00e3o de pastas e arquivos (copiar, mover, excluir e renomear); Office 2010 \u2013 Pacote de software Microsoft Office (Word, Excel, Power Point, Outlook) e suas funcionalidades \u2013 Windows XP Organiza\u00e7\u00e3o: Organiza\u00e7\u00e3o de pastas e arquivos; opera\u00e7\u00f5es de manipula\u00e7\u00e3o de pastas e arquivos (copiar, mover, excluir e renomear); Principais navegadores para Internet; Correio Eletr\u00f4nico: Conceitos b\u00e1sicos; Formatos de mensagens; Transmiss\u00e3o e recep\u00e7\u00e3o de mensagens; Cat\u00e1logo de endere\u00e7os; Arquivos Anexados; Conceito de Internet e Intranet: Conceitos de organiza\u00e7\u00e3o de arquivos e m\u00e9todos de acesso.<\/p>\n<p>* Conhecimentos Espec\u00edficos:\u00a0de acordo com cada carreira, confira no <span style=\"text-decoration: underline;\"><strong><a href=\"https:\/\/www.novaconcursos.com.br\/portal\/wp-content\/uploads\/2015\/09\/edital-DO-prefeitura-de-natal.pdf\" target=\"_blank\" rel=\"noopener noreferrer\">edital<\/a><\/strong><\/span>.<\/p>\n<p><strong>Crit\u00e9rios de desempate<\/strong><\/p>\n<p>Em caso de igualdade de pontos, ter\u00e1 prefer\u00eancia para nomea\u00e7\u00e3o o candidato que:<\/p>\n<p>a) tiver idade igual ou superior a 60 anos;<br>\nb) tiver maior pontua\u00e7\u00e3o nas quest\u00f5es de Conhecimentos Espec\u00edficos;<br>\nc) tiver maior pontua\u00e7\u00e3o\u00a0nas quest\u00f5es de Legisla\u00e7\u00e3o do Sistema \u00danico de Sa\u00fade (SUS);<br>\nd) tiver maior idade;<br>\ne) sorteio.<\/p>\n<p><strong>\u2013 Para mais informa\u00e7\u00f5es desse concurso, basta acessar: <a href=\"https:\/\/www.novaconcursos.com.br\/portal\/concursos\/concurso-prefeitura-de-natal-rn\/\" target=\"_blank\" rel=\"noopener noreferrer\"><span style=\"text-decoration: underline;\">Concurso\u00a0Prefeitura de Natal \u2013 RN.<\/span><\/a><\/strong><\/p>\n<hr><p>A <span style=\"text-decoration: underline;\"><strong><a href=\"https:\/\/www.novaconcursos.com.br\/\" target=\"_blank\" rel=\"noopener noreferrer\">editora Nova<\/a><\/strong><\/span> tem ajudado h\u00e1 mais de 8 anos quem quer vencer a batalha do concurso p\u00fablico. Se voc\u00ea quer aumentar as suas chances de passar, conhe\u00e7a os nossos materiais, acessando o nosso site!<\/p>\n<p><a href=\"https:\/\/www.novaconcursos.com.br\/concurso\/prefeitura-de-natal\/apostila?utm_source=blog&amp;utm_medium=smm&amp;utm_content=banner-Conteudo&amp;utm_campaign=Natal\" target=\"_blank\" rel=\"noopener noreferrer\"><img decoding=\"async\" class=\" size-full wp-image-38442 aligncenter\" src=\"https:\/\/www.novaconcursos.com.br\/portal\/wp-content\/uploads\/2015\/09\/natal-590x70.jpg\" alt=\"natal-590x70\" width=\"590\" height=\"72\" loading=\"lazy\" title=\"\" srcset=\"https:\/\/www.novaconcursos.com.br\/portal\/wp-content\/uploads\/2015\/09\/natal-590x70-300x37.jpg 300w, https:\/\/www.novaconcursos.com.br\/portal\/wp-content\/uploads\/2015\/09\/natal-590x70.jpg 590w\" sizes=\"auto, (max-width: 480px) 100vw, (max-width: 768px) 100vw, (max-width: 1200px) 70vw, 768px\"><\/a><\/p>","protected":false},"excerpt":{"rendered":"<p>A Prefeitura de Natal, capital do Rio Grande do Norte, publicou edital com 1.339 oportunidades de emprego para as \u00e1reas da sa\u00fade e da administra\u00e7\u00e3o. As carreiras dispon\u00edveis envolvem os n\u00edveis de escolaridade m\u00e9dio\/t\u00e9cnico e superior. A remunera\u00e7\u00e3o vai de\u00a0R$ 998,68 at\u00e9 R$ 4.601,17. Garanta j\u00e1 a sua vaga neste concurso! Compre aqui: Apostila Prefeitura [&hellip;]<\/p>\n","protected":false},"author":16,"featured_media":32499,"comment_status":"closed","ping_status":"closed","sticky":false,"template":"","format":"standard","meta":{"_acf_changed":false,"footnotes":"","_wp_rev_ctl_limit":""},"categories":[228],"tags":[16969,3739,3771],"class_list":["post-37951","post","type-post","status-publish","format-standard","has-post-thumbnail","hentry","category-noticias","tag-como-estudar-prova-prefeitura-de-natal","tag-concurso-prefeitura-de-natal","tag-o-que-cai-na-prova-prefeitura-de-natal"],"acf":[],"_links":{"self":[{"href":"https:\/\/www.novaconcursos.com.br\/portal\/wp-json\/wp\/v2\/posts\/37951","targetHints":{"allow":["GET"]}}],"collection":[{"href":"https:\/\/www.novaconcursos.com.br\/portal\/wp-json\/wp\/v2\/posts"}],"about":[{"href":"https:\/\/www.novaconcursos.com.br\/portal\/wp-json\/wp\/v2\/types\/post"}],"author":[{"embeddable":true,"href":"https:\/\/www.novaconcursos.com.br\/portal\/wp-json\/wp\/v2\/users\/16"}],"replies":[{"embeddable":true,"href":"https:\/\/www.novaconcursos.com.br\/portal\/wp-json\/wp\/v2\/comments?post=37951"}],"version-history":[{"count":6,"href":"https:\/\/www.novaconcursos.com.br\/portal\/wp-json\/wp\/v2\/posts\/37951\/revisions"}],"predecessor-version":[{"id":116325,"href":"https:\/\/www.novaconcursos.com.br\/portal\/wp-json\/wp\/v2\/posts\/37951\/revisions\/116325"}],"wp:featuredmedia":[{"embeddable":true,"href":"https:\/\/www.novaconcursos.com.br\/portal\/wp-json\/wp\/v2\/media\/32499"}],"wp:attachment":[{"href":"https:\/\/www.novaconcursos.com.br\/portal\/wp-json\/wp\/v2\/media?parent=37951"}],"wp:term":[{"taxonomy":"category","embeddable":true,"href":"https:\/\/www.novaconcursos.com.br\/portal\/wp-json\/wp\/v2\/categories?post=37951"},{"taxonomy":"post_tag","embeddable":true,"href":"https:\/\/www.novaconcursos.com.br\/portal\/wp-json\/wp\/v2\/tags?post=37951"}],"curies":[{"name":"wp","href":"https:\/\/api.w.org\/{rel}","templated":true}]}}