{"id":38373,"date":"2016-05-11T08:37:20","date_gmt":"2016-05-11T11:37:20","guid":{"rendered":"http:\/\/www.novaconcursos.com.br\/portal\/?p=38373"},"modified":"2021-01-28T16:46:37","modified_gmt":"2021-01-28T19:46:37","slug":"fab-realiza-concurso-com-180-vagas-para-o-curso-de-cadetes-do-ar-cpcar-2017-2016-05","status":"publish","type":"post","link":"https:\/\/www.novaconcursos.com.br\/portal\/noticias\/fab-realiza-concurso-com-180-vagas-para-o-curso-de-cadetes-do-ar-cpcar-2017-2016-05\/","title":{"rendered":"FAB realiza concurso com 180 vagas para o curso de Cadetes do Ar (CPCAR 2017)!"},"content":{"rendered":"<p><a href=\"https:\/\/www.novaconcursos.com.br\/portal\/wp-content\/uploads\/2016\/02\/fab-logo.jpg\"><img decoding=\"async\" class=\" size-medium wp-image-33740 alignleft\" src=\"https:\/\/www.novaconcursos.com.br\/portal\/wp-content\/uploads\/2016\/02\/fab-logo-300x176.jpg\" alt=\"fab logo\" width=\"300\" height=\"176\" loading=\"lazy\" title=\"\" srcset=\"https:\/\/www.novaconcursos.com.br\/portal\/wp-content\/uploads\/2016\/02\/fab-logo-300x176.jpg 300w, https:\/\/www.novaconcursos.com.br\/portal\/wp-content\/uploads\/2016\/02\/fab-logo-1024x601.jpg 1024w\" sizes=\"auto, (max-width: 480px) 100vw, (max-width: 768px) 100vw, (max-width: 1200px) 70vw, 768px\"><\/a>A <strong>For\u00e7a A\u00e9rea Brasileira (FAB)<\/strong> abriu novas oportunidades.\u00a0Ap\u00f3s o concurso para CFS, agora as sele\u00e7\u00f5es visam contratar\u00a0<strong>180<\/strong> jovens para o <strong>Curso Preparat\u00f3rio de Cadetes-do-Ar do ano de 2017 (CPCAR 2017)<\/strong>.<\/p>\n<p><strong>Comece j\u00e1 a estudar para este concurso!<\/strong><br><strong>Compre agora: <span style=\"text-decoration: underline; color: #0000ff;\"><a style=\"color: #0000ff; text-decoration: underline;\" href=\"https:\/\/www.novaconcursos.com.br\/apostila-concurso\/fab-forca-aerea-brasileira\" target=\"_blank\" rel=\"noopener noreferrer\">Apostila FAB<\/a><\/span><\/strong><\/p>\n<p><strong>Exig\u00eancias<\/strong><\/p>\n<p>Para participar, \u00e9 necess\u00e1rio ter <strong>ensino fundamental completo<\/strong>, <strong>idade m\u00ednima de 14 anos e no m\u00e1ximo 19 anos<\/strong> (at\u00e9 31\/12\/2017)<\/p>\n<p>\u00c9 exig\u00eancia tamb\u00e9m que o aluno possua <strong>altura m\u00ednima de 1,64m e m\u00e1xima de 1,87m<\/strong>. Entre as oportunidades, 160 s\u00e3o para o sexo masculino e 20 para o sexo feminino.<\/p>\n<p><strong>Remunera\u00e7\u00e3o<\/strong><\/p>\n<p>Os sal\u00e1rios podem variar de R$ 936,00 durante o curso e podem\u00a0<strong>chegar a R$ 6,2 mil,<\/strong> se aprovado para o CFO da AFA.<\/p>\n<p><strong>Inscri\u00e7\u00f5es<\/strong><\/p>\n<p>Os interessados em participar devem se inscrever dos dias <strong>12 a 30 de maio de 2016<\/strong> pelo<a href=\"http:\/\/ingresso.afaepcar.aer.mil.br\/\" target=\"_blank\" rel=\"noopener\"><em> site<\/em> da FAB<\/a>. As taxas s\u00e3o de R$60.<\/p>\n<p><strong>Prova<\/strong><\/p>\n<p>As provas objetivas est\u00e3o previstas para o dia <strong>24 de julho de 2016<\/strong> nas cidades de Bel\u00e9m\/PA, Barbacena \/ MG, Recife\/PE, Natal\/RN, Salvador\/BA, Rio de Janeiro\/RJ, Belo Horizonte\/MG, S\u00e3o Paulo\/SP, Pirassununga\/SP, Campo Grande\/MS, Curitiba\/PR, Porto Alegre\/RS, Canoas \/ RS, Bras\u00edlia\/DF, Manaus\/AM, Boa Vista\/RR, Porto Velho\/RO.<\/p>\n<p>Os candidatos passar\u00e3o tamb\u00e9m por Inspe\u00e7\u00e3o de Sa\u00fade, Exame de Aptid\u00e3o Psicol\u00f3gica, Testes de Avalia\u00e7\u00e3o do Condicionamento F\u00edsico e Valida\u00e7\u00e3o Documental.<\/p>\n<p>Os aprovados ser\u00e3o lotados na Escola Preparat\u00f3ria de Cadetes do Ar, em <strong>Barbacena\/MG.<\/strong><\/p>\n<p>Veja mais detalhes e baixe o edital na <span style=\"text-decoration: underline; color: #0000ff;\"><a style=\"color: #0000ff; text-decoration: underline;\" href=\"https:\/\/www.novaconcursos.com.br\/portal\/concursos\/concurso-fab-cpcar\/\" target=\"_blank\" rel=\"noopener noreferrer\">p\u00e1gina do <strong>Concurso FAB \u2013 CPCAR!<\/strong><\/a><\/span><\/p>\n<p>A <span style=\"text-decoration: underline;\"><strong><a href=\"https:\/\/www.novaconcursos.com.br\/\" target=\"_blank\" rel=\"noopener noreferrer\">editora Nova<\/a><\/strong><\/span> tem ajudado h\u00e1 mais de 8 anos quem quer vencer a batalha do concurso p\u00fablico. Se voc\u00ea quer aumentar as suas chances de passar, conhe\u00e7a os nossos materiais, acessando o nosso site!<\/p>\n<p><a href=\"https:\/\/www.novaconcursos.com.br\/concurso\/fab-forca-aerea-brasileira\/apostila?utm_source=blog&amp;utm_medium=smm&amp;utm_content=banner-Conteudo&amp;utm_campaign=FAB\" target=\"_blank\" rel=\"noopener noreferrer\"><img decoding=\"async\" class=\" size-full wp-image-38462 aligncenter\" src=\"https:\/\/www.novaconcursos.com.br\/portal\/wp-content\/uploads\/2016\/05\/fab.jpg\" alt=\"fab\" width=\"590\" height=\"80\" loading=\"lazy\" title=\"\" srcset=\"https:\/\/www.novaconcursos.com.br\/portal\/wp-content\/uploads\/2016\/05\/fab-300x41.jpg 300w, https:\/\/www.novaconcursos.com.br\/portal\/wp-content\/uploads\/2016\/05\/fab.jpg 590w\" sizes=\"auto, (max-width: 480px) 100vw, (max-width: 768px) 100vw, (max-width: 1200px) 70vw, 768px\"><\/a><\/p>","protected":false},"excerpt":{"rendered":"<p>A For\u00e7a A\u00e9rea Brasileira (FAB) abriu novas oportunidades.\u00a0Ap\u00f3s o concurso para CFS, agora as sele\u00e7\u00f5es visam contratar\u00a0180 jovens para o Curso Preparat\u00f3rio de Cadetes-do-Ar do ano de 2017 (CPCAR 2017). Comece j\u00e1 a estudar para este concurso!Compre agora: Apostila FAB Exig\u00eancias Para participar, \u00e9 necess\u00e1rio ter ensino fundamental completo, idade m\u00ednima de 14 anos e [&hellip;]<\/p>\n","protected":false},"author":16,"featured_media":33741,"comment_status":"closed","ping_status":"closed","sticky":false,"template":"","format":"standard","meta":{"_acf_changed":false,"footnotes":"","_wp_rev_ctl_limit":""},"categories":[228],"tags":[17059,14397,17060,16262,17058],"class_list":["post-38373","post","type-post","status-publish","format-standard","has-post-thumbnail","hentry","category-noticias","tag-concurso-cadetes-do-ar","tag-concurso-fab","tag-concurso-fab-cadetes-do-ar","tag-concurso-forca-aerea-brasileira","tag-curso-de-formacao-de-cadetes-do-ar"],"acf":[],"_links":{"self":[{"href":"https:\/\/www.novaconcursos.com.br\/portal\/wp-json\/wp\/v2\/posts\/38373","targetHints":{"allow":["GET"]}}],"collection":[{"href":"https:\/\/www.novaconcursos.com.br\/portal\/wp-json\/wp\/v2\/posts"}],"about":[{"href":"https:\/\/www.novaconcursos.com.br\/portal\/wp-json\/wp\/v2\/types\/post"}],"author":[{"embeddable":true,"href":"https:\/\/www.novaconcursos.com.br\/portal\/wp-json\/wp\/v2\/users\/16"}],"replies":[{"embeddable":true,"href":"https:\/\/www.novaconcursos.com.br\/portal\/wp-json\/wp\/v2\/comments?post=38373"}],"version-history":[{"count":13,"href":"https:\/\/www.novaconcursos.com.br\/portal\/wp-json\/wp\/v2\/posts\/38373\/revisions"}],"predecessor-version":[{"id":116287,"href":"https:\/\/www.novaconcursos.com.br\/portal\/wp-json\/wp\/v2\/posts\/38373\/revisions\/116287"}],"wp:featuredmedia":[{"embeddable":true,"href":"https:\/\/www.novaconcursos.com.br\/portal\/wp-json\/wp\/v2\/media\/33741"}],"wp:attachment":[{"href":"https:\/\/www.novaconcursos.com.br\/portal\/wp-json\/wp\/v2\/media?parent=38373"}],"wp:term":[{"taxonomy":"category","embeddable":true,"href":"https:\/\/www.novaconcursos.com.br\/portal\/wp-json\/wp\/v2\/categories?post=38373"},{"taxonomy":"post_tag","embeddable":true,"href":"https:\/\/www.novaconcursos.com.br\/portal\/wp-json\/wp\/v2\/tags?post=38373"}],"curies":[{"name":"wp","href":"https:\/\/api.w.org\/{rel}","templated":true}]}}