{"id":38383,"date":"2016-05-11T09:09:48","date_gmt":"2016-05-11T12:09:48","guid":{"rendered":"http:\/\/www.novaconcursos.com.br\/portal\/?post_type=nc-public-tender&#038;p=38383"},"modified":"2024-12-16T11:00:17","modified_gmt":"2024-12-16T14:00:17","slug":"concurso-fab-cpcar","status":"publish","type":"post","link":"https:\/\/www.novaconcursos.com.br\/portal\/concursos\/concurso-fab-cpcar\/","title":{"rendered":"Concurso FAB &#8211; CPCAR"},"content":{"rendered":"<p><a href=\"https:\/\/www.novaconcursos.com.br\/portal\/wp-content\/uploads\/2016\/02\/fab-logo.jpg\"><img decoding=\"async\" class=\"  wp-image-33740 alignleft\" src=\"https:\/\/www.novaconcursos.com.br\/portal\/wp-content\/uploads\/2016\/02\/fab-logo-300x176.jpg\" alt=\"fab logo\" width=\"325\" height=\"191\" loading=\"lazy\" title=\"\" srcset=\"https:\/\/www.novaconcursos.com.br\/portal\/wp-content\/uploads\/2016\/02\/fab-logo-300x176.jpg 300w, https:\/\/www.novaconcursos.com.br\/portal\/wp-content\/uploads\/2016\/02\/fab-logo-1024x601.jpg 1024w\" sizes=\"auto, (max-width: 480px) 100vw, (max-width: 768px) 100vw, (max-width: 1200px) 70vw, 768px\"><\/a>Divulgado o edital de abertura do <strong>concurso da Aeron\u00e1utica<\/strong>, que oferece <strong>180 vagas<\/strong>\u00a0para o <strong>Curso Preparat\u00f3rio de Cadetes do Ar do<\/strong> ano de 2018 (FAB \u2013 CPCAR 2018).<\/p>\n<p><strong>Inscri\u00e7\u00f5es<\/strong><\/p>\n<p>Os interessados dever\u00e3o se inscrever a partir do dia <strong>19 de abril at\u00e9 o dia 9 de maio de 2017<\/strong>, atrav\u00e9s do site do <strong>Departamento de ensino da Aeron\u00e1utica<\/strong> (ingresso.afaepcar.aer.mil.br). A taxa de inscri\u00e7\u00e3o \u00e9 de <strong>R$ 60,00<\/strong>.<\/p>\n<p><strong>Requisitos<\/strong><\/p>\n<p>Para concorrer, o candidato deve ter conclu\u00eddo ou estar em condi\u00e7\u00f5es de concluir, com aproveitamento, o <strong>ensino fundamental<\/strong>, e n\u00e3o ter menos de <strong>14<\/strong> nem completar <strong>19 anos<\/strong> de idade at\u00e9 <strong>31 de dezembro de 2018<\/strong>.<\/p>\n<p>Aos candidatos menores de idade ser\u00e1 exigida autoriza\u00e7\u00e3o impressa e preenchida mediante assinatura do respons\u00e1vel legal, com reconhecimento de firma em cart\u00f3rio, autorizando a participa\u00e7\u00e3o do candidato no Processo Seletivo e sua matr\u00edcula.<\/p>\n<p><strong>Vagas<\/strong><\/p>\n<p>Do total de <strong>180 vagas<\/strong> para admiss\u00e3o ao Curso Preparat\u00f3rio de Cadetes do Ar do ano de 2018, <strong>160 vagas<\/strong> s\u00e3o voltadas para o sexo masculino e <strong>20<\/strong> para o sexo feminino.<\/p>\n<p><strong>Sobre o Curso Preparat\u00f3rio de Cadetes do Ar (CPCAR)<\/strong><\/p>\n<p>Os candidatos aprovados far\u00e3o o curso de prepara\u00e7\u00e3o, que tem como objetivo preparar os jovens para o ingresso no <strong>Curso de Forma\u00e7\u00e3o de Oficiais Aviadores da Academia da For\u00e7a A\u00e9rea AFA<\/strong>, em Pirassununga \u2013 SP.<\/p>\n<p>O CPCAR ser\u00e1 realizado na Escola Preparat\u00f3ria de Cadetes do Ar, em Barbacena (MG), com dura\u00e7\u00e3o de <strong>tr\u00eas anos<\/strong>, o curso \u00e9 equivalente ao ensino m\u00e9dio regular, abrangendo instru\u00e7\u00f5es nos campos geral e militar e \u00e9 ministrado sob o <strong>regime de internato<\/strong>.<\/p>\n<p><strong>Provas<\/strong><\/p>\n<p>A avalia\u00e7\u00e3o ser\u00e1 feita por meio de\u00a0provas escritas, inspe\u00e7\u00e3o de sa\u00fade, exame de aptid\u00e3o psicol\u00f3gica, teste de avalia\u00e7\u00e3o do condicionamento f\u00edsico e valida\u00e7\u00e3o documental.<\/p>\n<p>As provas escritas, previstas para o dia <strong>23 de julho<\/strong>, ser\u00e3o compostas pelas <strong>seguintes disciplinas:<\/strong><\/p>\n<p>\u2666 Portugu\u00eas;<br>\n\u2666 Matem\u00e1tica;<br>\n\u2666 Ingl\u00eas;<br>\n\u2666 Reda\u00e7\u00e3o.<\/p>\n<p>A aplica\u00e7\u00e3o das provas acontecer\u00e1 nas cidades de Bel\u00e9m, Recife, Natal, Salvador, Rio de Janeiro, Belo Horizonte, Barbacena (MG), S\u00e3o Paulo, Pirassununga (SP), Campo Grande, Curitiba, Porto Alegre, Bras\u00edlia, Manaus, Boa Vista e Porto Velho.<\/p>","protected":false},"excerpt":{"rendered":"<p>For\u00e7a A\u00e9rea Brasileira (FAB) abre concurso com o objetivo de selecionar 180 jovens para o Curso Preparat\u00f3rio de Cadetes-do-Ar do ano de 2018. Veja como participar!<\/p>\n","protected":false},"author":16,"featured_media":33741,"comment_status":"closed","ping_status":"closed","sticky":false,"template":"","format":"standard","meta":{"_acf_changed":false,"footnotes":"","_wp_rev_ctl_limit":""},"categories":[44999],"tags":[],"class_list":["post-38383","post","type-post","status-publish","format-standard","has-post-thumbnail","hentry","category-concursos"],"acf":[],"_links":{"self":[{"href":"https:\/\/www.novaconcursos.com.br\/portal\/wp-json\/wp\/v2\/posts\/38383","targetHints":{"allow":["GET"]}}],"collection":[{"href":"https:\/\/www.novaconcursos.com.br\/portal\/wp-json\/wp\/v2\/posts"}],"about":[{"href":"https:\/\/www.novaconcursos.com.br\/portal\/wp-json\/wp\/v2\/types\/post"}],"author":[{"embeddable":true,"href":"https:\/\/www.novaconcursos.com.br\/portal\/wp-json\/wp\/v2\/users\/16"}],"replies":[{"embeddable":true,"href":"https:\/\/www.novaconcursos.com.br\/portal\/wp-json\/wp\/v2\/comments?post=38383"}],"version-history":[{"count":5,"href":"https:\/\/www.novaconcursos.com.br\/portal\/wp-json\/wp\/v2\/posts\/38383\/revisions"}],"predecessor-version":[{"id":266411,"href":"https:\/\/www.novaconcursos.com.br\/portal\/wp-json\/wp\/v2\/posts\/38383\/revisions\/266411"}],"wp:featuredmedia":[{"embeddable":true,"href":"https:\/\/www.novaconcursos.com.br\/portal\/wp-json\/wp\/v2\/media\/33741"}],"wp:attachment":[{"href":"https:\/\/www.novaconcursos.com.br\/portal\/wp-json\/wp\/v2\/media?parent=38383"}],"wp:term":[{"taxonomy":"category","embeddable":true,"href":"https:\/\/www.novaconcursos.com.br\/portal\/wp-json\/wp\/v2\/categories?post=38383"},{"taxonomy":"post_tag","embeddable":true,"href":"https:\/\/www.novaconcursos.com.br\/portal\/wp-json\/wp\/v2\/tags?post=38383"}],"curies":[{"name":"wp","href":"https:\/\/api.w.org\/{rel}","templated":true}]}}