{"id":38720,"date":"2016-05-16T14:07:00","date_gmt":"2016-05-16T17:07:00","guid":{"rendered":"http:\/\/www.novaconcursos.com.br\/portal\/?p=38720"},"modified":"2021-01-28T16:46:08","modified_gmt":"2021-01-28T19:46:08","slug":"dicas-valiosas-para-quem-quer-ir-bem-no-enem-questoes-resolvidas-de-provas-anteriores-2016-05","status":"publish","type":"post","link":"https:\/\/www.novaconcursos.com.br\/portal\/noticias\/dicas-valiosas-para-quem-quer-ir-bem-no-enem-questoes-resolvidas-de-provas-anteriores-2016-05\/","title":{"rendered":"Dicas valiosas para quem quer ir bem no ENEM: quest\u00f5es resolvidas de provas anteriores"},"content":{"rendered":"<p><a href=\"https:\/\/www.novaconcursos.com.br\/apostila-concurso\/enem\" target=\"_blank\" rel=\"noopener noreferrer\"><img decoding=\"async\" class=\" size-full wp-image-36700 alignleft\" src=\"https:\/\/www.novaconcursos.com.br\/portal\/wp-content\/uploads\/2014\/05\/enem-250X250.jpg\" alt=\"enem-250X250\" width=\"250\" height=\"250\" loading=\"lazy\" title=\"\" srcset=\"https:\/\/www.novaconcursos.com.br\/portal\/wp-content\/uploads\/2014\/05\/enem-250X250-55x55.jpg 55w, https:\/\/www.novaconcursos.com.br\/portal\/wp-content\/uploads\/2014\/05\/enem-250X250-105x105.jpg 105w, https:\/\/www.novaconcursos.com.br\/portal\/wp-content\/uploads\/2014\/05\/enem-250X250-150x150.jpg 150w, https:\/\/www.novaconcursos.com.br\/portal\/wp-content\/uploads\/2014\/05\/enem-250X250.jpg 250w\" sizes=\"auto, (max-width: 480px) 100vw, (max-width: 768px) 100vw, (max-width: 1200px) 70vw, 768px\"><\/a>O <strong>Exame Nacional do Ensino M\u00e9dio<\/strong> \u00e9 uma importante porta de entrada em universidades p\u00fablicas, particulares, concursos p\u00fablicos e tamb\u00e9m e programas do governo como\u00a0Prouni, Fies e Sisu. Este ano s\u00e3o esperadas mais de <strong>8 milh\u00f5es de inscri\u00e7\u00f5es<\/strong>, n\u00famero que dimensiona bastante a import\u00e2ncia do exame. Confira aqui algumas <strong>quest\u00f5es resolvidas de provas anteriores<\/strong> e teste seus conhecimentos nas mat\u00e9rias cobradas no <strong>ENEM!<\/strong><\/p>\n<p><span style=\"font-size: medium;\"><span style=\"text-decoration: underline; color: #0000ff;\"><a style=\"color: #0000ff;\" href=\"https:\/\/www.novaconcursos.com.br\/apostila-concurso\/enem\" target=\"_blank\" rel=\"noopener noreferrer\"><strong>Estude com a Apostila ENEM 2016<\/strong><\/a><\/span><br><span style=\"text-decoration: underline; color: #0000ff;\"><a style=\"color: #0000ff;\" href=\"https:\/\/www.novaconcursos.com.br\/apostila\/curso-online\/enem\/curso-online-enem-2016\" target=\"_blank\" rel=\"noopener noreferrer\"><strong>Compre aqui: Curso Online Enem 2016<\/strong><\/a><\/span><\/span><\/p>\n<p><strong>Ci\u00eancias da natureza e suas tecnologias<\/strong><br><strong>Quest\u00e3o 01<\/strong><br>\nEm nosso cotidiano, utilizamos as palavras \u201ccalor\u201d e \u201ctemperatura\u201d de forma diferente de como elas s\u00e3o usadas no meio cient\u00edfico. Na linguagem corrente, calor \u00e9 identificado como \u201calgo quente\u201d e temperatura mede a \u201cquantidade de calor de um corpo. Esses significados, no entanto, n\u00e3o conseguem explicar diversas situa\u00e7\u00f5es que podem ser verificadas na pr\u00e1tica. Do ponto de vista cient\u00edfico, que situa\u00e7\u00e3o pr\u00e1tica mostra a limita\u00e7\u00e3o dos conceitos corriqueiros de calor e temperatura?<br>\na) A temperatura da \u00e1gua pode ficar constante durante o tempo em que estiver fervendo.<br>\nb) Uma m\u00e3e coloca a m\u00e3o na \u00e1gua da banheira do beb\u00ea paraverificar a temperatura da \u00e1gua.<br>\nc) A chama de um fog\u00e3o pode ser usada para aumentar a temperatura da \u00e1gua em uma panela.<br>\nd) A \u00e1gua quente que est\u00e1 em uma caneca \u00e9 passada para outra caneca a fim de diminuir sua temperatura.<br>\ne) Um forno pode fornecer calor para uma vasilha de \u00e1gua que est\u00e1 em seu interior com menor temperatura do que a dele.<\/p>\n<p><em>Resolu\u00e7\u00e3o \u2013 Alternativa \u201cA\u201d<\/em><br>\nQuando, durante o processo de ebuli\u00e7\u00e3o (temperatura \u00e0 qual a aplica\u00e7\u00e3o de mais calor a um l\u00edquido n\u00e3o provoca qualquer aumento de temperatura e o l\u00edquido se converte em vapor), a \u00e1gua recebe calor e sua temperatura permanece constante, fica evidenciada a falha do modelo apresentado em que a temperatura mede a quantidade de calor do corpo.<\/p>\n<p><strong>Linguagens, c\u00f3digos e suas tecnologias<\/strong><\/p>\n<p><strong><a href=\"https:\/\/www.novaconcursos.com.br\/apostila-concurso\/enem\" target=\"_blank\" rel=\"noopener noreferrer\"><img decoding=\"async\" class=\" size-medium wp-image-37759 alignright\" src=\"https:\/\/www.novaconcursos.com.br\/portal\/wp-content\/uploads\/2016\/04\/enem-nativeads-menor-300x240.jpg\" alt=\"enem nativeads-menor\" width=\"300\" height=\"240\" loading=\"lazy\" title=\"\"><\/a>Quest\u00e3o 2<\/strong><br>\nPara o Mano Caetano<br>\n1 O que fazer do ouro de tolo<br>\nQuando um doce bardo brada a toda brida,<br>\nEm velas pandas, suas esquisitas rimas?<br>\n4 Geografia de verdades, Guanabaras posti\u00e7as<br>\nSaudades banguelas, tropicais pregui\u00e7as?<br>\nA boca cheia de dentes<br>\n7 De um implac\u00e1vel sorriso<br>\nMorre a cada instante<br>\nQue devora a voz do morto, e com isso,<br>\n10 Ressuscita vampira, sem o menor aviso<br>\n[\u2026]<br>\nE eu soy lobo-bolo? lobo-bolo<br>\nTipo pra rimar com ouro de tolo?<br>\n13 Oh, Narciso Peixe Ornamental!<br>\nTease me, tease me outra vez 1<br>\nOu em banto baiano<br>\n16 Ou em portugu\u00eas de Portugal<br>\nDe Natal<br>\n[\u2026]<br>\nTease me (ca\u00e7oe de mim, importune-me). LOB\u00c3O. Dispon\u00edvel em: http:\/\/vagalume.uol.com.br. Acesso em: 14 ago. 2009 (adaptado).<\/p>\n<p>Na letra da can\u00e7\u00e3o apresentada, o compositor Lob\u00e3o explora v\u00e1rios recursos da l\u00edngua portuguesa, a fim de conseguir efeitos est\u00e9ticos ou de sentido. Nessa letra, o autor explora o extrato sonoro do idioma e o uso de termos coloquiais na seguinte passagem:<br>\nA) \u201cQuando um doce bardo brada a toda brida\u201d (v. 2)<br>\nB) \u201cEm velas pandas, suas esquisitas rimas?\u201d (v. 3)<br>\nC) \u201cQue devora a voz do morto\u201d (v. 9)<br>\nD) \u201clobo-bolo\/\/Tipo pra rimar com ouro de tolo? (v. 11-12)<br>\nE) \u201cTease me, tease me outra vez\u201d (v. 14)<\/p>\n<p><em>Resoul\u00e7\u00e3o:<\/em> A alternativa \u201cd\u201d figura-se como verdadeira,\u00a0uma vez que o emissor faz uma combina\u00e7\u00e3o lingu\u00edstica<br>\nexplorando os fonemas \/l\/, \/b\/, \/t\/, resultando assim em um efeito\u00a0sonoro. Quanto ao emprego da linguagem coloquial, esta \u00e9 representada\u00a0pela express\u00e3o \u201ctipo pra rimar\u201d, que uma vez transformada\u00a0em linguagem formal, obter\u00edamos o seguinte resultado:\u00a0\u201cvisando estabelecer a rima\u201d.<\/p>\n<p><strong>Matem\u00e1tica e suas tecnologias<\/strong><\/p>\n<p><strong>Quest\u00e3o 3<\/strong><br>\nUma resolu\u00e7\u00e3o do Conselho Nacional de Pol\u00edtica Energ\u00e9tica (CNPE) estabeleceu a obrigatoriedade de adi\u00e7\u00e3o de biod\u00edsel ao \u00f3leo d\u00edsel comercializado nos postos. A exig\u00eancia \u00e9 que, a partir de 1.\u00ba de julho de 2009, 4% do volume da mistura final seja formada por biod\u00edsel. At\u00e9 junho de 2009, esse percentual era de 3%. Essa medida estimula a demanda de biod\u00edsel, bem como possibilita a redu\u00e7\u00e3o da importa\u00e7\u00e3o de d\u00edsel de petr\u00f3leo. Dispon\u00edvel em: http:\/\/www1.folha.uol.com.br. Acesso em: 12 jul. 2009 (adaptado). Estimativas indicam que, com a adi\u00e7\u00e3o de 4% de biod\u00edsel ao d\u00edsel, ser\u00e3o consumidos 925 milh\u00f5es de litros de biod\u00edsel no segundo semestre de 2009. Considerando-se essa estimativa, para o mesmo volume da mistura final d\u00edsel\/biod\u00edsel consumida no segundo semestre de 2009, qual seria o consumo de biod\u00edsel com a adi\u00e7\u00e3o de 3%?<\/p>\n<p>A) 27,75 milh\u00f5es de litros.<br>\nB) 37,00 milh\u00f5es de litros.<br>\nC) 231,25 milh\u00f5es de litros.<br>\nD) 693,75 milh\u00f5es de litros.<br>\nE) 888,00 milh\u00f5es de litros.<\/p>\n<p><em>Resolu\u00e7\u00e3o:<\/em> Resposta item D<br>\nRegra de tr\u00eas<br>\n4% \u2014\u2014\u2014\u2014- 925<br>\n3% \u2014\u2014\u2014\u2014- x<br>\n4x = 2775<br>\nx = 2775 \/ 4<br>\nx = 693,75 milh\u00f5es<\/p>\n<p><strong>Ci\u00eancias humanas e suas tecnologias<\/strong><\/p>\n<p><strong>Quest\u00e3o 4<\/strong><br>\nCoube aos Xavante e aos Timbira, povos ind\u00edgenas do Cerrado,um recente e marcante gesto simb\u00f3lico: a realiza\u00e7\u00e3o de sua tradicional corrida de toras (de buriti) em plena Avenida Paulista(SP), para denunciar o cerco de suas terras e a degrada\u00e7\u00e3o de seus entornos pelo avan\u00e7o do agroneg\u00f3cio.RICARDO, B.; RICARDO, F. Povos ind\u00edgenas do Brasil:2001-2005.S\u00e3o Paulo: Instituto Socioambiental, 2006 (adaptado).<br>\nA quest\u00e3o ind\u00edgena contempor\u00e2nea no Brasil evidencia a rela\u00e7\u00e3o dos usos socioculturais da terra com os atuais problemas socioambientais, caracterizados pelas tens\u00f5es entre<\/p>\n<p>a) a expans\u00e3o territorial do agroneg\u00f3cio, em especial nas regi\u00f5es Centro-Oeste e Norte, e as leis de prote\u00e7\u00e3o ind\u00edgena e ambiental.<br>\nb) os grileiros articuladores do agroneg\u00f3cio e os povos ind\u00edgenas pouco organizados no Cerrado.<br>\nc) as leis mais brandas sobre o uso tradicional do meio ambiente e as severas leis sobre o uso capitalista do meio ambiente.<br>\nd) os povos ind\u00edgenas do Cerrado e os polos econ\u00f4micos representados pelas elites industriais paulistas.<br>\ne) o campo e a cidade no Cerrado, que faz com que as terras ind\u00edgenas dali sejam alvo de invas\u00f5es urbanas.<\/p>\n<p><em>Resolu\u00e7\u00e3o \u2013 Alternativa \u201cA\u201d<\/em><br>\nA quest\u00e3o faz refer\u00eancia \u00e0s tens\u00f5es entre, de um lado, a expans\u00e3o do agroneg\u00f3cio por \u00e1reas do Cerrado e, mais recentemente, por \u00e1reas da floresta, no sul e no leste da Amaz\u00f4nia, e, do outro lado, as leis que deveriam proteger florestas e comunidades ind\u00edgenas. O poder pol\u00edtico v\u00ea-se dividido entre interesses relacionados \u00e0 balan\u00e7a comercial e o dever de proteger o patrim\u00f4nio cultural e ambiental.<\/p>\n<p>A <span style=\"text-decoration: underline;\"><strong><a href=\"https:\/\/www.novaconcursos.com.br\/\" target=\"_blank\" rel=\"noopener noreferrer\">editora Nova<\/a><\/strong><\/span> tem ajudado h\u00e1 mais de 8 anos quem quer vencer a batalha do concurso p\u00fablico. Se voc\u00ea quer aumentar as suas chances de passar, conhe\u00e7a os nossos materiais, acessando o nosso site!<\/p>\n<p><a href=\"https:\/\/www.novaconcursos.com.br\/apostila-concurso\/enem\" target=\"_blank\" rel=\"noopener noreferrer\"><img decoding=\"async\" class=\"aligncenter wp-image-36701 size-full\" src=\"https:\/\/www.novaconcursos.com.br\/portal\/wp-content\/uploads\/2014\/05\/enem-590x73.jpg\" alt=\"enem-590x73\" width=\"590\" height=\"72\" loading=\"lazy\" title=\"\" srcset=\"https:\/\/www.novaconcursos.com.br\/portal\/wp-content\/uploads\/2014\/05\/enem-590x73-300x37.jpg 300w, https:\/\/www.novaconcursos.com.br\/portal\/wp-content\/uploads\/2014\/05\/enem-590x73.jpg 590w\" sizes=\"auto, (max-width: 480px) 100vw, (max-width: 768px) 100vw, (max-width: 1200px) 70vw, 768px\"><\/a><\/p>","protected":false},"excerpt":{"rendered":"<p>O Exame Nacional do Ensino M\u00e9dio \u00e9 uma importante porta de entrada em universidades p\u00fablicas, particulares, concursos p\u00fablicos e tamb\u00e9m e programas do governo como\u00a0Prouni, Fies e Sisu. Este ano s\u00e3o esperadas mais de 8 milh\u00f5es de inscri\u00e7\u00f5es, n\u00famero que dimensiona bastante a import\u00e2ncia do exame. Confira aqui algumas quest\u00f5es resolvidas de provas anteriores e [&hellip;]<\/p>\n","protected":false},"author":16,"featured_media":22494,"comment_status":"closed","ping_status":"closed","sticky":false,"template":"","format":"standard","meta":{"_acf_changed":false,"footnotes":"","_wp_rev_ctl_limit":""},"categories":[228],"tags":[17101,1211,16813,16908,17102],"class_list":["post-38720","post","type-post","status-publish","format-standard","has-post-thumbnail","hentry","category-noticias","tag-dicas-valiosas-enem","tag-enem","tag-enem-2016","tag-estudar-enem","tag-o-que-cai-enem"],"acf":[],"_links":{"self":[{"href":"https:\/\/www.novaconcursos.com.br\/portal\/wp-json\/wp\/v2\/posts\/38720","targetHints":{"allow":["GET"]}}],"collection":[{"href":"https:\/\/www.novaconcursos.com.br\/portal\/wp-json\/wp\/v2\/posts"}],"about":[{"href":"https:\/\/www.novaconcursos.com.br\/portal\/wp-json\/wp\/v2\/types\/post"}],"author":[{"embeddable":true,"href":"https:\/\/www.novaconcursos.com.br\/portal\/wp-json\/wp\/v2\/users\/16"}],"replies":[{"embeddable":true,"href":"https:\/\/www.novaconcursos.com.br\/portal\/wp-json\/wp\/v2\/comments?post=38720"}],"version-history":[{"count":7,"href":"https:\/\/www.novaconcursos.com.br\/portal\/wp-json\/wp\/v2\/posts\/38720\/revisions"}],"predecessor-version":[{"id":116266,"href":"https:\/\/www.novaconcursos.com.br\/portal\/wp-json\/wp\/v2\/posts\/38720\/revisions\/116266"}],"wp:featuredmedia":[{"embeddable":true,"href":"https:\/\/www.novaconcursos.com.br\/portal\/wp-json\/wp\/v2\/media\/22494"}],"wp:attachment":[{"href":"https:\/\/www.novaconcursos.com.br\/portal\/wp-json\/wp\/v2\/media?parent=38720"}],"wp:term":[{"taxonomy":"category","embeddable":true,"href":"https:\/\/www.novaconcursos.com.br\/portal\/wp-json\/wp\/v2\/categories?post=38720"},{"taxonomy":"post_tag","embeddable":true,"href":"https:\/\/www.novaconcursos.com.br\/portal\/wp-json\/wp\/v2\/tags?post=38720"}],"curies":[{"name":"wp","href":"https:\/\/api.w.org\/{rel}","templated":true}]}}