{"id":39228,"date":"2016-05-25T15:15:47","date_gmt":"2016-05-25T18:15:47","guid":{"rendered":"http:\/\/www.novaconcursos.com.br\/portal\/?p=39228"},"modified":"2025-04-25T20:25:35","modified_gmt":"2025-04-25T23:25:35","slug":"concursos-que-abrem-e-encerram-a-inscricao-de-30-de-maio-a-05-de-junho-2016-05","status":"publish","type":"post","link":"https:\/\/www.novaconcursos.com.br\/portal\/noticias\/concursos-que-abrem-e-encerram-a-inscricao-de-30-de-maio-a-05-de-junho-2016-05\/","title":{"rendered":"Concursos que abrem e encerram a inscri\u00e7\u00e3o de 30 de maio a 05 de junho"},"content":{"rendered":"<div id=\"attachment_15758\" style=\"width: 261px\" class=\"wp-caption alignright\"><a href=\"https:\/\/www.novaconcursos.com.br\/portal\/wp-content\/uploads\/2015\/02\/Calendario-de-Feriados-2014.jpg\"><img decoding=\"async\" aria-describedby=\"caption-attachment-15758\" class=\"  wp-image-15758\" src=\"https:\/\/www.novaconcursos.com.br\/portal\/wp-content\/uploads\/2015\/02\/Calendario-de-Feriados-2014-300x225.jpg\" alt=\"Calendario-de-Feriados-2014.jpg\" width=\"251\" height=\"188\" loading=\"lazy\" title=\"\" srcset=\"https:\/\/www.novaconcursos.com.br\/portal\/wp-content\/uploads\/2015\/02\/Calendario-de-Feriados-2014-300x225.jpg 300w, https:\/\/www.novaconcursos.com.br\/portal\/wp-content\/uploads\/2015\/02\/Calendario-de-Feriados-2014.jpg 1024w\" sizes=\"auto, (max-width: 480px) 100vw, (max-width: 768px) 100vw, (max-width: 1200px) 70vw, 768px\"><\/a><p id=\"caption-attachment-15758\" class=\"wp-caption-text\"><em><strong>Pr\u00f3xima semana tem 11 concursos que abrem ou encerram inscri\u00e7\u00e3o.<\/strong><\/em><\/p><\/div>\n<p>A pr\u00f3xima semana, que ter\u00e1 os dois \u00faltimos dias de maio e os primeiros de junho, conta com mais de dez\u00a0concursos p\u00fablicos que abrem ou encerram os seus respectivos per\u00edodos de inscri\u00e7\u00e3o. No total, s\u00e3o 1.028\u00a0oportunidades de emprego em jogo. Confira a lista e atualize sua agenda:<\/p>\n<p><strong>Segunda-feira (30\/05)<\/strong><\/p>\n<p><span style=\"text-decoration: underline;\"><strong><a href=\"https:\/\/www.novaconcursos.com.br\/portal\/wp-content\/uploads\/2016\/05\/MGS-loguinho.jpg\"><img decoding=\"async\" class=\" size-full wp-image-38815 alignleft\" src=\"https:\/\/www.novaconcursos.com.br\/portal\/wp-content\/uploads\/2016\/05\/MGS-loguinho.jpg\" alt=\"MGS loguinho\" width=\"108\" height=\"108\" loading=\"lazy\" title=\"\" srcset=\"https:\/\/www.novaconcursos.com.br\/portal\/wp-content\/uploads\/2016\/05\/MGS-loguinho-55x55.jpg 55w, https:\/\/www.novaconcursos.com.br\/portal\/wp-content\/uploads\/2016\/05\/MGS-loguinho-105x105.jpg 105w, https:\/\/www.novaconcursos.com.br\/portal\/wp-content\/uploads\/2016\/05\/MGS-loguinho.jpg 108w\" sizes=\"auto, (max-width: 480px) 100vw, (max-width: 768px) 100vw, (max-width: 1200px) 70vw, 768px\"><\/a>MGS-MG \u2013\u00a0Minas Gerais Administra\u00e7\u00e3o e Servi\u00e7os S.A.<\/strong><\/span><\/p>\n<p>\u2013\u00a0Status: <strong><span style=\"color: #ff0000;\">Encerra a inscri\u00e7\u00e3o<\/span><\/strong><br>\n\u2013 Vagas:\u00a028<br>\n\u2013 Cargos:\u00a0para\u00a0n\u00edveis fundamental e m\u00e9dio<br>\n\u2013 Sal\u00e1rios: de R$ 650,66 at\u00e9 R$ 1.520,00<br>\n\u2013 Banca organizadora: <span style=\"text-decoration: underline;\"><strong>IBFC<\/strong><\/span><br>\n\u2013 Taxa: 34\u00a0a 44\u00a0reais<br>\n\u2013 Prova:\u00a012 de junho<br>\n\u2013 Comece a estudar: <span style=\"text-decoration: underline;\"><strong>Compre\u00a0Apostila\u00a0MGS-MG<\/strong><\/span><\/p>\n<p><span style=\"text-decoration: underline;\"><strong><a href=\"https:\/\/www.novaconcursos.com.br\/portal\/wp-content\/uploads\/2016\/04\/eletrosul-loguinho.jpg\"><img decoding=\"async\" class=\" size-full wp-image-37534 alignleft\" src=\"https:\/\/www.novaconcursos.com.br\/portal\/wp-content\/uploads\/2016\/04\/eletrosul-loguinho.jpg\" alt=\"eletrosul loguinho\" width=\"108\" height=\"108\" loading=\"lazy\" title=\"\" srcset=\"https:\/\/www.novaconcursos.com.br\/portal\/wp-content\/uploads\/2016\/04\/eletrosul-loguinho-55x55.jpg 55w, https:\/\/www.novaconcursos.com.br\/portal\/wp-content\/uploads\/2016\/04\/eletrosul-loguinho-105x105.jpg 105w, https:\/\/www.novaconcursos.com.br\/portal\/wp-content\/uploads\/2016\/04\/eletrosul-loguinho.jpg 108w\" sizes=\"auto, (max-width: 480px) 100vw, (max-width: 768px) 100vw, (max-width: 1200px) 70vw, 768px\"><\/a>Eletrobras \u2013 Eletrosul<\/strong><\/span><\/p>\n<p>\u2013\u00a0Status: <strong><span style=\"color: #ff0000;\">Encerra a inscri\u00e7\u00e3o<\/span><\/strong><br>\n\u2013 Vagas:\u00a042<br>\n\u2013 Cargos:\u00a0para todos os n\u00edveis\u00a0de escolaridade<br>\n\u2013 Sal\u00e1rios: de R$ 3.050,13 at\u00e9 R$ 6.019,41<br>\n\u2013 Banca organizadora: <span style=\"text-decoration: underline;\"><strong>FCC<\/strong><\/span><br>\n\u2013 Taxa: 65 a 100\u00a0reais<br>\n\u2013 Prova: 26\u00a0de junho<br>\n\u2013 Comece a estudar: <span style=\"text-decoration: underline;\"><strong>Compre\u00a0Apostila\u00a0Eletrosul<\/strong><\/span><\/p>\n<p><span style=\"text-decoration: underline;\"><strong><a href=\"https:\/\/www.novaconcursos.com.br\/portal\/wp-content\/uploads\/2016\/04\/IF-Sudeste-de-Minas-avatar.png\"><img decoding=\"async\" class=\" size-full wp-image-37743 alignleft\" src=\"https:\/\/www.novaconcursos.com.br\/portal\/wp-content\/uploads\/2016\/04\/IF-Sudeste-de-Minas-avatar.png\" alt=\"IF Sudeste de Minas - avatar\" width=\"108\" height=\"108\" loading=\"lazy\" title=\"\" srcset=\"https:\/\/www.novaconcursos.com.br\/portal\/wp-content\/uploads\/2016\/04\/IF-Sudeste-de-Minas-avatar-55x55.png 55w, https:\/\/www.novaconcursos.com.br\/portal\/wp-content\/uploads\/2016\/04\/IF-Sudeste-de-Minas-avatar-105x105.png 105w, https:\/\/www.novaconcursos.com.br\/portal\/wp-content\/uploads\/2016\/04\/IF-Sudeste-de-Minas-avatar.png 108w\" sizes=\"auto, (max-width: 480px) 100vw, (max-width: 768px) 100vw, (max-width: 1200px) 70vw, 768px\"><\/a>IF Sudeste de Minas \u2013 MG<\/strong><\/span><\/p>\n<p>\u2013\u00a0Status: <strong><span style=\"color: #ff0000;\">Encerra a inscri\u00e7\u00e3o<\/span><\/strong><br>\n\u2013 Vagas:\u00a045<br>\n\u2013 Cargos:\u00a0para todos os n\u00edveis\u00a0de escolaridade<br>\n\u2013 Sal\u00e1rios: de R$ 1.739,04 at\u00e9 R$ 3.666,54<br>\n\u2013 Banca organizadora: <span style=\"text-decoration: underline;\"><strong>Funda\u00e7\u00e3o CEFET<\/strong><\/span><br>\n\u2013 Taxa: 80 a 120\u00a0reais<br>\n\u2013 Prova:\u00a003 de julho<br>\n\u2013 Comece a estudar: <span style=\"text-decoration: underline;\"><strong>Compre\u00a0Apostila\u00a0IF Sudeste MG<\/strong><\/span><\/p>\n<p><span style=\"text-decoration: underline;\"><strong><a href=\"https:\/\/www.novaconcursos.com.br\/portal\/wp-content\/uploads\/2016\/05\/Camara-sao-jose-dos-pinhais-avatar.png\"><img decoding=\"async\" class=\" size-full wp-image-38182 alignleft\" src=\"https:\/\/www.novaconcursos.com.br\/portal\/wp-content\/uploads\/2016\/05\/Camara-sao-jose-dos-pinhais-avatar.png\" alt=\"Camara sao jose dos pinhais - avatar\" width=\"108\" height=\"108\" loading=\"lazy\" title=\"\" srcset=\"https:\/\/www.novaconcursos.com.br\/portal\/wp-content\/uploads\/2016\/05\/Camara-sao-jose-dos-pinhais-avatar-55x55.png 55w, https:\/\/www.novaconcursos.com.br\/portal\/wp-content\/uploads\/2016\/05\/Camara-sao-jose-dos-pinhais-avatar-105x105.png 105w, https:\/\/www.novaconcursos.com.br\/portal\/wp-content\/uploads\/2016\/05\/Camara-sao-jose-dos-pinhais-avatar.png 108w\" sizes=\"auto, (max-width: 480px) 100vw, (max-width: 768px) 100vw, (max-width: 1200px) 70vw, 768px\"><\/a>C\u00e2mara Municipal de S\u00e3o Jos\u00e9 dos Pinhais \u2013 PR<\/strong><\/span><\/p>\n<p>\u2013\u00a0Status: <strong><span style=\"color: #ff0000;\">Encerra a inscri\u00e7\u00e3o<\/span><\/strong><br>\n\u2013 Vagas:\u00a011<br>\n\u2013 Cargos:\u00a0para todos os n\u00edveis\u00a0de escolaridade<br>\n\u2013 Sal\u00e1rios: de R$ 1.657,91 at\u00e9 R$ 3.987,16<br>\n\u2013 Banca organizadora: <span style=\"text-decoration: underline;\"><strong>FAUEL<\/strong><\/span><br>\n\u2013 Taxa: 60 a 100\u00a0reais<br>\n\u2013 Prova: 10\u00a0de julho<br>\n\u2013 Comece a estudar: <span style=\"text-decoration: underline;\"><strong>Compre\u00a0Apostila\u00a0C\u00e2mara S\u00e3o Jos\u00e9 dos Pinhais<\/strong><\/span><\/p>\n<p><span style=\"text-decoration: underline;\"><strong><a href=\"https:\/\/www.novaconcursos.com.br\/portal\/wp-content\/uploads\/2016\/02\/fab-loguinho.jpg\"><img decoding=\"async\" class=\" size-full wp-image-33741 alignleft\" src=\"https:\/\/www.novaconcursos.com.br\/portal\/wp-content\/uploads\/2016\/02\/fab-loguinho.jpg\" alt=\"fab loguinho\" width=\"108\" height=\"108\" loading=\"lazy\" title=\"\" srcset=\"https:\/\/www.novaconcursos.com.br\/portal\/wp-content\/uploads\/2016\/02\/fab-loguinho-55x55.jpg 55w, https:\/\/www.novaconcursos.com.br\/portal\/wp-content\/uploads\/2016\/02\/fab-loguinho-105x105.jpg 105w, https:\/\/www.novaconcursos.com.br\/portal\/wp-content\/uploads\/2016\/02\/fab-loguinho.jpg 108w\" sizes=\"auto, (max-width: 480px) 100vw, (max-width: 768px) 100vw, (max-width: 1200px) 70vw, 768px\"><\/a>FAB \u2013 For\u00e7a \u00c1rea Brasileira<\/strong><\/span><\/p>\n<p>\u2013\u00a0Status: <strong><span style=\"color: #ff0000;\">Encerra a inscri\u00e7\u00e3o<\/span><\/strong><br>\n\u2013 Vagas:\u00a0180<br>\n\u2013 Cargos:\u00a0Cadetes do Ar<br>\n\u2013 Sal\u00e1rios: de R$ 936,00 at\u00e9 R$ 6.200,00<br>\n\u2013 Banca organizadora: <span style=\"text-decoration: underline;\"><strong>FAB<\/strong><\/span><br>\n\u2013 Taxa: 60 reais<br>\n\u2013 Prova: 24\u00a0de julho<br>\n\u2013 Comece a estudar: <span style=\"text-decoration: underline;\"><strong>Compre\u00a0Apostila\u00a0FAB<\/strong><\/span><\/p>\n<p><span style=\"text-decoration: underline;\"><strong><a href=\"https:\/\/www.novaconcursos.com.br\/portal\/wp-content\/uploads\/2016\/05\/UFAM-avatar.png\"><img decoding=\"async\" class=\" size-full wp-image-38365 alignleft\" src=\"https:\/\/www.novaconcursos.com.br\/portal\/wp-content\/uploads\/2016\/05\/UFAM-avatar.png\" alt=\"UFAM - avatar\" width=\"108\" height=\"108\" loading=\"lazy\" title=\"\" srcset=\"https:\/\/www.novaconcursos.com.br\/portal\/wp-content\/uploads\/2016\/05\/UFAM-avatar-55x55.png 55w, https:\/\/www.novaconcursos.com.br\/portal\/wp-content\/uploads\/2016\/05\/UFAM-avatar-105x105.png 105w, https:\/\/www.novaconcursos.com.br\/portal\/wp-content\/uploads\/2016\/05\/UFAM-avatar.png 108w\" sizes=\"auto, (max-width: 480px) 100vw, (max-width: 768px) 100vw, (max-width: 1200px) 70vw, 768px\"><\/a>UFAM \u2013 Universidade Federal do Amazonas<\/strong><\/span><\/p>\n<p>\u2013\u00a0Status: <span style=\"color: #0000ff;\"><strong>Abre\u00a0a inscri\u00e7\u00e3o<\/strong><\/span><br>\n\u2013 Vagas:\u00a0148<br>\n\u2013 Cargos: para todos os n\u00edveis\u00a0de escolaridade<br>\n\u2013 Sal\u00e1rios: de R$ 1.739,00 at\u00e9 R$ 3.666,54<br>\n\u2013 Banca organizadora: <span style=\"text-decoration: underline;\"><strong>UFAM<\/strong><\/span><br>\n\u2013 Taxa: 43 a 92\u00a0reais<br>\n\u2013 Prova: 28 de agosto<br>\n\u2013 Comece a estudar: <span style=\"text-decoration: underline;\"><strong>Compre\u00a0Apostila\u00a0UFAM<\/strong><\/span><\/p>\n<p><strong>Quarta-feira (01\/06)<\/strong><\/p>\n<p><span style=\"text-decoration: underline;\"><strong><a href=\"https:\/\/www.novaconcursos.com.br\/portal\/wp-content\/uploads\/2015\/11\/TCE-para-loguinho.jpg\"><img decoding=\"async\" class=\" size-full wp-image-29911 alignleft\" src=\"https:\/\/www.novaconcursos.com.br\/portal\/wp-content\/uploads\/2015\/11\/TCE-para-loguinho.jpg\" alt=\"TCE para loguinho\" width=\"108\" height=\"108\" loading=\"lazy\" title=\"\" srcset=\"https:\/\/www.novaconcursos.com.br\/portal\/wp-content\/uploads\/2015\/11\/TCE-para-loguinho-55x55.jpg 55w, https:\/\/www.novaconcursos.com.br\/portal\/wp-content\/uploads\/2015\/11\/TCE-para-loguinho-105x105.jpg 105w, https:\/\/www.novaconcursos.com.br\/portal\/wp-content\/uploads\/2015\/11\/TCE-para-loguinho.jpg 108w\" sizes=\"auto, (max-width: 480px) 100vw, (max-width: 768px) 100vw, (max-width: 1200px) 70vw, 768px\"><\/a>TCE-PA \u2013 Tribunal de Contas do Estado do Par\u00e1<\/strong><\/span><\/p>\n<p>\u2013\u00a0Status: <strong><span style=\"color: #ff0000;\">Encerra a inscri\u00e7\u00e3o<\/span><\/strong><br>\n\u2013 Vagas: 95<br>\n\u2013 Cargos: para cargos de n\u00edveis m\u00e9dio e superior<br>\n\u2013 Sal\u00e1rios: de R$ 3.154,60 at\u00e9 R$ 6.260,22<br>\n\u2013 Banca organizadora: <span style=\"text-decoration: underline;\"><strong>Cespe<\/strong><\/span><br>\n\u2013 Taxa: 90 a 120\u00a0reais<br>\n\u2013 Prova:\u00a007 de agosto<br>\n\u2013 Comece a estudar: <span style=\"text-decoration: underline;\"><strong>Compre\u00a0Apostila\u00a0TCE-PA<\/strong><\/span><\/p>\n<p><strong>Sexta-feira (03\/06)<\/strong><\/p>\n<p><span style=\"text-decoration: underline;\"><strong><a href=\"https:\/\/www.novaconcursos.com.br\/portal\/wp-content\/uploads\/2016\/05\/logosapucaiadosul.png\"><img decoding=\"async\" class=\" size-full wp-image-38132 alignleft\" src=\"https:\/\/www.novaconcursos.com.br\/portal\/wp-content\/uploads\/2016\/05\/logosapucaiadosul.png\" alt=\"logosapucaiadosul\" width=\"108\" height=\"108\" loading=\"lazy\" title=\"\" srcset=\"https:\/\/www.novaconcursos.com.br\/portal\/wp-content\/uploads\/2016\/05\/logosapucaiadosul-55x55.png 55w, https:\/\/www.novaconcursos.com.br\/portal\/wp-content\/uploads\/2016\/05\/logosapucaiadosul-105x105.png 105w, https:\/\/www.novaconcursos.com.br\/portal\/wp-content\/uploads\/2016\/05\/logosapucaiadosul.png 108w\" sizes=\"auto, (max-width: 480px) 100vw, (max-width: 768px) 100vw, (max-width: 1200px) 70vw, 768px\"><\/a>Prefeitura de Sapucaia do Sul \u2013 RS<\/strong><\/span><\/p>\n<p>\u2013\u00a0Status: <strong><span style=\"color: #ff0000;\">Encerra a inscri\u00e7\u00e3o<\/span><\/strong><br>\n\u2013 Vagas: 115<br>\n\u2013 Cargos: para cargos de n\u00edveis m\u00e9dio e superior<br>\n\u2013 Sal\u00e1rios: de R$ 1.608,18 at\u00e9 R$ 3.216,36<br>\n\u2013 Banca organizadora: <span style=\"text-decoration: underline;\"><strong>FUNDATEC<\/strong><\/span><br>\n\u2013 Taxa: 60 ou 100\u00a0reais<br>\n\u2013 Prova:\u00a003 de julho<br>\n\u2013 Comece a estudar: <span style=\"text-decoration: underline;\"><strong>Compre\u00a0Apostila\u00a0Prefeitura de Sapucaia do Sul \u2013 RS<\/strong><\/span><\/p>\n<p><span style=\"text-decoration: underline;\"><strong><a href=\"https:\/\/www.novaconcursos.com.br\/portal\/wp-content\/uploads\/2016\/05\/hospital-s%C3%A3o-jo%C3%A3o-batista-loguinho.jpg\"><img decoding=\"async\" class=\" size-full wp-image-39046 alignleft\" src=\"https:\/\/www.novaconcursos.com.br\/portal\/wp-content\/uploads\/2016\/05\/hospital-s%C3%A3o-jo%C3%A3o-batista-loguinho.jpg\" alt=\"hospital s\u00e3o jo\u00e3o batista loguinho\" width=\"108\" height=\"108\" loading=\"lazy\" title=\"\" srcset=\"https:\/\/www.novaconcursos.com.br\/portal\/wp-content\/uploads\/2016\/05\/hospital-s\u00e3o-jo\u00e3o-batista-loguinho-55x55.jpg 55w, https:\/\/www.novaconcursos.com.br\/portal\/wp-content\/uploads\/2016\/05\/hospital-s\u00e3o-jo\u00e3o-batista-loguinho-105x105.jpg 105w, https:\/\/www.novaconcursos.com.br\/portal\/wp-content\/uploads\/2016\/05\/hospital-s\u00e3o-jo\u00e3o-batista-loguinho.jpg 108w\" sizes=\"auto, (max-width: 480px) 100vw, (max-width: 768px) 100vw, (max-width: 1200px) 70vw, 768px\"><\/a>Hospital S\u00e3o Jo\u00e3o Batista de Volta Redonda \u2013 RJ<\/strong><\/span><\/p>\n<p>\u2013\u00a0Status: <strong><span style=\"color: #ff0000;\">Encerra a inscri\u00e7\u00e3o<\/span><\/strong><br>\n\u2013 Vagas:\u00a050<br>\n\u2013 Cargos:\u00a0T\u00e9cnico de Enfermagem<br>\n\u2013 Sal\u00e1rios: de R$ 880,00<br>\n\u2013 Banca organizadora: <span style=\"text-decoration: underline;\"><strong>Prefeitura de Volta Redonda \u2013 RJ<\/strong><\/span><br>\n\u2013 Taxa: 35 reais<br>\n\u2013 Prova:\u00a019 de junho<\/p>\n<p><span style=\"text-decoration: underline;\"><strong><a href=\"https:\/\/www.novaconcursos.com.br\/portal\/wp-content\/uploads\/2016\/05\/prefeitura-de-capao-bonito-loguinho.jpg\"><img decoding=\"async\" class=\" size-full wp-image-39085 alignleft\" src=\"https:\/\/www.novaconcursos.com.br\/portal\/wp-content\/uploads\/2016\/05\/prefeitura-de-capao-bonito-loguinho.jpg\" alt=\"prefeitura de capao bonito loguinho\" width=\"108\" height=\"108\" loading=\"lazy\" title=\"\" srcset=\"https:\/\/www.novaconcursos.com.br\/portal\/wp-content\/uploads\/2016\/05\/prefeitura-de-capao-bonito-loguinho-55x55.jpg 55w, https:\/\/www.novaconcursos.com.br\/portal\/wp-content\/uploads\/2016\/05\/prefeitura-de-capao-bonito-loguinho-105x105.jpg 105w, https:\/\/www.novaconcursos.com.br\/portal\/wp-content\/uploads\/2016\/05\/prefeitura-de-capao-bonito-loguinho.jpg 108w\" sizes=\"auto, (max-width: 480px) 100vw, (max-width: 768px) 100vw, (max-width: 1200px) 70vw, 768px\"><\/a>Prefeitura de Cap\u00e3o Bonito \u2013 SP<\/strong><\/span><\/p>\n<p>\u2013\u00a0Status: <strong><span style=\"color: #ff0000;\">Encerra a inscri\u00e7\u00e3o<\/span><\/strong><br>\n\u2013 Vagas:\u00a084<br>\n\u2013 Cargos: para cargos de n\u00edvel m\u00e9dio\/t\u00e9cnico<br>\n\u2013 Sal\u00e1rios: de R$ 977,43 at\u00e9 R$ 1.688,99<br>\n\u2013 Banca organizadora: <span style=\"text-decoration: underline;\"><strong>EPL<\/strong><\/span><br>\n\u2013 Taxa: 30\u00a0reais<br>\n\u2013 Prova:\u00a015 de junho<\/p>","protected":false},"excerpt":{"rendered":"<p>A pr\u00f3xima semana, que ter\u00e1 os dois \u00faltimos dias de maio e os primeiros de junho, conta com mais de dez\u00a0concursos p\u00fablicos que abrem ou encerram os seus respectivos per\u00edodos de inscri\u00e7\u00e3o. No total, s\u00e3o 1.028\u00a0oportunidades de emprego em jogo. Confira a lista e atualize sua agenda: Segunda-feira (30\/05) MGS-MG \u2013\u00a0Minas Gerais Administra\u00e7\u00e3o e Servi\u00e7os [&hellip;]<\/p>\n","protected":false},"author":16,"featured_media":28783,"comment_status":"closed","ping_status":"closed","sticky":false,"template":"","format":"standard","meta":{"_acf_changed":false,"footnotes":"","_wp_rev_ctl_limit":""},"categories":[228],"tags":[3726,16495,16700],"class_list":["post-39228","post","type-post","status-publish","format-standard","has-post-thumbnail","hentry","category-noticias","tag-concursos-abertos","tag-concursos-que-abrem-inscricao","tag-concursos-que-encerram-a-inscricao"],"acf":[],"_links":{"self":[{"href":"https:\/\/www.novaconcursos.com.br\/portal\/wp-json\/wp\/v2\/posts\/39228","targetHints":{"allow":["GET"]}}],"collection":[{"href":"https:\/\/www.novaconcursos.com.br\/portal\/wp-json\/wp\/v2\/posts"}],"about":[{"href":"https:\/\/www.novaconcursos.com.br\/portal\/wp-json\/wp\/v2\/types\/post"}],"author":[{"embeddable":true,"href":"https:\/\/www.novaconcursos.com.br\/portal\/wp-json\/wp\/v2\/users\/16"}],"replies":[{"embeddable":true,"href":"https:\/\/www.novaconcursos.com.br\/portal\/wp-json\/wp\/v2\/comments?post=39228"}],"version-history":[{"count":5,"href":"https:\/\/www.novaconcursos.com.br\/portal\/wp-json\/wp\/v2\/posts\/39228\/revisions"}],"predecessor-version":[{"id":280799,"href":"https:\/\/www.novaconcursos.com.br\/portal\/wp-json\/wp\/v2\/posts\/39228\/revisions\/280799"}],"wp:featuredmedia":[{"embeddable":true,"href":"https:\/\/www.novaconcursos.com.br\/portal\/wp-json\/wp\/v2\/media\/28783"}],"wp:attachment":[{"href":"https:\/\/www.novaconcursos.com.br\/portal\/wp-json\/wp\/v2\/media?parent=39228"}],"wp:term":[{"taxonomy":"category","embeddable":true,"href":"https:\/\/www.novaconcursos.com.br\/portal\/wp-json\/wp\/v2\/categories?post=39228"},{"taxonomy":"post_tag","embeddable":true,"href":"https:\/\/www.novaconcursos.com.br\/portal\/wp-json\/wp\/v2\/tags?post=39228"}],"curies":[{"name":"wp","href":"https:\/\/api.w.org\/{rel}","templated":true}]}}