{"id":39811,"date":"2016-06-08T14:44:03","date_gmt":"2016-06-08T17:44:03","guid":{"rendered":"http:\/\/www.novaconcursos.com.br\/portal\/?p=39811"},"modified":"2025-12-03T09:45:52","modified_gmt":"2025-12-03T12:45:52","slug":"funai-reagenda-prova-de-concurso-com-220-vagas-2016-06","status":"publish","type":"post","link":"https:\/\/www.novaconcursos.com.br\/portal\/noticias\/funai-reagenda-prova-de-concurso-com-220-vagas-2016-06\/","title":{"rendered":"FUNAI reagenda prova de concurso com 220 vagas"},"content":{"rendered":"<p><strong><a href=\"https:\/\/www.novaconcursos.com.br\/apostila-concurso\/funai-fundacao-nacional-do-indio\" target=\"_blank\" rel=\"noopener noreferrer\"><img decoding=\"async\" class=\" size-medium wp-image-37669 alignleft\" src=\"https:\/\/www.novaconcursos.com.br\/portal\/wp-content\/uploads\/2016\/04\/funai-310X260-300x252.jpg\" alt=\"funai-310X260\" width=\"300\" height=\"252\" loading=\"lazy\" title=\"\" srcset=\"https:\/\/www.novaconcursos.com.br\/portal\/wp-content\/uploads\/2016\/04\/funai-310X260-300x252.jpg 300w, https:\/\/www.novaconcursos.com.br\/portal\/wp-content\/uploads\/2016\/04\/funai-310X260.jpg 310w\" sizes=\"auto, (max-width: 480px) 100vw, (max-width: 768px) 100vw, (max-width: 1200px) 70vw, 768px\"><\/a>Aten\u00e7\u00e3o candidatos ao <a href=\"https:\/\/www.novaconcursos.com.br\/portal\/concursos\/concurso-funai\/\">concurso da FUNAI<\/a><\/strong>: <strong>as<\/strong> <strong>provas objetivas foram reagendadas para o dia 28 de agosto de 2016<\/strong> (antes seriam dia 7 do mesmo m\u00eas).<\/p>\n<p><a href=\"https:\/\/www.novaconcursos.com.br\/apostila-concurso\/funai-fundacao-nacional-do-indio\" target=\"_blank\" rel=\"noopener noreferrer\"><strong>Ainda d\u00e1 tempo de estudar ent\u00e3o garanta j\u00e1 a sua vaga!<\/strong><\/a><br><span style=\"text-decoration: underline; color: #0000ff;\"><a style=\"color: #0000ff;\" href=\"https:\/\/www.novaconcursos.com.br\/apostila-concurso\/funai-fundacao-nacional-do-indio\" target=\"_blank\" rel=\"noopener noreferrer\"><strong>Compre aqui: Apostila FUNAI<\/strong><\/a><\/span><\/p>\n<p><strong>Sobre o concurso<\/strong><\/p>\n<p>A Funda\u00e7\u00e3o Nacional do \u00cdndio publicou edital de concurso com<strong> 220 vagas<\/strong> para <strong>n\u00edvel superior<\/strong>. Os sal\u00e1rios para os nomeados variam de <strong>R$ 5.345,02 a R$ 6.330,31.<\/strong><\/p>\n<p>As inscri\u00e7\u00f5es encerraram dia 16 de maio e as provas est\u00e3o sendo organizadas pela ESAF.<\/p>\n<p>Para saber mais detalhes e baixar o edital e suas retifica\u00e7\u00f5es, <span style=\"text-decoration: underline; color: #0000ff;\"><a style=\"color: #0000ff; text-decoration: underline;\" href=\"https:\/\/www.novaconcursos.com.br\/portal\/concursos\/concurso-funai\/\" target=\"_blank\" rel=\"noopener noreferrer\">veja a p\u00e1gina do <strong>Concurso FUNAI.<\/strong><\/a><\/span><\/p>\n<p>A <span style=\"text-decoration: underline;\"><strong><a href=\"https:\/\/www.novaconcursos.com.br\/\" target=\"_blank\" rel=\"noopener noreferrer\">editora Nova<\/a><\/strong><\/span> tem ajudado h\u00e1 mais de 8 anos quem quer vencer a batalha do concurso p\u00fablico. Se voc\u00ea quer aumentar as suas chances de passar, conhe\u00e7a os nossos materiais, acessando o nosso site!<\/p>\n<p><a href=\"https:\/\/www.novaconcursos.com.br\/apostila-concurso\/funai-fundacao-nacional-do-indio\" target=\"_blank\" rel=\"noopener noreferrer\"><img decoding=\"async\" class=\"aligncenter wp-image-37639 size-full\" src=\"https:\/\/www.novaconcursos.com.br\/portal\/wp-content\/uploads\/2016\/04\/funai-590X72.jpg\" alt=\"funai-590X72\" width=\"590\" height=\"72\" loading=\"lazy\" title=\"\" srcset=\"https:\/\/www.novaconcursos.com.br\/portal\/wp-content\/uploads\/2016\/04\/funai-590X72-300x37.jpg 300w, https:\/\/www.novaconcursos.com.br\/portal\/wp-content\/uploads\/2016\/04\/funai-590X72.jpg 590w\" sizes=\"auto, (max-width: 480px) 100vw, (max-width: 768px) 100vw, (max-width: 1200px) 70vw, 768px\"><\/a><\/p>","protected":false},"excerpt":{"rendered":"<p>Aten\u00e7\u00e3o candidatos ao concurso da FUNAI: as provas objetivas foram reagendadas para o dia 28 de agosto de 2016 (antes seriam dia 7 do mesmo m\u00eas). Ainda d\u00e1 tempo de estudar ent\u00e3o garanta j\u00e1 a sua vaga!Compre aqui: Apostila FUNAI Sobre o concurso A Funda\u00e7\u00e3o Nacional do \u00cdndio publicou edital de concurso com 220 vagas [&hellip;]<\/p>\n","protected":false},"author":16,"featured_media":25751,"comment_status":"closed","ping_status":"closed","sticky":false,"template":"","format":"standard","meta":{"_acf_changed":false,"footnotes":"","_wp_rev_ctl_limit":""},"categories":[228],"tags":[15171,17340,16831,17341],"class_list":["post-39811","post","type-post","status-publish","format-standard","has-post-thumbnail","hentry","category-noticias","tag-concurso-funai","tag-concurso-fundacao-nacional-do-indio","tag-edital-funai","tag-edital-fundacao-nacional-do-indio"],"acf":[],"_links":{"self":[{"href":"https:\/\/www.novaconcursos.com.br\/portal\/wp-json\/wp\/v2\/posts\/39811","targetHints":{"allow":["GET"]}}],"collection":[{"href":"https:\/\/www.novaconcursos.com.br\/portal\/wp-json\/wp\/v2\/posts"}],"about":[{"href":"https:\/\/www.novaconcursos.com.br\/portal\/wp-json\/wp\/v2\/types\/post"}],"author":[{"embeddable":true,"href":"https:\/\/www.novaconcursos.com.br\/portal\/wp-json\/wp\/v2\/users\/16"}],"replies":[{"embeddable":true,"href":"https:\/\/www.novaconcursos.com.br\/portal\/wp-json\/wp\/v2\/comments?post=39811"}],"version-history":[{"count":6,"href":"https:\/\/www.novaconcursos.com.br\/portal\/wp-json\/wp\/v2\/posts\/39811\/revisions"}],"predecessor-version":[{"id":298200,"href":"https:\/\/www.novaconcursos.com.br\/portal\/wp-json\/wp\/v2\/posts\/39811\/revisions\/298200"}],"wp:featuredmedia":[{"embeddable":true,"href":"https:\/\/www.novaconcursos.com.br\/portal\/wp-json\/wp\/v2\/media\/25751"}],"wp:attachment":[{"href":"https:\/\/www.novaconcursos.com.br\/portal\/wp-json\/wp\/v2\/media?parent=39811"}],"wp:term":[{"taxonomy":"category","embeddable":true,"href":"https:\/\/www.novaconcursos.com.br\/portal\/wp-json\/wp\/v2\/categories?post=39811"},{"taxonomy":"post_tag","embeddable":true,"href":"https:\/\/www.novaconcursos.com.br\/portal\/wp-json\/wp\/v2\/tags?post=39811"}],"curies":[{"name":"wp","href":"https:\/\/api.w.org\/{rel}","templated":true}]}}