{"id":40812,"date":"2023-03-14T09:12:01","date_gmt":"2023-03-14T12:12:01","guid":{"rendered":"http:\/\/www.novaconcursos.com.br\/portal\/?post_type=nc-public-tender&#038;p=40812"},"modified":"2024-12-16T09:43:38","modified_gmt":"2024-12-16T12:43:38","slug":"concurso-crefito-12a-regiao","status":"publish","type":"post","link":"https:\/\/www.novaconcursos.com.br\/portal\/concursos\/concurso-crefito-12a-regiao\/","title":{"rendered":"Concurso Crefito 12\u00aa regi\u00e3o: Banca definida para novo edital!"},"content":{"rendered":"<p><span style=\"font-weight: 400\">Ap\u00f3s 7 anos da publica\u00e7\u00e3o de seu \u00faltimo edital, novas movimenta\u00e7\u00f5es indicam que teremos um novo certame <\/span><strong>Crefito 12\u00aa regi\u00e3o <\/strong>em breve.<\/p>\n<p><span style=\"font-weight: 400\">Nesse sentido, o \u00f3rg\u00e3o definiu e divulgou o nome da <strong>banca organizadora.<\/strong>\u00a0<\/span><\/p>\n<p>\u00a0<\/p>\n<p><strong>Resumo do edital Crefito 12\u00aa regi\u00e3o<\/strong><\/p>\n<ul><li style=\"font-weight: 400\"><strong>Vagas<\/strong><span style=\"font-weight: 400\">: N\u00e3o definido<\/span><\/li>\n<li style=\"font-weight: 400\"><strong>Taxa de inscri\u00e7\u00e3o<\/strong><span style=\"font-weight: 400\">: N\u00e3o definido<\/span><\/li>\n<li style=\"font-weight: 400\"><strong>Cargos<\/strong><span style=\"font-weight: 400\">: N\u00e3o definido<\/span><\/li>\n<li style=\"font-weight: 400\"><strong>\u00c1reas de atua\u00e7\u00e3o<\/strong><span style=\"font-weight: 400\">: Sa\u00fade \u2013 Fisioterapia\u00a0<\/span><\/li>\n<li style=\"font-weight: 400\"><strong>Escolaridade<\/strong><span style=\"font-weight: 400\">: N\u00e3o definido<\/span><\/li>\n<li style=\"font-weight: 400\"><strong>Faixa de sal\u00e1rio<\/strong><span style=\"font-weight: 400\">: N\u00e3o definido<\/span><\/li>\n<li style=\"font-weight: 400\"><strong>Banca: <\/strong><a href=\"https:\/\/www.institutoconsulplan.org.br\/Index.aspx\" target=\"_blank\" rel=\"noopener noreferrer\">Instituto Consulplan<\/a><\/li>\n<li style=\"font-weight: 400\"><strong>Abrang\u00eancia<\/strong><span style=\"font-weight: 400\">: PA, RR, AP, AM e TO<\/span><\/li>\n<\/ul><p>\u00a0<\/p>\n<p><span style=\"font-weight: 400\">Para saber todos os detalhes, continue nesta p\u00e1gina at\u00e9 o final!<\/span><\/p>\n<p>\u00a0<\/p>\n<ul><li style=\"font-weight: 400\"><a class=\"_ps2id\" href=\"#situa%C3%A7%C3%A3o\" data-ps2id-offset=\"\">Situa\u00e7\u00e3o atual<\/a><\/li>\n<li style=\"font-weight: 400\"><a class=\"_ps2id\" href=\"#banca\" data-ps2id-offset=\"\">Sobre a banca<\/a><\/li>\n<li style=\"font-weight: 400\"><a class=\"_ps2id\" href=\"#concurso\" data-ps2id-offset=\"\">\u00daltimo concurso Crefito 12\u00aa regi\u00e3o<\/a>\n<ul><li style=\"font-weight: 400\"><a class=\"_ps2id\" href=\"#cargos\" data-ps2id-offset=\"\">Cargos ofertados<\/a><\/li>\n<li style=\"font-weight: 400\"><a class=\"_ps2id\" href=\"#etapas\" data-ps2id-offset=\"\">Etapas e provas<\/a>\n<ul><li><a class=\"_ps2id\" href=\"#objetiva\" data-ps2id-offset=\"\">Provas objetivas<\/a><\/li>\n<li><a class=\"_ps2id\" href=\"#titulos\" data-ps2id-offset=\"\">Provas de t\u00edtulos<\/a><\/li>\n<\/ul><\/li>\n<\/ul><\/li>\n<\/ul><h2 id=\"ps2id-idsituao-targetsituao-atual\"><b>[ps2id id=\u2019situa\u00e7\u00e3o\u2019 target=\u201d\/]<\/b>Situa\u00e7\u00e3o atual<\/h2>\n<p>No dia <strong>06 de mar\u00e7o de 2023,<\/strong> foi dado um importante passo para a realiza\u00e7\u00e3o do novo concurso <span style=\"font-weight: 400\"><strong>Crefito 12\u00aa regi\u00e3o<\/strong> (<a href=\"https:\/\/www.novaconcursos.com.br\/portal\/concursos-abertos\/nacional\/\">Conselho Regional de Fisioterapia e Terapia Ocupacional da 12\u00aa regi\u00e3o).\u00a0<\/a><\/span><\/p>\n<p><span style=\"font-weight: 400\">Foi divulgado no Di\u00e1rio Oficial da Uni\u00e3o, o nome da banca organizadora.<\/span><\/p>\n<p><span style=\"font-weight: 400\">A escolhida para organizar e aplicar as etapas do concurso, \u00e9 o<a href=\"https:\/\/www.institutoconsulplan.org.br\/Index.aspx\" target=\"_blank\" rel=\"noopener noreferrer\"> Instituto Consulplan<\/a><\/span><span style=\"font-weight: 400\">, designado por\u00a0 dispensa de licita\u00e7\u00e3o.<\/span><\/p>\n<p><a href=\"https:\/\/www.novaconcursos.com.br\/portal\/wp-content\/uploads\/2023\/03\/crefito-12.png\"><img decoding=\"async\" class=\"alignnone wp-image-188086 size-full\" src=\"https:\/\/www.novaconcursos.com.br\/portal\/wp-content\/uploads\/2023\/03\/crefito-12.png\" alt=\"Extrato de dispensa de licita\u00e7\u00e3o - Crefito 12\" width=\"688\" height=\"274\" loading=\"lazy\" title=\"\" srcset=\"https:\/\/www.novaconcursos.com.br\/portal\/wp-content\/uploads\/2023\/03\/crefito-12-300x119.png 300w, https:\/\/www.novaconcursos.com.br\/portal\/wp-content\/uploads\/2023\/03\/crefito-12.png 688w\" sizes=\"auto, (max-width: 480px) 100vw, (max-width: 768px) 100vw, (max-width: 1200px) 70vw, 768px\"><\/a><\/p>\n<p>\u00a0<\/p>\n<p>A banca j\u00e1 reservou um espa\u00e7o em seu site para a <strong>publica\u00e7\u00e3o do edital,\u00a0<\/strong>o que indica que o documento estar\u00e1 dispon\u00edvel em breve.<\/p>\n<p><a href=\"https:\/\/www.novaconcursos.com.br\/portal\/wp-content\/uploads\/2023\/03\/crefito-12-instituto-consulplan.jpg\"><img decoding=\"async\" class=\"alignnone size-full wp-image-188339\" src=\"https:\/\/www.novaconcursos.com.br\/portal\/wp-content\/uploads\/2023\/03\/crefito-12-instituto-consulplan.jpg\" alt=\"\" width=\"475\" height=\"457\" loading=\"lazy\" title=\"\" srcset=\"https:\/\/www.novaconcursos.com.br\/portal\/wp-content\/uploads\/2023\/03\/crefito-12-instituto-consulplan-300x289.jpg 300w, https:\/\/www.novaconcursos.com.br\/portal\/wp-content\/uploads\/2023\/03\/crefito-12-instituto-consulplan.jpg 475w\" sizes=\"auto, (max-width: 480px) 100vw, (max-width: 768px) 100vw, (max-width: 1200px) 70vw, 768px\"><\/a><\/p>\n<p>\u00a0<\/p>\n<p><span style=\"font-weight: 400\">Ainda n\u00e3o h\u00e1 informa\u00e7\u00f5es sobre <\/span><strong>cargos, vagas e sal\u00e1rio.<\/strong><\/p>\n<p>\u00a0<\/p>\n<p><span style=\"font-weight: 400\">Estude para o concurso dos seus sonhos com o <strong>M\u00e9todo<\/strong><\/span><span style=\"font-weight: 400\"><strong>\u00a0<\/strong>que j\u00e1 ajudou na <\/span><strong>aprova\u00e7\u00e3o de mais de 70 mil alunos.<\/strong> <a href=\"https:\/\/aprovacao.novaconcursos.com.br\/assinatura?promo_creative=Clique+aqui&amp;promo_name=noticia&amp;promo_id=%2Fportal%2Fnoticias%2Fconcurso-pm-ac-banca-definida-edital-em-breve-para-oficial&amp;promo_position=corpo-texto\">Clique aqui<\/a> <span style=\"font-weight: 400\">e saiba mais!\u00a0<\/span><\/p>\n<p>\u00a0<\/p>\n<h2 id=\"ps2id-idbanca-targetsobre-a-banca\"><b>[ps2id id=\u2019banca\u2019 target=\u201d\/]<\/b>Sobre a banca<\/h2>\n<p><span style=\"font-weight: 400\">Sendo uma das maiores bancas organizadoras privadas do pa\u00eds, o <strong>Instituto <\/strong><\/span><strong>Consulplan<\/strong><span style=\"font-weight: 400\"> atua em grandes sele\u00e7\u00f5es, como:<\/span><\/p>\n<ul><li style=\"font-weight: 400\"><span style=\"font-weight: 400\">Guarda Municipal de Vila Velha ES <\/span><\/li>\n<li style=\"font-weight: 400\"><span style=\"font-weight: 400\">MP MG\u00a0<\/span><\/li>\n<li style=\"font-weight: 400\"><span style=\"font-weight: 400\">Corpo de Bombeiros Militar de Santa Catarina <\/span><\/li>\n<li style=\"font-weight: 400\"><span style=\"font-weight: 400\">Embrapa\u00a0<\/span><\/li>\n<li style=\"font-weight: 400\">SEAS RO<\/li>\n<li style=\"font-weight: 400\"><span style=\"font-weight: 400\">CRF MG\u00a0<\/span><\/li>\n<\/ul><p>\u00a0<\/p>\n<p><span style=\"font-weight: 400\">Suas provas, normalmente, s\u00e3o de m\u00faltipla escolha, com textos e quest\u00f5es mais <\/span><strong>curtos e diretos.\u00a0<\/strong><\/p>\n<p><span style=\"font-weight: 400\">Os conte\u00fados que est\u00e3o mais presentes nos certames organizados por essa banca s\u00e3o, respectivamente:\u00a0<\/span><\/p>\n<ul><li style=\"font-weight: 400\"><span style=\"font-weight: 400\">L\u00edngua Portuguesa;<\/span><\/li>\n<li style=\"font-weight: 400\"><span style=\"font-weight: 400\">Atualidades e Conhecimentos Gerais;<\/span><\/li>\n<li style=\"font-weight: 400\"><span style=\"font-weight: 400\">Matem\u00e1tica;<\/span><\/li>\n<li style=\"font-weight: 400\"><span style=\"font-weight: 400\">Inform\u00e1tica;<\/span><\/li>\n<li style=\"font-weight: 400\"><span style=\"font-weight: 400\">Racioc\u00ednio L\u00f3gico;<\/span><\/li>\n<li style=\"font-weight: 400\"><span style=\"font-weight: 400\">Direito Administrativo.<\/span><\/li>\n<\/ul><p>\u00a0<\/p>\n<h2 id=\"ps2id-idconcurso-targetltimo-concurso-crefito-12-regio\"><b>[ps2id id=\u2019concurso\u2019 target=\u201d\/]<\/b>\u00daltimo concurso Crefito 12\u00aa regi\u00e3o<\/h2>\n<p><span style=\"font-weight: 400\">Conforme mencionado acima, j\u00e1 se passaram 7 anos do \u00faltimo certame CREFITO 12\u00aa, realizado em <\/span><strong>2016.<\/strong><\/p>\n<p><span style=\"font-weight: 400\">Na \u00e9poca foi ofertado 233 vagas (17 imediatas+216 CR) para diversos cargos e todos os n\u00edveis de escolaridade: fundamental, m\u00e9dio e superior, e contou com sal\u00e1rios iniciais de <\/span><strong>R$ 965,87 a R$<\/strong> <strong>2.855,72.\u00a0<\/strong><\/p>\n<p><span style=\"font-weight: 400\">A banca organizadora foi Inaz do Par\u00e1.\u00a0<\/span><\/p>\n<p>\u00a0<\/p>\n<h3><b>[ps2id id=\u2019cargos\u2019 target=\u201d\/]<\/b>Cargos ofertados<\/h3>\n<p><strong>N\u00edvel fundamental<\/strong><\/p>\n<ul><li style=\"font-weight: 400\"><span style=\"font-weight: 400\">Servi\u00e7os Gerais (1 vaga + CR);<\/span><\/li>\n<li style=\"font-weight: 400\"><span style=\"font-weight: 400\">Telefonista (CR).<\/span><\/li>\n<\/ul><p>\u00a0<\/p>\n<p><strong>N\u00edvel m\u00e9dio<\/strong><\/p>\n<ul><li style=\"font-weight: 400\"><span style=\"font-weight: 400\">Auxiliar de Arquivo (1 vaga+CR);<\/span><\/li>\n<li style=\"font-weight: 400\"><span style=\"font-weight: 400\">Motorista (CR);<\/span><\/li>\n<li style=\"font-weight: 400\"><span style=\"font-weight: 400\">Recepcionista(CR);<\/span><\/li>\n<li style=\"font-weight: 400\"><span style=\"font-weight: 400\">Assistente Administrativo (7 vagas+CR).<\/span><\/li>\n<\/ul><p>\u00a0<\/p>\n<p><strong>N\u00edvel superior<\/strong><\/p>\n<ul><li style=\"font-weight: 400\"><span style=\"font-weight: 400\">Fiscal de Fisioterapia (3 vagas+CR);<\/span><\/li>\n<li style=\"font-weight: 400\"><span style=\"font-weight: 400\">Fiscal de Terapia Ocupacional (1 vaga+CR);<\/span><\/li>\n<li style=\"font-weight: 400\"><span style=\"font-weight: 400\">Advogado (1 vaga+CR);<\/span><\/li>\n<li style=\"font-weight: 400\"><span style=\"font-weight: 400\">Contador (1 vaga+CR);<\/span><\/li>\n<li style=\"font-weight: 400\"><span style=\"font-weight: 400\">Administrador (1 vaga+CR);<\/span><\/li>\n<li style=\"font-weight: 400\"><span style=\"font-weight: 400\">Jornalista (1 vaga).<\/span><\/li>\n<\/ul><p>\u00a0<\/p>\n<h3><b>[ps2id id=\u2019etapas\u2019 target=\u201d\/]<\/b>Etapas e provas<\/h3>\n<p><span style=\"font-weight: 400\">Os candidatos foram avaliados em<strong> duas<\/strong><\/span><strong>\u00a0etapas<\/strong><span style=\"font-weight: 400\"><strong>,<\/strong> sendo:<\/span><\/p>\n<ul><li style=\"font-weight: 400\"><span style=\"font-weight: 400\">1\u00aa Etapa: Prova escrita objetiva de m\u00faltipla escolha, de car\u00e1ter eliminat\u00f3rio e classificat\u00f3rio, para todos os cargos; e<\/span><\/li>\n<li style=\"font-weight: 400\"><span style=\"font-weight: 400\">2\u00aa Etapa: Provas de t\u00edtulos, para todos os cargos de n\u00edvel superior, de car\u00e1ter apenas classificat\u00f3rio.<\/span><\/li>\n<\/ul><p>\u00a0<\/p>\n<h4><b>[ps2id id=\u2019objetiva\u2019 target=\u201d\/]<\/b>Prova objetiva<\/h4>\n<p><strong>N\u00edvel fundamental<\/strong><\/p>\n<ul><li style=\"font-weight: 400\"><span style=\"font-weight: 400\">L\u00edngua Portuguesa \u2013 10;<\/span><\/li>\n<li style=\"font-weight: 400\"><span style=\"font-weight: 400\">Matem\u00e1tica \u2013 10;<\/span><\/li>\n<li style=\"font-weight: 400\"><span style=\"font-weight: 400\">No\u00e7\u00f5es de Inform\u00e1tica \u2013 05;<\/span><\/li>\n<li style=\"font-weight: 400\"><span style=\"font-weight: 400\">Atualidades \u2013 05.<\/span><\/li>\n<\/ul><p>\u00a0<\/p>\n<p><strong>N\u00edvel m\u00e9dio<\/strong><\/p>\n<ul><li style=\"font-weight: 400\"><span style=\"font-weight: 400\">L\u00edngua Portuguesa \u2013 05;<\/span><\/li>\n<li style=\"font-weight: 400\"><span style=\"font-weight: 400\">Matem\u00e1tica \u2013 05;<\/span><\/li>\n<li style=\"font-weight: 400\"><span style=\"font-weight: 400\">No\u00e7\u00f5es de Inform\u00e1tica \u2013 05;<\/span><\/li>\n<li style=\"font-weight: 400\"><span style=\"font-weight: 400\">Atualidades \u2013 05;<\/span><\/li>\n<li style=\"font-weight: 400\"><span style=\"font-weight: 400\">Conhecimentos Espec\u00edficos \u2013 10.<\/span><\/li>\n<\/ul><p>\u00a0<\/p>\n<p><strong>N\u00edvel superior<\/strong><\/p>\n<ul><li style=\"font-weight: 400\"><span style=\"font-weight: 400\">L\u00edngua Portuguesa \u2013 05;<\/span><\/li>\n<li style=\"font-weight: 400\"><span style=\"font-weight: 400\">Matem\u00e1tica \u2013 05;<\/span><\/li>\n<li style=\"font-weight: 400\"><span style=\"font-weight: 400\">No\u00e7\u00f5es de Inform\u00e1tica \u2013 05;<\/span><\/li>\n<li style=\"font-weight: 400\"><span style=\"font-weight: 400\">Atualidades \u2013 05;<\/span><\/li>\n<li style=\"font-weight: 400\"><span style=\"font-weight: 400\">Conhecimentos Espec\u00edficos \u2013 10.<\/span><\/li>\n<\/ul><p>\u00a0<\/p>\n<p><span style=\"font-weight: 400\">Para todos os n\u00edveis de escolaridade, as provas objetivas contaram com a mesma estrutura: <strong>30 quest\u00f5es<\/strong> de m\u00faltipla escolha, equivalente a 100 pontos.<\/span><\/p>\n<p><span style=\"font-weight: 400\">A <strong>pontua\u00e7\u00e3o m\u00ednima<\/strong> exigida foi 60 pontos.\u00a0<\/span><\/p>\n<p>\u00a0<\/p>\n<h4><b>[ps2id id=\u2019titulos\u2019 target=\u201d\/]<\/b>Provas de t\u00edtulos<\/h4>\n<p><span style=\"font-weight: 400\">Os candidatos ao cargo de <\/span><strong>n\u00edvel superior<\/strong><span style=\"font-weight: 400\">, que obtiveram a pontua\u00e7\u00e3o m\u00ednima na prova objetiva, participaram da prova de t\u00edtulos.<\/span><\/p>\n<p><span style=\"font-weight: 400\">A avalia\u00e7\u00e3o de t\u00edtulos valeu at\u00e9 5 pontos, sendo:\u00a0<\/span><\/p>\n<p><a href=\"https:\/\/www.novaconcursos.com.br\/portal\/wp-content\/uploads\/2023\/03\/76.jpg\"><img decoding=\"async\" class=\"alignnone wp-image-188095 size-large\" src=\"https:\/\/www.novaconcursos.com.br\/portal\/wp-content\/uploads\/2023\/03\/76-1024x492.jpg\" alt=\"Atribui\u00e7\u00e3o de pontos para avalia\u00e7\u00e3o de t\u00edtulos - Crefito 12\" width=\"640\" height=\"308\" loading=\"lazy\" title=\"\" srcset=\"https:\/\/www.novaconcursos.com.br\/portal\/wp-content\/uploads\/2023\/03\/76-300x144.jpg 300w, https:\/\/www.novaconcursos.com.br\/portal\/wp-content\/uploads\/2023\/03\/76-1024x492.jpg 1024w, https:\/\/www.novaconcursos.com.br\/portal\/wp-content\/uploads\/2023\/03\/76.jpg 1181w\" sizes=\"auto, (max-width: 480px) 100vw, (max-width: 768px) 100vw, (max-width: 1200px) 70vw, 768px\"><\/a><\/p>\n<p>\u00a0<\/p>\n<ul><li><a href=\"http:\/\/crefito12.org.br\/wp-content\/uploads\/2016\/06\/EDITAL-CREFITO-CONSOLIDADO.pdf\" target=\"_blank\" rel=\"noopener noreferrer\">Confira o edital Crefito 12\u00aa regi\u00e3o\/2016<\/a><\/li>\n<\/ul><p>\u00a0<\/p>","protected":false},"excerpt":{"rendered":"<p>Ap\u00f3s 7 anos da publica\u00e7\u00e3o de seu \u00faltimo edital, ao que tudo indica, em breve teremos um novo certame Crefito 12\u00aa regi\u00e3o e j\u00e1 conta com banca definida.\u00a0<\/p>\n","protected":false},"author":16,"featured_media":188105,"comment_status":"closed","ping_status":"closed","sticky":false,"template":"","format":"standard","meta":{"_acf_changed":false,"footnotes":"","_wp_rev_ctl_limit":""},"categories":[44999],"tags":[],"class_list":["post-40812","post","type-post","status-publish","format-standard","has-post-thumbnail","hentry","category-concursos"],"acf":[],"_links":{"self":[{"href":"https:\/\/www.novaconcursos.com.br\/portal\/wp-json\/wp\/v2\/posts\/40812","targetHints":{"allow":["GET"]}}],"collection":[{"href":"https:\/\/www.novaconcursos.com.br\/portal\/wp-json\/wp\/v2\/posts"}],"about":[{"href":"https:\/\/www.novaconcursos.com.br\/portal\/wp-json\/wp\/v2\/types\/post"}],"author":[{"embeddable":true,"href":"https:\/\/www.novaconcursos.com.br\/portal\/wp-json\/wp\/v2\/users\/16"}],"replies":[{"embeddable":true,"href":"https:\/\/www.novaconcursos.com.br\/portal\/wp-json\/wp\/v2\/comments?post=40812"}],"version-history":[{"count":32,"href":"https:\/\/www.novaconcursos.com.br\/portal\/wp-json\/wp\/v2\/posts\/40812\/revisions"}],"predecessor-version":[{"id":264536,"href":"https:\/\/www.novaconcursos.com.br\/portal\/wp-json\/wp\/v2\/posts\/40812\/revisions\/264536"}],"wp:featuredmedia":[{"embeddable":true,"href":"https:\/\/www.novaconcursos.com.br\/portal\/wp-json\/wp\/v2\/media\/188105"}],"wp:attachment":[{"href":"https:\/\/www.novaconcursos.com.br\/portal\/wp-json\/wp\/v2\/media?parent=40812"}],"wp:term":[{"taxonomy":"category","embeddable":true,"href":"https:\/\/www.novaconcursos.com.br\/portal\/wp-json\/wp\/v2\/categories?post=40812"},{"taxonomy":"post_tag","embeddable":true,"href":"https:\/\/www.novaconcursos.com.br\/portal\/wp-json\/wp\/v2\/tags?post=40812"}],"curies":[{"name":"wp","href":"https:\/\/api.w.org\/{rel}","templated":true}]}}