{"id":40823,"date":"2022-10-14T08:00:28","date_gmt":"2022-10-14T11:00:28","guid":{"rendered":"http:\/\/www.novaconcursos.com.br\/portal\/?post_type=nc-public-tender&#038;p=40823"},"modified":"2024-12-16T09:48:41","modified_gmt":"2024-12-16T12:48:41","slug":"concurso-ufmg","status":"publish","type":"post","link":"https:\/\/www.novaconcursos.com.br\/portal\/concursos\/concurso-ufmg\/","title":{"rendered":"Concurso UFMG: Edital publicado para T\u00e9cnico Administrativo. 31 vagas!"},"content":{"rendered":"<p>Boas not\u00edcias para os concurseiros! Foi publicado o edital do concurso <strong>UFMG<\/strong>!<\/p>\n<p>S\u00e3o ofertadas dezenas de vagas para a carreira de T\u00e9cnico Administrativo em Educa\u00e7\u00e3o, que exige<strong> n\u00edvel m\u00e9dio, t\u00e9cnico ou superior<\/strong> de escolaridade.<\/p>\n<p>Se interessa pela sele\u00e7\u00e3o? Ent\u00e3o, confira todos os detalhes a seguir!<\/p>\n<ul><li><a class=\"_ps2id\" href=\"#vagas-cargos-salarios\" data-ps2id-offset=\"\">Vagas, cargos e sal\u00e1rios<\/a><\/li>\n<li><a class=\"_ps2id\" href=\"#inscricoes\" data-ps2id-offset=\"\">Inscri\u00e7\u00f5es<\/a><\/li>\n<li><a class=\"_ps2id\" href=\"#requisitos-basicos\" data-ps2id-offset=\"\">Requisitos<\/a><\/li>\n<li><a class=\"_ps2id\" href=\"#etapas-provas\" data-ps2id-offset=\"\">Etapas e Provas<\/a><\/li>\n<li>\n<p class=\"dou-paragraph\"><a class=\"_ps2id\" href=\"#atribuicoes\" data-ps2id-offset=\"\">Atribui\u00e7\u00f5es<\/a><\/p>\n<\/li>\n<li><a class=\"_ps2id\" href=\"#sobre-ufmg\" data-ps2id-offset=\"\">Sobre a UFMG<\/a><\/li>\n<\/ul><p>\u00a0<\/p>\n<h2 id=\"ps2id-idvagascargossalarios-targetvagas-cargos-e-salrios\">[ps2id id=\u2019vagas-cargos-salarios\u2019 target=\u201d\/]Vagas, cargos e sal\u00e1rios<\/h2>\n<p>A Universidade Federal de <a href=\"https:\/\/www.novaconcursos.com.br\/portal\/concursos-abertos\/mg\/\">Minas Gerais<\/a> est\u00e1 ofertando 31 vagas para o preenchimento do quadro de T\u00e9cnicos Administrativos em Educa\u00e7\u00e3o (TAE).<\/p>\n<p>Confira os <strong>cargos<\/strong> contemplados, bem como a distribui\u00e7\u00e3o das vagas:<\/p>\n<p><strong>N\u00edvel M\u00e9dio<\/strong><\/p>\n<ul><li>Assistente de Aluno \u2013 1 vaga<\/li>\n<li>Assistente em Administra\u00e7\u00e3o \u2013 14 vagas<\/li>\n<\/ul><p>\u00a0<\/p>\n<p><strong>N\u00edvel T\u00e9cnico<\/strong><\/p>\n<ul><li>T\u00e9cnico\n<ul><li>em Enfermagem \u2013 7 vagas<\/li>\n<li>em Agropecu\u00e1ria \u2013 2 vagas<\/li>\n<li>de Laborat\u00f3rio \u2013 Minera\u00e7\u00e3o \u2013 1 vaga<\/li>\n<\/ul><\/li>\n<\/ul><p>\u00a0<\/p>\n<p><strong>N\u00edvel Superior<\/strong><\/p>\n<ul><li>Administrador \u2013 2 vagas<\/li>\n<li>Enfermeiro \u2013 1 vaga<\/li>\n<li>Engenheiro Eletricista \u2013 1 vaga<\/li>\n<li>Pedagogo \u2013 1 vaga<\/li>\n<li>T\u00e9cnico em Assuntos Educacionais \u2013 1 vaga<\/li>\n<\/ul><p>\u00a0<\/p>\n<p>Ademais, os <strong>sal\u00e1rios <\/strong>dos aprovados variam de R$ 1.945,07 a R$ 4.180,66 para jornadas de trabalho de 40 horas semanais.<\/p>\n<p>Al\u00e9m disso, aos vencimentos s\u00e3o acrescidos os seguintes<strong> benef\u00edcios<\/strong>:<\/p>\n<ul><li>Aux\u00edlio-Alimenta\u00e7\u00e3o: R$ 458<\/li>\n<li>Aux\u00edlio-Sa\u00fade: R$ 321<\/li>\n<\/ul><p>\u00a0<\/p>\n<p>Vale ressaltar que os aprovados ser\u00e3o\u00a0<strong>lotados\u00a0<\/strong>em Belo Horizonte \u2013 MG e Regi\u00e3o, bem como em Montes Claros \u2013 MG.<\/p>\n<p>Por fim, cabe destacar que o concurso ter\u00e1\u00a0<strong>validade\u00a0<\/strong>de dois anos, podendo ser prorrogado por igual per\u00edodo.<\/p>\n<p>Estude para o concurso dos seus sonhos com o\u00a0<strong>M\u00e9todo<\/strong>\u00a0que j\u00e1 ajudou na\u00a0<strong>aprova\u00e7\u00e3o de mais de 70 mil alunos<\/strong>.\u00a0<a class=\"c-link\" tabindex=\"-1\" href=\"https:\/\/www.novaconcursos.com.br\/eventos\/assinatura?promo_creative=Clique+aqui&amp;promo_name=concurso&amp;promo_id=%2Fportal%2Fconcursos%2Fconcurso-uespi-edital-autorizado-160-vagas&amp;promo_position=corpo-texto\" target=\"_blank\" rel=\"noopener noreferrer\" data-stringify-link=\"https:\/\/www.novaconcursos.com.br\/eventos\/assinatura?promo_creative=Clique+aqui&amp;promo_name=concurso&amp;promo_id=%2Fportal%2Fconcursos%2Fconcurso-uespi-edital-autorizado-160-vagas&amp;promo_position=corpo-texto\" data-sk=\"tooltip_parent\" data-remove-tab-index=\"true\">Clique aqui<\/a>e saiba mais!<\/p>\n<h2 id=\"ps2id-idinscricoes-targetconcurso-ufmg-2022-inscrio\">[ps2id id=\u2019inscricoes\u2019 target=\u201d\/]Concurso UFMG 2022: Inscri\u00e7\u00e3o<\/h2>\n<p>As inscri\u00e7\u00f5es do concurso UFMG poder\u00e3o ser efetuadas entre os dias 27 de outubro e 12 de dezembro de 2022 por meio do site da <a href=\"https:\/\/www.ufmg.br\/copeve\/site_novo\/?pagina=6&amp;concurso=175\" target=\"_blank\" rel=\"noopener noreferrer\">Copeve\/UFMG<\/a> (Comiss\u00e3o Permanente do Vestibular da UFMG).<\/p>\n<p>Confira o valor das\u00a0<strong>taxas de inscri\u00e7\u00e3o<\/strong>, que podem ser pagas at\u00e9 o dia 13 de dezembro de 2022:<\/p>\n<ul><li>N\u00edvel\n<ul><li>M\u00e9dio: R$ 80<\/li>\n<li>T\u00e9cnico\/Assistente Administrativo: R$ 110<\/li>\n<li>Superior: R$ 165<\/li>\n<\/ul><\/li>\n<\/ul><p>\u00a0<\/p>\n<p>Ter\u00e3o direito \u00e0\u00a0<strong>isen\u00e7\u00e3o\u00a0<\/strong>da taxa os candidatos que se encaixarem nos requisitos a seguir:<\/p>\n<ul><li>Inscrito no Cad\u00danico (Cadastro \u00danico para Programas Sociais do Governo Federal) e membro de fam\u00edlia cuja renda mensal per capita seja inferior ou igual a meio sal\u00e1rio m\u00ednimo; e\/ou<\/li>\n<li>Doador de medula \u00f3ssea.<\/li>\n<\/ul><p>\u00a0<\/p>\n<p>Cabe destacar que a isen\u00e7\u00e3o poder\u00e1 ser\u00a0<strong>solicitada\u00a0<\/strong>entre os dias 27 e 31 de outubro de 2022.<\/p>\n<h2 id=\"ps2id-idrequisitosbasicos-targetrequisitos-bsicos\">[ps2id id=\u2019requisitos-basicos\u2019 target=\u201d\/]Requisitos b\u00e1sicos<\/h2>\n<p>Confira quais s\u00e3o os\u00a0<strong>requisitos b\u00e1sicos\u00a0<\/strong>para a investidura nos cargos:<\/p>\n<ul><li class=\"dou-paragraph\">Ser brasileiro nato ou naturalizado, nos termos da legisla\u00e7\u00e3o em vigor; ou estar amparado pelo Estatuto de Igualdade entre Brasileiros e Portugueses, com reconhecimento de gozo de direitos pol\u00edticos<\/li>\n<li class=\"dou-paragraph\">Ter idade m\u00ednima de 18 anos completos na data da posse;<\/li>\n<li class=\"dou-paragraph\">Ter aptid\u00e3o f\u00edsica e mental para o exerc\u00edcio das atribui\u00e7\u00f5es do cargo;<\/li>\n<li class=\"dou-paragraph\">N\u00e3o acumular cargos, empregos e fun\u00e7\u00f5es p\u00fablicas, exceto aqueles permitidos pela Constitui\u00e7\u00e3o Federal, ficando asseguradas as hip\u00f3teses de op\u00e7\u00f5es dentro dos prazos para posse previstos nos \u00a7 1\u00ba e 2\u00ba do art. 13, da Lei n.\u00ba 8.112\/1990;<\/li>\n<li class=\"dou-paragraph\">Estar em dia com as obriga\u00e7\u00f5es eleitorais;<\/li>\n<li class=\"dou-paragraph\">Estar quite com as obriga\u00e7\u00f5es militares, no caso dos candidatos do sexo masculino;<\/li>\n<li class=\"dou-paragraph\">N\u00e3o ter sofrido, no exerc\u00edcio de fun\u00e7\u00e3o p\u00fablica, penalidade incompat\u00edvel com a investidura em cargo p\u00fablico, prevista no art. 137, Par\u00e1grafo \u00danico, da Lei n.\u00ba 8.112\/1990.<\/li>\n<\/ul><p>\u00a0<\/p>\n<h2 id=\"ps2id-idetapasprovas-targetetapas-e-provas\">[ps2id id=\u2019etapas-provas\u2019 target=\u201d\/]Etapas e Provas<\/h2>\n<p>O concurso UFMG ser\u00e1 constitu\u00eddo por <strong>etapa \u00fanica<\/strong>, que consistir\u00e1, por sua vez, em prova objetiva de car\u00e1ter eliminat\u00f3rio e classificat\u00f3rio.<\/p>\n<p>A avalia\u00e7\u00e3o ser\u00e1 aplicada no dia\u00a0<strong>22 de janeiro de 2022<\/strong> em Belo Horizonte \u2013 MG e em Montes Claros \u2013 MG, \u00e0 escolha do candidato.<\/p>\n<p>Ademais, o exame contar\u00e1 com\u00a0<strong>35 quest\u00f5es<\/strong>, para todos os cargos, distribu\u00eddas conforme o quadro a seguir:<\/p>\n<p><a href=\"https:\/\/www.novaconcursos.com.br\/portal\/wp-content\/uploads\/2022\/03\/UFMG-Prova.png\"><img decoding=\"async\" class=\"alignnone size-full wp-image-174620\" src=\"https:\/\/www.novaconcursos.com.br\/portal\/wp-content\/uploads\/2022\/03\/UFMG-Prova.png\" alt=\"UFMG: Prova \" width=\"1151\" height=\"246\" loading=\"lazy\" title=\"\" srcset=\"https:\/\/www.novaconcursos.com.br\/portal\/wp-content\/uploads\/2022\/03\/UFMG-Prova-300x64.png 300w, https:\/\/www.novaconcursos.com.br\/portal\/wp-content\/uploads\/2022\/03\/UFMG-Prova-1024x219.png 1024w, https:\/\/www.novaconcursos.com.br\/portal\/wp-content\/uploads\/2022\/03\/UFMG-Prova.png 1151w\" sizes=\"auto, (max-width: 480px) 100vw, (max-width: 768px) 100vw, (max-width: 1200px) 70vw, 768px\"><\/a><\/p>\n<p>\u00a0<\/p>\n<p>Cabe destacar, ainda, que os candidatos ter\u00e3o <strong>duas horas e meia<\/strong> para a conclus\u00e3o das provas.<\/p>\n<p>Vae destacar, ainda, que o edital n\u00e3o divulgou o <strong>conte\u00fado program\u00e1tico<\/strong>, o que deve ser realizado em breve.<\/p>\n<h2 class=\"dou-paragraph\" id=\"ps2id-idatribuicoes-targetatribuies-dos-cargos\">[ps2id id=\u2019atribuicoes\u2019 target=\u201d\/]Atribui\u00e7\u00f5es dos cargos<\/h2>\n<p>Confira, por fim, as\u00a0<strong>atribui\u00e7\u00f5es\u00a0<\/strong>de cada cargo ofertado pela sele\u00e7\u00e3o:<\/p>\n<ul><li>Assistente de Aluno\n<ul><li>Assistir e orientar os alunos no aspecto de disciplina, lazer, seguran\u00e7a, sa\u00fade, pontualidade e higiene;<\/li>\n<li>Assistir o corpo docente nas unidades did\u00e1tico-pedag\u00f3gicas com os materiais necess\u00e1rios e execu\u00e7\u00e3o de suas atividades; e<\/li>\n<li>Auxiliar nas atividades de ensino, pesquisa e extens\u00e3o.<\/li>\n<\/ul><\/li>\n<\/ul><p>\u00a0<\/p>\n<ul><li>Assistente em Administra\u00e7\u00e3o\n<ul><li>Dar suporte administrativo e t\u00e9cnico nas \u00e1reas de recursos humanos, administra\u00e7\u00e3o, finan\u00e7as e log\u00edstica;<\/li>\n<li>Atender usu\u00e1rios, fornecendo e recebendo informa\u00e7\u00f5es;<\/li>\n<li>Tratar de documentos variados, cumprindo todos os seus procedimentos necess\u00e1rios;<\/li>\n<li>Preparar relat\u00f3rios e planilhas;<\/li>\n<li>Executar servi\u00e7os da \u00e1rea de escrit\u00f3rio;<\/li>\n<li>Executar outras tarefas de mesma natureza e n\u00edvel de complexidade associadas ao ambiente organizacional; e<\/li>\n<li>Assessorar nas atividades de administra\u00e7\u00e3o, ensino, pesquisa e extens\u00e3o.<\/li>\n<\/ul><\/li>\n<\/ul><p>\u00a0<\/p>\n<ul><li>T\u00e9cnico em Enfermagem\n<ul><li>Prestar cuidados diretos de enfermagem ao paciente, com supervis\u00e3o do enfermeiro e\/ou m\u00e9dico;<\/li>\n<li>Desempenhar atividades t\u00e9cnicas de enfermagem em cl\u00ednicas, hospitais, ambulat\u00f3rios, postos de sa\u00fade, outros estabelecimentos de assist\u00eancia \u00e0 sa\u00fade, embarca\u00e7\u00f5es e domic\u00edlios;<\/li>\n<li>Atuar em cirurgia, terapia, puericultura, pediatria, psiquiatria, obstetr\u00edcia, sa\u00fade ocupacional e outras;<\/li>\n<li>Organizar ambiente de trabalho;<\/li>\n<li>Trabalhar em conformidade \u00e0s boas pr\u00e1ticas, normas e procedimentos de biosseguran\u00e7a; e<\/li>\n<li>Assessorar nas atividades de ensino, pesquisa e extens\u00e3o.<\/li>\n<\/ul><\/li>\n<\/ul><p>\u00a0<\/p>\n<ul><li>T\u00e9cnico em Agropecu\u00e1ria\n<ul><li>Executar tarefas de car\u00e1ter t\u00e9cnico relativas \u00e0 programa\u00e7\u00e3o, assist\u00eancia t\u00e9cnica e controle dos trabalhos agropecu\u00e1rios;<\/li>\n<li>Auxiliar os especialistas de n\u00edvel superior no desenvolvimento da reprodu\u00e7\u00e3o agropecu\u00e1ria.<\/li>\n<li>Promover organiza\u00e7\u00e3o, extens\u00e3o e capacita\u00e7\u00e3o rural;<\/li>\n<li>Fiscalizar produ\u00e7\u00e3o agropecu\u00e1ria;<\/li>\n<li>Desenvolver tecnologias adaptadas \u00e0 produ\u00e7\u00e3o agropecu\u00e1ria; e<\/li>\n<li>Assessorar nas atividades de ensino, pesquisa e extens\u00e3o.<\/li>\n<\/ul><\/li>\n<\/ul><p>\u00a0<\/p>\n<ul><li>T\u00e9cnico de Laborat\u00f3rio \u2013 Minera\u00e7\u00e3o\n<ul><li>Executar trabalhos t\u00e9cnicos de laborat\u00f3rio relacionados com programa\u00e7\u00e3o, processamento e controle das opera\u00e7\u00f5es minerais;<\/li>\n<li>Realizar ou orientar coleta, an\u00e1lise e registros de materiais e subst\u00e2ncias minerais por meio de m\u00e9todos espec\u00edficos;<\/li>\n<li>Preparar reagentes, pe\u00e7as, circuitos e outros materiais utilizados em experimentos;<\/li>\n<li>Proceder \u00e0 montagem e execu\u00e7\u00e3o de experimentos para utiliza\u00e7\u00e3o em aulas experimentais e ensaios de pesquisa;<\/li>\n<li>Auxiliar na elabora\u00e7\u00e3o de relat\u00f3rios t\u00e9cnicos e na computa\u00e7\u00e3o de dados estat\u00edsticos, reunindo os resultados dos exames e informa\u00e7\u00f5es;<\/li>\n<li>Zelar pela limpeza e conserva\u00e7\u00e3o de vidrarias, bancadas e equipamentos em geral dos laborat\u00f3rios de pesquisa e did\u00e1ticos;<\/li>\n<li>Controlar o estoque de material de consumo dos laborat\u00f3rios; e<\/li>\n<li>Assessorar nas atividades de ensino, pesquisa e extens\u00e3o.<\/li>\n<\/ul><\/li>\n<\/ul><p>\u00a0<\/p>\n<ul><li>Administrador\n<ul><li>Planejar e organizar os servi\u00e7os t\u00e9cnico-administrativos, a utiliza\u00e7\u00e3o de recursos humanos, materiais e financeiros;<\/li>\n<li>Propor servi\u00e7os e normas e colaborar na produtividade, efici\u00eancia e efic\u00e1cia dos servi\u00e7os na unidade; e<\/li>\n<li>Assessorar nas atividades de ensino, pesquisa e extens\u00e3o.<\/li>\n<\/ul><\/li>\n<\/ul><p>\u00a0<\/p>\n<ul><li>Enfermeiro\n<ul><li>Planejar, organizar, executar e avaliar os servi\u00e7os e a assist\u00eancia de enfermagem, empregando processos de rotina e\/ou espec\u00edficos, para promover a prote\u00e7\u00e3o e a recupera\u00e7\u00e3o da sa\u00fade individual e coletiva, bem como tarefas relacionadas \u00e0 observa\u00e7\u00e3o, ao cuidado e \u00e0 educa\u00e7\u00e3o sanit\u00e1ria de toda a clientela assistida, prescri\u00e7\u00e3o de medicamentos estabelecidos, administra\u00e7\u00e3o de medicamentos e tratamento prescritos, e\/ou aplica\u00e7\u00e3o de medidas para preven\u00e7\u00e3o e controle sistem\u00e1tico de doen\u00e7as e infec\u00e7\u00e3o hospitalar; e<\/li>\n<li>Assessorar nas atividades de ensino, pesquisa e extens\u00e3o.<\/li>\n<\/ul><\/li>\n<\/ul><p>\u00a0<\/p>\n<ul><li>Engenheiro Eletricista\n<ul><li>Elaborar e dirigir estudos e projetos de engenharia el\u00e9trica, estudando caracter\u00edsticas e especifica\u00e7\u00f5es e preparando plantas, t\u00e9cnicas de execu\u00e7\u00e3o e recursos necess\u00e1rios, para possibilitar e orientar as fases de constru\u00e7\u00e3o, instala\u00e7\u00e3o, funcionamento, manuten\u00e7\u00e3o e repara\u00e7\u00e3o de instala\u00e7\u00f5es, aparelhos e equipamentos el\u00e9tricos, dentro dos padr\u00f5es t\u00e9cnicos exigidos;<\/li>\n<li>Executar obras na \u00e1rea;<\/li>\n<li>Planejar, or\u00e7ar e contratar empreendimentos da \u00e1rea;<\/li>\n<li>Controlar a qualidade dos suprimentos e servi\u00e7os comprados e executados;<\/li>\n<li>Elaborar normas e documenta\u00e7\u00e3o t\u00e9cnica;\u00a0 e<\/li>\n<li>Assessorar nas atividades de ensino, pesquisa e extens\u00e3o.<\/li>\n<\/ul><\/li>\n<\/ul><p>\u00a0<\/p>\n<ul><li>Pedagogo\n<ul><li>Realizar pesquisas de natureza t\u00e9cnico-pedag\u00f3gica relacionadas com legisla\u00e7\u00e3o, organiza\u00e7\u00e3o e funcionamento de sistemas de ensaio, processos de aprendizagem, administra\u00e7\u00e3o escolar, m\u00e9todos e t\u00e9cnicas empregadas; e<\/li>\n<li>Assessorar nas atividades de ensino, pesquisa e extens\u00e3o.<\/li>\n<\/ul><\/li>\n<\/ul><p>\u00a0<\/p>\n<ul><li>T\u00e9cnico em Assuntos Educacionais\n<ul><li>Coordenar as atividades de ensino, planejamento e orienta\u00e7\u00e3o, supervisionando e avaliando estas atividades para assegurar a regularidade do desenvolvimento do processo educativo; e<\/li>\n<li>Assessorar nas atividades de ensino, pesquisa e extens\u00e3o.<\/li>\n<\/ul><\/li>\n<\/ul><h2 id=\"\"><\/h2>\n<h2 id=\"ps2id-idsobreufmg-targetsobre-a-ufmg\">[ps2id id=\u2019sobre-ufmg\u2019 target=\u201d\/]Sobre a UFMG<\/h2>\n<p>Considerada pelos sistemas de avalia\u00e7\u00e3o do ensino superior no Brasil uma das melhores universidades do Pa\u00eds, a <a href=\"https:\/\/ufmg.br\" target=\"_blank\" rel=\"noopener noreferrer\">Universidade Federal de Minas Gerais<\/a> est\u00e1 bem posicionada nos mais diversos indicadores acad\u00eamicos.<\/p>\n<p>As pesquisas realizadas nas suas diversas <strong>unidades acad\u00eamicas<\/strong> ganham cada vez mais espa\u00e7o em revistas especializadas, no Brasil e no mundo. Em 2020, a Scopus \u2013 considerada a maior base mundial de dados de resumos e cita\u00e7\u00f5es de literatura cient\u00edfica revisada por pares nas \u00e1reas de ci\u00eancia, tecnologia, medicina, ci\u00eancias sociais, artes e humanidades \u2013 registrou mais de 34 mil documentos da UFMG.<\/p>\n<p>O n\u00famero de patentes nacionais e internacionais registradas pela UFMG tamb\u00e9m tem crescido nos \u00faltimos anos \u2013 em 2020, a UFMG alcan\u00e7ou 1.582 dep\u00f3sitos de patentes, o que lhe rende posi\u00e7\u00e3o de <strong>lideran\u00e7a<\/strong> entre as institui\u00e7\u00f5es de ensino superior do Pa\u00eds.<\/p>\n<p>Ademais, a Universidade <strong>oferece<\/strong> cursos de educa\u00e7\u00e3o \u00e0 dist\u00e2ncia, que se estruturam nos n\u00edveis de gradua\u00e7\u00e3o, especializa\u00e7\u00e3o, aperfei\u00e7oamento e atualiza\u00e7\u00e3o. Esses cursos est\u00e3o presentes em 24 cidades-polo, localizadas em todas as regi\u00f5es do Estado.<\/p>","protected":false},"excerpt":{"rendered":"<p>Boas not\u00edcias para os concurseiros! Foi publicado o edital do concurso UFMG!<br \/>\nS\u00e3o ofertadas dezenas de vagas para a carreira de T\u00e9cnico Administrativo em Educa\u00e7\u00e3o, que exige n\u00edvel m\u00e9dio, t\u00e9cnico ou superior de escolaridade.<\/p>\n","protected":false},"author":16,"featured_media":158266,"comment_status":"closed","ping_status":"closed","sticky":false,"template":"","format":"standard","meta":{"_acf_changed":false,"footnotes":"","_wp_rev_ctl_limit":""},"categories":[44999],"tags":[],"class_list":["post-40823","post","type-post","status-publish","format-standard","has-post-thumbnail","hentry","category-concursos"],"acf":[],"_links":{"self":[{"href":"https:\/\/www.novaconcursos.com.br\/portal\/wp-json\/wp\/v2\/posts\/40823","targetHints":{"allow":["GET"]}}],"collection":[{"href":"https:\/\/www.novaconcursos.com.br\/portal\/wp-json\/wp\/v2\/posts"}],"about":[{"href":"https:\/\/www.novaconcursos.com.br\/portal\/wp-json\/wp\/v2\/types\/post"}],"author":[{"embeddable":true,"href":"https:\/\/www.novaconcursos.com.br\/portal\/wp-json\/wp\/v2\/users\/16"}],"replies":[{"embeddable":true,"href":"https:\/\/www.novaconcursos.com.br\/portal\/wp-json\/wp\/v2\/comments?post=40823"}],"version-history":[{"count":21,"href":"https:\/\/www.novaconcursos.com.br\/portal\/wp-json\/wp\/v2\/posts\/40823\/revisions"}],"predecessor-version":[{"id":264673,"href":"https:\/\/www.novaconcursos.com.br\/portal\/wp-json\/wp\/v2\/posts\/40823\/revisions\/264673"}],"wp:featuredmedia":[{"embeddable":true,"href":"https:\/\/www.novaconcursos.com.br\/portal\/wp-json\/wp\/v2\/media\/158266"}],"wp:attachment":[{"href":"https:\/\/www.novaconcursos.com.br\/portal\/wp-json\/wp\/v2\/media?parent=40823"}],"wp:term":[{"taxonomy":"category","embeddable":true,"href":"https:\/\/www.novaconcursos.com.br\/portal\/wp-json\/wp\/v2\/categories?post=40823"},{"taxonomy":"post_tag","embeddable":true,"href":"https:\/\/www.novaconcursos.com.br\/portal\/wp-json\/wp\/v2\/tags?post=40823"}],"curies":[{"name":"wp","href":"https:\/\/api.w.org\/{rel}","templated":true}]}}