{"id":41499,"date":"2016-07-08T16:23:40","date_gmt":"2016-07-08T19:23:40","guid":{"rendered":"http:\/\/www.novaconcursos.com.br\/portal\/?p=41499"},"modified":"2025-04-23T16:49:21","modified_gmt":"2025-04-23T19:49:21","slug":"concursos-que-abrem-e-encerram-a-inscricao-de-11-a-17-de-julho-2016-07","status":"publish","type":"post","link":"https:\/\/www.novaconcursos.com.br\/portal\/noticias\/concursos-que-abrem-e-encerram-a-inscricao-de-11-a-17-de-julho-2016-07\/","title":{"rendered":"Concursos que abrem e encerram a inscri\u00e7\u00e3o de 11 a 17 de julho"},"content":{"rendered":"<p>A pr\u00f3xima semana de julho, entre os dias 11 e 17, oferece aos concurseiros quase 3 mil oportunidades de emprego para todos os n\u00edveis de escolaridade. Essas vagas est\u00e3o divididas entre 16 processos seletivos, que abrem ou encerram os per\u00edodos de inscri\u00e7\u00e3o nas pr\u00f3ximas datas.<\/p>\n\n\n\n<p>Confira a agenda completa da pr\u00f3xima semana:<\/p>\n\n\n\n<p><strong>SEGUNDA-FEIRA (11\/07)<\/strong><\/p>\n\n\n<div class=\"wp-block-image\">\n<figure class=\"alignright\"><a href=\"https:\/\/www.novaconcursos.com.br\/portal\/wp-content\/uploads\/2016\/06\/CRP-SP-loguinho.jpg\"><img decoding=\"async\" width=\"108\" height=\"108\" src=\"https:\/\/www.novaconcursos.com.br\/portal\/wp-content\/uploads\/2016\/06\/CRP-SP-loguinho.jpg\" alt=\"CRP SP loguinho\" class=\"wp-image-39983\" loading=\"lazy\" title=\"\" srcset=\"https:\/\/www.novaconcursos.com.br\/portal\/wp-content\/uploads\/2016\/06\/CRP-SP-loguinho-55x55.jpg 55w, https:\/\/www.novaconcursos.com.br\/portal\/wp-content\/uploads\/2016\/06\/CRP-SP-loguinho-105x105.jpg 105w, https:\/\/www.novaconcursos.com.br\/portal\/wp-content\/uploads\/2016\/06\/CRP-SP-loguinho.jpg 108w\" sizes=\"auto, (max-width: 480px) 100vw, (max-width: 768px) 100vw, (max-width: 1200px) 70vw, 768px\"><\/a><\/figure><\/div>\n\n\n<p><strong>Conselho Regional de Psicologia de S\u00e3o Paulo (CRP 6\u00aa Regi\u00e3o)<\/strong><\/p>\n\n\n\n<p>* Status:\u00a0<span style=\"color: #ff0000;\"><strong>encerramento\u00a0do per\u00edodo de inscri\u00e7\u00e3o<\/strong><\/span><br>* Vagas: 3<br>* Cargos: de n\u00edvel superior<br>* Sal\u00e1rios: de\u00a0R$ 5.225,38<br>* Taxa de participa\u00e7\u00e3o: 60 reais<br>* Data da prova: 24 de julho<br>* Banca organizadora: <em><strong>Instituto Quadrix<\/strong><\/em><br>\u2013 Compre aqui sua <span style=\"color: #0000ff;\"><strong>Apostila CRP-SP<\/strong><\/span><\/p>\n\n\n<div class=\"wp-block-image\">\n<figure class=\"alignright\"><a href=\"https:\/\/www.novaconcursos.com.br\/portal\/wp-content\/uploads\/2015\/09\/avatar-Teresina.png\"><img decoding=\"async\" width=\"108\" height=\"108\" src=\"https:\/\/www.novaconcursos.com.br\/portal\/wp-content\/uploads\/2015\/09\/avatar-Teresina.png\" alt=\"avatar - Teresina\" class=\"wp-image-25575\" loading=\"lazy\" title=\"\" srcset=\"https:\/\/www.novaconcursos.com.br\/portal\/wp-content\/uploads\/2015\/09\/avatar-Teresina-55x55.png 55w, https:\/\/www.novaconcursos.com.br\/portal\/wp-content\/uploads\/2015\/09\/avatar-Teresina-105x105.png 105w, https:\/\/www.novaconcursos.com.br\/portal\/wp-content\/uploads\/2015\/09\/avatar-Teresina.png 108w\" sizes=\"auto, (max-width: 480px) 100vw, (max-width: 768px) 100vw, (max-width: 1200px) 70vw, 768px\"><\/a><\/figure><\/div>\n\n\n<p><strong>Prefeitura de Teresina \u2013 PI<\/strong><\/p>\n\n\n\n<p>* Status:\u00a0<span style=\"color: #ff0000;\"><strong>encerramento\u00a0do per\u00edodo de inscri\u00e7\u00e3o<\/strong><\/span><br>* Vagas:\u00a0118<br>* Cargos: de n\u00edvel\u00a0m\u00e9dio<br>* Sal\u00e1rios: de R$ 930,75 at\u00e9 R$ 17.748,00<br>* Taxa de participa\u00e7\u00e3o: 95 a 130\u00a0reais<br>* Data da prova:\u00a028 de agosto<br>* Banca organizadora: <em><strong>Funda\u00e7\u00e3o Carlos Chagas<\/strong><\/em><br>\u2013 Compre a <span style=\"text-decoration: underline; color: #0000ff;\"><strong>Apostila da Prefeitura de Teresina<\/strong><\/span><\/p>\n\n\n<div class=\"wp-block-image\">\n<figure class=\"alignright\"><a href=\"https:\/\/www.novaconcursos.com.br\/portal\/wp-content\/uploads\/2016\/06\/sao-francisco-do-conde-loguinho.jpg\"><img decoding=\"async\" width=\"108\" height=\"108\" src=\"https:\/\/www.novaconcursos.com.br\/portal\/wp-content\/uploads\/2016\/06\/sao-francisco-do-conde-loguinho.jpg\" alt=\"sao francisco do conde loguinho\" class=\"wp-image-40787\" loading=\"lazy\" title=\"\" srcset=\"https:\/\/www.novaconcursos.com.br\/portal\/wp-content\/uploads\/2016\/06\/sao-francisco-do-conde-loguinho-55x55.jpg 55w, https:\/\/www.novaconcursos.com.br\/portal\/wp-content\/uploads\/2016\/06\/sao-francisco-do-conde-loguinho-105x105.jpg 105w, https:\/\/www.novaconcursos.com.br\/portal\/wp-content\/uploads\/2016\/06\/sao-francisco-do-conde-loguinho.jpg 108w\" sizes=\"auto, (max-width: 480px) 100vw, (max-width: 768px) 100vw, (max-width: 1200px) 70vw, 768px\"><\/a><\/figure><\/div>\n\n\n<p><strong>Prefeitura de S\u00e3o Francisco do Conde \u2013 BA<\/strong><\/p>\n\n\n\n<p>* Status:\u00a0<span style=\"color: #ff0000;\"><strong>encerramento\u00a0do per\u00edodo de inscri\u00e7\u00e3o<\/strong><\/span><br>* Vagas:\u00a0671<br>* Cargos: de n\u00edvel\u00a0m\u00e9dio ou superior<br>* Sal\u00e1rios: de R$ 1.099,45 at\u00e9 R$ 2.907,91<br>* Taxa de participa\u00e7\u00e3o: 50 ou 80\u00a0reais<br>* Data da prova:\u00a021 de agosto<br>* Banca organizadora: <strong>Fapes<br><\/strong>\u2013 Compre a <strong>Apostila Prefeitura de S\u00e3o Francisco do Conde<\/strong><\/p>\n\n\n<div class=\"wp-block-image\">\n<figure class=\"alignright\"><a href=\"https:\/\/www.novaconcursos.com.br\/portal\/wp-content\/uploads\/2016\/06\/funpresp-loguinho.jpg\"><img decoding=\"async\" width=\"108\" height=\"108\" src=\"https:\/\/www.novaconcursos.com.br\/portal\/wp-content\/uploads\/2016\/06\/funpresp-loguinho.jpg\" alt=\"funpresp loguinho\" class=\"wp-image-39537\" loading=\"lazy\" title=\"\" srcset=\"https:\/\/www.novaconcursos.com.br\/portal\/wp-content\/uploads\/2016\/06\/funpresp-loguinho-55x55.jpg 55w, https:\/\/www.novaconcursos.com.br\/portal\/wp-content\/uploads\/2016\/06\/funpresp-loguinho-105x105.jpg 105w, https:\/\/www.novaconcursos.com.br\/portal\/wp-content\/uploads\/2016\/06\/funpresp-loguinho.jpg 108w\" sizes=\"auto, (max-width: 480px) 100vw, (max-width: 768px) 100vw, (max-width: 1200px) 70vw, 768px\"><\/a><\/figure><\/div>\n\n\n<p><strong>Funda\u00e7\u00e3o de Previd\u00eancia Complementar do Servidor P\u00fablico Federal do Poder Judici\u00e1rio (Funpresp-Jud)<\/strong><\/p>\n\n\n\n<p>* Status:\u00a0<span style=\"color: #0000ff;\"><strong>abertura\u00a0do per\u00edodo de inscri\u00e7\u00e3o<\/strong><\/span><br>* Vagas: 11<br>* Cargos: de superior<br>* Sal\u00e1rios: de R$ 4.303,00 at\u00e9 R$ 5.818,00<br>* Taxa de participa\u00e7\u00e3o: 80 ou 110\u00a0reais<br>* Data da prova:\u00a011 de setembro<br>* Banca organizadora: <strong><em>Cespe<\/em><\/strong><em><br><\/em>\u2013 Compre a <span style=\"color: #0000ff;\"><strong><span style=\"text-decoration: underline;\">Apostila FUNPRESP-JUD<\/span><\/strong><\/span><\/p>\n\n\n<div class=\"wp-block-image\">\n<figure class=\"alignright\"><a href=\"https:\/\/www.novaconcursos.com.br\/portal\/wp-content\/uploads\/2016\/01\/catanduva-loguinho.jpg\"><img decoding=\"async\" width=\"108\" height=\"108\" src=\"https:\/\/www.novaconcursos.com.br\/portal\/wp-content\/uploads\/2016\/01\/catanduva-loguinho.jpg\" alt=\"catanduva loguinho\" class=\"wp-image-41278\" loading=\"lazy\" title=\"\" srcset=\"https:\/\/www.novaconcursos.com.br\/portal\/wp-content\/uploads\/2016\/01\/catanduva-loguinho-55x55.jpg 55w, https:\/\/www.novaconcursos.com.br\/portal\/wp-content\/uploads\/2016\/01\/catanduva-loguinho-105x105.jpg 105w, https:\/\/www.novaconcursos.com.br\/portal\/wp-content\/uploads\/2016\/01\/catanduva-loguinho.jpg 108w\" sizes=\"auto, (max-width: 480px) 100vw, (max-width: 768px) 100vw, (max-width: 1200px) 70vw, 768px\"><\/a><\/figure><\/div>\n\n\n<p><strong>Prefeitura de Catanduva \u2013 SP<\/strong><\/p>\n\n\n\n<p>* Status: <span style=\"color: #0000ff;\"><strong>abertura\u00a0do per\u00edodo de inscri\u00e7\u00e3o<\/strong><\/span><br>* Vagas: 169<br>* Cargos: de n\u00edvel\u00a0m\u00e9dio ou superior<br>* Sal\u00e1rios: de R$ 11,76 ou\u00a0R$ 15,26 por hora trabalhada<br>* Taxa de participa\u00e7\u00e3o: 65\u00a0ou 75 reais<br>* Data da prova:\u00a09 de outubro<br>* Banca organizadora: <strong>Funda\u00e7\u00e3o Vunesp<a href=\"http:\/\/concursos2016.fapes.org.br\/fapes\/seletivo\/pseletivo.jsf;jsessionid=B677A6DCDC8692C85A42E0019893DC1A.sisinfor01?idconc=8\" target=\"_blank\" rel=\"noopener noreferrer\"><br><\/a><\/strong>\u2013 Compre a <strong>Apostila Prefeitura de\u00a0Catanduva<\/strong><\/p>\n\n\n<div class=\"wp-block-image\">\n<figure class=\"alignright\"><a href=\"https:\/\/www.novaconcursos.com.br\/portal\/wp-content\/uploads\/2016\/07\/sefaz-ma-loguinho.jpg\"><img decoding=\"async\" width=\"108\" height=\"108\" src=\"https:\/\/www.novaconcursos.com.br\/portal\/wp-content\/uploads\/2016\/07\/sefaz-ma-loguinho.jpg\" alt=\"sefaz ma loguinho\" class=\"wp-image-41398\" loading=\"lazy\" title=\"\" srcset=\"https:\/\/www.novaconcursos.com.br\/portal\/wp-content\/uploads\/2016\/07\/sefaz-ma-loguinho-55x55.jpg 55w, https:\/\/www.novaconcursos.com.br\/portal\/wp-content\/uploads\/2016\/07\/sefaz-ma-loguinho-105x105.jpg 105w, https:\/\/www.novaconcursos.com.br\/portal\/wp-content\/uploads\/2016\/07\/sefaz-ma-loguinho.jpg 108w\" sizes=\"auto, (max-width: 480px) 100vw, (max-width: 768px) 100vw, (max-width: 1200px) 70vw, 768px\"><\/a><\/figure><\/div>\n\n\n<p><strong>Secretaria da Fazenda do Estado do Maranh\u00e3o (SEFAZ-MA)<\/strong><\/p>\n\n\n\n<p>* Status: <span style=\"color: #0000ff;\"><strong>abertura\u00a0do per\u00edodo de inscri\u00e7\u00e3o<\/strong><\/span><br>* Vagas:\u00a050<br>* Cargos:\u00a0Auditor Fiscal<br>* Sal\u00e1rios: de R$ 4.715,00 at\u00e9 R$ 9.600,00<br>* Taxa de participa\u00e7\u00e3o: 65\u00a0ou 75 reais<br>* Data da prova:\u00a011 de setembro<br>* Banca organizadora: <strong>Funda\u00e7\u00e3o\u00a0Carlos Chagas<a href=\"http:\/\/concursos2016.fapes.org.br\/fapes\/seletivo\/pseletivo.jsf;jsessionid=B677A6DCDC8692C85A42E0019893DC1A.sisinfor01?idconc=8\" target=\"_blank\" rel=\"noopener noreferrer\"><br><\/a><\/strong>\u2013 Compre a <strong>Apostila\u00a0SEFAZ-MA<\/strong><\/p>\n\n\n\n<p><strong>TER\u00c7A-FEIRA (12\/07)<\/strong><\/p>\n\n\n<div class=\"wp-block-image\">\n<figure class=\"alignright\"><a href=\"https:\/\/www.novaconcursos.com.br\/portal\/wp-content\/uploads\/2014\/06\/Prefeitura-de-Volta-Redonda.png\"><img decoding=\"async\" width=\"300\" height=\"149\" src=\"https:\/\/www.novaconcursos.com.br\/portal\/wp-content\/uploads\/2014\/06\/Prefeitura-de-Volta-Redonda-300x149.png\" alt=\"Prefeitura de Volta Redonda\" class=\"wp-image-9028\" loading=\"lazy\" title=\"\" srcset=\"https:\/\/www.novaconcursos.com.br\/portal\/wp-content\/uploads\/2014\/06\/Prefeitura-de-Volta-Redonda-300x149.png 300w, https:\/\/www.novaconcursos.com.br\/portal\/wp-content\/uploads\/2014\/06\/Prefeitura-de-Volta-Redonda.png 356w\" sizes=\"auto, (max-width: 480px) 100vw, (max-width: 768px) 100vw, (max-width: 1200px) 70vw, 768px\"><\/a><\/figure><\/div>\n\n\n<p><strong>Prefeitura de Volta Redonda \u2013 RJ<\/strong><\/p>\n\n\n\n<p>* Status: <span style=\"color: #ff0000;\"><strong>encerramento<\/strong><strong>\u00a0do per\u00edodo de inscri\u00e7\u00e3o<\/strong><\/span><br>* Vagas: 38<br>* Cargos: de n\u00edvel\u00a0m\u00e9dio ou superior<br>* Sal\u00e1rios: de R$ 880,00 at\u00e9 R$ 909,69<br>* Taxa de participa\u00e7\u00e3o: 35\u00a0ou 40 reais<br>* Data da prova:\u00a031 de julho<br>* Banca organizadora: <strong><em>Prefeitura de Volta Redonda<\/em><a href=\"http:\/\/concursos2016.fapes.org.br\/fapes\/seletivo\/pseletivo.jsf;jsessionid=B677A6DCDC8692C85A42E0019893DC1A.sisinfor01?idconc=8\" target=\"_blank\" rel=\"noopener noreferrer\"><br><\/a><\/strong>\u2013 Compre a <strong>Apostila\u00a0Prefeitura de Volta Redonda<\/strong><\/p>\n\n\n\n<p><strong>QUARTA-FEIRA (13\/07)<\/strong><\/p>\n\n\n<div class=\"wp-block-image\">\n<figure class=\"alignright\"><a href=\"https:\/\/www.novaconcursos.com.br\/portal\/wp-content\/uploads\/2016\/06\/UFRR.png\"><img decoding=\"async\" width=\"195\" height=\"195\" src=\"https:\/\/www.novaconcursos.com.br\/portal\/wp-content\/uploads\/2016\/06\/UFRR.png\" alt=\"UFRR\" class=\"wp-image-40358\" loading=\"lazy\" title=\"\" srcset=\"https:\/\/www.novaconcursos.com.br\/portal\/wp-content\/uploads\/2016\/06\/UFRR-55x55.png 55w, https:\/\/www.novaconcursos.com.br\/portal\/wp-content\/uploads\/2016\/06\/UFRR-105x105.png 105w, https:\/\/www.novaconcursos.com.br\/portal\/wp-content\/uploads\/2016\/06\/UFRR-150x150.png 150w, https:\/\/www.novaconcursos.com.br\/portal\/wp-content\/uploads\/2016\/06\/UFRR.png 195w\" sizes=\"auto, (max-width: 480px) 100vw, (max-width: 768px) 100vw, (max-width: 1200px) 70vw, 768px\"><\/a><\/figure><\/div>\n\n\n<p><strong>Universidade Federal de Roraima (UFRR)<\/strong><\/p>\n\n\n\n<p>* Status: <span style=\"color: #ff0000;\"><strong>encerramento<\/strong><strong>\u00a0do per\u00edodo de inscri\u00e7\u00e3o<\/strong><\/span><br>* Vagas:\u00a021<br>* Cargos: de n\u00edvel\u00a0m\u00e9dio ou superior<br>* Sal\u00e1rios: at\u00e9 R$ 4.189,54<br>* Taxa de participa\u00e7\u00e3o: 60\u00a0ou 100 reais<br>* Data da prova:\u00a021 de agosto<br>* Banca organizadora: <strong><em>UFRR<\/em><a href=\"http:\/\/concursos2016.fapes.org.br\/fapes\/seletivo\/pseletivo.jsf;jsessionid=B677A6DCDC8692C85A42E0019893DC1A.sisinfor01?idconc=8\" target=\"_blank\" rel=\"noopener noreferrer\"><br><\/a><\/strong>\u2013 Compre a <strong>Apostila\u00a0UFRR<\/strong><\/p>\n\n\n<div class=\"wp-block-image\">\n<figure class=\"alignright\"><a href=\"https:\/\/www.novaconcursos.com.br\/portal\/wp-content\/uploads\/2016\/07\/IFNMG-loguinho.jpg\"><img decoding=\"async\" width=\"108\" height=\"108\" src=\"https:\/\/www.novaconcursos.com.br\/portal\/wp-content\/uploads\/2016\/07\/IFNMG-loguinho.jpg\" alt=\"IFNMG loguinho\" class=\"wp-image-41410\" loading=\"lazy\" title=\"\" srcset=\"https:\/\/www.novaconcursos.com.br\/portal\/wp-content\/uploads\/2016\/07\/IFNMG-loguinho-55x55.jpg 55w, https:\/\/www.novaconcursos.com.br\/portal\/wp-content\/uploads\/2016\/07\/IFNMG-loguinho-105x105.jpg 105w, https:\/\/www.novaconcursos.com.br\/portal\/wp-content\/uploads\/2016\/07\/IFNMG-loguinho.jpg 108w\" sizes=\"auto, (max-width: 480px) 100vw, (max-width: 768px) 100vw, (max-width: 1200px) 70vw, 768px\"><\/a><\/figure><\/div>\n\n\n<p><strong>Instituto Federal de Educa\u00e7\u00e3o Ci\u00eancia e Tecnologia do Norte de Minas Gerais (IFNMG)<\/strong><\/p>\n\n\n\n<p>* Status: <strong><span style=\"color: #0000ff;\">abertura\u00a0do per\u00edodo de inscri\u00e7\u00e3o<\/span><\/strong><br>* Vagas:\u00a060<br>* Cargos: de n\u00edvel\u00a0m\u00e9dio ou superior<br>* Sal\u00e1rios:\u00a0de\u00a0R$ 2.175,17 at\u00e9 R$ 3.666,54<br>* Taxa de participa\u00e7\u00e3o: 60\u00a0ou 80\u00a0reais<br>* Data da prova:\u00a018 de setembro<br>* Banca organizadora: <strong><em>Gest\u00e3o de Concurso<\/em><a href=\"http:\/\/concursos2016.fapes.org.br\/fapes\/seletivo\/pseletivo.jsf;jsessionid=B677A6DCDC8692C85A42E0019893DC1A.sisinfor01?idconc=8\" target=\"_blank\" rel=\"noopener noreferrer\"><br><\/a><\/strong>\u2013 Compre a <strong>Apostila\u00a0UFRR<\/strong><\/p>\n\n\n\n<p><strong>QUINTA-FEIRA (14\/07)<\/strong><\/p>\n\n\n<div class=\"wp-block-image\">\n<figure class=\"alignright\"><a href=\"https:\/\/www.novaconcursos.com.br\/portal\/wp-content\/uploads\/2015\/09\/Caldas-Novas-avatar.png\"><img decoding=\"async\" width=\"108\" height=\"108\" src=\"https:\/\/www.novaconcursos.com.br\/portal\/wp-content\/uploads\/2015\/09\/Caldas-Novas-avatar.png\" alt=\"Caldas Novas - avatar\" class=\"wp-image-25598\" loading=\"lazy\" title=\"\" srcset=\"https:\/\/www.novaconcursos.com.br\/portal\/wp-content\/uploads\/2015\/09\/Caldas-Novas-avatar-55x55.png 55w, https:\/\/www.novaconcursos.com.br\/portal\/wp-content\/uploads\/2015\/09\/Caldas-Novas-avatar-105x105.png 105w, https:\/\/www.novaconcursos.com.br\/portal\/wp-content\/uploads\/2015\/09\/Caldas-Novas-avatar.png 108w\" sizes=\"auto, (max-width: 480px) 100vw, (max-width: 768px) 100vw, (max-width: 1200px) 70vw, 768px\"><\/a><\/figure><\/div>\n\n\n<p><strong>Prefeitura de Caldas Novas \u2013 GO<\/strong><\/p>\n\n\n\n<p>* Status: <span style=\"color: #ff0000;\"><strong>encerramento<\/strong><strong>\u00a0do per\u00edodo de inscri\u00e7\u00e3o<\/strong><\/span><br>* Vagas: 590<br>* Cargos: de\u00a0todos os n\u00edveis de escolaridade<br>* Sal\u00e1rios:\u00a0de\u00a0R$ 998,43 at\u00e9 R$ 10.000,00<br>* Taxa de participa\u00e7\u00e3o: 50\u00a0ou 200 reais<br>* Data da prova:\u00a028 de agosto<br>* Banca organizadora: <strong><em>UFG<\/em><a href=\"http:\/\/concursos2016.fapes.org.br\/fapes\/seletivo\/pseletivo.jsf;jsessionid=B677A6DCDC8692C85A42E0019893DC1A.sisinfor01?idconc=8\" target=\"_blank\" rel=\"noopener noreferrer\"><br><\/a><\/strong>\u2013 Compre a <strong>Apostila\u00a0Prefeitura de Caldas Novas<\/strong><\/p>\n\n\n<div class=\"wp-block-image\">\n<figure class=\"alignright\"><a href=\"https:\/\/www.novaconcursos.com.br\/portal\/wp-content\/uploads\/2016\/06\/IFPR-loguinho.jpg\"><img decoding=\"async\" width=\"108\" height=\"108\" src=\"https:\/\/www.novaconcursos.com.br\/portal\/wp-content\/uploads\/2016\/06\/IFPR-loguinho.jpg\" alt=\"IFPR loguinho\" class=\"wp-image-39992\" loading=\"lazy\" title=\"\" srcset=\"https:\/\/www.novaconcursos.com.br\/portal\/wp-content\/uploads\/2016\/06\/IFPR-loguinho-55x55.jpg 55w, https:\/\/www.novaconcursos.com.br\/portal\/wp-content\/uploads\/2016\/06\/IFPR-loguinho-105x105.jpg 105w, https:\/\/www.novaconcursos.com.br\/portal\/wp-content\/uploads\/2016\/06\/IFPR-loguinho.jpg 108w\" sizes=\"auto, (max-width: 480px) 100vw, (max-width: 768px) 100vw, (max-width: 1200px) 70vw, 768px\"><\/a><\/figure><\/div>\n\n\n<p><strong> Instituto Federal do Paran\u00e1 (IFPR)<\/strong><\/p>\n\n\n\n<p>* Status: <span style=\"color: #ff0000;\"><strong>encerramento<\/strong><strong>\u00a0do per\u00edodo de inscri\u00e7\u00e3o<\/strong><\/span><br>* Vagas: 130<br>* Cargos: de\u00a0todos os n\u00edveis de escolaridade<br>* Sal\u00e1rios:\u00a0de R$ 1.739,04 at\u00e9 R$ 4.014,00<br>* Taxa de participa\u00e7\u00e3o: 55 ou 120 reais<br>* Data da prova:\u00a0entre 17\/10 e 13\/11<br>* Banca organizadora: <strong><em>Cetro Concursos<\/em><a href=\"http:\/\/concursos2016.fapes.org.br\/fapes\/seletivo\/pseletivo.jsf;jsessionid=B677A6DCDC8692C85A42E0019893DC1A.sisinfor01?idconc=8\" target=\"_blank\" rel=\"noopener noreferrer\"><br><\/a><\/strong>\u2013 Compre a <strong><span style=\"text-decoration: underline;\"><span style=\"color: #0000ff;\">Apostila\u00a0IFPR<\/span><\/span><\/strong><\/p>\n\n\n<div class=\"wp-block-image\">\n<figure class=\"alignright\"><a href=\"https:\/\/www.novaconcursos.com.br\/portal\/wp-content\/uploads\/2016\/07\/SESC-PA-avatar.png\"><img decoding=\"async\" width=\"108\" height=\"108\" src=\"https:\/\/www.novaconcursos.com.br\/portal\/wp-content\/uploads\/2016\/07\/SESC-PA-avatar.png\" alt=\"SESC-PA - avatar\" class=\"wp-image-41423\" loading=\"lazy\" title=\"\" srcset=\"https:\/\/www.novaconcursos.com.br\/portal\/wp-content\/uploads\/2016\/07\/SESC-PA-avatar-55x55.png 55w, https:\/\/www.novaconcursos.com.br\/portal\/wp-content\/uploads\/2016\/07\/SESC-PA-avatar-105x105.png 105w, https:\/\/www.novaconcursos.com.br\/portal\/wp-content\/uploads\/2016\/07\/SESC-PA-avatar.png 108w\" sizes=\"auto, (max-width: 480px) 100vw, (max-width: 768px) 100vw, (max-width: 1200px) 70vw, 768px\"><\/a><\/figure><\/div>\n\n\n<p><strong>Servi\u00e7o Social do Com\u00e9rcio do Par\u00e1 (SESC-PA)<\/strong><\/p>\n\n\n\n<p>* Status: <span style=\"color: #0000ff;\"><strong>abertura\u00a0<\/strong><strong>do per\u00edodo de inscri\u00e7\u00e3o<\/strong><\/span><br>* Vagas: 880<br>* Cargos: de\u00a0todos os n\u00edveis de escolaridade<br>* Sal\u00e1rios:\u00a0de R$ 945,00 at\u00e9 R$ 4.950,00<br>* Taxa de participa\u00e7\u00e3o: 50\u00a0ou 68\u00a0reais<br>* Data da prova: 18 de setembro<\/p>\n\n\n\n<p><strong>SEXTA-FEIRA (15\/07)<\/strong><\/p>\n\n\n<div class=\"wp-block-image\">\n<figure class=\"alignright\"><a href=\"https:\/\/www.novaconcursos.com.br\/portal\/wp-content\/uploads\/2016\/06\/prefeitura-de-vi%C3%A7osa-loguinho.jpg\"><img decoding=\"async\" width=\"108\" height=\"108\" src=\"https:\/\/www.novaconcursos.com.br\/portal\/wp-content\/uploads\/2016\/06\/prefeitura-de-vi%C3%A7osa-loguinho.jpg\" alt=\"prefeitura de vi\u00e7osa loguinho\" class=\"wp-image-39605\" loading=\"lazy\" title=\"\" srcset=\"https:\/\/www.novaconcursos.com.br\/portal\/wp-content\/uploads\/2016\/06\/prefeitura-de-vi\u00e7osa-loguinho-55x55.jpg 55w, https:\/\/www.novaconcursos.com.br\/portal\/wp-content\/uploads\/2016\/06\/prefeitura-de-vi\u00e7osa-loguinho-105x105.jpg 105w, https:\/\/www.novaconcursos.com.br\/portal\/wp-content\/uploads\/2016\/06\/prefeitura-de-vi\u00e7osa-loguinho.jpg 108w\" sizes=\"auto, (max-width: 480px) 100vw, (max-width: 768px) 100vw, (max-width: 1200px) 70vw, 768px\"><\/a><\/figure><\/div>\n\n\n<p><strong>Prefeitura de Vi\u00e7osa \u2013\u00a0MG<\/strong><\/p>\n\n\n\n<p>* Status: <span style=\"color: #ff0000;\"><strong>encerramento<\/strong><strong>\u00a0do per\u00edodo de inscri\u00e7\u00e3o<\/strong><\/span><br>* Vagas: 80<br>* Cargos: de\u00a0todos os n\u00edveis de escolaridade<br>* Sal\u00e1rios:\u00a0de R$ 809,17 at\u00e9 R$ 4.241,21<br>* Taxa de participa\u00e7\u00e3o: 59 ou 128\u00a0reais<br>* Data da prova:\u00a014 de agosto<br>* Banca organizadora: <strong><em>Sistema\u00a0Concursos<\/em><a href=\"http:\/\/concursos2016.fapes.org.br\/fapes\/seletivo\/pseletivo.jsf;jsessionid=B677A6DCDC8692C85A42E0019893DC1A.sisinfor01?idconc=8\" target=\"_blank\" rel=\"noopener noreferrer\"><br><\/a><\/strong>\u2013 Compre a <strong>Apostila\u00a0Prefeitura de Vi\u00e7osa<\/strong><\/p>\n\n\n<div class=\"wp-block-image\">\n<figure class=\"alignright\"><a href=\"https:\/\/www.novaconcursos.com.br\/portal\/wp-content\/uploads\/2016\/06\/prefeitura-de-rio-claro-loguinho.jpg\"><img decoding=\"async\" width=\"108\" height=\"108\" src=\"https:\/\/www.novaconcursos.com.br\/portal\/wp-content\/uploads\/2016\/06\/prefeitura-de-rio-claro-loguinho.jpg\" alt=\"prefeitura de rio claro loguinho\" class=\"wp-image-39846\" loading=\"lazy\" title=\"\" srcset=\"https:\/\/www.novaconcursos.com.br\/portal\/wp-content\/uploads\/2016\/06\/prefeitura-de-rio-claro-loguinho-55x55.jpg 55w, https:\/\/www.novaconcursos.com.br\/portal\/wp-content\/uploads\/2016\/06\/prefeitura-de-rio-claro-loguinho-105x105.jpg 105w, https:\/\/www.novaconcursos.com.br\/portal\/wp-content\/uploads\/2016\/06\/prefeitura-de-rio-claro-loguinho.jpg 108w\" sizes=\"auto, (max-width: 480px) 100vw, (max-width: 768px) 100vw, (max-width: 1200px) 70vw, 768px\"><\/a><\/figure><\/div>\n\n\n<p><strong>Prefeitura de Rio Claro \u2013 SP<\/strong><\/p>\n\n\n\n<p>* Status: <span style=\"color: #ff0000;\"><strong>encerramento<\/strong><strong>\u00a0do per\u00edodo de inscri\u00e7\u00e3o<\/strong><\/span><br>* Vagas:\u00a043<br>* Cargos:\u00a0de n\u00edvel superior<br>* Sal\u00e1rios:\u00a0de R$ 3.940,46<br>* Taxa de participa\u00e7\u00e3o: 71 ou 80\u00a0reais<br>* Data da prova: 28\u00a0de agosto<br>* Banca organizadora: <strong><em>Vunesp<\/em><a href=\"http:\/\/concursos2016.fapes.org.br\/fapes\/seletivo\/pseletivo.jsf;jsessionid=B677A6DCDC8692C85A42E0019893DC1A.sisinfor01?idconc=8\" target=\"_blank\" rel=\"noopener noreferrer\"><br><\/a><\/strong>\u2013 Compre a <strong>Apostila\u00a0Prefeitura de\u00a0Rio Claro<\/strong><\/p>\n\n\n<div class=\"wp-block-image\">\n<figure class=\"alignright\"><a href=\"https:\/\/www.novaconcursos.com.br\/portal\/wp-content\/uploads\/2016\/06\/itumbiara-loguinho.jpg\"><img decoding=\"async\" width=\"108\" height=\"108\" src=\"https:\/\/www.novaconcursos.com.br\/portal\/wp-content\/uploads\/2016\/06\/itumbiara-loguinho.jpg\" alt=\"itumbiara loguinho\" class=\"wp-image-40459\" loading=\"lazy\" title=\"\" srcset=\"https:\/\/www.novaconcursos.com.br\/portal\/wp-content\/uploads\/2016\/06\/itumbiara-loguinho-55x55.jpg 55w, https:\/\/www.novaconcursos.com.br\/portal\/wp-content\/uploads\/2016\/06\/itumbiara-loguinho-105x105.jpg 105w, https:\/\/www.novaconcursos.com.br\/portal\/wp-content\/uploads\/2016\/06\/itumbiara-loguinho.jpg 108w\" sizes=\"auto, (max-width: 480px) 100vw, (max-width: 768px) 100vw, (max-width: 1200px) 70vw, 768px\"><\/a><\/figure><\/div>\n\n\n<p><strong>C\u00e2mara Municipal de Itumbiara \u2013\u00a0GO<\/strong><\/p>\n\n\n\n<p>* Status: <span style=\"color: #0000ff;\"><strong>abertura\u00a0<\/strong><strong>do per\u00edodo de inscri\u00e7\u00e3o<\/strong><\/span><br>* Vagas:\u00a041<br>* Cargos: de\u00a0todos os n\u00edveis de escolaridade<br>* Sal\u00e1rios:\u00a0de R$ 880,00 at\u00e9 R$ 4.500,00<br>* Taxa de participa\u00e7\u00e3o: 59\u00a0ou\u00a0110\u00a0reais<br>* Data da prova:\u00a04 de setembro<br>* Banca organizadora: <strong><em>N\u00facleo de Sele\u00e7\u00e3o<\/em><a href=\"http:\/\/concursos2016.fapes.org.br\/fapes\/seletivo\/pseletivo.jsf;jsessionid=B677A6DCDC8692C85A42E0019893DC1A.sisinfor01?idconc=8\" target=\"_blank\" rel=\"noopener noreferrer\"><br><\/a><\/strong>\u2013 Compre a <strong>Apostila\u00a0C\u00e2mara de Itumbiara<\/strong><\/p>\n\n\n\n<p><strong>DOMINGO\u00a0(17\/07)<\/strong><\/p>\n\n\n<div class=\"wp-block-image\">\n<figure class=\"alignright\"><a href=\"https:\/\/www.novaconcursos.com.br\/portal\/wp-content\/uploads\/2016\/06\/universidade-federal-do-ceara-UFC-loguinho.jpg\"><img decoding=\"async\" width=\"108\" height=\"108\" src=\"https:\/\/www.novaconcursos.com.br\/portal\/wp-content\/uploads\/2016\/06\/universidade-federal-do-ceara-UFC-loguinho.jpg\" alt=\"universidade federal do ceara UFC loguinho\" class=\"wp-image-40244\" loading=\"lazy\" title=\"\" srcset=\"https:\/\/www.novaconcursos.com.br\/portal\/wp-content\/uploads\/2016\/06\/universidade-federal-do-ceara-UFC-loguinho-55x55.jpg 55w, https:\/\/www.novaconcursos.com.br\/portal\/wp-content\/uploads\/2016\/06\/universidade-federal-do-ceara-UFC-loguinho-105x105.jpg 105w, https:\/\/www.novaconcursos.com.br\/portal\/wp-content\/uploads\/2016\/06\/universidade-federal-do-ceara-UFC-loguinho.jpg 108w\" sizes=\"auto, (max-width: 480px) 100vw, (max-width: 768px) 100vw, (max-width: 1200px) 70vw, 768px\"><\/a><\/figure><\/div>\n\n\n<p><strong>Universidade Federal do Cear\u00e1 (UFC)<\/strong><\/p>\n\n\n\n<p>* Status: <span style=\"color: #ff0000;\"><strong>encerramento<\/strong><strong>\u00a0do per\u00edodo de inscri\u00e7\u00e3o<\/strong><\/span><br>* Vagas:\u00a034<br>* Cargos: de\u00a0todos os n\u00edveis de escolaridade<br>* Sal\u00e1rios:\u00a0de R$ 2.197,04 at\u00e9 R$ 4.124,54<br>* Taxa de participa\u00e7\u00e3o: 50 a 120\u00a0reais<br>* Data da prova: 14 e 28\u00a0de agosto<br>* Banca organizadora: <strong><em>CCV-UFC<\/em><a href=\"http:\/\/concursos2016.fapes.org.br\/fapes\/seletivo\/pseletivo.jsf;jsessionid=B677A6DCDC8692C85A42E0019893DC1A.sisinfor01?idconc=8\" target=\"_blank\" rel=\"noopener noreferrer\"><br><\/a><\/strong>\u2013 Compre a <strong>Apostila\u00a0UFC<\/strong><\/p>\n\n\n\n<p><\/p>","protected":false},"excerpt":{"rendered":"<p>A pr\u00f3xima semana de julho, entre os dias 11 e 17, oferece aos concurseiros quase 3 mil oportunidades de emprego para todos os n\u00edveis de escolaridade. Essas vagas est\u00e3o divididas entre 16 processos seletivos, que abrem ou encerram os per\u00edodos de inscri\u00e7\u00e3o nas pr\u00f3ximas datas. Confira a agenda completa da pr\u00f3xima semana: SEGUNDA-FEIRA (11\/07) Conselho [&hellip;]<\/p>\n","protected":false},"author":16,"featured_media":28783,"comment_status":"closed","ping_status":"closed","sticky":false,"template":"","format":"standard","meta":{"_acf_changed":false,"footnotes":"","_wp_rev_ctl_limit":""},"categories":[228],"tags":[3726,16495,16496],"class_list":["post-41499","post","type-post","status-publish","format-standard","has-post-thumbnail","hentry","category-noticias","tag-concursos-abertos","tag-concursos-que-abrem-inscricao","tag-concursos-que-encerram-inscricao"],"acf":[],"_links":{"self":[{"href":"https:\/\/www.novaconcursos.com.br\/portal\/wp-json\/wp\/v2\/posts\/41499","targetHints":{"allow":["GET"]}}],"collection":[{"href":"https:\/\/www.novaconcursos.com.br\/portal\/wp-json\/wp\/v2\/posts"}],"about":[{"href":"https:\/\/www.novaconcursos.com.br\/portal\/wp-json\/wp\/v2\/types\/post"}],"author":[{"embeddable":true,"href":"https:\/\/www.novaconcursos.com.br\/portal\/wp-json\/wp\/v2\/users\/16"}],"replies":[{"embeddable":true,"href":"https:\/\/www.novaconcursos.com.br\/portal\/wp-json\/wp\/v2\/comments?post=41499"}],"version-history":[{"count":9,"href":"https:\/\/www.novaconcursos.com.br\/portal\/wp-json\/wp\/v2\/posts\/41499\/revisions"}],"predecessor-version":[{"id":280400,"href":"https:\/\/www.novaconcursos.com.br\/portal\/wp-json\/wp\/v2\/posts\/41499\/revisions\/280400"}],"wp:featuredmedia":[{"embeddable":true,"href":"https:\/\/www.novaconcursos.com.br\/portal\/wp-json\/wp\/v2\/media\/28783"}],"wp:attachment":[{"href":"https:\/\/www.novaconcursos.com.br\/portal\/wp-json\/wp\/v2\/media?parent=41499"}],"wp:term":[{"taxonomy":"category","embeddable":true,"href":"https:\/\/www.novaconcursos.com.br\/portal\/wp-json\/wp\/v2\/categories?post=41499"},{"taxonomy":"post_tag","embeddable":true,"href":"https:\/\/www.novaconcursos.com.br\/portal\/wp-json\/wp\/v2\/tags?post=41499"}],"curies":[{"name":"wp","href":"https:\/\/api.w.org\/{rel}","templated":true}]}}