{"id":41520,"date":"2023-01-23T08:00:56","date_gmt":"2023-01-23T11:00:56","guid":{"rendered":"http:\/\/www.novaconcursos.com.br\/portal\/?post_type=nc-public-tender&#038;p=41520"},"modified":"2024-12-16T09:45:34","modified_gmt":"2024-12-16T12:45:34","slug":"concurso-ufsc","status":"publish","type":"post","link":"https:\/\/www.novaconcursos.com.br\/portal\/concursos\/concurso-ufsc\/","title":{"rendered":"Concurso UFSC: Edital publicado para n\u00edveis m\u00e9dio e superior. 83 vagas!"},"content":{"rendered":"<p>O edital do concurso\u00a0<strong>UFSC\u00a0<\/strong>(Universidade Federal de Santa Catarina) foi publicado!<\/p>\n<p>S\u00e3o dezenas de vagas para a carreira de <strong>T\u00e9cnico Administrativo em Educa\u00e7\u00e3o (TAE)<\/strong>.<\/p>\n<p>Para saber todos os detalhes acerca do certame, continue nesta p\u00e1gina e navegue pelo \u00edndice abaixo!<\/p>\n<ul><li><a class=\"_ps2id\" href=\"#inscri%C3%A7%C3%B5es-concurso\" data-ps2id-offset=\"\">Inscri\u00e7\u00f5es<\/a><\/li>\n<li><a class=\"_ps2id\" href=\"#vagas-cargos\" data-ps2id-offset=\"\">Vagas, cargos e sal\u00e1rios e requisitos<\/a><\/li>\n<li><a class=\"_ps2id\" href=\"#provas-concurso\" data-ps2id-offset=\"\">Etapas e provas<\/a><\/li>\n<li><a class=\"_ps2id\" href=\"#ultimo\" data-ps2id-offset=\"\">\u00daltimo concurso<\/a><\/li>\n<li><a class=\"_ps2id\" href=\"#sobre-ufsc\" data-ps2id-offset=\"\">Sobre a UFSC<\/a><\/li>\n<\/ul><p>\u00a0<\/p>\n<h2 id=\"ps2id-idinscriesconcurso-targetcomo-fazer-a-inscrio-no-concu\">[ps2id id=\u2019inscri\u00e7\u00f5es-concurso\u2019 target=\u201d\/]Como fazer a inscri\u00e7\u00e3o no concurso UFSC 2023?<\/h2>\n<p>As inscri\u00e7\u00f5es dever\u00e3o ser feitas por meio do site da pr\u00f3pria <a href=\"https:\/\/002ddp2023.concursos.ufsc.br\" target=\"_blank\" rel=\"noopener noreferrer\">UFSC<\/a> entre as 10h do dia 1\u00ba de fevereiro e as 23h59 do dia 02 de mar\u00e7o de 2023.<\/p>\n<p>Confira o valor das\u00a0<strong>taxas de inscri\u00e7\u00e3o<\/strong>:<\/p>\n<ul><li>N\u00edveis M\u00e9dio e T\u00e9cnico: R$ 122,43<\/li>\n<li>N\u00edvel Superior: R$ 195,55<\/li>\n<\/ul><p>\u00a0<\/p>\n<p>Poder\u00e1 ser solicitada\u00a0<strong>isen\u00e7\u00e3o\u00a0<\/strong>do valor at\u00e9 o dia 20 de fevereiro de 2023.<\/p>\n<p>Ter\u00e3o direito ao\u00a0<strong>benef\u00edcio\u00a0<\/strong>os candidatos que forem membros de fam\u00edlia de baixa renda e inscritos no Cad\u00danico (Cadastro \u00danico para Programas Sociais do Governo Federal), assim como os doadores de medula \u00f3ssea.<\/p>\n<p>Estude para o concurso dos seus sonhos com o\u00a0<strong>M\u00e9todo<\/strong>\u00a0que j\u00e1 ajudou na\u00a0<strong>aprova\u00e7\u00e3o de mais de 70 mil alunos<\/strong>.\u00a0<a class=\"c-link\" tabindex=\"-1\" href=\"https:\/\/www.novaconcursos.com.br\/eventos\/assinatura?promo_creative=Clique+aqui&amp;promo_name=concurso&amp;promo_id=%2Fportal%2Fconcursos%2Fconcurso-uespi-edital-autorizado-160-vagas&amp;promo_position=corpo-texto\" target=\"_blank\" rel=\"noopener noreferrer\" data-stringify-link=\"https:\/\/www.novaconcursos.com.br\/eventos\/assinatura?promo_creative=Clique+aqui&amp;promo_name=concurso&amp;promo_id=%2Fportal%2Fconcursos%2Fconcurso-uespi-edital-autorizado-160-vagas&amp;promo_position=corpo-texto\" data-sk=\"tooltip_parent\" data-remove-tab-index=\"true\">Clique aqui<\/a>e saiba mais!<\/p>\n<h2 id=\"ps2id-idvagascargos-targetvagas-cargos-salrios-e-requisitos\">[ps2id id=\u2019vagas-cargos\u2019 target=\u201d\/]Vagas, cargos, sal\u00e1rios e requisitos<\/h2>\n<p>A Universidade Federal de <a href=\"https:\/\/www.novaconcursos.com.br\/portal\/concursos-abertos\/sc\/\">Santa Catarina<\/a> est\u00e1 com edital aberto para preenchimento de 83 vagas da carreira de T\u00e9cnico Administrativo em Educa\u00e7\u00e3o (TAE). A organiza\u00e7\u00e3o do certame est\u00e1 por conta da COPERVE (Comiss\u00e3o Permanente do Vestibular da UFSC).<\/p>\n<p>As oportunidades s\u00e3o para <strong>n\u00edveis m\u00e9dio, t\u00e9cnico e superior<\/strong> de escolaridade.<\/p>\n<p>Confira as especialidades contempladas, bem como os <strong>sal\u00e1rios\u00a0<\/strong>aos quais far\u00e3o jus os aprovados:<\/p>\n<p><strong>N\u00edvel M\u00e9dio\u00a0<\/strong><\/p>\n<ul><li>Assistente em Administra\u00e7\u00e3o<\/li>\n<li><strong>Sal\u00e1rio: R$ 2.904,96<\/strong><\/li>\n<\/ul><p>\u00a0<\/p>\n<p><strong>N\u00edvel T\u00e9cnico\u00a0<\/strong><\/p>\n<ul><li>T\u00e9cnico de Laborat\u00f3rio\n<ul><li>Biologia<\/li>\n<li>F\u00edsica<\/li>\n<\/ul><\/li>\n<li>T\u00e9cnico de Tecnologia da Informa\u00e7\u00e3o<\/li>\n<li><strong>Sal\u00e1rio: R$ 2.904,96<\/strong><\/li>\n<\/ul><p>\u00a0<\/p>\n<p><strong>N\u00edvel Superior<\/strong><\/p>\n<ul><li>Administrador<\/li>\n<li>Antrop\u00f3logo<\/li>\n<li>Economista<\/li>\n<li>Engenheiro\n<ul><li>Civil<\/li>\n<li>Eletricista<\/li>\n<li>Mec\u00e2nico<\/li>\n<\/ul><\/li>\n<li>Farmac\u00eautico Bioqu\u00edmico<\/li>\n<li>Farmac\u00eautico<\/li>\n<li>Pedagogo\n<ul><li>Educa\u00e7\u00e3o Especial<\/li>\n<li>Educa\u00e7\u00e3o Infantil<\/li>\n<li>Educacional<\/li>\n<li>Orienta\u00e7\u00e3o Educacional<\/li>\n<li>Supervis\u00e3o Educacional<\/li>\n<\/ul><\/li>\n<li>T\u00e9cnico em Assuntos Educacionais<\/li>\n<li>Fisioterapeuta<\/li>\n<li>M\u00e9dico\n<ul><li>Cl\u00ednica M\u00e9dica<\/li>\n<li>Ginecologia e Obstetr\u00edcia<\/li>\n<li>Medicina de Fam\u00edlia e Comunidade<\/li>\n<li>Psiquiatria<\/li>\n<\/ul><\/li>\n<li>Tecn\u00f3logo \u2013 Produ\u00e7\u00e3o T\u00eaxtil<\/li>\n<li>Tecn\u00f3logo \u2013 Mecatr\u00f4nica Industrial<\/li>\n<li><strong>Sal\u00e1rio: R$ 4.638,66<\/strong><\/li>\n<\/ul><p>\u00a0<\/p>\n<p>Cabe destacar que, \u00e0s remunera\u00e7\u00f5es mencionadas acima, j\u00e1 est\u00e1 acrescido o <strong>aux\u00edlio-alimenta\u00e7\u00e3o<\/strong>. Ademais, a jornada de trabalho dos aprovados ir\u00e1 variar entre 20 e 30 horas semanais, a depender do cargo.<\/p>\n<p>Al\u00e9m disso, a\u00a0<strong>lota\u00e7\u00e3o\u00a0<\/strong>ser\u00e1 em todos os c\u00e2mpus da Universidade (a oferta para cada localidade pode variar de acordo com o cargo), sendo eles:<\/p>\n<ul><li>Florian\u00f3polis (campus Reitor Jo\u00e3o David Ferreira Lima)<\/li>\n<li>Ararangu\u00e1<\/li>\n<li>Blumenau<\/li>\n<li>Curitibanos<\/li>\n<li>Joinville<\/li>\n<\/ul><p>\u00a0<\/p>\n<p>Para concorrer a uma das vagas, \u00e9 necess\u00e1rio possuir <strong>gradua\u00e7\u00e3o<\/strong> de acordo com o n\u00edvel e a \u00e1rea almejada, assim como o registro no respectivo conselho de classe, quando houver.<\/p>\n<p>Os concorrentes a\u00a0<strong>Assistente em Administra\u00e7\u00e3o<\/strong>, al\u00e9m de possuir o ensino m\u00e9dio completo, tamb\u00e9m devem ter experi\u00eancia m\u00ednima de 12 meses na \u00e1rea.<\/p>\n<p>Finalmente, cabe destacar que a\u00a0<strong>validade\u00a0<\/strong>do certame ser\u00e1 de dois anos, podendo ser prorrogada por igual per\u00edodo.<\/p>\n<h2 id=\"ps2id-idprovasconcurso-targetetapas-e-provas\">[ps2id id=\u2019provas-concurso\u2019 target=\u201d\/]Etapas e provas<\/h2>\n<p>A <a href=\"https:\/\/www.novaconcursos.com.br\/portal\/concursos-previstos\/sc\/\">sele\u00e7\u00e3o<\/a> da UFSC contar\u00e1 com etapa avaliativa \u00fanica, que consistir\u00e1, por sua vez, na aplica\u00e7\u00e3o de um prova objetiva de car\u00e1ter eliminat\u00f3rio e classificat\u00f3rio.<\/p>\n<p>Os exames ser\u00e3o aplicados no dia\u00a0<strong>16 de abril de 2023<\/strong>. O candidato dever\u00e1 fazer, no ato da inscri\u00e7\u00e3o, a escolha do munic\u00edpio de realiza\u00e7\u00e3o das provas.<\/p>\n<p>Os candidatos ter\u00e3o<strong> quatro horas<\/strong> para a conclus\u00e3o das provas, que ter\u00e3o in\u00edcio \u00e0s 14h e t\u00e9rmino \u00e0s 18h.<\/p>\n<p>As avalia\u00e7\u00f5es ser\u00e3o compostas de\u00a0<strong>50 quest\u00f5es\u00a0<\/strong>de m\u00faltipla divididas entre as seguintes disciplinas:<\/p>\n<ul><li>L\u00edngua Portuguesa (15)<\/li>\n<li>Conhecimentos Gerais (10)<\/li>\n<li>Conhecimentos Espec\u00edficos (25)<\/li>\n<\/ul><p>\u00a0<\/p>\n<p>Cada quest\u00e3o valer\u00e1 2 pontos. A <strong>pontua\u00e7\u00e3o<\/strong> final poder\u00e1 variar de 0 (zero) a 100.<\/p>\n<p>Para ser\u00a0<strong>classificado<\/strong>, \u00e9 necess\u00e1rio obter o m\u00ednimo de 60 pontos. Ademais, deste total \u00e9 necess\u00e1rio que tenha sido alcan\u00e7ada pontua\u00e7\u00e3o m\u00ednima de 14 em L\u00edngua Portuguesa e de 26 em Conhecimentos Espec\u00edficos.<\/p>\n<h2 id=\"ps2id-idultimo-targetltimo-concurso-ufsc-2022\">[ps2id id=\u2019ultimo\u2019 target=\u201d\/]\u00daltimo concurso UFSC (2022)<\/h2>\n<p>A \u00faltima sele\u00e7\u00e3o para TAE da Universidade foi realizada em\u00a0<strong>2022<\/strong>, quando foram ofertadas 67 vagas para a carreira.<\/p>\n<p>\u00c0 \u00e9poca, tamb\u00e9m foram contemplados cargos de <strong>n\u00edveis m\u00e9dio, t\u00e9cnico e superior <\/strong>de escolaridade.<\/p>\n<p>Confira as <strong>oportunidades<\/strong>:<\/p>\n<ul><li>Analista de Tecnologia da Informa\u00e7\u00e3o<\/li>\n<li>Arquiteto e Urbanista<\/li>\n<li>Assistente Social<\/li>\n<li>Auditor<\/li>\n<li>Bibliotec\u00e1rio Documentalista<\/li>\n<li>Bi\u00f3logo<\/li>\n<li>Enfermeiro<\/li>\n<li>Engenheiro Agr\u00f4nomo<\/li>\n<li>Engenheiro Sanitarista e Ambiental<\/li>\n<li>Fonoaudi\u00f3logo<\/li>\n<li>Qu\u00edmico<\/li>\n<li>Assistente em Administra\u00e7\u00e3o<\/li>\n<li>T\u00e9cnico de Tecnologia da Informa\u00e7\u00e3o<\/li>\n<li>T\u00e9cnico de Laborat\u00f3rio \u2013 Qu\u00edmica<\/li>\n<li>T\u00e9cnico em\n<ul><li>Agropecu\u00e1ria<\/li>\n<li>Enfermagem<\/li>\n<li>Radiologia<\/li>\n<\/ul><\/li>\n<li>Assistente de Alunos<\/li>\n<li>M\u00e9dico Veterin\u00e1rio<\/li>\n<li>M\u00e9dico\n<ul><li>Cl\u00ednica M\u00e9dica<\/li>\n<li>Pediatria<\/li>\n<li>Ginecologia e Obstetr\u00edcia<\/li>\n<li>Medicina de Fam\u00edlia e Comunidade<\/li>\n<li>Psiquiatria<\/li>\n<\/ul><\/li>\n<li>Psic\u00f3logo \u2013 Educacional<\/li>\n<\/ul><p>\u00a0<\/p>\n<p>Ademais, as\u00a0<strong>etapas avaliativas\u00a0<\/strong>\u00e0s quais se submeteram os candidatos foram as mesmas da sele\u00e7\u00e3o atual.<\/p>\n<p>Embora a sele\u00e7\u00e3o tenha ofertado 67 vagas,\u00a0<strong>151 aprovados foram nomeados<\/strong>.<\/p>\n<p>Confira a <a href=\"https:\/\/concursos.ufsc.br\/nomeacoes-001ddp2022\/\" target=\"_blank\" rel=\"noopener noreferrer\">lista de nomea\u00e7\u00f5es<\/a>.<\/p>\n<h2 id=\"ps2id-idsobreufsc-targetsobre-a-ufsc\">[ps2id id=\u2019sobre-ufsc\u2019 target=\u201d\/]Sobre a UFSC<\/h2>\n<p>Com uma hist\u00f3ria de mais de 60 anos, a <a href=\"https:\/\/ufsc.br\" target=\"_blank\" rel=\"noopener noreferrer\">Universidade Federal de Santa Catarina<\/a> tem a \u201cmiss\u00e3o de produzir, sistematizar e socializar o saber filos\u00f3fico, cient\u00edfico, art\u00edstico e tecnol\u00f3gico\u201d e, para tanto, oferece diversas atividades de ensino, pesquisa, extens\u00e3o e inova\u00e7\u00e3o.<\/p>\n<p>A UFSC possui<strong> cinco c\u00e2mpus<\/strong>: Ararangu\u00e1, Blumenau, Curitibanos, Florian\u00f3polis e Joinville.<\/p>\n<p>Cerca de 50 mil pessoas circulam diariamente em seus espa\u00e7os, entre professores, t\u00e9cnicos administrativos em Educa\u00e7\u00e3o, alunos de todos os n\u00edveis de ensino e comunidade externa. Segundo dados da Secretaria de Planejamento e Or\u00e7amento, em 2021 a UFSC contava com <strong>5.660 servidores<\/strong> (2.654 docentes e 3.006 t\u00e9cnicos administrativos em Educa\u00e7\u00e3o).<\/p>\n<p>Ademais, a Universidade possui <strong>611 grupos de pesquisa<\/strong>, reunindo professores, t\u00e9cnicos e estudantes, que desenvolvem 3.555 projetos e publicam milhares de trabalhos em revistas cient\u00edficas mundo afora.<\/p>\n<p>Tem destaque tamb\u00e9m a extens\u00e3o, que atualmente realiza 23.901 iniciativas com impacto direto na sociedade. Al\u00e9m da expans\u00e3o no pr\u00f3prio Pa\u00eds, a UFSC tem se <strong>internacionalizado<\/strong> por meio da parceria com institui\u00e7\u00f5es de ensino de todo o mundo. H\u00e1, atualmente, 366 acordos de coopera\u00e7\u00e3o com institui\u00e7\u00f5es de todos os continentes.<\/p>\n<p>De acordo com o\u00a0\u00cdndice Geral de Cursos (IGC), divulgado pelo Minist\u00e9rio da Educa\u00e7\u00e3o (MEC) em 2021, a UFSC \u00e9 a <strong>quarta melhor universidade federal do Pa\u00eds<\/strong> e a quinta no ranking geral. O IGC de 4,14 pontos, de 5 poss\u00edveis, coloca a institui\u00e7\u00e3o catarinense entre as universidades consideradas de excel\u00eancia pelo MEC.<\/p>","protected":false},"excerpt":{"rendered":"<p>O edital do concurso UFSC (Universidade Federal de Santa Catarina) foi publicado!<br \/>\nS\u00e3o dezenas de vagas para a carreira de T\u00e9cnico Administrativo em Educa\u00e7\u00e3o (TAE). <\/p>\n","protected":false},"author":16,"featured_media":156927,"comment_status":"closed","ping_status":"closed","sticky":false,"template":"","format":"standard","meta":{"_acf_changed":false,"footnotes":"","_wp_rev_ctl_limit":""},"categories":[44999],"tags":[],"class_list":["post-41520","post","type-post","status-publish","format-standard","has-post-thumbnail","hentry","category-concursos"],"acf":[],"_links":{"self":[{"href":"https:\/\/www.novaconcursos.com.br\/portal\/wp-json\/wp\/v2\/posts\/41520","targetHints":{"allow":["GET"]}}],"collection":[{"href":"https:\/\/www.novaconcursos.com.br\/portal\/wp-json\/wp\/v2\/posts"}],"about":[{"href":"https:\/\/www.novaconcursos.com.br\/portal\/wp-json\/wp\/v2\/types\/post"}],"author":[{"embeddable":true,"href":"https:\/\/www.novaconcursos.com.br\/portal\/wp-json\/wp\/v2\/users\/16"}],"replies":[{"embeddable":true,"href":"https:\/\/www.novaconcursos.com.br\/portal\/wp-json\/wp\/v2\/comments?post=41520"}],"version-history":[{"count":13,"href":"https:\/\/www.novaconcursos.com.br\/portal\/wp-json\/wp\/v2\/posts\/41520\/revisions"}],"predecessor-version":[{"id":264579,"href":"https:\/\/www.novaconcursos.com.br\/portal\/wp-json\/wp\/v2\/posts\/41520\/revisions\/264579"}],"wp:featuredmedia":[{"embeddable":true,"href":"https:\/\/www.novaconcursos.com.br\/portal\/wp-json\/wp\/v2\/media\/156927"}],"wp:attachment":[{"href":"https:\/\/www.novaconcursos.com.br\/portal\/wp-json\/wp\/v2\/media?parent=41520"}],"wp:term":[{"taxonomy":"category","embeddable":true,"href":"https:\/\/www.novaconcursos.com.br\/portal\/wp-json\/wp\/v2\/categories?post=41520"},{"taxonomy":"post_tag","embeddable":true,"href":"https:\/\/www.novaconcursos.com.br\/portal\/wp-json\/wp\/v2\/tags?post=41520"}],"curies":[{"name":"wp","href":"https:\/\/api.w.org\/{rel}","templated":true}]}}