{"id":41764,"date":"2016-07-14T11:01:51","date_gmt":"2016-07-14T14:01:51","guid":{"rendered":"http:\/\/www.novaconcursos.com.br\/portal\/?p=41764"},"modified":"2021-01-28T16:40:11","modified_gmt":"2021-01-28T19:40:11","slug":"o-que-cai-na-prova-cref-10a-regiao-2016-07","status":"publish","type":"post","link":"https:\/\/www.novaconcursos.com.br\/portal\/noticias\/o-que-cai-na-prova-cref-10a-regiao-2016-07\/","title":{"rendered":"O que cai na prova: CREF 10\u00aa Regi\u00e3o"},"content":{"rendered":"<p><a href=\"https:\/\/www.novaconcursos.com.br\" target=\"_blank\" rel=\"noopener noreferrer\"><img decoding=\"async\" class=\"alignright wp-image-41618 size-full\" src=\"https:\/\/www.novaconcursos.com.br\/portal\/wp-content\/uploads\/2016\/07\/cref10.jpg\" alt=\"concurso cref10\" width=\"283\" height=\"178\" loading=\"lazy\" title=\"\"><\/a>O\u00a0Conselho Regional de Educa\u00e7\u00e3o F\u00edsica da 10\u00aa Regi\u00e3o (<strong>CREF-PB<\/strong>) publicou edital com <strong>4\u00a0vagas imediatas<\/strong> e mais forma\u00e7\u00e3o de <strong>cadastro reserva<\/strong>. O <strong>sal\u00e1rio<\/strong> dos aprovados varia entre\u00a0<strong>R$ 1.400,00 at\u00e9 R$ 2.900,00<\/strong>.<\/p>\n<p><strong>Garanta j\u00e1 a sua vaga.<\/strong><br><strong>Comece a estudar com a <span style=\"text-decoration: underline; color: #0000ff;\"><a style=\"color: #0000ff; text-decoration: underline;\" href=\"https:\/\/www.novaconcursos.com.br\/apostila-concurso\/cref-conselho-regional-de-educacao-fisica\" target=\"_blank\" rel=\"noopener noreferrer\">Apostila CREF-PB<\/a><\/span><\/strong><\/p>\n<p>Para quem se interessou, as <strong>inscri\u00e7\u00f5es est\u00e3o abertas at\u00e9 o dia 15 de agosto<\/strong>. A taxa de participa\u00e7\u00e3o \u00e9 de 50 ou 60 reais e a <strong>prova objetiva<\/strong> ser\u00e1 aplicada <strong>em 11 de setembro<\/strong>.<\/p>\n<p>Confira o que ser\u00e1 cobrado no exame:<\/p>\n<p><strong>Conte\u00fado Program\u00e1tico<\/strong><\/p>\n<p>1) Para os cargos de n\u00edvel m\u00e9dio<\/p>\n<p><em>\u2013 L\u00edngua Portuguesa:<\/em><\/p>\n<p>Compreens\u00e3o e interpreta\u00e7\u00e3o de textos, com dom\u00ednio das rela\u00e7\u00f5es morfossint\u00e1ticas, sem\u00e2nticas, discursivas e argumentativas. Tipologia textual. Coes\u00e3o e coer\u00eancia. Ortografia oficial. Acentua\u00e7\u00e3o gr\u00e1fica. Pontua\u00e7\u00e3o. Forma\u00e7\u00e3o e emprego das classes de palavras. Significa\u00e7\u00e3o de palavras. Sintaxe da ora\u00e7\u00e3o e do per\u00edodo. Concord\u00e2ncia nominal e verbal. Reg\u00eancia nominal e verbal. Emprego do sinal indicativo de crase.<\/p>\n<p><em>\u2013 No\u00e7\u00f5es de Inform\u00e1tica:<\/em><\/p>\n<p>Conceitos b\u00e1sicos e modos de utiliza\u00e7\u00e3o de tecnologias, ferramentas, aplicativos e procedimentos de inform\u00e1tica; Edi\u00e7\u00e3o de textos, planilhas e apresenta\u00e7\u00f5es (ambiente Microsoft Office \u2013 vers\u00f5es 2010, 2013 e 365). No\u00e7\u00f5es de sistema operacional (ambiente Windows \u2013 vers\u00f5es 7, 8 e 10). Redes de computadores: conceitos b\u00e1sicos, ferramentas, aplicativos e procedimentos de Internet e intranet. Programas de navega\u00e7\u00e3o: Microsoft Internet Explorer, Mozilla Firefox, Google Chrome e similares. S\u00edtios de busca e pesquisa na Internet. Redes sociais. Conceitos de organiza\u00e7\u00e3o e de gerenciamento de informa\u00e7\u00f5es, arquivos, pastas e programas. Procedimentos de seguran\u00e7a da informa\u00e7\u00e3o. Aplicativos para seguran\u00e7a (antiv\u00edrus, firewall, antispyware etc.). Procedimentos de backup. Armazenamento de dados na nuvem.<\/p>\n<p><em>\u2013 Atualidades:<\/em><\/p>\n<p>Cen\u00e1rio nacional: pol\u00edtica, cultura, economia, sa\u00fade, educa\u00e7\u00e3o, sociedade e atualidades. Cen\u00e1rio internacional: continentes, divis\u00e3o pol\u00edtica e geogr\u00e1fica. Cultura, economia, pol\u00edtica, ambiente. Tecnologia, avan\u00e7os e descobertas cient\u00edficas e tecnol\u00f3gicas. Globaliza\u00e7\u00e3o. Interesse geral: assuntos nacionais ou internacionais, amplamente veiculados nos \u00faltimos dois anos, suas inter-rela\u00e7\u00f5es e suas vincula\u00e7\u00f5es hist\u00f3ricas.<\/p>\n<p>2)\u00a0Para os cargos de n\u00edvel superior<\/p>\n<p><em>\u2013 L\u00edngua Portuguesa:<\/em><\/p>\n<p>Compreens\u00e3o e interpreta\u00e7\u00e3o de textos, com dom\u00ednio das rela\u00e7\u00f5es morfossint\u00e1ticas, sem\u00e2nticas, discursivas e argumentativas. Tipologia textual. Coes\u00e3o e coer\u00eancia. Ortografia oficial. Acentua\u00e7\u00e3o gr\u00e1fica. Pontua\u00e7\u00e3o. Forma\u00e7\u00e3o e emprego das classes de palavras. Significa\u00e7\u00e3o de palavras. Sintaxe da ora\u00e7\u00e3o e do per\u00edodo. Concord\u00e2ncia nominal e verbal. Reg\u00eancia nominal e verbal. Emprego do sinal indicativo de crase.<\/p>\n<p><em>\u2013 No\u00e7\u00f5es de Inform\u00e1tica:<\/em><\/p>\n<p>Conceitos b\u00e1sicos e modos de utiliza\u00e7\u00e3o de tecnologias, ferramentas, aplicativos e procedimentos de inform\u00e1tica; Edi\u00e7\u00e3o de textos, planilhas e apresenta\u00e7\u00f5es (ambiente Microsoft Office \u2013 vers\u00f5es 2010, 2013 e 365). No\u00e7\u00f5es de sistema operacional (ambiente Windows \u2013 vers\u00f5es 7, 8 e 10). Redes de computadores: conceitos b\u00e1sicos, ferramentas, aplicativos e procedimentos de Internet e intranet. Programas de navega\u00e7\u00e3o: Microsoft Internet Explorer, Mozilla Firefox, Google Chrome e similares. S\u00edtios de busca e pesquisa na Internet. Redes sociais. Conceitos de organiza\u00e7\u00e3o e de gerenciamento de informa\u00e7\u00f5es, arquivos, pastas e programas. Procedimentos de seguran\u00e7a da informa\u00e7\u00e3o. Aplicativos para seguran\u00e7a (antiv\u00edrus, firewall, antispyware etc.). Procedimentos de backup. Armazenamento de dados na nuvem.<\/p>\n<p><em>\u2013 Legisla\u00e7\u00e3o:<\/em><\/p>\n<p>Leis Federais nos 6206 de 07 de maio de 1975; 9.394 de 20 de dezembro de 1996; 9.696 de 1\u00ba de setembro de 1998; 10.328 de 12 de dezembro de 2001; 10.793 de 01 de dezembro de 2003; 11.788 de 25 de setembro de 2008; Resolu\u00e7\u00e3o CNS no 287 de 08 de outubro de 1998; Resolu\u00e7\u00e3o CNE no 04\/2009, 07\/2004 e 02\/2015. Resolu\u00e7\u00f5es do CONFEF no 021\/2000; 045\/2002; 046\/2002; 052\/2002; 053\/2003; 073\/2004; 076\/2004; 112\/2005; 119\/2005; 134\/2007; 206\/2010; 224\/2012; 233\/2012; 264\/2013; 269\/2014; 270\/2014; 271\/2014; 274\/2014; 307\/2015. NOTAS T\u00c9CNICAS CONFEF n\u00ba 001\/2010; 002\/2012 e 003\/2012. Lei n\u00ba 8.112\/1990 e altera\u00e7\u00f5es. Decreto n\u00ba 1.171\/1994. Portaria Ministerial MTE n\u00ba 3\/97 de 09 de outubro de 2002 \u2013 Classifica\u00e7\u00e3o Brasileira de Ocupa\u00e7\u00f5es (CBO). Resolu\u00e7\u00f5es CREF10\/PB n\u00ba 006\/2003; 013\/2004; 025\/2007; 032A\/2011; 055\/2015 e 059\/2016.<\/p>\n<p><strong>* Confira os Conhecimentos Espec\u00edficos <span style=\"color: #0000ff;\"><a style=\"color: #0000ff;\" href=\"https:\/\/www.novaconcursos.com.br\/portal\/wp-content\/uploads\/2016\/07\/cref10_concurso_publico_edital_V1.pdf\" target=\"_blank\" rel=\"noopener noreferrer\">no edital<\/a><\/span>!<\/strong><\/p>\n<p><strong>Crit\u00e9rios de desempate<\/strong><\/p>\n<p>Em caso de igualdade de pontos, ter\u00e1 prefer\u00eancia para nomea\u00e7\u00e3o o candidato que:<\/p>\n<p>a) tiver idade igual ou superior a 60 anos;<br>\nb) tiver maior nota na parte de Prova de Reda\u00e7\u00e3o;<br>\nc) tiver maior nota na parte de Conhecimentos Espec\u00edficos;<br>\nd) tiver maior nota na parte de\u00a0L\u00edngua Portuguesa;<br>\ne)\u00a0tiver maior nota na parte de No\u00e7\u00f5es de Inform\u00e1tica;<br>\nf)\u00a0tiver maior nota na parte de Atualidades;<br>\ne) tiver maior idade.<\/p>\n<p><a href=\"https:\/\/www.novaconcursos.com.br\/portal\/concursos\/concurso-cref-10-regiao-2016-07\/\" target=\"_blank\" rel=\"noopener noreferrer\"><span style=\"text-decoration: underline;\"><strong>BAIXE O EDITAL AQUI!<br>\nCONFIRA A P\u00c1GINA DE CONCURSO DA CREF 10 REGI\u00c3O!<\/strong><\/span><\/a><\/p>\n<p>A <strong><a href=\"https:\/\/www.novaconcursos.com.br\/\" target=\"_blank\" rel=\"noopener noreferrer\">editora Nova<\/a><\/strong> tem ajudado h\u00e1 mais de 8 anos quem quer vencer a batalha do concurso p\u00fablico. Se voc\u00ea quer aumentar as suas chances de passar, conhe\u00e7a os nossos materiais, acessando o nosso site!<\/p>\n<p><a href=\"https:\/\/www.novaconcursos.com.br\/\" target=\"_blank\" rel=\"noopener noreferrer\"><img decoding=\"async\" class=\"aligncenter wp-image-37405 size-full\" src=\"https:\/\/www.novaconcursos.com.br\/portal\/wp-content\/uploads\/2016\/04\/BANNER-GEN%C3%89RICO.jpg\" alt=\"BANNER GEN\u00c9RICO\" width=\"590\" height=\"80\" loading=\"lazy\" title=\"\"><\/a><\/p>\n<p>\u00a0<\/p>","protected":false},"excerpt":{"rendered":"<p>O\u00a0Conselho Regional de Educa\u00e7\u00e3o F\u00edsica da 10\u00aa Regi\u00e3o (CREF-PB) publicou edital com 4\u00a0vagas imediatas e mais forma\u00e7\u00e3o de cadastro reserva. O sal\u00e1rio dos aprovados varia entre\u00a0R$ 1.400,00 at\u00e9 R$ 2.900,00. Garanta j\u00e1 a sua vaga.Comece a estudar com a Apostila CREF-PB Para quem se interessou, as inscri\u00e7\u00f5es est\u00e3o abertas at\u00e9 o dia 15 de agosto. [&hellip;]<\/p>\n","protected":false},"author":16,"featured_media":41621,"comment_status":"closed","ping_status":"closed","sticky":false,"template":"","format":"standard","meta":{"_acf_changed":false,"footnotes":"","_wp_rev_ctl_limit":""},"categories":[228],"tags":[17751,17750,17752],"class_list":["post-41764","post","type-post","status-publish","format-standard","has-post-thumbnail","hentry","category-noticias","tag-concurso-cref-paraiba","tag-o-que-cai-na-prova-cref-10-regiao","tag-o-que-estudar-prova-cref-paraiba"],"acf":[],"_links":{"self":[{"href":"https:\/\/www.novaconcursos.com.br\/portal\/wp-json\/wp\/v2\/posts\/41764","targetHints":{"allow":["GET"]}}],"collection":[{"href":"https:\/\/www.novaconcursos.com.br\/portal\/wp-json\/wp\/v2\/posts"}],"about":[{"href":"https:\/\/www.novaconcursos.com.br\/portal\/wp-json\/wp\/v2\/types\/post"}],"author":[{"embeddable":true,"href":"https:\/\/www.novaconcursos.com.br\/portal\/wp-json\/wp\/v2\/users\/16"}],"replies":[{"embeddable":true,"href":"https:\/\/www.novaconcursos.com.br\/portal\/wp-json\/wp\/v2\/comments?post=41764"}],"version-history":[{"count":3,"href":"https:\/\/www.novaconcursos.com.br\/portal\/wp-json\/wp\/v2\/posts\/41764\/revisions"}],"predecessor-version":[{"id":115947,"href":"https:\/\/www.novaconcursos.com.br\/portal\/wp-json\/wp\/v2\/posts\/41764\/revisions\/115947"}],"wp:featuredmedia":[{"embeddable":true,"href":"https:\/\/www.novaconcursos.com.br\/portal\/wp-json\/wp\/v2\/media\/41621"}],"wp:attachment":[{"href":"https:\/\/www.novaconcursos.com.br\/portal\/wp-json\/wp\/v2\/media?parent=41764"}],"wp:term":[{"taxonomy":"category","embeddable":true,"href":"https:\/\/www.novaconcursos.com.br\/portal\/wp-json\/wp\/v2\/categories?post=41764"},{"taxonomy":"post_tag","embeddable":true,"href":"https:\/\/www.novaconcursos.com.br\/portal\/wp-json\/wp\/v2\/tags?post=41764"}],"curies":[{"name":"wp","href":"https:\/\/api.w.org\/{rel}","templated":true}]}}