{"id":44116,"date":"2023-10-16T07:35:50","date_gmt":"2023-10-16T10:35:50","guid":{"rendered":"http:\/\/www.novaconcursos.com.br\/portal\/?post_type=nc-public-tender&#038;p=44116"},"modified":"2025-05-06T16:46:40","modified_gmt":"2025-05-06T19:46:40","slug":"concurso-uftm","status":"publish","type":"post","link":"https:\/\/www.novaconcursos.com.br\/portal\/concursos\/concurso-uftm\/","title":{"rendered":"Concurso UFTM MG: Banca definida. Vagas para T\u00e9cnico-Administrativo!"},"content":{"rendered":"<p>\u00d3timas not\u00edcias, concurseiros! Est\u00e1 definida a organizadora do pr\u00f3ximo concurso <a href=\"https:\/\/www.novaconcursos.com.br\/portal\/concursos-abertos\/mg\/\">UFTM (Universidade do Tri\u00e2ngulo Mineiro)<\/a>!<\/p>\n\n\n\n<p>Certame ofertar\u00e1 vagas para <strong>T\u00e9cnico-Administrativo<\/strong>!<\/p>\n\n\n\n<p>Saiba mais!<\/p>\n\n\n\n<h2 class=\"wp-block-heading\" id=\"concurso-uftm-situao-atual\">Concurso UFTM: Situa\u00e7\u00e3o atual<\/h2>\n\n\n\n<p>O Instituto AOCP est\u00e1 definido como a banca organizadora do novo concurso UFTM que prev\u00ea a oferta de vagas para T\u00e9cnicos-Adminitrativos!<\/p>\n\n\n\n<p>O extrato de dispensa de licita\u00e7\u00e3o foi publicado no Di\u00e1rio Oficial no dia 16 de outubro de 2023.<\/p>\n\n\n\n<p>Veja a seguir!<\/p>\n\n\n\n<figure class=\"wp-block-image\"><a href=\"https:\/\/www.novaconcursos.com.br\/portal\/wp-content\/uploads\/2023\/10\/banca-uftm.png\"><img decoding=\"async\" width=\"768\" height=\"380\" src=\"https:\/\/www.novaconcursos.com.br\/portal\/wp-content\/uploads\/2023\/10\/banca-uftm.png\" alt=\"\" class=\"wp-image-208104\" loading=\"lazy\" title=\"\" srcset=\"https:\/\/www.novaconcursos.com.br\/portal\/wp-content\/uploads\/2023\/10\/banca-uftm-300x148.png 300w, https:\/\/www.novaconcursos.com.br\/portal\/wp-content\/uploads\/2023\/10\/banca-uftm.png 768w\" sizes=\"auto, (max-width: 480px) 100vw, (max-width: 768px) 100vw, (max-width: 1200px) 70vw, 768px\"><\/a><\/figure><p><\/p>\n\n\n\n<p>Ainda n\u00e3o foram divulgadas quais ser\u00e3o as especialidades e o n\u00famero de vagas a serem ofertadas. No entanto, o <strong>edital \u00e9 iminente<\/strong>!<\/p>\n\n\n\n<p>Assim, o Instituto ser\u00e1 o respons\u00e1vel pelo recolhimento das inscri\u00e7\u00f5es, bem como da elabora\u00e7\u00e3o, aplica\u00e7\u00e3o e avalia\u00e7\u00e3o das etapas de sele\u00e7\u00e3o.<\/p>\n\n\n\n<p>Estude para o concurso dos seus sonhos com o\u00a0<strong>M\u00e9tod<\/strong>o que j\u00e1 ajudou na\u00a0<strong>aprova\u00e7\u00e3o de mais de 70 mil alunos!<\/strong>\u00a0<a href=\"https:\/\/aprovacao.novaconcursos.com.br\/assinatura?promo_creative=Clique+aqui&amp;promo_name=noticia&amp;promo_id=%2Fportal%2Fnoticias%2Fconcurso-pc-pe-provas-fevereiro-2024&amp;promo_position=corpo-texto\" target=\"_blank\" rel=\"noreferrer noopener\">Clique aqui<\/a> e saiba mais!<\/p>\n\n\n\n<h2 class=\"wp-block-heading\" id=\"ltimo-concurso-uftm\">\u00daltimo concurso UFTM<\/h2>\n\n\n\n<p>O \u00faltimo certame da <a href=\"https:\/\/www.novaconcursos.com.br\/portal\/concursos-previstos\/mg\/\">Universidade do Tri\u00e2ngulo Mineiro<\/a> foi realizado em <strong>2022<\/strong> e ofertou <strong>44 vagas<\/strong> imediatas, de n\u00edveis m\u00e9dio e superior distribu\u00eddas da seguinte forma:<\/p>\n\n\n\n<p><strong>N\u00edvel m\u00e9dio<\/strong><\/p>\n\n\n\n<ul class=\"wp-block-list\"><li>T\u00e9cnico de Laborat\u00f3rio\/\u00c1rea: An\u00e1lises Cl\u00ednicas: (03 vagas);<\/li>\n\n\n\n<li>T\u00e9cnico em Contabilidade (02 vagas)<\/li>\n\n\n\n<li>Enfermagem (02 vagas); e<\/li>\n\n\n\n<li>Tecnologia da Informa\u00e7\u00e3o (15 vagas).<\/li>\n<\/ul><p><strong>N\u00edvel superior<\/strong><\/p>\n\n\n\n<ul class=\"wp-block-list\"><li>Administradores (10 vagas);<\/li>\n\n\n\n<li>Analistas de Tecnologia da Informa\u00e7\u00e3o (05 vagas);<\/li>\n\n\n\n<li>Bi\u00f3logo (02 vagas); e<\/li>\n\n\n\n<li>Engenheiro de Seguran\u00e7a do Trabalho (01 vaga);<\/li>\n\n\n\n<li>M\u00e9dico (01 vaga)<\/li>\n\n\n\n<li>Nutricionista (01 vaga); e<\/li>\n\n\n\n<li>Pedagogo (02 vagas).<\/li>\n<\/ul><p>Os cargos contaram com um vencimento b\u00e1sico de <strong> R$ 2.446,96<\/strong>, para os cargos de n\u00edvel m\u00e9dio e de <strong>R$ 4.180,66 <\/strong>para os de n\u00edvel superior.<\/p>\n\n\n\n<p>Al\u00e9m do sal\u00e1rio, os candidatos fizeram jus aos <strong>benef\u00edcios\u00a0<\/strong>a seguir:<\/p>\n\n\n\n<ul class=\"wp-block-list\"><li>Incentivo \u00e0 Qualifica\u00e7\u00e3o;<\/li>\n\n\n\n<li>Aux\u00edlio Alimenta\u00e7\u00e3o;<\/li>\n\n\n\n<li>Aux\u00edlio Transporte;<\/li>\n\n\n\n<li>Aux\u00edlio Pr\u00e9-Escolar;<\/li>\n\n\n\n<li>Sa\u00fade Suplementar; entre outros, observada a legisla\u00e7\u00e3o em vigor.<\/li>\n<\/ul><h3 class=\"wp-block-heading\">Requisitos<\/h3>\n\n\n\n<p>As exig\u00eancias<strong> b\u00e1sicas<\/strong> para investidura nos cargos foram:<\/p>\n\n\n\n<ul class=\"wp-block-list\"><li>a nacionalidade brasileira;<\/li>\n\n\n\n<li>o gozo dos direitos pol\u00edticos;<\/li>\n\n\n\n<li>a quita\u00e7\u00e3o com as obriga\u00e7\u00f5es militares e eleitorais;<\/li>\n\n\n\n<li>o n\u00edvel de escolaridade exigido para o exerc\u00edcio do cargo;<\/li>\n\n\n\n<li>a idade m\u00ednima de dezoito anos;<\/li>\n\n\n\n<li>aptid\u00e3o f\u00edsica e mental.<\/li>\n<\/ul><p>Os requisitos de <strong>escolaridade<\/strong> para cada cargo foram:<\/p>\n\n\n\n<p><strong>N\u00edvel M\u00e9dio<\/strong><\/p>\n\n\n\n<ul class=\"wp-block-list\"><li>T\u00e9cnico de Laborat\u00f3rio: Ensino M\u00e9dio Profissionalizante ou M\u00e9dio Completo, al\u00e9m de Curso T\u00e9cnico na \u00e1rea de atua\u00e7\u00e3o;<\/li>\n\n\n\n<li>T\u00e9cnico em Contabilidade: Ensino M\u00e9dio Profissionalizante ou M\u00e9dio Completo, al\u00e9m de Curso T\u00e9cnico em Contabilidade;<\/li>\n\n\n\n<li>T\u00e9cnico em Enfermagem: Ensino M\u00e9dio Profissionalizante ou M\u00e9dio Completo, al\u00e9m de Curso T\u00e9cnico em Enfermagem;<\/li>\n\n\n\n<li>T\u00e9cnico em Tecnologia da Informa\u00e7\u00e3o: Ensino M\u00e9dio Profissionalizante ou M\u00e9dio Completo, al\u00e9m de Curso T\u00e9cnico em eletr\u00f4nica com \u00eanfase em sistemas computacionais.<\/li>\n<\/ul><p><strong>N\u00edvel Superior<\/strong><\/p>\n\n\n\n<ul class=\"wp-block-list\"><li>Administrador: Curso Superior em Administra\u00e7\u00e3o;<\/li>\n\n\n\n<li>Analistas de Tecnologia da Informa\u00e7\u00e3o: Curso Superior na \u00e1rea;<\/li>\n\n\n\n<li>Bi\u00f3logo:\u00a0 Curso Superior em Ci\u00eancias Biol\u00f3gicas;<\/li>\n\n\n\n<li>Engenheiro de Seguran\u00e7a do Trabalho: Curso Superior em Engenharia com Especializa\u00e7\u00e3o em Seguran\u00e7a do Trabalho;<\/li>\n\n\n\n<li>M\u00e9dico: Curso Superior em Medicina, al\u00e9m de ter realizado Resid\u00eancia M\u00e9dica em Cl\u00ednica M\u00e9dica, em servi\u00e7o credenciado e reconhecido pelo MEC ou Resid\u00eancia M\u00e9dica em Neurologia, em servi\u00e7o credenciado e reconhecido pelo MEC ou, ainda, Resid\u00eancia M\u00e9dica em Infectologia em servi\u00e7o credenciado e reconhecido pelo MEC Registro da especialidade no Conselho competente;<\/li>\n\n\n\n<li>Nutricionista: Curso Superior em Nutri\u00e7\u00e3o;<\/li>\n\n\n\n<li>Pedagogo: Curso Superior em Pedagogia.<\/li>\n<\/ul><h3 class=\"wp-block-heading\">Concurso UFTM: como foram as provas?<\/h3>\n\n\n\n<p>Os candidatos ao <a href=\"https:\/\/www.novaconcursos.com.br\/portal\/concursos-previstos\/mg\/\">concurso<\/a> da Universidade Federal do Tri\u00e2ngulo Mineiro foram avaliados por meio de uma \u00fanica etapas, a <strong>Prova Objetiva<\/strong>, exceto os M\u00e9dicos, que passaram tamb\u00e9m por uma <strong>Avalia\u00e7\u00e3o de T\u00edtulos<\/strong>.<\/p>\n\n\n\n<p>Para os candidatos aos cargos de <strong>Analista e T\u00e9cnico de Tecnologia da Informa\u00e7\u00e3o<\/strong> a prova, de car\u00e1ter eliminat\u00f3rio e classificat\u00f3rio, teve a seguinte estrutura:<\/p>\n\n\n\n<ul class=\"wp-block-list\"><li>Conhecimentos Gerais \u2013 Portugu\u00eas: 10 quest\u00f5es<\/li>\n\n\n\n<li>Conhecimentos Gerais \u2013 Legisla\u00e7\u00e3o: 10 quest\u00f5es<\/li>\n\n\n\n<li>Conhecimentos espec\u00edficos: 20 quest\u00f5es<\/li>\n<\/ul><p>Enquanto isso, para os inscritos aos <strong>demais cargos<\/strong> \u2013 excetuando-se os M\u00e9dicos \u2013 as avalia\u00e7\u00f5es tiveram a seguinte estrutura:<\/p>\n\n\n\n<ul class=\"wp-block-list\"><li>Conhecimentos Gerais \u2013 Portugu\u00eas: 10 quest\u00f5es<\/li>\n\n\n\n<li>Conhecimentos Gerais \u2013 Legisla\u00e7\u00e3o: 10 quest\u00f5es<\/li>\n\n\n\n<li>Conhecimentos Gerais \u2013 No\u00e7\u00f5es de Inform\u00e1tica: 10 quest\u00f5es<\/li>\n\n\n\n<li>Conhecimentos espec\u00edficos: 20 quest\u00f5es<\/li>\n<\/ul><p>E, por fim, para os <strong>M\u00e9dicos<\/strong> as avalia\u00e7\u00f5es seguiram a estrutura:<\/p>\n\n\n\n<ul class=\"wp-block-list\"><li>Conhecimentos Gerais \u2013 Portugu\u00eas: 10 quest\u00f5es<\/li>\n\n\n\n<li>Conhecimentos Gerais \u2013 Legisla\u00e7\u00e3o: 10 quest\u00f5es<\/li>\n\n\n\n<li>Conhecimentos espec\u00edficos: 20 quest\u00f5es<\/li>\n<\/ul><p>As provas foram avaliadas em uma escala de 0 \u00e0 100 pontos e foram considerados\u00a0<strong>aprovados\u00a0<\/strong>os candidatos que obtiveram percentual igual ou superior \u00e0 60 pontos.<\/p>\n\n\n\n<h2 class=\"wp-block-heading\" id=\"sobre-a-uftm\">Sobre a UFTM<\/h2>\n\n\n\n<p>Anteriormente denominada Faculdade de Medicina do Tri\u00e2ngulo Mineiro \u2013 FMTM, transformada no ano de 2005 em <a href=\"https:\/\/www.uftm.edu.br\/\" target=\"_blank\" rel=\"noopener\">Universidade Federal do Tri\u00e2ngulo Mineiro<\/a>, pela\u00a0<u>Lei n\u00ba 11.152, de 29 de julho de 2005\u00a0<\/u>, a UFTM \u00e9 uma Institui\u00e7\u00e3o Federal de Ensino Superior constitu\u00edda sob a forma de Autarquia, vinculada ao Minist\u00e9rio da Educa\u00e7\u00e3o.<\/p>\n\n\n\n<p>Com\u00a0sede na cidade de Uberaba-MG\u00a0e com um\u00a0<u>campus no munic\u00edpio de Iturama-MG<\/u>, a UFTM oferta cursos de diversas \u00e1reas do conhecimento, atualmente contando com um alunado de, aproximadamente 8.000 alunos, nos\u00a0<u>cursos de gradua\u00e7\u00e3o, p\u00f3s-gradua\u00e7\u00e3o e da educa\u00e7\u00e3o profissionalizante<\/u>.<\/p>\n\n\n\n<p>A Universidade tem forte atua\u00e7\u00e3o na \u00e1rea da assist\u00eancia \u00e0 sa\u00fade com seu\u00a0<u>Hos<\/u><u>pital de Cl\u00ednicas<\/u>\u00a0em Uberaba de renome e qualidade nacionalmente comprovados. Tamb\u00e9m conta com o\u00a0<u>Complexo Cultural e Cient\u00edfico de Peir\u00f3polis<\/u>, onde situa-se o Museu dos Dinossauros e s\u00edtios de escava\u00e7\u00f5es paleontol\u00f3gicas que impulsionam a pesquisa nessa \u00e1rea.<\/p>\n\n\n\n<p>Em pleno processo de desenvolvimento, a UFTM busca formar pessoas que contribuir\u00e3o para o desenvolvimento da ci\u00eancia e a transforma\u00e7\u00e3o da sociedade.<\/p>","protected":false},"excerpt":{"rendered":"<p>\u00d3timas not\u00edcias, concurseiros! Est\u00e1 definida a organizadora do pr\u00f3ximo concurso UFTM (Universidade do Tri\u00e2ngulo Mineiro)!<\/p>\n<p>Certame ofertar\u00e1 vagas para T\u00e9cnico-Administrativo!\u00a0<\/p>\n<p>Saiba mais!<\/p>\n","protected":false},"author":16,"featured_media":208108,"comment_status":"closed","ping_status":"closed","sticky":false,"template":"","format":"standard","meta":{"_acf_changed":false,"footnotes":"","_wp_rev_ctl_limit":""},"categories":[44999],"tags":[],"class_list":["post-44116","post","type-post","status-publish","format-standard","has-post-thumbnail","hentry","category-concursos"],"acf":[],"_links":{"self":[{"href":"https:\/\/www.novaconcursos.com.br\/portal\/wp-json\/wp\/v2\/posts\/44116","targetHints":{"allow":["GET"]}}],"collection":[{"href":"https:\/\/www.novaconcursos.com.br\/portal\/wp-json\/wp\/v2\/posts"}],"about":[{"href":"https:\/\/www.novaconcursos.com.br\/portal\/wp-json\/wp\/v2\/types\/post"}],"author":[{"embeddable":true,"href":"https:\/\/www.novaconcursos.com.br\/portal\/wp-json\/wp\/v2\/users\/16"}],"replies":[{"embeddable":true,"href":"https:\/\/www.novaconcursos.com.br\/portal\/wp-json\/wp\/v2\/comments?post=44116"}],"version-history":[{"count":7,"href":"https:\/\/www.novaconcursos.com.br\/portal\/wp-json\/wp\/v2\/posts\/44116\/revisions"}],"predecessor-version":[{"id":281814,"href":"https:\/\/www.novaconcursos.com.br\/portal\/wp-json\/wp\/v2\/posts\/44116\/revisions\/281814"}],"wp:featuredmedia":[{"embeddable":true,"href":"https:\/\/www.novaconcursos.com.br\/portal\/wp-json\/wp\/v2\/media\/208108"}],"wp:attachment":[{"href":"https:\/\/www.novaconcursos.com.br\/portal\/wp-json\/wp\/v2\/media?parent=44116"}],"wp:term":[{"taxonomy":"category","embeddable":true,"href":"https:\/\/www.novaconcursos.com.br\/portal\/wp-json\/wp\/v2\/categories?post=44116"},{"taxonomy":"post_tag","embeddable":true,"href":"https:\/\/www.novaconcursos.com.br\/portal\/wp-json\/wp\/v2\/tags?post=44116"}],"curies":[{"name":"wp","href":"https:\/\/api.w.org\/{rel}","templated":true}]}}