{"id":44353,"date":"2025-05-27T13:16:22","date_gmt":"2025-05-27T16:16:22","guid":{"rendered":"http:\/\/www.novaconcursos.com.br\/portal\/?post_type=nc-public-tender&#038;p=44353"},"modified":"2025-05-27T13:16:25","modified_gmt":"2025-05-27T16:16:25","slug":"concurso-uff","status":"publish","type":"post","link":"https:\/\/www.novaconcursos.com.br\/portal\/concursos\/concurso-uff\/","title":{"rendered":"Concurso UFF: Edital publicado! 105 vagas e sal\u00e1rios de R$4,9 mil!"},"content":{"rendered":"<p>Aten\u00e7\u00e3o, concurseiros! Foi publicado o edital do concurso UFF (<a href=\"https:\/\/www.novaconcursos.com.br\/concurso\/uff-universidade-federal-fluminense\/cursos-online\">Universidade Federal Fluminense<\/a>) com <strong>105 vagas imediatas <\/strong>para cargos t\u00e9cnico-administrativos em educa\u00e7\u00e3o, em diversas especialidades de n\u00edveis m\u00e9dio, t\u00e9cnico e superior.<\/p>\n\n\n\n    <div class=\"nova-resumo-edital\">\n        <h2 class=\"nova-resumo-edital-title\" id=\"resumo-edital\">Resumo Edital<\/h2>\n        <ul class=\"nova-resumo-edital-list nova-menu\"><li>\n                <img decoding=\"async\" width=\"24\" height=\"24\" loading=\"lazy\" src=\"https:\/\/www.novaconcursos.com.br\/portal\/wp-content\/themes\/nova-theme\/includes\/assets\/img\/person.svg\" aria-hidden=\"true\" alt=\"\u00edcone pessoa\" title=\"\"><span>\n                    <b>Vagas: <\/b> 105\n                <\/span>\n            <\/li>\n            <li>\n                <img decoding=\"async\" width=\"24\" height=\"24\" loading=\"lazy\" src=\"https:\/\/www.novaconcursos.com.br\/portal\/wp-content\/themes\/nova-theme\/includes\/assets\/img\/inscricoes.svg\" aria-hidden=\"true\" alt=\"\u00edcone pessoa\" title=\"\"><span>\n                    <b>Per\u00edodo de inscri\u00e7\u00f5es: <\/b> 09\/06\/2025 at\u00e9 07\/07\/2025\n                <\/span>\n            <\/li>\n            <li>\n                <img decoding=\"async\" width=\"24\" height=\"24\" loading=\"lazy\" src=\"https:\/\/www.novaconcursos.com.br\/portal\/wp-content\/themes\/nova-theme\/includes\/assets\/img\/taxa-inscricao.svg\" aria-hidden=\"true\" alt=\"\u00edcone pessoa\" title=\"\"><span>\n                    <b>Taxa de inscri\u00e7\u00e3o: <\/b> R$ 145,00 at\u00e9 R$ 195,00\n                <\/span>\n            <\/li>\n            <li>\n                <img decoding=\"async\" width=\"24\" height=\"24\" loading=\"lazy\" src=\"https:\/\/www.novaconcursos.com.br\/portal\/wp-content\/themes\/nova-theme\/includes\/assets\/img\/prova.svg\" aria-hidden=\"true\" alt=\"\u00edcone pessoa\" title=\"\"><span>\n                    <b>Prova: <\/b> 31\/08\/2025 e 14\/09\/2025\n                <\/span>\n            <\/li>\n            <li>\n                <img decoding=\"async\" width=\"24\" height=\"24\" loading=\"lazy\" src=\"https:\/\/www.novaconcursos.com.br\/portal\/wp-content\/themes\/nova-theme\/includes\/assets\/img\/banca.svg\" aria-hidden=\"true\" alt=\"\u00edcone pessoa\" title=\"\"><span>\n                    <b>Banca: <\/b> UFF\n                <\/span>\n            <\/li>\n        <\/ul><div class=\"nova-resumo-edital-baixar\">\n            <a href=\"https:\/\/www.novaconcursos.com.br\/portal\/wp-content\/uploads\/2025\/05\/edital-do-concurso-uff-2-17.pdf\" target=\"_blank\" rel=\"noopener\">\n                Baixe aqui o edital\n            <\/a>\n        <\/div>\n    <\/div>\n\n\n\n<p>As remunera\u00e7\u00f5es iniciais chamam bastante aten\u00e7\u00e3o, j\u00e1 que variam de <strong>R$ 3.029,90 a R$ 4.967,04<\/strong>, al\u00e9m de diversos benef\u00edcios. Ficou interessado(a) pelo concurso UFF? Fique comigo e saiba todos os detalhes sobre a sele\u00e7\u00e3o! <\/p>\n\n\n\n<h2 class=\"wp-block-heading\" id=\"como-fazer-a-inscrio-no-concurso-uff\">Como fazer a inscri\u00e7\u00e3o no concurso UFF?<\/h2>\n\n\n\n<p>Os interessados em participar do concurso da Universidade Federal Fluminense (UFF) poder\u00e3o se inscrever a partir das <strong>12h do dia 9 de junho de 2025, at\u00e9 as 12h do dia 7 de julho de 2025<\/strong>, exclusivamente por meio do site da pr\u00f3pria <a href=\"https:\/\/portal.coseac.uff.br\/concursos-uff\/tecnico-administrativo\/\" target=\"_blank\" rel=\"noopener\">universidade.<\/a><\/p>\n\n\n\n<p>As taxas de inscri\u00e7\u00e3o variam conforme o n\u00edvel de escolaridade exigido para o cargo pretendido:<\/p>\n\n\n\n<ul class=\"wp-block-list\"><li><strong>R$ 145,00<\/strong> para cargos de <strong>n\u00edvel m\u00e9dio e t\u00e9cnico<\/strong>;<\/li>\n\n\n\n<li><strong>R$ 195,00<\/strong> para cargos de <strong>n\u00edvel superior<\/strong>.<\/li>\n<\/ul><p><\/p>\n\n\n\n<p>Para que a inscri\u00e7\u00e3o seja homologada, \u00e9 necess\u00e1rio <strong>efetuar o pagamento da taxa at\u00e9 o dia 7 de julho de 2025<\/strong>.<\/p>\n\n\n\n<p>Candidatos que desejarem solicitar isen\u00e7\u00e3o da taxa de inscri\u00e7\u00e3o dever\u00e3o fazer o pedido entre os dias <strong>9 e 11 de junho de 2025<\/strong>. A gratuidade ser\u00e1 concedida a doadores de medula \u00f3ssea e a benefici\u00e1rios do Cad\u00danico (Cadastro \u00danico para Programas Sociais).<\/p>\n\n\n\n<h2 class=\"wp-block-heading\" id=\"cargos-vagas-e-salrios\">Cargos, vagas e sal\u00e1rios<\/h2>\n\n\n\n<p>O concurso UFF est\u00e1 ofertando <strong>105 vagas imediatas<\/strong> para cargos de n\u00edveis m\u00e9dio, t\u00e9cnico e superior. Confira como essas oportunidades est\u00e3o sendo distribu\u00eddas:<\/p>\n\n\n\n<h3 class=\"wp-block-heading\">N\u00edvel m\u00e9dio<\/h3>\n\n\n\n<ul class=\"wp-block-list\"><li>assistente em administra\u00e7\u00e3o (46 vagas).<\/li>\n<\/ul><h3 class=\"wp-block-heading\">N\u00edvel t\u00e9cnico<\/h3>\n\n\n\n<ul class=\"wp-block-list\"><li>t\u00e9cnico de tecnologia da informa\u00e7\u00e3o (19);<\/li>\n\n\n\n<li>t\u00e9cnico de laborat\u00f3rio \u2014 eletr\u00f4nica (1);<\/li>\n\n\n\n<li>t\u00e9cnico de laborat\u00f3rio \u2014 eletrot\u00e9cnica (1);<\/li>\n\n\n\n<li>t\u00e9cnico de laborat\u00f3rio \u2014 qu\u00edmica (5);<\/li>\n\n\n\n<li>t\u00e9cnico de laborat\u00f3rio \u2014 biot\u00e9rio (1);<\/li>\n\n\n\n<li>t\u00e9cnico em contabilidade (1).<\/li>\n<\/ul><h3 class=\"wp-block-heading\">N\u00edvel superior<\/h3>\n\n\n\n<ul class=\"wp-block-list\"><li>bibliotec\u00e1rio documentalista (6);<\/li>\n\n\n\n<li>arquivista (5);<\/li>\n\n\n\n<li>auditor (2);<\/li>\n\n\n\n<li>bi\u00f3logo (1);<\/li>\n\n\n\n<li>contador (3);<\/li>\n\n\n\n<li>engenheiro el\u00e9trico (1);<\/li>\n\n\n\n<li>engenheiro florestal (1);<\/li>\n\n\n\n<li>engenheiro mec\u00e2nico (2);<\/li>\n\n\n\n<li>farmac\u00eautico (1);<\/li>\n\n\n\n<li>m\u00e9dico \u2014 cardiologia (1);<\/li>\n\n\n\n<li>m\u00e9dico \u2014 dermatologia (1);<\/li>\n\n\n\n<li>m\u00e9dico \u2014 endocrinologia e metabologia (1);<\/li>\n\n\n\n<li>m\u00e9dico \u2014 medicina do trabalho (1);<\/li>\n\n\n\n<li>m\u00e9dico \u2014 cl\u00ednica m\u00e9dica (1);<\/li>\n\n\n\n<li>produtor cultural (2);<\/li>\n\n\n\n<li>psic\u00f3logo organizacional e do trabalho (2).<\/li>\n<\/ul><p><\/p>\n\n\n\n<p>As vagas dispon\u00edveis contam com remunera\u00e7\u00e3o que varia de <strong>R$ 3.029,90 a R$ 4.967,04<\/strong>, al\u00e9m de benef\u00edcios adicionais, como:<\/p>\n\n\n\n<ul class=\"wp-block-list\"><li>aux\u00edlio-alimenta\u00e7\u00e3o no valor de R$ 1.000;<\/li>\n\n\n\n<li>aux\u00edlio-transporte;<\/li>\n\n\n\n<li>ressarcimento de despesas com plano de sa\u00fade.<\/li>\n<\/ul><p>As oportunidades est\u00e3o distribu\u00eddas entre os munic\u00edpios de <strong>Angra dos Reis, Campos dos Goytacazes, Niter\u00f3i, Rio das Ostras, Santo Ant\u00f4nio de P\u00e1dua e Volta Redonda<\/strong>.<\/p>\n\n\n\n<p>O edital tamb\u00e9m prev\u00ea a\u00e7\u00f5es afirmativas, com 20% das vagas reservadas para candidatos negros e 5% destinadas a pessoas com defici\u00eancia (PcD).<\/p>\n\n\n\n<h2 class=\"wp-block-heading\" id=\"requisitos\">Requisitos<\/h2>\n\n\n\n<p>Confira quais s\u00e3o os requisitos exigidos para a participa\u00e7\u00e3o no concurso UFF:<\/p>\n\n\n\n<ul class=\"wp-block-list\"><li>Ter sido aprovado e homologado no Concurso P\u00fablico, na forma estabelecida neste Edital<\/li>\n\n\n\n<li>Ter nacionalidade brasileira ou portuguesa e, neste \u00faltimo caso, estar amparado pelo estatuto de igualdade entre brasileiros e portugueses, nos termos do \u00a71\u00ba, do artigo 12 da Constitui\u00e7\u00e3o Federal<\/li>\n\n\n\n<li>Ter idade m\u00ednima de 18 (dezoito) anos completos na data da posse<\/li>\n\n\n\n<li>Ter aptid\u00e3o f\u00edsica e mental para o exerc\u00edcio das atribui\u00e7\u00f5es do cargo\/\u00e1rea, incluindo a compatibilidade da defici\u00eancia apurada pela Junta M\u00e9dica Oficial da Universidade Federal Fluminense, no caso de candidato inscrito na condi\u00e7\u00e3o de pessoa com defici\u00eancia<\/li>\n\n\n\n<li>Estar em dia com as obriga\u00e7\u00f5es eleitorais<\/li>\n\n\n\n<li>Estar quite com as obriga\u00e7\u00f5es militares, para os candidatos do sexo masculino, respeitado o per\u00edodo \u201centre 1\u00ba de janeiro do ano em que completar 19 (dezenove) e 31 de dezembro do ano em que completar 45 (quarenta e cinco) anos de idade\u201d, em acordo com o artigo 210, do Decreto n\u00ba 57.654, de 20 de janeiro de 1966<\/li>\n\n\n\n<li>Possuir os documentos exigidos para a comprova\u00e7\u00e3o dos requisitos constantes no Anexo I deste Edital, para provimento do cargo\/\u00e1rea a que concorreu, com deferimento da Comiss\u00e3o T\u00e9cnica designada pelo Reitor da Universidade, conforme disposto no subitem 17.2<\/li>\n\n\n\n<li>Estar registrado no respectivo Conselho de Classe, bem como estar inteiramente quite com as demais exig\u00eancias legais do \u00f3rg\u00e3o fiscalizador do exerc\u00edcio profissional, quando for o caso<\/li>\n\n\n\n<li>Apresentar todos os documentos indicados para a posse no cargo\/\u00e1rea a que concorreu, conforme estabelecido no presente Edital, bem como demais documentos requeridos pela Pr\u00f3-Reitoria de Gest\u00e3o de Pessoas da Universidade<\/li>\n\n\n\n<li>Cumprir as exig\u00eancias deste Edital<\/li>\n<\/ul><h2 class=\"wp-block-heading\" id=\"etapas-de-seleo-do-concurso-uff\">Etapas de sele\u00e7\u00e3o do concurso UFF<\/h2>\n\n\n\n<p>Os candidatos do concurso UFF ser\u00e3o avaliados por meio de uma \u00fanica etapa de sele\u00e7\u00e3o, a prova objetiva. <\/p>\n\n\n\n<p>A prova objetiva, de car\u00e1ter eliminat\u00f3rio e classificat\u00f3rio, ser\u00e1 aplicada nas seguintes datas:<\/p>\n\n\n\n<figure class=\"wp-block-image size-full\"><a href=\"https:\/\/www.novaconcursos.com.br\/portal\/wp-content\/uploads\/2025\/05\/horarios-uff.webp\"><img decoding=\"async\" width=\"699\" height=\"108\" src=\"https:\/\/www.novaconcursos.com.br\/portal\/wp-content\/uploads\/2025\/05\/horarios-uff.webp\" alt=\"Tabela de hor\u00e1rios da prova objetiva do concurso UFF!\" class=\"wp-image-283411\" loading=\"lazy\" title=\"\" srcset=\"https:\/\/www.novaconcursos.com.br\/portal\/wp-content\/uploads\/2025\/05\/horarios-uff-300x46.webp 300w, https:\/\/www.novaconcursos.com.br\/portal\/wp-content\/uploads\/2025\/05\/horarios-uff-480x74.webp 480w, https:\/\/www.novaconcursos.com.br\/portal\/wp-content\/uploads\/2025\/05\/horarios-uff.webp 699w\" sizes=\"auto, (max-width: 480px) 100vw, (max-width: 768px) 100vw, (max-width: 1200px) 70vw, 768px\"><\/a><figcaption><\/figcaption><\/figure><p>A avalia\u00e7\u00e3o ser\u00e1 composta por 20 quest\u00f5es de m\u00faltipla escolha de L\u00edngua Portuguesa, 10 quest\u00f5es de No\u00e7\u00f5es B\u00e1sicas de Administra\u00e7\u00e3o P\u00fablica e 35 quest\u00f5es voltadas aos Conhecimentos Espec\u00edficos do cargo.<\/p>\n\n\n\n<p>As provas ocorrer\u00e3o em diversos munic\u00edpios do Estado do Rio de Janeiro, incluindo: Angra dos Reis, Campos dos Goytacazes, Niter\u00f3i, Rio das Ostras, Rio de Janeiro, Santo Ant\u00f4nio de P\u00e1dua, S\u00e3o Gon\u00e7alo e Volta Redonda.<\/p>\n\n\n\n<p>Ser\u00e1 eliminado do concurso, o candidato que:<\/p>\n\n\n\n<ul class=\"wp-block-list\"><li>a) obtiver pontua\u00e7\u00e3o inferior a 8 (oito) pontos na Parte I \u2013 L\u00edngua Portuguesa;<\/li>\n\n\n\n<li>b) obtiver pontua\u00e7\u00e3o inferior a 4 (quatro) pontos na Parte II \u2013 No\u00e7\u00f5es de Administra\u00e7\u00e3o P\u00fablica;<\/li>\n\n\n\n<li>c) obtiver pontua\u00e7\u00e3o inferior a 36 (trinta e seis) pontos na Parte III \u2013 Conhecimentos Espec\u00edficos.<\/li>\n<\/ul><h2 class=\"wp-block-heading\" id=\"materiais-preparatrios-para-o-concurso-uff\">Materiais preparat\u00f3rios para o concurso UFF<\/h2>\n\n\n\n<p>Sabemos que a jornada at\u00e9 a aprova\u00e7\u00e3o em um concurso p\u00fablico pode ser cansativa. No entanto, com uma rotina de estudos bem estruturada, adaptada \u00e0 sua realidade, e com o suporte de materiais de qualidade, a prepara\u00e7\u00e3o para o <strong>concurso UFF<\/strong> pode se tornar muito mais leve e eficiente!<\/p>\n\n\n\n<p>Pensando nisso, a <a href=\"https:\/\/www.novaconcursos.com.br\/apostilas\">Nova Concursos<\/a> oferece a voc\u00ea, concurseiro, os materiais ideais para sua trajet\u00f3ria rumo \u00e0 aprova\u00e7\u00e3o. J\u00e1 s\u00e3o mais de <strong>70 mil alunos aprovados<\/strong>! Com nossos m\u00e9todos de ensino testados e conte\u00fados completos, voc\u00ea tem tudo o que precisa para conquistar sua vaga na Universidade Federal Fluminense.<\/p>\n\n\n\n<p>N\u00e3o perca tempo: conhe\u00e7a os melhores materiais para o <strong>concurso UFF<\/strong> e aproxime-se da sua nomea\u00e7\u00e3o!<\/p>\n\n\n\n<div class=\"nova-continue-reading\">Confira: <a href=\"https:\/\/www.novaconcursos.com.br\/curso-online\/curso-uff-assistente-administracao\">Curso UFF \u2013 Assistente em Administra\u00e7\u00e3o!<\/a><\/div>\n\n\n\n<h3 class=\"wp-block-heading\">Apostila B\u00e1sico para Concursos<\/h3>\n\n\n\n<p>A <strong><a href=\"https:\/\/www.novaconcursos.com.br\/apostila\/basico-concurso?srsltid=AfmBOopqN09QHdt4LNe7lk-bntbmmTY1WXhK5n0Zqc3hiEkLMvWuvbdb\">Apostila B\u00e1sico para Concursos<\/a><\/strong> \u00e9 o ponto de partida ideal para quem deseja se preparar com foco e organiza\u00e7\u00e3o para o <strong>concurso UFF<\/strong>.<\/p>\n\n\n\n<p>O material traz, de forma objetiva e pr\u00e1tica, os principais conte\u00fados cobrados em concursos p\u00fablicos, com quest\u00f5es atualizadas das bancas mais exigentes do pa\u00eds.<\/p>\n\n\n\n<p>Se voc\u00ea est\u00e1 come\u00e7ando a estudar ou precisa reestruturar sua rotina de prepara\u00e7\u00e3o, essa apostila \u00e9 perfeita para garantir uma base s\u00f3lida. Ela oferece um estudo direcionado, ajudando voc\u00ea a dar os primeiros passos rumo \u00e0 aprova\u00e7\u00e3o.<\/p>\n\n\n\n<p>Comece hoje mesmo a construir sua jornada no <strong>concurso UFF<\/strong>!<\/p>\n\n\n\n<h3 class=\"wp-block-heading\">Livro L\u00edngua Portuguesa para Concursos<\/h3>\n\n\n\n<p>O <strong>livro <a href=\"https:\/\/www.novaconcursos.com.br\/apostila\/lingua-portuguesa-concursos?utm_source=google&amp;utm_medium=cpc&amp;utm_campaign=google-gs-apostila-impressa-padrao&amp;gad_source=1&amp;gclid=Cj0KCQiA7se8BhCAARIsAKnF3rwak9OVKwCZPyHPgjqYqoBO8QxrKlI6fagFGeay1fWQnOGZcJBOKoQaApDlEALw_wcB\">L\u00edngua Portuguesa para Concursos<\/a><\/strong> \u00e9 o recurso certo para quem quer se destacar na prova do <strong>concurso UFF<\/strong>!<\/p>\n\n\n\n<p>Com um plano de estudos inteligente, o material orienta seu aprendizado de forma estrat\u00e9gica, permitindo que voc\u00ea se concentre nos temas mais cobrados e relevantes para a banca.<\/p>\n\n\n\n<p>Al\u00e9m disso, o livro apresenta uma an\u00e1lise aprofundada dos conte\u00fados mais recorrentes, com diversas quest\u00f5es comentadas de provas anteriores, que ajudam voc\u00ea a fixar os temas na pr\u00e1tica.<\/p>\n\n\n\n<p>Todo o conte\u00fado \u00e9 organizado de maneira clara e visualmente atrativa, proporcionando uma experi\u00eancia de estudo produtiva e envolvente.<\/p>\n\n\n\n<p>Invista no seu futuro: comece a se preparar com o melhor conte\u00fado para o <strong>concurso UFF<\/strong>!<\/p>\n\n\n\n<h3 class=\"wp-block-heading\">Curso Online Guia da Aprova\u00e7\u00e3o<\/h3>\n\n\n\n<p>O caminho at\u00e9 a aprova\u00e7\u00e3o no <strong>concurso UFF<\/strong> exige mais do que vontade: \u00e9 preciso ter planejamento, foco e as estrat\u00e9gias certas de estudo.<\/p>\n\n\n\n<p>Para ajudar voc\u00ea nessa jornada, criamos o <strong>Curso Online Guia da Aprova\u00e7\u00e3o<\/strong>, com o professor Guilherme Volts. Nesse curso completo, voc\u00ea vai aprender como montar seu cronograma de estudos, aplicar t\u00e9cnicas de revis\u00e3o eficientes, melhorar seu rendimento e praticar com exerc\u00edcios e avalia\u00e7\u00f5es direcionadas.<\/p>\n\n\n\n<p>Com o suporte certo, sua prepara\u00e7\u00e3o pode ser mais produtiva e assertiva.<\/p>\n\n\n\n<div class=\"nova-continue-reading\">Adquira j\u00e1: <a href=\"https:\/\/www.novaconcursos.com.br\/curso-online\/guia-aprovacao\">Curso Guia da Aprova\u00e7\u00e3o!<\/a><\/div>\n\n\n\n<h2 class=\"wp-block-heading\" id=\"conhea-a-uff\">Conhe\u00e7a a UFF<\/h2>\n\n\n\n<p>A <strong>Universidade Federal Fluminense (UFF)<\/strong> \u00e9 uma das institui\u00e7\u00f5es de ensino superior mais respeitadas do pa\u00eds, reconhecida por sua <strong>tradi\u00e7\u00e3o, qualidade acad\u00eamica e relev\u00e2ncia nacional<\/strong>. Fundada em 1960, a UFF se destaca pelo compromisso com a forma\u00e7\u00e3o de profissionais altamente qualificados e pelo incentivo \u00e0 pesquisa, inova\u00e7\u00e3o e extens\u00e3o universit\u00e1ria.<\/p>\n\n\n\n<p>Com sede em Niter\u00f3i (RJ) e unidades em diversos munic\u00edpios do estado, como Angra dos Reis, Campos dos Goytacazes, Santo Ant\u00f4nio de P\u00e1dua, Volta Redonda e Rio das Ostras, a universidade oferece uma ampla estrutura voltada ao ensino e ao desenvolvimento regional.<\/p>\n\n\n\n<p>A UFF tamb\u00e9m se destaca como um dos principais polos de gera\u00e7\u00e3o de conhecimento do Brasil, contribuindo ativamente para o aprimoramento do servi\u00e7o p\u00fablico por meio de concursos que buscam profissionais capacitados para integrar seu quadro t\u00e9cnico-administrativo.<\/p>\n\n\n\n<p>Participar do <strong>concurso UFF<\/strong> \u00e9 uma oportunidade de atuar em uma institui\u00e7\u00e3o de prest\u00edgio, com estabilidade, remunera\u00e7\u00e3o atrativa e benef\u00edcios, al\u00e9m de fazer parte de um ambiente din\u00e2mico e voltado para o crescimento pessoal e profissional.<\/p>\n\n\n\n<h2 class=\"wp-block-heading\" id=\"anlise-do-edital-uff\">An\u00e1lise do edital UFF<\/h2>\n\n\n\n<p>Assista no youtube a an\u00e1lise completa do edital UFF: <\/p>\n\n\n\n<figure class=\"wp-block-embed is-type-video is-provider-youtube wp-block-embed-youtube wp-embed-aspect-16-9 wp-has-aspect-ratio\"><div class=\"wp-block-embed__wrapper\">\n<iframe loading=\"lazy\" title=\"EDITAL PUBLICADO CONCURSO UFF 2025: 105 VAGAS COMO ESTUDAR \ud83d\udd34\" width=\"500\" height=\"281\" src=\"https:\/\/www.youtube.com\/embed\/fK1y0tAD6wY?feature=oembed\" frameborder=\"0\" allow=\"accelerometer; autoplay; clipboard-write; encrypted-media; gyroscope; picture-in-picture; web-share\" referrerpolicy=\"strict-origin-when-cross-origin\" allowfullscreen><\/iframe>\n<\/div><\/figure>","protected":false},"excerpt":{"rendered":"<p>\u00d3timas not\u00edcias! Foi publicado o edital do concurso UFF com 105 vagas para cargos de n\u00edveis m\u00e9dio, t\u00e9cnico e superior. Confira!<\/p>\n","protected":false},"author":54696,"featured_media":283408,"comment_status":"closed","ping_status":"closed","sticky":false,"template":"","format":"standard","meta":{"_acf_changed":false,"footnotes":"","_wp_rev_ctl_limit":""},"categories":[44999,228,44965],"tags":[12972,45005],"class_list":["post-44353","post","type-post","status-publish","format-standard","has-post-thumbnail","hentry","category-concursos","category-noticias","category-rj","tag-concurso-uff","tag-concursos-abertos-rj"],"acf":[],"_links":{"self":[{"href":"https:\/\/www.novaconcursos.com.br\/portal\/wp-json\/wp\/v2\/posts\/44353","targetHints":{"allow":["GET"]}}],"collection":[{"href":"https:\/\/www.novaconcursos.com.br\/portal\/wp-json\/wp\/v2\/posts"}],"about":[{"href":"https:\/\/www.novaconcursos.com.br\/portal\/wp-json\/wp\/v2\/types\/post"}],"author":[{"embeddable":true,"href":"https:\/\/www.novaconcursos.com.br\/portal\/wp-json\/wp\/v2\/users\/54696"}],"replies":[{"embeddable":true,"href":"https:\/\/www.novaconcursos.com.br\/portal\/wp-json\/wp\/v2\/comments?post=44353"}],"version-history":[{"count":17,"href":"https:\/\/www.novaconcursos.com.br\/portal\/wp-json\/wp\/v2\/posts\/44353\/revisions"}],"predecessor-version":[{"id":284219,"href":"https:\/\/www.novaconcursos.com.br\/portal\/wp-json\/wp\/v2\/posts\/44353\/revisions\/284219"}],"wp:featuredmedia":[{"embeddable":true,"href":"https:\/\/www.novaconcursos.com.br\/portal\/wp-json\/wp\/v2\/media\/283408"}],"wp:attachment":[{"href":"https:\/\/www.novaconcursos.com.br\/portal\/wp-json\/wp\/v2\/media?parent=44353"}],"wp:term":[{"taxonomy":"category","embeddable":true,"href":"https:\/\/www.novaconcursos.com.br\/portal\/wp-json\/wp\/v2\/categories?post=44353"},{"taxonomy":"post_tag","embeddable":true,"href":"https:\/\/www.novaconcursos.com.br\/portal\/wp-json\/wp\/v2\/tags?post=44353"}],"curies":[{"name":"wp","href":"https:\/\/api.w.org\/{rel}","templated":true}]}}