{"id":45000,"date":"2024-05-03T12:40:22","date_gmt":"2024-05-03T15:40:22","guid":{"rendered":"http:\/\/www.novaconcursos.com.br\/portal\/?post_type=nc-public-tender&#038;p=45000"},"modified":"2024-12-16T09:31:18","modified_gmt":"2024-12-16T12:31:18","slug":"concurso-ifs-se","status":"publish","type":"post","link":"https:\/\/www.novaconcursos.com.br\/portal\/concursos\/concurso-ifs-se\/","title":{"rendered":"Concurso IFS: Saiu edital com 183 vagas de Professor. At\u00e9 R$10 mil!"},"content":{"rendered":"<p>O novo concurso <strong>IFS (Instituto Federal de Educa\u00e7\u00e3o, Ci\u00eancia e Tecnologia de Sergipe) <\/strong>foi publicado com a oferta de vagas para Professor do Ensino B\u00e1sico, T\u00e9cnico e Tecnol\u00f3gico.<\/p>\n\n\n\n<p>Com vagas para diversas especialidades, o cargo conta com sal\u00e1rios iniciais de at\u00e9 R$10 mil!<\/p>\n\n\n\n<p>Quer participar da sele\u00e7\u00e3o? Saiba mais detalhes a seguir!<\/p>\n\n\n\n<h3 class=\"wp-block-heading\">Resumo do Edital<\/h3>\n\n\n\n<p>Vagas: 183<br>Escolaridade: n\u00edvel superior<br>Sal\u00e1rio: de R$2.437,59 at\u00e9 R$ 10.481,64<br>Per\u00edodo de inscri\u00e7\u00e3o: de 27\/5\/2024 at\u00e9 17\/6\/2024<br>Taxa de inscri\u00e7\u00e3o: R$150,00<br>Prova: 21\/7\/2024<br>Banca: Instituto Verbena<br><a href=\"https:\/\/www.novaconcursos.com.br\/portal\/wp-content\/uploads\/2023\/11\/EDITAL_COMPLETO_FINAL_.pdf\" target=\"_blank\" rel=\"noreferrer noopener\">Baixe o edital.<\/a><\/p>\n\n\n\n<h2 class=\"wp-block-heading\" id=\"como-se-inscrever-no-concurso-do-ifs-2024\">Como se inscrever no concurso do IFS 2024?<\/h2>\n\n\n\n<p>As inscri\u00e7\u00f5es para o concurso do IFS (Instituto Federal de Sergipe) poder\u00e3o ser realizadas no site do <a href=\"https:\/\/sistemas.institutoverbena.ufg.br\/2024\/concurso-ifs-docente\/\" target=\"_blank\" rel=\"noreferrer noopener\">Instituto Verbena<\/a>, banca organizadora, entre os dias <strong>27 de maio de 2024 e o dia 17 de junho de 2024<\/strong>.<\/p>\n\n\n\n<p>Para efetivar a inscri\u00e7\u00e3o no certame IFS, \u00e9 necess\u00e1rio efetuar o pagamento de uma <strong>taxa de inscri\u00e7\u00e3o<\/strong>, at\u00e9 o dia 17 de junho, no valor de R$150,00.<\/p>\n\n\n\n<p>Al\u00e9m disso, haver\u00e1 a<strong> isen\u00e7\u00e3o da taxa <\/strong>para os candidatos que se enquadram nos crit\u00e9rios estabelecidos pelo edital, sendo aqueles inscritos no Cad\u00danico e membros de fam\u00edlias de baixa renda, al\u00e9m de doadores de medula \u00f3ssea em entidades reconhecidas pelo Minist\u00e9rio da Sa\u00fade.<\/p>\n\n\n\n<p><strong>Aten\u00e7\u00e3o!<\/strong> O per\u00edodo para solicita\u00e7\u00e3o da isen\u00e7\u00e3o do certame IFS ser\u00e1 de 27 a 29 de maio de 2024.<\/p>\n\n\n\n<p>Estude para o concurso dos seus sonhos com o\u00a0<strong>M\u00e9todo<\/strong>\u00a0que j\u00e1 ajudou na\u00a0<strong>aprova\u00e7\u00e3o de mais de 70 mil alunos!<\/strong>\u00a0<a href=\"https:\/\/aprovacao.novaconcursos.com.br\/assinatura?promo_creative=Clique+aqui&amp;promo_name=concurso&amp;promo_id=%2Fportal%2Fconcursos%2Fconcurso-ufcspa-rs&amp;promo_position=corpo-texto\" target=\"_blank\" rel=\"noreferrer noopener\" aria-label=\"Clique aqui (abre numa nova aba)\">Clique aqui<\/a>\u00a0\u00a0e saiba mais!<\/p>\n\n\n\n<h2 class=\"wp-block-heading\" id=\"quais-os-cargos-e-vagas-do-concurso-ifs\">Quais os cargos e vagas do concurso IFS?<\/h2>\n\n\n\n<p>O IFS est\u00e1 ofertando <strong>183 vagas de n\u00edvel superior<\/strong> de escolaridade para os cargos de <a href=\"https:\/\/www.novaconcursos.com.br\/apostila\/carreiras-educacionais-professor\">Professor<\/a><strong> <\/strong>do Ensino B\u00e1sico, T\u00e9cnico e Tecnol\u00f3gico.<\/p>\n\n\n\n<p>Confira, a seguir, quais s\u00e3o as <strong>\u00e1reas e especialidades <\/strong>contempladas: <\/p>\n\n\n\n<ul class=\"wp-block-list\"><li>Administra\u00e7\u00e3o (08)<\/li>\n\n\n\n<li>Agronomia (05)<\/li>\n\n\n\n<li>Agroecologia (02)<\/li>\n\n\n\n<li>Alimentos (01)<\/li>\n\n\n\n<li>Arquitetura e Urbanismo (07)<\/li>\n\n\n\n<li>Artes (07)<\/li>\n\n\n\n<li>Biologia (12)<\/li>\n\n\n\n<li>Ci\u00eancias Cont\u00e1beis (02)<\/li>\n\n\n\n<li>Comunica\u00e7\u00e3o Social (01)<\/li>\n\n\n\n<li>Designer de Anima\u00e7\u00e3o (01)<\/li>\n\n\n\n<li>Designer Gr\u00e1fico (01)<\/li>\n\n\n\n<li>Direito (03)<\/li>\n\n\n\n<li>Economia (02)<\/li>\n\n\n\n<li>Educa\u00e7\u00e3o F\u00edsica (03)<\/li>\n\n\n\n<li>Eletr\u00f4nica (02)<\/li>\n\n\n\n<li>Eletrot\u00e9cnica (10)<\/li>\n\n\n\n<li>Engenharia Cartogr\u00e1fica ou Agrimensor (01)<\/li>\n\n\n\n<li>Engenharia Civil (07)<\/li>\n\n\n\n<li>Engenharia Sanit\u00e1ria e Ambiental (01)<\/li>\n\n\n\n<li>Filosofia (05)<\/li>\n\n\n\n<li>F\u00edsica (08)<\/li>\n\n\n\n<li>Gastronomia (01)<\/li>\n\n\n\n<li>Geografia (08)<\/li>\n\n\n\n<li>Hist\u00f3ria (08)<\/li>\n\n\n\n<li>Hotelaria (01)<\/li>\n\n\n\n<li>Inform\u00e1tica (15)<\/li>\n\n\n\n<li>Letras Portugu\u00eas\/Espanhol (05)<\/li>\n\n\n\n<li>Letras Ingl\u00eas (02)<\/li>\n\n\n\n<li>Letras Portugu\u00eas\/Ingl\u00eas (07)<\/li>\n\n\n\n<li>Letras Portugu\u00eas (03)<\/li>\n\n\n\n<li>Libras (01)<\/li>\n\n\n\n<li>Matem\u00e1tica (10)<\/li>\n\n\n\n<li>Nutri\u00e7\u00e3o (03)<\/li>\n\n\n\n<li>Qu\u00edmica (07)<\/li>\n\n\n\n<li>Qu\u00edmica \u2013 Processos Qu\u00edmicos (01)<\/li>\n\n\n\n<li>Qu\u00edmica \u2013 Qu\u00edmica Anal\u00edtica (01)<\/li>\n\n\n\n<li>Pedagogia (02)<\/li>\n\n\n\n<li>Psicologia (03)<\/li>\n\n\n\n<li>Seguran\u00e7a do Trabalho (03)<\/li>\n\n\n\n<li>Sociologia (06)<\/li>\n\n\n\n<li>Turismo (02)<\/li>\n\n\n\n<li>Veterin\u00e1ria (02)<\/li>\n\n\n\n<li>Zootecnia (03)<\/li>\n<\/ul><h2 class=\"wp-block-heading\" id=\"qual-o-salrio-de-um-professor-do-ifs\">Qual o sal\u00e1rio de um Professor do IFS?<\/h2>\n\n\n\n<p>A remunera\u00e7\u00e3o dos Professores no IFS pode chegar <strong>at\u00e9 R$10 mil<\/strong>!<\/p>\n\n\n\n<p>Os sal\u00e1rios para os cargos ofertados variam de acordo com a carga hor\u00e1ria, sendo o vencimento b\u00e1sico para o regime de 20 horas \u00e9 de R$2.437,59 e para o regime de 40 horas semanais, com dedica\u00e7\u00e3o exclusiva, \u00e9 de R$4.875,18. Al\u00e9m disso, a remunera\u00e7\u00e3o \u00e9 constitu\u00edda tamb\u00e9m pela retribui\u00e7\u00e3o por titula\u00e7\u00e3o.<\/p>\n\n\n\n<p>Com isso, para o regime de 20 horas, a remunera\u00e7\u00e3o de Graduados \u00e9 de R$ 2.437,59, Especialistas \u00e9 de R$2.681,35, Mestres \u00e9 de R$3.046,99 e de Doutores \u00e9 de R$3.839,21.<\/p>\n\n\n\n<p>Enquanto os cargos de 40 horas semanais recebem um sal\u00e1rio inicial de R$4.875,18 para Graduados, Especialistas de R$5.850,22, Mestres de R$7.312,77 e Doutores de R$10.481,64.<\/p>\n\n\n\n<h2 class=\"wp-block-heading\" id=\"quais-os-requisitos-para-ingressar-no-concurso-ifs\">Quais os requisitos para ingressar no concurso IFS?<\/h2>\n\n\n\n<p>Para investidura no cargo de Professor no IFS, o candidato dever\u00e1 possuir a <strong>escolaridade <\/strong>e os requisitos de qualifica\u00e7\u00e3o exigidos para o cargo e \u00e1rea. Al\u00e9m de estar em dia com as obriga\u00e7\u00f5es junto ao <strong>conselho de classe<\/strong> para os cargos que assim o exigirem. <\/p>\n\n\n\n<p>Ademais, as exig\u00eancias <strong>b\u00e1sicas<\/strong> para investidura no cargo de Professor no IFS s\u00e3o:<\/p>\n\n\n\n<ul class=\"wp-block-list\"><li>Ter sido aprovado(a) e classificado(a) no concurso p\u00fablico, nas formas estabelecidas no edital.<\/li>\n\n\n\n<li>Ter nacionalidade brasileira ou portuguesa e, no caso de nacionalidade portuguesa, estar amparado(a) pelo Estatuto da Igualdade entre Brasileiros e Portugueses.<\/li>\n\n\n\n<li>No caso de estrangeiro(a), apresentar o visto permanente e documentos legalizados segundo a legisla\u00e7\u00e3o brasileira.<\/li>\n\n\n\n<li>Ter idade m\u00ednima de 18 anos completos na data da posse.<\/li>\n\n\n\n<li>Estar em pleno gozo dos direitos pol\u00edticos.<\/li>\n\n\n\n<li>Estar quite com as obriga\u00e7\u00f5es eleitorais.<\/li>\n\n\n\n<li>Estar quite com as obriga\u00e7\u00f5es do servi\u00e7o militar, para os candidatos do sexo masculino.<\/li>\n\n\n\n<li>N\u00e3o receber proventos de aposentadoria nem qualquer remunera\u00e7\u00e3o de cargo ou emprego p\u00fablico que caracterizem acumula\u00e7\u00e3o il\u00edcita de cargos. <\/li>\n\n\n\n<li>Ter aptid\u00e3o f\u00edsica e mental para o exerc\u00edcio das atribui\u00e7\u00f5es do cargo.<\/li>\n\n\n\n<li>Submeter-se \u00e0 inspe\u00e7\u00e3o m\u00e9dica oficial do Subsistema Integrado de Aten\u00e7\u00e3o \u00e0 Sa\u00fade do Servidor (SIASS), que julgar\u00e1 a sua aptid\u00e3o f\u00edsica e mental para o exerc\u00edcio do cargo.<\/li>\n\n\n\n<li>Para os(as) candidatos(as) com defici\u00eancia, dever\u00e1 ser apresentado laudo m\u00e9dico atestando a esp\u00e9cie e o grau da defici\u00eancia, com expressa refer\u00eancia \u00e0 Classifica\u00e7\u00e3o Internacional de Doen\u00e7as (CID).<\/li>\n\n\n\n<li>Apresentar declara\u00e7\u00e3o de acumula\u00e7\u00e3o ou de n\u00e3o acumula\u00e7\u00e3o de outro cargo p\u00fablico, na forma prevista no art. 37, incisos XVI e XVII, da Constitui\u00e7\u00e3o Federal.<\/li>\n\n\n\n<li>Apresentar declara\u00e7\u00e3o de bens e valores que constituam patrim\u00f4nio.<\/li>\n\n\n\n<li>Apresentar outros documentos que se fizerem necess\u00e1rios, na forma da lei, \u00e0 \u00e9poca da convoca\u00e7\u00e3o, nomea\u00e7\u00e3o e posse.<\/li>\n\n\n\n<li>Outras exig\u00eancias estabelecidas em lei poder\u00e3o ser solicitadas para o desempenho das atribui\u00e7\u00f5es do cargo.<\/li>\n\n\n\n<li>No ato da investidura no cargo, o(a) candidato(a) que n\u00e3o comprovar os requisitos exigidos ser\u00e1 eliminado(a) do presente certame.<\/li>\n<\/ul><h2 class=\"wp-block-heading\" id=\"quais-sero-as-etapas-de-seleo-do-concurso-ifs\">Quais ser\u00e3o as etapas de sele\u00e7\u00e3o do concurso IFS?<\/h2>\n\n\n\n<p>O concurso IFS ser\u00e1 realizado por meio de <strong>tr\u00eas<\/strong> <strong>etapas<\/strong> de sele\u00e7\u00e3o, sendo eles a prova objetiva e prova de desempenho did\u00e1tica, e a prova de t\u00edtulos. <\/p>\n\n\n\n<p>Confira os detalhes sobre cada uma delas!<\/p>\n\n\n\n<h3 class=\"wp-block-heading\">Prova Objetiva<\/h3>\n\n\n\n<p>De car\u00e1ter eliminat\u00f3rio e classificat\u00f3rio, a prova objetiva do IFS ser\u00e1 aplicada no dia <strong>21 de julho de 2024<\/strong>, no per\u00edodo vespertino, no munic\u00edpio de Aracaju\/SE.<\/p>\n\n\n\n<p>A prova ser\u00e1 constitu\u00edda por <strong>60 quest\u00f5es<\/strong> de m\u00faltipla escolha, distribu\u00eddas entre Legisla\u00e7\u00e3o e Conhecimentos Espec\u00edficos, com 30 quest\u00f5es cada. <\/p>\n\n\n\n<p>Avaliada em uma escala de 0 a 10 pontos, ser\u00e1 considerado <strong>aprovado<\/strong> o candidato que obtiver no m\u00ednimo 60 pontos e que n\u00e3o zerar nenhuma das disciplinas.<\/p>\n\n\n\n<h3 class=\"wp-block-heading\">Prova de Desempenho Did\u00e1tica<\/h3>\n\n\n\n<p>A prova de desempenho did\u00e1tica do IFS, de car\u00e1ter eliminat\u00f3rio e classificat\u00f3rio, tem como objetivo apurar a capacidade de organiza\u00e7\u00e3o do trabalho pedag\u00f3gico, de comunica\u00e7\u00e3o e de dom\u00ednio do conte\u00fado. <\/p>\n\n\n\n<p>O candidato dever\u00e1 desenvolver uma\u00a0<strong>aula expositiva<\/strong>, de natureza te\u00f3rica e versar\u00e1 sobre ponto sorteado, e ter\u00e1 o tempo m\u00ednimo de 40 e o m\u00e1ximo de 50 minutos para ser realizada.<\/p>\n\n\n\n<p>A prova valer\u00e1 100,0 pontos e ser\u00e1 <strong>eliminado<\/strong> o candidato que obtiver nota inferior a 60 pontos.<\/p>\n\n\n\n<h3 class=\"wp-block-heading\">Prova de T\u00edtulos<\/h3>\n\n\n\n<p>A prova de t\u00edtulos do concurso IFS, de car\u00e1ter classificat\u00f3rio, considerar\u00e1 as titula\u00e7\u00f5es a seguir:<\/p>\n\n\n\n<ul class=\"wp-block-list\"><li>Titula\u00e7\u00e3o: 40 pontos<\/li>\n\n\n\n<li>Produ\u00e7\u00e3o Cient\u00edfica, T\u00e9cnica, Art\u00edstica e Cultural na \u00c1rea: 20 pontos<\/li>\n\n\n\n<li>Experi\u00eancia Profissional: 40 pontos<\/li>\n<\/ul><h2 class=\"wp-block-heading\" id=\"o-que-cai-na-prova-do-ifs-\">O que cai na prova do IFS? <\/h2>\n\n\n\n<p>De acordo com o edital do IFS, os <strong>conte\u00fados b\u00e1sicos <\/strong>cobrados para todos os cargos s\u00e3o:<\/p>\n\n\n\n<h3 class=\"wp-block-heading\">Legisla\u00e7\u00e3o concurso IFS<\/h3>\n\n\n\n<ul class=\"wp-block-list\"><li>\u00c9tica e fun\u00e7\u00e3o p\u00fablica.<\/li>\n\n\n\n<li>Lei n\u00ba 8.112\/1990 (Regime Jur\u00eddico dos Servidores P\u00fablicos Civis da Uni\u00e3o, das Autarquias e das Funda\u00e7\u00f5es P\u00fablicas Federais).<\/li>\n\n\n\n<li>\u00c9tica no Setor P\u00fablico.<\/li>\n\n\n\n<li>Lei n\u00ba 8.429\/1992 e suas altera\u00e7\u00f5es.<\/li>\n\n\n\n<li>Lei n\u00ba 9.784\/1999 e suas altera\u00e7\u00f5es.<\/li>\n\n\n\n<li>Acesso \u00e0 informa\u00e7\u00e3o: Lei n\u00ba 12.527\/2011 e suas altera\u00e7\u00f5es.<\/li>\n\n\n\n<li>Decreto n\u00ba 7.724\/2024 e suas altera\u00e7\u00f5es.<\/li>\n\n\n\n<li>Decreto n\u00ba 9.830\/2019 e suas altera\u00e7\u00f5es.<\/li>\n\n\n\n<li>Direito Constitucional: direitos e garantias fundamentais, direitos e deveres individuais e coletivos, direito \u00e0 vida, \u00e0 liberdade, \u00e0 igualdade, \u00e0 seguran\u00e7a e \u00e0 propriedade.<\/li>\n\n\n\n<li>Direitos sociais.<\/li>\n\n\n\n<li>Direitos pol\u00edticos.<\/li>\n\n\n\n<li>Poder constituinte.<\/li>\n\n\n\n<li>Constitui\u00e7\u00e3o Federal.<\/li>\n\n\n\n<li>Princ\u00edpios de Direito Administrativo.<\/li>\n\n\n\n<li>Atos Administrativos: elementos e atributos.<\/li>\n\n\n\n<li>Classifica\u00e7\u00f5es e esp\u00e9cies dos atos administrativos.<\/li>\n\n\n\n<li>Anula\u00e7\u00e3o, revoga\u00e7\u00e3o e convalida\u00e7\u00e3o dos atos administrativos.<\/li>\n\n\n\n<li>Compet\u00eancia.<\/li>\n\n\n\n<li>Processos Administrativos.<\/li>\n\n\n\n<li>Improbidade Administrativa.<\/li>\n\n\n\n<li>Agentes p\u00fablicos: agentes pol\u00edticos e servidores p\u00fablicos.<\/li>\n\n\n\n<li>Lei n\u00ba 11.892\/2008 e suas altera\u00e7\u00f5es.<\/li>\n\n\n\n<li>Lei n\u00ba 12.772\/2024 e suas altera\u00e7\u00f5es.<\/li>\n\n\n\n<li>Lei de Diretrizes e Bases da Educa\u00e7\u00e3o (Lei n\u00ba 9.394\/1996).<\/li>\n\n\n\n<li>Plano Nacional da Educa\u00e7\u00e3o (PNE).<\/li>\n\n\n\n<li>Resolu\u00e7\u00e3o CNE\/CEB n\u00ba 01\/2021: Define Diretrizes Curriculares Nacionais para a Educa\u00e7\u00e3o Profissional T\u00e9cnica de N\u00edvel M\u00e9dio.<\/li>\n\n\n\n<li>PPPI\/PDI IFS.<\/li>\n\n\n\n<li>C\u00f3digo de \u00c9tica do Servidor P\u00fablico (Decreto Federal n\u00ba 1.171\/1994).<\/li>\n\n\n\n<li>Fundamentos da Administra\u00e7\u00e3o P\u00fablica: (1. Legalidade. 2. Impessoalidade. 3. Moralidade. 4. Publicidade. 5. Efici\u00eancia)<\/li>\n\n\n\n<li>Organiza\u00e7\u00e3o e estrutura do Estado.<\/li>\n\n\n\n<li>Governan\u00e7a p\u00fablica.<\/li>\n\n\n\n<li>Pol\u00edticas p\u00fablicas.<\/li>\n<\/ul><p>Quer ingressar na carreira p\u00fablica? <a href=\"https:\/\/www.novaconcursos.com.br\/portal\/concursos-abertos\/se\/\">Confira os concursos abertos no estado de Sergipe!<\/a><\/p>\n\n\n\n<h2 class=\"wp-block-heading\" id=\"materiais-preparatrios-para-o-concurso-ifs\">Materiais preparat\u00f3rios para o concurso IFS<\/h2>\n\n\n\n<p>Quer se destacar e conquistar sua vaga no concurso IFS, realizando seu sonho de ingressar na carreira educacional? Para isso, \u00e9 essencial contar com materiais de estudo de qualidade e uma rotina bem estruturada!<\/p>\n\n\n\n<p>Pensando nisso, a\u00a0<a href=\"https:\/\/www.novaconcursos.com.br\/?promo_creative=Nova+Concursos&amp;promo_name=concurso&amp;promo_id=%2Fportal%2Fconcursos%2Fconcurso-prefeitura-de-recife-pe&amp;promo_position=corpo-texto\">Nova Concursos<\/a>\u00a0criou um\u00a0<strong>m\u00e9todo<\/strong>\u00a0de estudo de alta qualidade e materiais completos, pode fazer toda a diferen\u00e7a na sua prepara\u00e7\u00e3o!<\/p>\n\n\n\n<p>A\u00a0Nova Concursos \u00e9 refer\u00eancia em prepara\u00e7\u00e3o para concursos p\u00fablicos, com mais de 10 anos de experi\u00eancia, j\u00e1 ajudamos<strong>\u00a0mais de<\/strong>\u00a0<strong>70 mil alunos aprovados<\/strong>\u00a0a conquistarem suas vagas em carreiras p\u00fablicas.<\/p>\n\n\n\n<p>N\u00e3o perca tempo, invista em nossos materiais e esteja mais perto de conquistar sua vaga no IFS. A pr\u00f3xima pessoa aprovada pode ser voc\u00ea!<\/p>\n\n\n\n<h3 class=\"wp-block-heading\">Apostila Carreiras Educacionais \u2013 Professor <\/h3>\n\n\n\n<p>Nesta apostila voc\u00ea encontrar\u00e1 temas indispens\u00e1veis cobrados nas mais recentes provas de <strong>Carreiras da Educa\u00e7\u00e3o<\/strong> do pa\u00eds para o cargo de Professor do IFS, para come\u00e7ar em vantagem a sua jornada at\u00e9 a aprova\u00e7\u00e3o!<\/p>\n\n\n\n<p>O conte\u00fado te\u00f3rico foi especialmente elaborado abordando assuntos essenciais e frequentes nos editais com conceitos didaticamente organizados por professores especialistas, em uma linguagem pr\u00e1tica e descomplicada. \u00c9 o b\u00e1sico que \u00e9 preciso saber na hora da prova!<\/p>\n\n\n\n<p>Nosso material tamb\u00e9m cont\u00e9m dicas, macetes e exerc\u00edcios extra\u00eddos de provas recentes das principais bancas organizadoras de concursos do Brasil, como CEBRASPE-CESPE, VUNESP, AOCP, QUADRIX, CONSULPLAN, FUNDATEC, FCC, para que voc\u00ea conhe\u00e7a o perfil de quest\u00f5es das organizadoras e isso ser\u00e1 um diferencial no seu aprendizado.<\/p>\n\n\n\n<p>A Nova Concursos j\u00e1 pensou em tudo para te ajudar focar no que realmente importa. <a href=\"https:\/\/www.novaconcursos.com.br\/apostila\/carreiras-educacionais-professor\">Confira o material aqui<\/a> e comece a se preparar para o certame IFS! <\/p>\n\n\n\n<h3 class=\"wp-block-heading\">Apostila Conhecimentos Pedag\u00f3gicos para Concursos<\/h3>\n\n\n\n<p>Prepare-se para alcan\u00e7ar o sucesso no concurso IFS com a nossa apostila Conhecimentos Pedag\u00f3gicos para Concursos!<\/p>\n\n\n\n<p>Este material ser\u00e1 uma ferramenta essencial para otimizar seu tempo de prepara\u00e7\u00e3o e aumentar suas chances de aprova\u00e7\u00e3o. Desenvolvida cuidadosamente ap\u00f3s uma an\u00e1lise do nosso time editorial para abranger o b\u00e1sico e essencial referente a conte\u00fados pedag\u00f3gicos, nossa apostila \u00e9 uma fonte completa de conhecimento e pr\u00e1tica e foi produzida por nossos professores especialistas na \u00e1rea.<\/p>\n\n\n\n<p><strong>O que voc\u00ea encontrar\u00e1 em nossa apostila?<\/strong><\/p>\n\n\n\n<p><strong>Roteiro de estudos personalizado:<\/strong> Um guia com o passo a passo que direciona seu estudo de forma eficiente, proporcionando uma jornada objetiva com o que voc\u00ea realmente precisa estudar.<\/p>\n\n\n\n<p><strong>Assuntos mais cobrados:<\/strong> Uma an\u00e1lise detalhada a partir das estat\u00edsticas de concursos anteriores, apresentando os itens de maior relev\u00e2ncia cobrados nos \u00faltimos anos; isso permite que voc\u00ea foque seus esfor\u00e7os nas \u00e1reas que necessitam de maior aten\u00e7\u00e3o e dedica\u00e7\u00e3o.<\/p>\n\n\n\n<p><strong>Plano estrat\u00e9gico:<\/strong> Itens extremamente importantes selecionados por especialistas para maximizar seu desempenho durante a prova, incluindo boxes interativos, fluxogramas, tabelas e mnem\u00f4nicos em abordagens eficazes para te ajudar nos mais diferentes tipos de quest\u00f5es e perfis de bancas.<\/p>\n\n\n\n<p><strong>Material visualmente estimulante:<\/strong> Conte\u00fado organizado de forma clara, para uma leitura confort\u00e1vel, tornando o processo de aprendizado mais din\u00e2mico e envolvente.<\/p>\n\n\n\n<p><strong>Conte\u00fado on-line em PDF para download:<\/strong> Para facilitar a leitura da legisla\u00e7\u00e3o com os artigos mais relevantes comentados, disponibilizamos em PDF para download na sua \u00e1rea do aluno o conte\u00fado com as Legisla\u00e7\u00f5es mais cobradas.<\/p>\n\n\n\n<p><a href=\"https:\/\/www.novaconcursos.com.br\/apostila\/conhecimentos-pedagogicos-concursos\">Adquira agora a apostila<\/a> Conhecimentos Pedag\u00f3gicos para Concursos e d\u00ea o passo decisivo em dire\u00e7\u00e3o \u00e0 sua aprova\u00e7\u00e3o no IFS.<\/p>\n\n\n\n<h2 class=\"wp-block-heading\" id=\"como-foi-o-ltimo-concurso-ifs-\">Como foi o \u00faltimo concurso IFS? <\/h2>\n\n\n\n<p>O \u00faltimo certame do Instituto Federal de Sergipe (IFS) foi publicado em<strong> 2016<\/strong>. \u00c0 \u00e9poca foram publicados dois editais para Professor e T\u00e9cnico, com a oferta de<strong> 28 vagas<\/strong>, distribu\u00eddas entre:<\/p>\n\n\n\n<p><strong>T\u00e9cnico-Administrativo em Educa\u00e7\u00e3o<\/strong><\/p>\n\n\n\n<ul class=\"wp-block-list\"><li>N\u00edvel T\u00e9cnico\n<ul class=\"wp-block-list\"><li>Desenhista \u2013 Projetista (01)<\/li>\n\n\n\n<li>Desenhista de Artes Gr\u00e1ficas (01)<\/li>\n\n\n\n<li>Diagramador (01)<\/li>\n\n\n\n<li>T\u00e9cnico em Arquivo (02)<\/li>\n\n\n\n<li>T\u00e9cnico em Enfermagem (03)<\/li>\n\n\n\n<li>T\u00e9cnico em Laborat\u00f3rio Agroind\u00fastria e Alimentos (01)<\/li>\n\n\n\n<li>T\u00e9cnico em Laborat\u00f3rio Qu\u00edmica (01)<\/li>\n<\/ul><\/li>\n<\/ul><ul class=\"wp-block-list\"><li>N\u00edvel Superior\n<ul class=\"wp-block-list\"><li>Engenheiro Eletricista (01)<\/li>\n\n\n\n<li>Regente (01)<\/li>\n\n\n\n<li>Revisor de Texto (01)<\/li>\n\n\n\n<li>Tecn\u00f3logo em Recursos Humanos (01)<\/li>\n\n\n\n<li>Tecn\u00f3logo em Gest\u00e3o P\u00fablica (02)<\/li>\n<\/ul><\/li>\n<\/ul><p>Os cargos de n\u00edvel m\u00e9dio\/t\u00e9cnico, fizeram jus a um sal\u00e1rio inicial de <strong>R$ 2.051,90<\/strong>. J\u00e1 os cargos de n\u00edvel superior receberam <strong>R$ 3.868,21<\/strong>.<\/p>\n\n\n\n<p>Al\u00e9m disso, o cargo recebia os benef\u00edcios de Incentivo \u00e0 Qualifica\u00e7\u00e3o, Aux\u00edlio Alimenta\u00e7\u00e3o, Aux\u00edlio Transporte, Aux\u00edlio Pr\u00e9-Escolar, Sa\u00fade Suplementar e outros. <\/p>\n\n\n\n<p><strong>Professor Ensino B\u00e1sico, T\u00e9cnico e Tecnol\u00f3gico<\/strong><\/p>\n\n\n\n<ul class=\"wp-block-list\"><li>N\u00edvel Superior\n<ul class=\"wp-block-list\"><li>Administra\u00e7\u00e3o (01)<\/li>\n\n\n\n<li>Hist\u00f3ria (01)<\/li>\n\n\n\n<li>Eletr\u00f4nica I (01)<\/li>\n\n\n\n<li>Eletr\u00f4nica II (01)<\/li>\n\n\n\n<li>Seguran\u00e7a do Trabalho I (01)<\/li>\n\n\n\n<li>Seguran\u00e7a do Trabalho II (01)<\/li>\n\n\n\n<li>Arquitetura (02)<\/li>\n\n\n\n<li>Engenharia Civil (01)<\/li>\n\n\n\n<li>Inform\u00e1tica I (01)<\/li>\n\n\n\n<li>Inform\u00e1tica II (01)<\/li>\n\n\n\n<li>Inform\u00e1tica II (01)<\/li>\n<\/ul><\/li>\n<\/ul><p>O cargo de Professor do IFS fazia jus a <strong>sal\u00e1rios<\/strong> de at\u00e9 R$9 mil. <\/p>\n\n\n\n<p>Al\u00e9m da remunera\u00e7\u00e3o o servidor teve direito aos<strong> aux\u00edlios<\/strong> de aux\u00edlio-Alimenta\u00e7\u00e3o, estipulado em R$ 458,00 e aux\u00edlio Pr\u00e9-Escolar, estipulado em R$ 321,00\u00a0para dependentes com idade inferior a 06 anos.<\/p>\n\n\n\n<h3 class=\"wp-block-heading\">Etapas de Sele\u00e7\u00e3o do \u00faltimo concurso IFS<\/h3>\n\n\n\n<p>O certame do IFS foi realizado em etapas distintas entre os cargos. Confira mais detalhes abaixo:<\/p>\n\n\n\n<h4 class=\"wp-block-heading\">T\u00e9cnico-Administra\u00e7\u00e3o em Educa\u00e7\u00e3o<\/h4>\n\n\n\n<p>A sele\u00e7\u00e3o do IFS para T\u00e9cnico foi realizada somente pela\u00a0<strong>prova objetiva<\/strong>. De car\u00e1ter eliminat\u00f3rio e classificat\u00f3rio, a prova foi composta por <strong>70 quest\u00f5es<\/strong> de m\u00faltipla escolha. <\/p>\n\n\n\n<p>A prova foi avaliada em uma escala de 0 \u00e0 120 pontos e foi <strong>eliminado\u00a0<\/strong>o candidato que n\u00e3o atingiu, cumulativamente 75\u00a0 pontos do total da prova e 55\u00a0pontos da \u00e1rea de conhecimentos espec\u00edficos.<\/p>\n\n\n\n<h4 class=\"wp-block-heading\">Professor Ensino B\u00e1sico, T\u00e9cnico e Tecnol\u00f3gico<\/h4>\n\n\n\n<p>J\u00e1 para Professor, o certame IFS foi realizado em tr\u00eas etapas, sendo a Prova Dissertativa, a Prova Did\u00e1tica e a Prova de T\u00edtulos.<\/p>\n\n\n\n<p><strong>Prova Dissertativa<\/strong><\/p>\n\n\n\n<p>De cunho classificat\u00f3rio e eliminat\u00f3rio, a prova foi constitu\u00edda da <strong>elabora\u00e7\u00e3o de uma disserta\u00e7\u00e3o<\/strong>, sobre um assunto sorteado 15 minutos antes do in\u00edcio da prova.<\/p>\n\n\n\n<p><strong>Prova Did\u00e1tica<\/strong><\/p>\n\n\n\n<p>A prova did\u00e1tica, de car\u00e1ter classificat\u00f3rio e eliminat\u00f3rio, constou de <strong>uma aula expositiva<\/strong> cujo tema ser\u00e1 sorteado com 24 horas de anteced\u00eancia da data e hor\u00e1rio previamente marcados para cada candidato.<\/p>\n\n\n\n<p><strong>Prova de T\u00edtulos<\/strong><\/p>\n\n\n\n<p>Nesta etapa foram consideradas as <strong>titula\u00e7\u00f5es<\/strong> de forma\u00e7\u00e3o acad\u00eamica, experi\u00eancia profissional e\/ou pedag\u00f3gica, aprova\u00e7\u00e3o em concurso p\u00fablico na \u00e1rea de ensino e trabalhos publicados e apresenta\u00e7\u00f5es<\/p>","protected":false},"excerpt":{"rendered":"<p>O novo concurso IFS (Instituto Federal de Educa\u00e7\u00e3o, Ci\u00eancia e Tecnologia de Sergipe) foi publicado com a oferta de vagas para Professor do Ensino B\u00e1sico, T\u00e9cnico e Tecnol\u00f3gico.<\/p>\n<p>Com vagas para diversas especialidades, o cargo conta com sal\u00e1rios iniciais de at\u00e9 R$10 mil!<\/p>\n<p>Quer participar da sele\u00e7\u00e3o? Saiba mais detalhes a seguir!<\/p>\n","protected":false},"author":54684,"featured_media":231648,"comment_status":"closed","ping_status":"closed","sticky":false,"template":"","format":"standard","meta":{"_acf_changed":false,"footnotes":"","_wp_rev_ctl_limit":""},"categories":[44999],"tags":[],"class_list":["post-45000","post","type-post","status-publish","format-standard","has-post-thumbnail","hentry","category-concursos"],"acf":[],"_links":{"self":[{"href":"https:\/\/www.novaconcursos.com.br\/portal\/wp-json\/wp\/v2\/posts\/45000","targetHints":{"allow":["GET"]}}],"collection":[{"href":"https:\/\/www.novaconcursos.com.br\/portal\/wp-json\/wp\/v2\/posts"}],"about":[{"href":"https:\/\/www.novaconcursos.com.br\/portal\/wp-json\/wp\/v2\/types\/post"}],"author":[{"embeddable":true,"href":"https:\/\/www.novaconcursos.com.br\/portal\/wp-json\/wp\/v2\/users\/54684"}],"replies":[{"embeddable":true,"href":"https:\/\/www.novaconcursos.com.br\/portal\/wp-json\/wp\/v2\/comments?post=45000"}],"version-history":[{"count":33,"href":"https:\/\/www.novaconcursos.com.br\/portal\/wp-json\/wp\/v2\/posts\/45000\/revisions"}],"predecessor-version":[{"id":295945,"href":"https:\/\/www.novaconcursos.com.br\/portal\/wp-json\/wp\/v2\/posts\/45000\/revisions\/295945"}],"wp:featuredmedia":[{"embeddable":true,"href":"https:\/\/www.novaconcursos.com.br\/portal\/wp-json\/wp\/v2\/media\/231648"}],"wp:attachment":[{"href":"https:\/\/www.novaconcursos.com.br\/portal\/wp-json\/wp\/v2\/media?parent=45000"}],"wp:term":[{"taxonomy":"category","embeddable":true,"href":"https:\/\/www.novaconcursos.com.br\/portal\/wp-json\/wp\/v2\/categories?post=45000"},{"taxonomy":"post_tag","embeddable":true,"href":"https:\/\/www.novaconcursos.com.br\/portal\/wp-json\/wp\/v2\/tags?post=45000"}],"curies":[{"name":"wp","href":"https:\/\/api.w.org\/{rel}","templated":true}]}}