{"id":45036,"date":"2026-01-21T11:24:10","date_gmt":"2026-01-21T14:24:10","guid":{"rendered":"http:\/\/www.novaconcursos.com.br\/portal\/?post_type=nc-public-tender&#038;p=45036"},"modified":"2026-01-21T11:24:15","modified_gmt":"2026-01-21T14:24:15","slug":"concurso-pm-go","status":"publish","type":"post","link":"https:\/\/www.novaconcursos.com.br\/portal\/concursos\/concurso-pm-go\/","title":{"rendered":"Concurso PM GO: Edital solicitado com 180 vagas!"},"content":{"rendered":"<p>O concurso PM GO \u00e9 a pr\u00f3xima sele\u00e7\u00e3o prevista pela Pol\u00edcia Militar do Estado de Goi\u00e1s para o refor\u00e7o do efetivo em diversos munic\u00edpios goianos. O novo edital est\u00e1 em fase de planejamento e atende \u00e0 necessidade de recomposi\u00e7\u00e3o do quadro de servidores da corpora\u00e7\u00e3o, considerada estrat\u00e9gica para a seguran\u00e7a p\u00fablica estadual.<\/p>\n\n\n\n<p>O concurso PM GO ofertar\u00e1 cerca de <strong>180 vagas. <\/strong>As oportunidades devem contemplar as carreiras de<strong> Oficiais e Pra\u00e7as<\/strong>. O certame para Oficiais \u00e9 aguardado desde mar\u00e7o, e a expectativa \u00e9 de que os detalhes sobre o novo edital sejam divulgados em breve.<\/p>\n\n\n\n<p>Com sal\u00e1rios iniciais que variam de <mark style=\"background-color:#8ed1fc\" class=\"has-inline-color\">R$ 7,8 mil a R$ 17 mil<\/mark>, a sele\u00e7\u00e3o surge como uma chance imperd\u00edvel para quem busca estabilidade e uma carreira de prest\u00edgio na seguran\u00e7a p\u00fablica. Se voc\u00ea ficou interessado(a), continue comigo e saiba tudo sobre o <strong>concurso PM GO<\/strong>.<\/p>\n\n\n\n<h2 class=\"wp-block-heading\" id=\"concurso-pm-go-situao-atual\">Concurso PM GO: Situa\u00e7\u00e3o atual!<\/h2>\n\n\n\n<p>Informa\u00e7\u00f5es reveladas pelo comandante-geral da Pol\u00edcia Militar de Goi\u00e1s (PM GO), coronel Marcelo Granja, no dia 10 de outubro, durante solenidade da Opera\u00e7\u00e3o de Est\u00e1gio Supervisionado do Curso de Forma\u00e7\u00e3o de Pra\u00e7as, reacenderam as expectativas dos concurseiros que aguardam um novo concurso p\u00fablico da corpora\u00e7\u00e3o.<\/p>\n\n\n\n<p>Durante o evento, o comandante confirmou a inten\u00e7\u00e3o da PM GO em ampliar o efetivo em todo o estado e atender \u00e0s demandas de seguran\u00e7a p\u00fablica, por meio de um novo edital, que dependendo do andamento dos tr\u00e2mites, pode ser publicado em 2026.<\/p>\n\n\n\n<blockquote class=\"wp-block-quote is-layout-flow wp-block-quote-is-layout-flow\">\n<p><em>\u201cEstamos com algumas discuss\u00f5es para um novo certame, pois a Pol\u00edcia Militar tem que estar presente nos 246 munic\u00edpios.\u201d<\/em> <\/p>\n<\/blockquote>\n\n\n\n<p>A possibilidade de um novo concurso PM GO vem sendo comentada desde 2024, quando o ent\u00e3o comandante-geral, coronel Durvalino C\u00e2mara, revelou que o edital estava em fase de planejamento e que a solicita\u00e7\u00e3o seria encaminhada em breve. O certame deve contemplar tanto as carreiras de pra\u00e7as, quanto as de oficiais.<\/p>\n\n\n\n<p>Al\u00e9m disso, em mar\u00e7o, a Associa\u00e7\u00e3o dos Oficiais da Pol\u00edcia e do Corpo de Bombeiros Militar do Estado de Goi\u00e1s (ASSOF-GO), por meio do presidente coronel Cardoso, refor\u00e7ou o pedido de um novo concurso ao governador Ronaldo Caiado. <strong>A solicita\u00e7\u00e3o prev\u00ea um edital com 180 vagas para oficiais<\/strong>.<\/p>\n\n\n\n<p>Durante a mesma ocasi\u00e3o, o coronel Marcelo Granja parabenizou o governador pela nomea\u00e7\u00e3o de 299 aprovados do \u00faltimo concurso PM GO e destacou a import\u00e2ncia de novos certames para suprir as necessidades da corpora\u00e7\u00e3o.<\/p>\n\n\n<div class=\"wp-block-image\">\n<figure class=\"aligncenter size-large is-resized\"><img decoding=\"async\" width=\"1024\" height=\"910\" src=\"https:\/\/www.novaconcursos.com.br\/portal\/wp-content\/uploads\/2022\/04\/PM-GO-1024x910.webp\" alt=\"Coronel Cardoso solicita novo concurso PM GO\" class=\"wp-image-276272\" style=\"width:576px;height:auto\" loading=\"lazy\" title=\"\" srcset=\"https:\/\/www.novaconcursos.com.br\/portal\/wp-content\/uploads\/2022\/04\/PM-GO-300x267.webp 300w, https:\/\/www.novaconcursos.com.br\/portal\/wp-content\/uploads\/2022\/04\/PM-GO-480x427.webp 480w, https:\/\/www.novaconcursos.com.br\/portal\/wp-content\/uploads\/2022\/04\/PM-GO-768x683.webp 768w, https:\/\/www.novaconcursos.com.br\/portal\/wp-content\/uploads\/2022\/04\/PM-GO-1024x910.webp 1024w, https:\/\/www.novaconcursos.com.br\/portal\/wp-content\/uploads\/2022\/04\/PM-GO-1536x1365.webp 1536w, https:\/\/www.novaconcursos.com.br\/portal\/wp-content\/uploads\/2022\/04\/PM-GO-2048x1820.webp 2048w\" sizes=\"auto, (max-width: 480px) 100vw, (max-width: 768px) 100vw, (max-width: 1200px) 70vw, 768px\"><figcaption class=\"wp-element-caption\">Novo edital para Oficiais do concurso PM GO  \u00e9 solicitado! <\/figcaption><\/figure><\/div>\n\n\n<blockquote class=\"wp-block-quote is-layout-flow wp-block-quote-is-layout-flow\">\n<p>\u201c<em>A Associa\u00e7\u00e3o dos Oficiais solicita, de forma urgente, a abertura de concurso p\u00fablico para o Curso de Forma\u00e7\u00e3o de Oficiais da PM GO. Essa medida \u00e9 fundamental para garantir a reposi\u00e7\u00e3o constante dos quadros e assegurar a efic\u00e1cia do comando estrat\u00e9gico, contribuindo para o bem-estar de toda a sociedade goiana<\/em>\u201c, declarou Cardoso.<\/p>\n<\/blockquote>\n\n\n\n<p>O coronel destacou que a prioridade do certame se d\u00e1 devido \u00e0 extensa forma\u00e7\u00e3o de um Oficial, que demanda reposi\u00e7\u00e3o cont\u00ednua. O Curso de Forma\u00e7\u00e3o de Oficiais (CFO) dura dois anos, tornando essencial o planejamento antecipado para garantir profissionais aptos ao servi\u00e7o.<\/p>\n\n\n\n<h2 class=\"wp-block-heading\" id=\"salrios-do-concurso-pm-go\">Sal\u00e1rios do concurso PM GO<\/h2>\n\n\n\n<p>O Governo de Goi\u00e1s anunciou um <strong>reajuste salarial de 25,6%<\/strong> para os servidores da Pol\u00edcia Militar de Goi\u00e1s (PM GO). A medida representa um avan\u00e7o na pol\u00edtica de valoriza\u00e7\u00e3o da carreira militar e atinge todas as patentes e gradua\u00e7\u00f5es, desde os cargos iniciais at\u00e9 os postos mais elevados da corpora\u00e7\u00e3o.<\/p>\n\n\n\n<p>Com a atualiza\u00e7\u00e3o nos valores, a nova tabela de remunera\u00e7\u00e3o passa a refletir ganhos significativos para pra\u00e7as, oficiais e cadetes, o que tamb\u00e9m aumenta o interesse de quem acompanha o concurso PM GO, j\u00e1 que a melhoria salarial torna a carreira ainda mais atrativa para novos candidatos.<\/p>\n\n\n\n<p>A seguir, confira os valores atualizados conforme a estrutura hier\u00e1rquica da corpora\u00e7\u00e3o:<\/p>\n\n\n\n<h3 class=\"wp-block-heading\">Pra\u00e7as<\/h3>\n\n\n\n<ul class=\"wp-block-list\"><li>Soldado 2\u00aa Classe: R$ 9.812,66<\/li>\n\n\n\n<li>Soldado 1\u00aa Classe: R$ 10.277,56<\/li>\n\n\n\n<li>Cabo: R$ 10.562,94<\/li>\n\n\n\n<li>3\u00ba Sargento: R$ 12.340,38<\/li>\n\n\n\n<li>2\u00ba Sargento: R$ 14.312,60<\/li>\n\n\n\n<li>1\u00ba Sargento: R$ 16.284,60<\/li>\n\n\n\n<li>Subtenente: R$ 20.375,20<\/li>\n<\/ul><h3 class=\"wp-block-heading\">Oficiais<\/h3>\n\n\n\n<ul class=\"wp-block-list\"><li>Aspirante: R$ 18.814,41<\/li>\n\n\n\n<li>2\u00ba Tenente: R$ 22.113,97<\/li>\n\n\n\n<li>1\u00ba Tenente: R$ 24.966,96<\/li>\n\n\n\n<li>Capit\u00e3o: R$ 24.976,96<\/li>\n\n\n\n<li>Major: R$ 39.311,87<\/li>\n\n\n\n<li>Tenente-Coronel: R$ 43.755,87<\/li>\n\n\n\n<li>Coronel: R$ 48.541,61<\/li>\n<\/ul><h3 class=\"wp-block-heading\">Cadetes<\/h3>\n\n\n\n<ul class=\"wp-block-list\"><li>Cadete 1\u00ba Ano: R$ 12.283,48<\/li>\n\n\n\n<li>Cadete 2\u00ba Ano: R$ 13.675,48<\/li>\n\n\n\n<li>Cadete 3\u00ba Ano: R$ 15.066,32<\/li>\n<\/ul><p><\/p>\n\n\n\n<p>Al\u00e9m de beneficiar os atuais servidores, o reajuste tamb\u00e9m refor\u00e7a a atratividade da Pol\u00edcia Militar como op\u00e7\u00e3o profissional no estado. Isso porque a nova faixa remunerat\u00f3ria impacta diretamente o planejamento de quem est\u00e1 se preparando para o concurso PM GO, especialmente para cargos de ingresso, como Soldado, e para o ingresso em forma\u00e7\u00e3o, como Cadete.<\/p>\n\n\n\n<p>A remunera\u00e7\u00e3o \u00e9 um dos principais fatores considerados pelos candidatos, junto com estabilidade, progress\u00e3o na carreira e estrutura do servi\u00e7o p\u00fablico, o que tende a ampliar a procura por informa\u00e7\u00f5es sobre edital, requisitos, etapas e prepara\u00e7\u00e3o para a sele\u00e7\u00e3o.<\/p>\n\n\n\n<h2 class=\"wp-block-heading\" id=\"o-que-preciso-para-ser-um-pm-go\">O que \u00e9 preciso para ser um PM GO?<\/h2>\n\n\n\n<p>A carreira na Pol\u00edcia Militar de Goi\u00e1s (PM GO) sempre atrai muitos candidatos pela estabilidade, seguran\u00e7a p\u00fablica e esp\u00edrito de miss\u00e3o. <\/p>\n\n\n\n<p>Para ingressar na corpora\u00e7\u00e3o \u00e9 imprescind\u00edvel conhecer os requisitos exigidos nas sele\u00e7\u00f5es anteriores e as peculiaridades de cada cargo. A seguir, confira quais foram os \u00faltimos requisitos exigidos no \u00faltimo concurso PM GO para cada carreira: <\/p>\n\n\n\n<h4 class=\"wp-block-heading\">Cadete \u2013 Pol\u00edcia Militar<\/h4>\n\n\n\n<ul class=\"wp-block-list\"><li>Aprova\u00e7\u00e3o pr\u00e9via neste Concurso P\u00fablico;<\/li>\n\n\n\n<li>Ser brasileiro nato;<\/li>\n\n\n\n<li>Estar quite com as obriga\u00e7\u00f5es eleitorais;<\/li>\n\n\n\n<li>Estar quite com as obriga\u00e7\u00f5es militares, para os candidatos do sexo masculino;<\/li>\n\n\n\n<li>Encontrar-se em pleno gozo de seus direitos pol\u00edticos e civis;<\/li>\n\n\n\n<li>N\u00e3o estar incompatibilizado para nova investidura em cargo p\u00fablico;<\/li>\n\n\n\n<li>Comprovar a escolaridade exigida para o exerc\u00edcio do cargo para o qual se inscreveu (bacharel em direito), conforme estabelecido neste Edital;<\/li>\n\n\n\n<li>Ter aptid\u00e3o f\u00edsica e mental e n\u00e3o apresentar defici\u00eancia que o incapacite para o exerc\u00edcio das fun\u00e7\u00f5es do cargo para o qual concorre;<\/li>\n\n\n\n<li>Ter idade m\u00ednima de 18 (dezoito) anos na posse e m\u00e1xima de 32 (trinta e dois) anos completados at\u00e9 o \u00faltimo dia previsto para inscri\u00e7\u00e3o no respectivo concurso p\u00fablico.<\/li>\n\n\n\n<li>Se Pra\u00e7a, estar classificado, no m\u00ednimo, no comportamento \u201cBOM\u201d;<\/li>\n\n\n\n<li>Se Militar, n\u00e3o figurar como indiciado em Inqu\u00e9rito Policial Militar ou Conselho de Disciplina e\/ou Conselho de \u00c9tica e Disciplina, n\u00e3o responder a processo criminal relativo a fato ocorrido em consequ\u00eancia do servi\u00e7o que constitu\u00eda il\u00edcito infamante, lesivo \u00e0 honra ou ao pudor militar;<\/li>\n\n\n\n<li>Ter altura m\u00ednima de 1,65 m. (um metro e sessenta e cinco cent\u00edmetros) para candidatos do sexo masculino e 1,60 m. (um metro e sessenta cent\u00edmetros) para candidatos do sexo feminino;<\/li>\n\n\n\n<li>Ter bons antecedentes e idoneidade moral;<\/li>\n\n\n\n<li>N\u00e3o ter sofrido condena\u00e7\u00e3o criminal com pena privativa de liberdade, medida de seguran\u00e7a ou qualquer condena\u00e7\u00e3o incompat\u00edvel com a fun\u00e7\u00e3o Policial Militar;<\/li>\n\n\n\n<li>Ser habilitado no m\u00ednimo na categoria \u201cB\u201d ou superior mediante apresenta\u00e7\u00e3o da Carteira Nacional de Habilita\u00e7\u00e3o \u2013 CNH na data da posse.<\/li>\n<\/ul><h4 class=\"wp-block-heading\">2\u00ba Tenente \u2013 Pol\u00edcia Militar (M\u00e9dicos, Odont\u00f3logos e Psic\u00f3logos)<\/h4>\n\n\n\n<ul class=\"wp-block-list\"><li>Aprova\u00e7\u00e3o pr\u00e9via neste Concurso P\u00fablico;<\/li>\n\n\n\n<li>Ser brasileiro nato;<\/li>\n\n\n\n<li>Ter o n\u00edvel de escolaridade e forma\u00e7\u00e3o, exigidos para o exerc\u00edcio do cargo, dentro das respectivas especialidades;<\/li>\n\n\n\n<li>Estar quite com as obriga\u00e7\u00f5es eleitorais;<\/li>\n\n\n\n<li>Estar quite com as obriga\u00e7\u00f5es militares, para os candidatos do sexo masculino;<\/li>\n\n\n\n<li>Encontrar-se em pleno gozo de seus direitos pol\u00edticos e civis;<\/li>\n\n\n\n<li>N\u00e3o estar incompatibilizado para nova investidura em cargo p\u00fablico;<\/li>\n\n\n\n<li>Comprovar a escolaridade exigida para o exerc\u00edcio do cargo\/especialidade para o qual se Inscreveu, no prazo estabelecido por este Edital.<\/li>\n\n\n\n<li>Ter aptid\u00e3o f\u00edsica e mental e n\u00e3o apresentar defici\u00eancia que o incapacite para o exerc\u00edcio das fun\u00e7\u00f5es do cargo para o qual concorre;<\/li>\n\n\n\n<li>Ter idade m\u00e1xima de at\u00e9 35 (trinta e cinco) anos na data de publica\u00e7\u00e3o deste Edital;<\/li>\n\n\n\n<li>Se Pra\u00e7a, estar classificado, no m\u00ednimo, no comportamento \u201cBOM\u201d;<\/li>\n\n\n\n<li>Se Militar, n\u00e3o figurar como indiciado em Inqu\u00e9rito Policial Militar ou Conselho de Disciplina e\/ou Conselho de \u00c9tica e Disciplina, n\u00e3o estar respondendo a processo criminal relativo a fato ocorrido em consequ\u00eancia do servi\u00e7o que constitu\u00eda il\u00edcito infamante, lesivo \u00e0 honra ou ao pudor militar;<\/li>\n\n\n\n<li>Ter altura m\u00ednima de 1,65 m. (um metro e sessenta e cinco cent\u00edmetros) para candidatos do sexo masculino e 1,60 m. (um metro e sessenta cent\u00edmetros) para candidatos do sexo feminino;<\/li>\n\n\n\n<li>N\u00e3o ter sofrido condena\u00e7\u00e3o criminal com pena privativa de liberdade, medida de seguran\u00e7a ou qualquer condena\u00e7\u00e3o incompat\u00edvel com a fun\u00e7\u00e3o Policial Militar;<\/li>\n\n\n\n<li>N\u00e3o ter sido dispensado de Corpora\u00e7\u00e3o das For\u00e7as Armadas, por incapacidade f\u00edsica, definitiva ou moral, ou por motivo considerado incompat\u00edvel com as exig\u00eancias para a fun\u00e7\u00e3o Policial Militar, de acordo com a legisla\u00e7\u00e3o em vigor;<\/li>\n\n\n\n<li>Ser habilitado no m\u00ednimo na categoria \u201cB\u201d ou superior mediante apresenta\u00e7\u00e3o da Carteira Nacional de Habilita\u00e7\u00e3o \u2013 CNH na data da posse.<\/li>\n<\/ul><h4 class=\"wp-block-heading\">Soldado 2\u00aa Classe Combatente e M\u00fasico<\/h4>\n\n\n\n<ul class=\"wp-block-list\"><li>Aprova\u00e7\u00e3o pr\u00e9via neste Concurso P\u00fablico;<\/li>\n\n\n\n<li>Ter nacionalidade brasileira ou gozar das prerrogativas dos Decretos Federais N\u00ba 70.391\/72 e N\u00ba 70.436\/72 e art. 12, \u00a7 1\u00ba, da Constitui\u00e7\u00e3o Federal;<\/li>\n\n\n\n<li>Estar quite com as obriga\u00e7\u00f5es eleitorais;<\/li>\n\n\n\n<li>Estar quite com as obriga\u00e7\u00f5es militares, para os candidatos do sexo masculino;<\/li>\n\n\n\n<li>Ter idade m\u00ednima de 18 (dezoito) anos na posse e m\u00e1xima de 30 (trinta) anos de idade da data da publica\u00e7\u00e3o desde Edital;<\/li>\n\n\n\n<li>Ter altura m\u00ednima de 1,65 m. (um metro e sessenta e cinco cent\u00edmetros) para candidatos do sexo masculino e 1,60 m. (um metro e sessenta cent\u00edmetros) para candidatos do sexo feminino;<\/li>\n\n\n\n<li>N\u00e3o ter sofrido condena\u00e7\u00e3o criminal com pena privativa de liberdade, medida de seguran\u00e7a ou qualquer condena\u00e7\u00e3o incompat\u00edvel com a fun\u00e7\u00e3o de Policial Militar;<\/li>\n\n\n\n<li>Ter conclu\u00eddo Curso Superior, conforme a Lei n\u00b0 15.704 de 20 de junho de 2006;<\/li>\n\n\n\n<li>N\u00e3o ter sido dispensado de Corpora\u00e7\u00e3o das For\u00e7as Armadas, por incapacidade f\u00edsica definitiva ou moral, ou por motivo consider\u00e1vel incompat\u00edvel com as exig\u00eancias para a fun\u00e7\u00e3o Policial Militar, de acordo com a legisla\u00e7\u00e3o em vigor;<\/li>\n\n\n\n<li>Se Militar, estar classificado, no m\u00ednimo, no comportamento \u201cBOM\u201d e n\u00e3o figurar como indiciado em Inqu\u00e9rito Policial Militar ou Conselho de Disciplina e\/ou Conselho de \u00c9tica e Disciplina, n\u00e3o responder a processo criminal relativo a fato ocorrido em consequ\u00eancia do servi\u00e7o que constitu\u00eda il\u00edcito infamante, lesivo \u00e0 honra ou ao pudor militar;<\/li>\n\n\n\n<li>N\u00e3o ter sido desligado de estabelecimento militar por motivo disciplinar;<\/li>\n\n\n\n<li>Cumprir na \u00edntegra as determina\u00e7\u00f5es previstas no Edital de abertura do concurso;<\/li>\n\n\n\n<li>Ser habilitado na categoria \u201cB\u201d ou superior, mediante comprova\u00e7\u00e3o de apresenta\u00e7\u00e3o da Carteira Nacional de Habilita\u00e7\u00e3o \u2013 CNH na data da posse.<\/li>\n<\/ul><h2 class=\"wp-block-heading\" id=\"atribuies-da-pm-go\">Atribui\u00e7\u00f5es da PM GO<\/h2>\n\n\n\n<p>Confira as atividades exercidas por cada fun\u00e7\u00e3o na corpora\u00e7\u00e3o, de acordo com o edital mais recente do concurso PM GO:<\/p>\n\n\n\n<h3 class=\"wp-block-heading\">Cadete PM GO<\/h3>\n\n\n\n<p>Respons\u00e1vel pela pol\u00edcia ostensiva e pela preserva\u00e7\u00e3o da ordem p\u00fablica (art. 144, \u00a7 5\u00ba, da Constitui\u00e7\u00e3o Federal\/88). O cargo envolve o exerc\u00edcio de atividades inerentes \u00e0 fun\u00e7\u00e3o policial, compreendendo todos os encargos previstos na legisla\u00e7\u00e3o espec\u00edfica relacionados \u00e0 manuten\u00e7\u00e3o da ordem p\u00fablica no Estado de Goi\u00e1s.<\/p>\n\n\n\n<h3 class=\"wp-block-heading\">2\u00ba Tenente PM GO \u2013 M\u00e9dico<\/h3>\n\n\n\n<p>Executa atividades de pol\u00edcia ostensiva e preserva\u00e7\u00e3o da ordem p\u00fablica (art. 144, \u00a7 5\u00ba, da Constitui\u00e7\u00e3o Federal\/88), desempenhando fun\u00e7\u00f5es inerentes \u00e0 carreira e previstas na legisla\u00e7\u00e3o espec\u00edfica. Atua tamb\u00e9m na \u00e1rea de sa\u00fade da Pol\u00edcia Militar do Estado de Goi\u00e1s, prestando atendimento m\u00e9dico e apoio \u00e0 corpora\u00e7\u00e3o.<\/p>\n\n\n\n<h3 class=\"wp-block-heading\">2\u00ba Tenente PM GO \u2013 Odont\u00f3logo<\/h3>\n\n\n\n<p>Desempenha atividades de pol\u00edcia ostensiva e preserva\u00e7\u00e3o da ordem p\u00fablica (art. 144, \u00a7 5\u00ba, da Constitui\u00e7\u00e3o Federal\/88), al\u00e9m de exercer fun\u00e7\u00f5es relacionadas \u00e0 sa\u00fade bucal dos integrantes da corpora\u00e7\u00e3o. Cabe ao oficial atuar na \u00e1rea odontol\u00f3gica da Pol\u00edcia Militar do Estado de Goi\u00e1s.<\/p>\n\n\n\n<h3 class=\"wp-block-heading\">2\u00ba Tenente PM GO \u2013 Psic\u00f3logo<\/h3>\n\n\n\n<p>Realiza atividades de pol\u00edcia ostensiva e preserva\u00e7\u00e3o da ordem p\u00fablica (art. 144, \u00a7 5\u00ba, da Constitui\u00e7\u00e3o Federal\/88), bem como atua na \u00e1rea de sa\u00fade mental da corpora\u00e7\u00e3o. O profissional \u00e9 respons\u00e1vel por desenvolver a\u00e7\u00f5es psicol\u00f3gicas voltadas ao bem-estar e desempenho dos militares da Pol\u00edcia Militar do Estado de Goi\u00e1s.<\/p>\n\n\n\n<h3 class=\"wp-block-heading\">Soldado 2\u00ba Classe PM GO \u2013 Combatente e M\u00fasico<\/h3>\n\n\n\n<p>Compete \u00e0s Pol\u00edcias Militares a execu\u00e7\u00e3o da pol\u00edcia ostensiva e a preserva\u00e7\u00e3o da ordem p\u00fablica (art. 144, \u00a7 5\u00ba, da Constitui\u00e7\u00e3o Federal\/88). O soldado exerce, essencialmente, a fun\u00e7\u00e3o de execu\u00e7\u00e3o (art. 37 da Lei 8.033\/1975), participando diretamente das a\u00e7\u00f5es de policiamento preventivo e de manuten\u00e7\u00e3o da seguran\u00e7a p\u00fablica.<\/p>\n\n\n\n<h2 class=\"wp-block-heading\" id=\"o-que-cai-na-prova-da-pm-go\">O que cai na prova da PM GO?<\/h2>\n\n\n\n<p>Confira as disciplinas dos conhecimentos b\u00e1sicos, exigidos no \u00faltimo edital do concurso PM GO para Oficiais:<\/p>\n\n\n\n<h3 class=\"wp-block-heading\">L\u00edngua Portuguesa<\/h3>\n\n\n\n<ul class=\"wp-block-list\"><li>Compreens\u00e3o e interpreta\u00e7\u00e3o de texto<\/li>\n\n\n\n<li>Tipologia e g\u00eaneros textuais<\/li>\n\n\n\n<li>Figuras de linguagem<\/li>\n\n\n\n<li>Significa\u00e7\u00e3o de palavras e express\u00f5es<\/li>\n\n\n\n<li>Rela\u00e7\u00f5es de sinon\u00edmia e anton\u00edmia<\/li>\n\n\n\n<li>Ortografia e acentua\u00e7\u00e3o gr\u00e1fica<\/li>\n\n\n\n<li>Uso da crase<\/li>\n\n\n\n<li>Morfologia: classes de palavras e seus empregos no texto<\/li>\n\n\n\n<li>Locu\u00e7\u00f5es verbais (per\u00edfrases verbais)<\/li>\n\n\n\n<li>Fun\u00e7\u00f5es do \u201cque\u201d e do \u201cse\u201d<\/li>\n\n\n\n<li>Elementos de comunica\u00e7\u00e3o e fun\u00e7\u00f5es da linguagem<\/li>\n\n\n\n<li>Coes\u00e3o textual: referencia\u00e7\u00e3o, substitui\u00e7\u00e3o, repeti\u00e7\u00e3o, conectores e tempos verbais<\/li>\n\n\n\n<li>Coer\u00eancia textual<\/li>\n\n\n\n<li>Reescrita de frases e par\u00e1grafos: significa\u00e7\u00e3o, substitui\u00e7\u00e3o de palavras e reorganiza\u00e7\u00e3o estrutural<\/li>\n\n\n\n<li>Sintaxe: rela\u00e7\u00f5es sint\u00e1tico-sem\u00e2nticas, per\u00edodos simples e compostos<\/li>\n\n\n\n<li>Concord\u00e2ncia verbal e nominal<\/li>\n\n\n\n<li>Reg\u00eancia verbal e nominal<\/li>\n\n\n\n<li>Coloca\u00e7\u00e3o pronominal<\/li>\n\n\n\n<li>Emprego dos sinais de pontua\u00e7\u00e3o<\/li>\n\n\n\n<li>Fun\u00e7\u00e3o textual dos voc\u00e1bulos e varia\u00e7\u00e3o lingu\u00edstica<\/li>\n\n\n\n<li>Reda\u00e7\u00e3o Oficial<\/li>\n<\/ul><h3 class=\"wp-block-heading\">Realidade \u00c9tnica, Social, Hist\u00f3rica, Geogr\u00e1fica, Cultural, Pol\u00edtica e Econ\u00f4mica de Goi\u00e1s<\/h3>\n\n\n\n<ul class=\"wp-block-list\"><li>Forma\u00e7\u00e3o econ\u00f4mica de Goi\u00e1s: minera\u00e7\u00e3o no s\u00e9culo XVIII, agropecu\u00e1ria nos s\u00e9culos XIX e XX, ferrovia e moderniza\u00e7\u00e3o, industrializa\u00e7\u00e3o e planejamento<\/li>\n\n\n\n<li>Aspectos f\u00edsicos do territ\u00f3rio: vegeta\u00e7\u00e3o, hidrografia, clima e relevo<\/li>\n\n\n\n<li>Hist\u00f3ria pol\u00edtica de Goi\u00e1s: bandeirantes e coloniza\u00e7\u00e3o, coronelismo, Revolu\u00e7\u00e3o de 1930 e transforma\u00e7\u00f5es pol\u00edticas at\u00e9 os dias atuais<\/li>\n\n\n\n<li>Hist\u00f3ria sociocultural de Goi\u00e1s: povoamento branco, grupos ind\u00edgenas, escravid\u00e3o e cultura negra, movimentos sociais e cultura popular<\/li>\n\n\n\n<li>Atualidades: economia, pol\u00edtica, sociedade e cultura do estado<\/li>\n<\/ul><h2 class=\"wp-block-heading\" id=\"materiais-preparatrios-para-o-concurso-pm-go\">Materiais preparat\u00f3rios para o concurso PM GO<\/h2>\n\n\n\n<p>Quer garantir a aprova\u00e7\u00e3o e est\u00e1 em busca de como se preparar para o concurso PM GO? A jornada pode parecer dif\u00edcil, mas voc\u00ea n\u00e3o est\u00e1 sozinho!<\/p>\n\n\n\n<p>A <a href=\"https:\/\/www.novaconcursos.com.br\/\" data-type=\"link\" data-id=\"https:\/\/www.novaconcursos.com.br\/\">Nova Concursos<\/a> tem a miss\u00e3o de oferecer o apoio necess\u00e1rio para quem busca a t\u00e3o sonhada vaga no servi\u00e7o p\u00fablico. Com um m\u00e9todo eficiente e acess\u00edvel, j\u00e1 ajudamos mais de <strong>70 mil alunos <\/strong>a realizarem esse sonho.<\/p>\n\n\n\n<p>Um desses casos \u00e9 o de Thiago Ribeiro, que, mesmo com uma rotina agitada, aproveitava cada intervalo do dia para estudar. Com o suporte dos materiais da Nova, conquistou sua aprova\u00e7\u00e3o no concurso da Pol\u00edcia Militar.<\/p>\n\n\n\n<p>Quer saber como ele conseguiu? Confira o <a href=\"https:\/\/resultados.novaconcursos.com.br\/pm-sp-entrevista-com-o-aprovado-thiago-ribeiro\" data-type=\"link\" data-id=\"https:\/\/resultados.novaconcursos.com.br\/pm-sp-entrevista-com-o-aprovado-thiago-ribeiro\">depoimento<\/a> e descubra como voc\u00ea tamb\u00e9m pode ser o pr\u00f3ximo aprovado!<\/p>\n\n\n\n<div class=\"nova-continue-reading\">Confira: <a href=\"https:\/\/www.novaconcursos.com.br\/concurso\/pm-go-policia-militar-goias\" data-type=\"link\" data-id=\"https:\/\/www.novaconcursos.com.br\/concurso\/pm-go-policia-militar-goias\">Materiais preparat\u00f3rios para o concurso PM GO<\/a><\/div>\n\n\n\n<h3 class=\"wp-block-heading\">Curso Online PM GO \u2013 Cadete<\/h3>\n\n\n\n<p>O Curso Online PM GO \u2013 Cadete \u00e9 o apoio que voc\u00ea precisa para conquistar sua vaga. Atualizado conforme o \u00faltimo edital, ele oferece aulas organizadas por disciplina, seguindo a mesma ordem do conte\u00fado program\u00e1tico. Com professores experientes, acesso 100% online e ilimitado por 365 dias, voc\u00ea estuda no seu ritmo e de onde quiser. Uma prepara\u00e7\u00e3o pr\u00e1tica, completa e focada no que realmente importa!<\/p>\n\n\n\n<div class=\"nova-continue-reading\">Adquira aqui: <a href=\"https:\/\/www.novaconcursos.com.br\/concurso\/pm-go-policia-militar-goias\" data-type=\"link\" data-id=\"https:\/\/www.novaconcursos.com.br\/concurso\/pm-go-policia-militar-goias\">Curso Online PM GO \u2013 Cadete<\/a><\/div>\n\n\n\n<h3 class=\"wp-block-heading\">Apostila PM GO \u2013 Soldado Combatente<\/h3>\n\n\n\n<p>A <a href=\"https:\/\/www.novaconcursos.com.br\/concurso\/pm-go-policia-militar-goias\/apostilas\" data-type=\"link\" data-id=\"https:\/\/www.novaconcursos.com.br\/concurso\/pm-go-policia-militar-goias\/apostilas\">Apostila PM GO \u2013 Soldado Combatente<\/a> foi desenvolvida conforme o edital mais recente e re\u00fane o conte\u00fado essencial para uma prepara\u00e7\u00e3o completa e eficiente. Com teoria clara, linguagem objetiva e exerc\u00edcios de fixa\u00e7\u00e3o, o material permite estudar com foco no que realmente cai na prova. <\/p>\n\n\n\n<p>Ideal para quem busca praticidade, organiza\u00e7\u00e3o e seguran\u00e7a na prepara\u00e7\u00e3o para conquistar a vaga de Soldado Combatente da Pol\u00edcia Militar de Goi\u00e1s.<\/p>\n\n\n\n<h2 class=\"wp-block-heading\" id=\"quando-foi-o-ltimo-concurso-pm-go\">Quando foi o \u00faltimo concurso PM GO?<\/h2>\n\n\n\n<p>O \u00faltimo concurso da <a href=\"https:\/\/www.pm.go.gov.br\/\" data-type=\"link\" data-id=\"https:\/\/www.pm.go.gov.br\/\" target=\"_blank\" rel=\"noopener\">PM GO<\/a> ocorreu em 2022 e contou com organiza\u00e7\u00e3o do Instituto AOCP. A oferta foi de 1.670 oportunidades, sendo que tais vagas s\u00e3o distribu\u00eddas entre dois editais, um para <strong>Soldado<\/strong> e outro para <strong>Oficial.<\/strong><\/p>\n\n\n\n<p>Confira como foi a distribui\u00e7\u00e3o das <strong>1.520 vagas<\/strong> do edital para Soldado:<\/p>\n\n\n\n<p><strong>Soldado \u2013 N\u00edvel Superior<\/strong><\/p>\n\n\n\n<ul class=\"wp-block-list\"><li>Vagas masculinas \u2013 1.349<\/li>\n\n\n\n<li>Vagas femininas \u2013 151<\/li>\n\n\n\n<li>Total: 1.500 vagas<\/li>\n<\/ul><p><strong>M\u00fasico \u2013 N\u00edvel Superior<\/strong><\/p>\n\n\n\n<ul class=\"wp-block-list\"><li>Clarineta \u2013 03<\/li>\n\n\n\n<li>Percuss\u00e3o \u2013 03<\/li>\n\n\n\n<li>Flauta \u2013 01<\/li>\n\n\n\n<li>Sax alto \u2013 02<\/li>\n\n\n\n<li>Sax tenor \u2013 02<\/li>\n\n\n\n<li>Trombone \u2013 01<\/li>\n\n\n\n<li>Trompete \u2013 02<\/li>\n\n\n\n<li>Tuba \u2013 03<\/li>\n\n\n\n<li>Vocal \u2013 03<\/li>\n\n\n\n<li>Total: 20 vagas<\/li>\n<\/ul><p>A distribui\u00e7\u00e3o das <strong>150 vagas<\/strong> no edital de Oficiais ocorreu da seguinte maneira:<\/p>\n\n\n\n<p><strong>Cadete \u2013 N\u00edvel Superior<\/strong><\/p>\n\n\n\n<ul class=\"wp-block-list\"><li>Vagas masculinas \u2013 90<\/li>\n\n\n\n<li>Vagas femininas \u2013 10<\/li>\n\n\n\n<li>Total: 10 vagas<\/li>\n<\/ul><p><strong>2\u00ba Tenente \u2013 Oficial M\u00e9dico \u2013 N\u00edvel Superior<\/strong><\/p>\n\n\n\n<ul class=\"wp-block-list\"><li>Cl\u00ednica M\u00e9dica \u2013 08<\/li>\n\n\n\n<li>Cardiologia \u2013 04<\/li>\n\n\n\n<li>Pediatria \u2013 02<\/li>\n\n\n\n<li>Ginecologia\/Obstetr\u00edcia \u2013 02<\/li>\n\n\n\n<li>Pneumologia \u2013 01<\/li>\n\n\n\n<li>Endocrinologia \u2013 03<\/li>\n\n\n\n<li>Gastroenterologia \u2013 02<\/li>\n\n\n\n<li>Ortopedia \u2013 02<\/li>\n\n\n\n<li>M\u00e9dico do trabalho\/Per\u00edcia M\u00e9dica \u2013 01<\/li>\n\n\n\n<li>Reumatologia \u2013 01<\/li>\n\n\n\n<li>Cirurgia Geral \u2013 01<\/li>\n\n\n\n<li>Dermatologia \u2013 01<\/li>\n\n\n\n<li>Psiquiatria \u2013 04<\/li>\n\n\n\n<li>Neurologia \u2013 01<\/li>\n\n\n\n<li>Total: 33 vagas<\/li>\n<\/ul><p><strong>Oficial Odontol\u00f3gico<\/strong><\/p>\n\n\n\n<ul class=\"wp-block-list\"><li>Odontologia Cl\u00ednica \u2013 10<\/li>\n\n\n\n<li>Endodontia \u2013 02<\/li>\n\n\n\n<li>Cirurgia Bucomaxilofacial \u2013 01<\/li>\n\n\n\n<li>Total: 13 vagas<\/li>\n<\/ul><p><strong>Oficial Psic\u00f3logos<\/strong><\/p>\n\n\n\n<ul class=\"wp-block-list\"><li>Psicologia \u2013 04<\/li>\n\n\n\n<li>Total: 04 vagas<\/li>\n<\/ul><p>A avalia\u00e7\u00e3o dos candidatos foi feita por meio das seguintes etapas:<\/p>\n\n\n\n<ul class=\"wp-block-list\"><li>Prova objetiva;<\/li>\n\n\n\n<li>Prova discursiva;<\/li>\n\n\n\n<li>Teste de habilidade espec\u00edfica (somente M\u00fasico)<\/li>\n\n\n\n<li>Teste f\u00edsico;<\/li>\n\n\n\n<li>Avalia\u00e7\u00e3o m\u00e9dica e odontol\u00f3gica;<\/li>\n\n\n\n<li>Exame Psicol\u00f3gico;<\/li>\n\n\n\n<li>Avalia\u00e7\u00e3o de Vida Pregressa e Investiga\u00e7\u00e3o Social.<\/li>\n<\/ul><h3 class=\"wp-block-heading\">Prova Objetiva<\/h3>\n\n\n\n<p>Os inscritos na sele\u00e7\u00e3o  responderam a <strong>50 quest\u00f5es<\/strong> de m\u00faltipla escolha acerca dos seguintes <strong>conte\u00fados:<\/strong><\/p>\n\n\n\n<p><strong>Soldado e Cadete<\/strong><\/p>\n\n\n\n<ul class=\"wp-block-list\"><li>Realidade \u00e9tnica, social, hist\u00f3rica, geogr\u00e1fica, cultural, pol\u00edtica e econ\u00f4mica do Estado de Goi\u00e1s;<\/li>\n\n\n\n<li>No\u00e7\u00f5es de Direito:\n<ul class=\"wp-block-list\"><li>Penal;<\/li>\n\n\n\n<li>Constitucional;<\/li>\n\n\n\n<li>Processual Penal;<\/li>\n\n\n\n<li>Administrativo;<\/li>\n\n\n\n<li>Penal Militar;<\/li>\n\n\n\n<li>Processual Penal Militar;<\/li>\n<\/ul><\/li>\n\n\n\n<li>Legisla\u00e7\u00e3o Extravagante.<\/li>\n<\/ul><p><strong>M\u00fasico<\/strong><\/p>\n\n\n\n<ul class=\"wp-block-list\"><li>Realidade \u00e9tnica, social, hist\u00f3rica, geogr\u00e1fica, cultural, pol\u00edtica e econ\u00f4mica do Estado de Goi\u00e1s;<\/li>\n\n\n\n<li>No\u00e7\u00f5es de Direito:\n<ul class=\"wp-block-list\"><li>Constitucional;<\/li>\n\n\n\n<li>Administrativo;<\/li>\n\n\n\n<li>Penal Militar;<\/li>\n<\/ul><\/li>\n\n\n\n<li>Teoria Musical.<\/li>\n<\/ul><p><strong>2\u00ba Tenente<\/strong><\/p>\n\n\n\n<ul class=\"wp-block-list\"><li>Realidade \u00e9tnica, social, hist\u00f3rica, geogr\u00e1fica, cultural, pol\u00edtica e econ\u00f4mica do Estado de Goi\u00e1s;<\/li>\n\n\n\n<li>Conhecimentos Espec\u00edficos do cargo escolhido.<\/li>\n<\/ul><h3 class=\"wp-block-heading\">Teste de Aptid\u00e3o F\u00edsica<\/h3>\n\n\n\n<p>Na etapa de <strong>teste de aptid\u00e3o f\u00edsica<\/strong> os concurseiros passaram pelos seguintes <strong>exerc\u00edcios:<\/strong><\/p>\n\n\n\n<ul class=\"wp-block-list\"><li>Tra\u00e7\u00e3o na Barra Fixa (para sexo masculino)<\/li>\n\n\n\n<li>Tra\u00e7\u00e3o na Barra Isometria (para sexo feminino)<\/li>\n\n\n\n<li>Flex\u00e3o de Bra\u00e7o Sobre o Solo em Quatro Apoios (para sexo masculino)<\/li>\n\n\n\n<li>Flex\u00e3o de Bra\u00e7o Sobre o Solo em Seis Apoios (para sexo feminino)<\/li>\n\n\n\n<li>Abdominal Curl-Up (ambos os sexos)<\/li>\n\n\n\n<li>Nata\u00e7\u00e3o (25 m para ambos os sexos)<\/li>\n<\/ul><h2 class=\"wp-block-heading\" id=\"perguntas-frequentes\">Perguntas frequentes<\/h2>\n\n\n\n<p>Confira as perguntas frequentes sobre o concurso PM GO:<\/p>\n\n\n<div id=\"rank-math-faq\" class=\"rank-math-block\">\n<div class=\"rank-math-list \">\n<div id=\"faq-question-1760444086363\" class=\"rank-math-list-item\">\n<h3 class=\"rank-math-question \">Vai ter concurso PM GO em 2026?<\/h3>\n<div class=\"rank-math-answer \">\n\n<p><strong>Sim<\/strong>, um novo concurso PM GO j\u00e1 est\u00e1 em discuss\u00e3o para 2026.<\/p>\n\n<\/div>\n<\/div>\n<div id=\"faq-question-1760443836972\" class=\"rank-math-list-item\">\n<h3 class=\"rank-math-question \">Qual a idade m\u00e1xima para entrar na PM GO?<\/h3>\n<div class=\"rank-math-answer \">\n\n<p>M\u00e1ximo de <strong>30 anos<\/strong> no ato da inscri\u00e7\u00e3o.<\/p>\n\n<\/div>\n<\/div>\n<div id=\"faq-question-1760444033226\" class=\"rank-math-list-item\">\n<h3 class=\"rank-math-question \">Qual a altura m\u00ednima exigida?<\/h3>\n<div class=\"rank-math-answer \">\n\n<p>Homens: <strong>1,65 m<\/strong>; mulheres: <strong>1,60 m<\/strong>.<\/p>\n\n<\/div>\n<\/div>\n<div id=\"faq-question-1760444140419\" class=\"rank-math-list-item\">\n<h3 class=\"rank-math-question \">Qual o sal\u00e1rio inicial para soldado da PM GO?<\/h3>\n<div class=\"rank-math-answer \">\n\n<p>De acordo com as mudan\u00e7as, o novo sal\u00e1rio de um soldado \u00e9 R$ 9.812,66.<\/p>\n\n<\/div>\n<\/div>\n<div id=\"faq-question-1760444176382\" class=\"rank-math-list-item\">\n<h3 class=\"rank-math-question \">Preciso ter n\u00edvel superior?<\/h3>\n<div class=\"rank-math-answer \">\n\n<p><strong>Sim<\/strong>, para pra\u00e7as (soldado) em qualquer \u00e1rea; para oficiais (cadete) em Direito.<\/p>\n\n<\/div>\n<\/div>\n<\/div>\n<\/div>","protected":false},"excerpt":{"rendered":"<p>O concurso PM GO pode ofertar 180 oportunidades para Pra\u00e7a e Oficial!<\/p>\n","protected":false},"author":54696,"featured_media":294693,"comment_status":"closed","ping_status":"closed","sticky":false,"template":"","format":"standard","meta":{"_acf_changed":false,"footnotes":"","_wp_rev_ctl_limit":""},"categories":[44999,44954,44941],"tags":[36925,45075],"class_list":["post-45036","post","type-post","status-publish","format-standard","has-post-thumbnail","hentry","category-concursos","category-go","category-carreira-policial","tag-concurso-pm-go-2","tag-concursos-abertos-go-2"],"acf":[],"_links":{"self":[{"href":"https:\/\/www.novaconcursos.com.br\/portal\/wp-json\/wp\/v2\/posts\/45036","targetHints":{"allow":["GET"]}}],"collection":[{"href":"https:\/\/www.novaconcursos.com.br\/portal\/wp-json\/wp\/v2\/posts"}],"about":[{"href":"https:\/\/www.novaconcursos.com.br\/portal\/wp-json\/wp\/v2\/types\/post"}],"author":[{"embeddable":true,"href":"https:\/\/www.novaconcursos.com.br\/portal\/wp-json\/wp\/v2\/users\/54696"}],"replies":[{"embeddable":true,"href":"https:\/\/www.novaconcursos.com.br\/portal\/wp-json\/wp\/v2\/comments?post=45036"}],"version-history":[{"count":28,"href":"https:\/\/www.novaconcursos.com.br\/portal\/wp-json\/wp\/v2\/posts\/45036\/revisions"}],"predecessor-version":[{"id":303082,"href":"https:\/\/www.novaconcursos.com.br\/portal\/wp-json\/wp\/v2\/posts\/45036\/revisions\/303082"}],"wp:featuredmedia":[{"embeddable":true,"href":"https:\/\/www.novaconcursos.com.br\/portal\/wp-json\/wp\/v2\/media\/294693"}],"wp:attachment":[{"href":"https:\/\/www.novaconcursos.com.br\/portal\/wp-json\/wp\/v2\/media?parent=45036"}],"wp:term":[{"taxonomy":"category","embeddable":true,"href":"https:\/\/www.novaconcursos.com.br\/portal\/wp-json\/wp\/v2\/categories?post=45036"},{"taxonomy":"post_tag","embeddable":true,"href":"https:\/\/www.novaconcursos.com.br\/portal\/wp-json\/wp\/v2\/tags?post=45036"}],"curies":[{"name":"wp","href":"https:\/\/api.w.org\/{rel}","templated":true}]}}