{"id":45175,"date":"2022-11-30T08:00:35","date_gmt":"2022-11-30T11:00:35","guid":{"rendered":"http:\/\/www.novaconcursos.com.br\/portal\/?post_type=nc-public-tender&#038;p=45175"},"modified":"2024-12-16T09:47:18","modified_gmt":"2024-12-16T12:47:18","slug":"concurso-codesp-rj","status":"publish","type":"post","link":"https:\/\/www.novaconcursos.com.br\/portal\/concursos\/concurso-codesp-rj\/","title":{"rendered":"Concurso Codesp RJ: Sancionada lei que cria 959 vagas!"},"content":{"rendered":"<p>\u00d3tima not\u00edcia chegando: o concurso\u00a0<strong>Codesp RJ\u00a0<\/strong>ter\u00e1 oferta de mais vagas, visto que a lei que cria quase mil novas oportunidades para a institui\u00e7\u00e3o foi sancionada!<\/p>\n<p>S\u00e3o previstos <strong>diversos cargos<\/strong> para tr\u00eas munic\u00edpios do Rio de Janeiro: Varre-Sai, Natividade e Porci\u00fancula.<\/p>\n<p>Se voc\u00ea se interessa pela sele\u00e7\u00e3o, continue nesta p\u00e1gina para ficar por dentro de todos os detalhes!<\/p>\n<ul><li><a class=\"_ps2id\" href=\"#situacao-atual\" data-ps2id-offset=\"\">Situa\u00e7\u00e3o atual<\/a><\/li>\n<li><a class=\"_ps2id\" href=\"#vagas-cargos-salarios\" data-ps2id-offset=\"\">Vagas, cargos e sal\u00e1rios<\/a><\/li>\n<li><a class=\"_ps2id\" href=\"#ultimo-concurso\" data-ps2id-offset=\"\">\u00daltimo concurso<\/a>\n<ul><li><a class=\"_ps2id\" href=\"#requisitos\" data-ps2id-offset=\"\">Requisitos<\/a><\/li>\n<li><a class=\"_ps2id\" href=\"#etapas-provas\" data-ps2id-offset=\"\">Etapas e Provas<\/a><\/li>\n<\/ul><\/li>\n<li><a class=\"_ps2id\" href=\"#sobre-codesp-rj\" data-ps2id-offset=\"\">Sobre o Codesp RJ<\/a><\/li>\n<\/ul><h2 id=\"\"><\/h2>\n<h2 id=\"ps2id-idsituacaoatual-targetconcurso-codesp-rj-situao-atual\">[ps2id id=\u2019situacao-atual\u2019 target=\u201d\/]Concurso Codesp RJ: Situa\u00e7\u00e3o atual<\/h2>\n<p>O Cons\u00f3rcio Intermunicipal para o Desenvolvimento da Sa\u00fade P\u00fablica do <a href=\"https:\/\/www.novaconcursos.com.br\/portal\/concursos-abertos\/rj\/\">Rio de Janeiro<\/a> teve o quadro de pessoal reestruturado.<\/p>\n<p>Ap\u00f3s a san\u00e7\u00e3o da Lei n.\u00ba 1034\/2022, que ocorreu no dia 11 de novembro de 2022,<strong> 959 vagas foram criadas<\/strong> para a institui\u00e7\u00e3o.<\/p>\n<p>Silvestre Jos\u00e9 Gorini, prefeito de Varre-Sai, um dos munic\u00edpios que pode contar com oferta de<strong> oportunidades<\/strong> na pr\u00f3xima sele\u00e7\u00e3o prevista, foi o respons\u00e1vel pela aprova\u00e7\u00e3o da Lei.<\/p>\n<p>Outras<strong> cidades<\/strong> que podem ser contempladas s\u00e3o Natividade e Porci\u00fancula.<\/p>\n<p>No momento, a nova sele\u00e7\u00e3o se encontra em fase de estudos. Para que a <strong>comiss\u00e3o<\/strong> organizadora seja institu\u00edda, ser\u00e1 necess\u00e1rio que um or\u00e7amento destinado ao concurso seja aprovado.<\/p>\n<p>Cabe ressaltar que o certame ainda n\u00e3o foi autorizado, apenas <strong>previsto em lei<\/strong>.<\/p>\n<p>Enquanto o <strong>novo concurso<\/strong> n\u00e3o \u00e9 realizado, \u00e9 prov\u00e1vel que o Codesp RJ contrate profissionais tempor\u00e1rios por meio de processos seletivos. As sele\u00e7\u00f5es devem ter validade de dois anos.<\/p>\n<p>Estude para o concurso dos seus sonhos com o\u00a0<strong>M\u00e9todo<\/strong>\u00a0que j\u00e1 ajudou na\u00a0<strong>aprova\u00e7\u00e3o de mais de 70 mil alunos<\/strong>.\u00a0<a class=\"c-link\" tabindex=\"-1\" href=\"https:\/\/www.novaconcursos.com.br\/eventos\/assinatura?promo_creative=Clique+aqui&amp;promo_name=concurso&amp;promo_id=%2Fportal%2Fconcursos%2Fconcurso-uespi-edital-autorizado-160-vagas&amp;promo_position=corpo-texto\" target=\"_blank\" rel=\"noopener noreferrer\" data-stringify-link=\"https:\/\/www.novaconcursos.com.br\/eventos\/assinatura?promo_creative=Clique+aqui&amp;promo_name=concurso&amp;promo_id=%2Fportal%2Fconcursos%2Fconcurso-uespi-edital-autorizado-160-vagas&amp;promo_position=corpo-texto\" data-sk=\"tooltip_parent\" data-remove-tab-index=\"true\">Clique aqui<\/a>e saiba mais!<\/p>\n<h2 id=\"ps2id-idvagascargossalarios-targetvagas-cargos-e-salrios\">[ps2id id=\u2019vagas-cargos-salarios\u2019 target=\u201d\/]Vagas, cargos e sal\u00e1rios<\/h2>\n<p>Confira a prov\u00e1vel distribui\u00e7\u00e3o de vagas de acordo com os <strong>cargos<\/strong> contemplados na pr\u00f3xima sele\u00e7\u00e3o:<\/p>\n<ul><li>Agente\n<ul><li>Comunit\u00e1rio de Sa\u00fade: 75 vagas<\/li>\n<li>de Endemias: 8 vagas<\/li>\n<li>de Inspe\u00e7\u00e3o Sanit\u00e1ria: 2 vagas<\/li>\n<\/ul><\/li>\n<li>\u00c1rea de Apoio: 14 vagas<\/li>\n<li>Artes\u00e3o: 4 vagas<\/li>\n<li>Assistente Administrativo: 30 vagas<\/li>\n<li>Assistente Social: 16 vagas<\/li>\n<li>Atendente Dispensador: 8 vagas<\/li>\n<li>Atendente\/Recepcionista: 18 vagas<\/li>\n<li>Auxiliar Administrativo: 20 vagas<\/li>\n<li>Auxiliar de\n<ul><li>Cozinha: 15 vagas<\/li>\n<li>Enfermagem: 35 vagas<\/li>\n<li>Sa\u00fade Bucal: 15 vagas<\/li>\n<li>Servi\u00e7os Gerais: 54 vagas<\/li>\n<li>Servi\u00e7os Gerais \u2013 Plantonista: 30 vagas<\/li>\n<\/ul><\/li>\n<li>Copeiro: 9 vagas<\/li>\n<li>Cozinheiro: 12 vagas<\/li>\n<li>Cuidador \u2013 Resid\u00eancia Terap\u00eautica: 13 vagas<\/li>\n<li>Dentista\n<ul><li>Endodontista: 2 vagas<\/li>\n<li>ESF: 20 vagas<\/li>\n<li>Ortodontista: 2 vagas<\/li>\n<\/ul><\/li>\n<li>Digitador: 15 vagas<\/li>\n<li>Educador em Sa\u00fade: 3 vagas<\/li>\n<li>Educador F\u00edsico: 10 vagas<\/li>\n<li>Enfermeiro: 15 vagas<\/li>\n<li>Enfermeiro \u2013 ESF: 24 vagas<\/li>\n<li>Enfermeiro Plantonista: 50 vagas<\/li>\n<li>Facilitador de\n<ul><li>Artes C\u00eanicas: 2 vagas<\/li>\n<li>Artes Marciais: 4 vagas<\/li>\n<li>Artesanato: 4 vagas<\/li>\n<li>M\u00fasica: 3 vagas<\/li>\n<\/ul><\/li>\n<li>Farmac\u00eautico: 10 vagas<\/li>\n<li>Farmac\u00eautico\/Bioqu\u00edmico: 12 vagas<\/li>\n<li>Faturista: 3 vagas<\/li>\n<li>Fisioterapeuta: 20 vagas<\/li>\n<li>Fonoaudi\u00f3logo: 9 vagas<\/li>\n<li>Lavadeira: 8 vagas<\/li>\n<li>Maqueiro: 12 vagas<\/li>\n<li>M\u00e9dico (diversas \u00e1reas): 71 vagas<\/li>\n<li>Motorista: 24 vagas<\/li>\n<li>Motorista de Ambul\u00e2ncia: 12 vagas<\/li>\n<li>Nutricionista: 8 vagas<\/li>\n<li>Pedagogo: 5 vagas<\/li>\n<li>Psic\u00f3logo: 15 vagas<\/li>\n<li>Roupeiro: 9 vagas<\/li>\n<li>Sapateiro Ortop\u00e9dico: 2 vagas<\/li>\n<li>Seguran\u00e7a: 12 vagas<\/li>\n<li>Servente: 15 vagas<\/li>\n<li>Supervisor Cl\u00ednico Institucional: 2 vagas<\/li>\n<li>T\u00e9cnico de\n<ul><li>Imobiliza\u00e7\u00e3o Ortop\u00e9dica: 6 vagas<\/li>\n<li>Manuten\u00e7\u00e3o: 6 vagas<\/li>\n<li>Raio X: 12 vagas<\/li>\n<\/ul><\/li>\n<li>T\u00e9cnico em\n<ul><li>An\u00e1lise Cl\u00ednica: 12 vagas<\/li>\n<li>Enfermagem Diarista: 25 vagas<\/li>\n<li>Enfermagem Plantonista: 94 vagas<\/li>\n<li>Inform\u00e1tica: 4 vagas<\/li>\n<li>Sa\u00fade Bucal: 15 vagas<\/li>\n<\/ul><\/li>\n<li>Terapeuta Ocupacional: 4 vagas<\/li>\n<\/ul><p>\u00a0<\/p>\n<p>Ademais, os <strong>sal\u00e1rios\u00a0<\/strong>dos aprovados podem variar entre R$ 1.212 e R$ 10,5 mil.<\/p>\n<h2 id=\"ps2id-idultimoconcurso-targetltimo-concurso-codesp-rj\">[ps2id id=\u2019ultimo-concurso\u2019 target=\u201d\/]\u00daltimo concurso Codesp RJ<\/h2>\n<p>A \u00faltima sele\u00e7\u00e3o para o Cons\u00f3rcio foi realizada em\u00a0<strong>2017\u00a0<\/strong>sob organiza\u00e7\u00e3o da\u00a0<strong>Gualimp<\/strong>.<\/p>\n<p>\u00c0 \u00e9poca, foram ofertadas\u00a0<strong>171 vagas<\/strong> mais oportunidades de forma\u00e7\u00e3o de cadastro reserva para todos os n\u00edveis de escolaridade. A lota\u00e7\u00e3o se deu nos munic\u00edpios de Natividade e Porci\u00fancula.<\/p>\n<p>Confira a <strong>distribui\u00e7\u00e3o <\/strong>das oportunidades conforme os cargos contemplados:<\/p>\n<p><strong>N\u00edvel Fundamental incompleto<\/strong><\/p>\n<ul><li>Auxiliar de Limpeza: 7 vagas + CR<\/li>\n<li>Artes\u00e3o: 1 vaga + CR<\/li>\n<li>Cozinheiro: CR<\/li>\n<li>Motorista: 7 vagas + CR<\/li>\n<\/ul><p>\u00a0<\/p>\n<p><strong>N\u00edvel Fundamental completo<\/strong><\/p>\n<ul><li>Agente de Endemias: 3 vagas + CR<\/li>\n<li>Atendente Dispensador: CR<\/li>\n<li>Auxiliar Administrativo: 6 vagas + CR<\/li>\n<li>Cuidador (Resid\u00eancia Terap\u00eautica): 5 vagas + CR<\/li>\n<li>Agente Comunit\u00e1rio de Sa\u00fade (diversos PSFs): 45 vagas<\/li>\n<\/ul><p>\u00a0<\/p>\n<p><strong>Ensino M\u00e9dio\/T\u00e9cnico<\/strong><\/p>\n<ul><li>Agente de Inspe\u00e7\u00e3o Sanit\u00e1ria: 1 vaga + CR<\/li>\n<li>Auxiliar de\n<ul><li>Enfermagem: 14 vagas + CR<\/li>\n<li>Enfermagem Plantonista: CR<\/li>\n<li>Sa\u00fade Bucal: 10 vagas + CR<\/li>\n<\/ul><\/li>\n<li>Digitador: 4 vagas<\/li>\n<li>Educador de Sa\u00fade: 2 vagas + CR<\/li>\n<li>T\u00e9cnico em\n<ul><li>Inform\u00e1tica: CR<\/li>\n<li>An\u00e1lises Cl\u00ednicas: CR<\/li>\n<li>Raio X: CR<\/li>\n<\/ul><\/li>\n<li>T\u00e9cnico de Sa\u00fade Bucal: 7 vagas + CR<\/li>\n<li>Prot\u00e9tico: 1 vaga + CR<\/li>\n<\/ul><p>\u00a0<\/p>\n<p><strong>N\u00edvel Superior<\/strong><\/p>\n<ul><li>Assistente Social: 2 vagas + CR<\/li>\n<li>Dentista\n<ul><li>ESF: 4 vagas + CR<\/li>\n<li>Endodontista: 1 vaga + CR<\/li>\n<li>Ortodontista: 1 vaga + CR<\/li>\n<li>Bucomaxilofacial: CR<\/li>\n<li>Periodontista: 1 vaga + CR<\/li>\n<li>Protetista: 1 vaga + CR<\/li>\n<\/ul><\/li>\n<li>Educador F\u00edsico: 1 vaga + CR<\/li>\n<li>Enfermeiro: 3 vagas + CR<\/li>\n<li>Enfermeiro \u2013 ESF: 11 vagas + CR<\/li>\n<li>Enfermeiro Plantonista: CR<\/li>\n<li>Farmac\u00eautico: 1 vaga + CR<\/li>\n<li>Farmac\u00eautico\/Bioqu\u00edmico: 1 vaga + CR<\/li>\n<li>Fisioterapeuta: 1 vaga + CR<\/li>\n<li>Fonoaudi\u00f3logo: CR<\/li>\n<li>M\u00e9dico (diversas especialidades): 23 vagas<\/li>\n<li>Nutricionista: 1 vaga + CR<\/li>\n<li>Psic\u00f3logo: 3 vagas + CR<\/li>\n<li>Terapeuta Ocupacional: 1 vaga + CR<\/li>\n<\/ul><p>\u00a0<\/p>\n<p>As\u00a0<strong>remunera\u00e7\u00f5es\u00a0<\/strong>dos aprovados da \u00e9poca variaram entre R$ 937 e R$ 4,5 mil.<\/p>\n<h3>[ps2id id=\u2019requisitos\u2019 target=\u201d\/]Requisitos<\/h3>\n<p>Confira quais foram os\u00a0<strong>requisitos m\u00ednimos\u00a0<\/strong>exigidos para a investidura nos cargos:<\/p>\n<ul><li>Ser brasileiro nato ou naturalizado, ou, ainda, cidad\u00e3o portugu\u00eas que tenha adquirido igualdade de direitos e obriga\u00e7\u00f5es e gozo dos direitos pol\u00edticos;<\/li>\n<li>Ter completado 18 anos at\u00e9 a data da posse;<\/li>\n<li><strong>Ter, na data da posse, a escolaridade completa ou habilita\u00e7\u00e3o exigida como pr\u00e9-requisito;<\/strong><\/li>\n<li>Apresentar comprovante de resid\u00eancia na \u00e1rea pretendia (para Agente Comunit\u00e1rio de Sa\u00fade).<\/li>\n<\/ul><p>\u00a0<\/p>\n<p>Cabe ressaltar, ainda, que os candidatos ao cargo de\u00a0<strong>Motorista\u00a0<\/strong>deveriam ter CNH D.<\/p>\n<p>Al\u00e9m disso, os concorrentes \u00e0s especialidades com conselho de classe deveriam estar com o\u00a0<strong>registro\u00a0<\/strong>ativo.<\/p>\n<h3>[ps2id id=\u2019etapas-provas\u2019 target=\u201d\/]Etapas e Provas<\/h3>\n<p>Confira as\u00a0<strong>etapas avaliativas\u00a0<\/strong>do certame:<\/p>\n<ul><li>Prova\n<ul><li>Objetiva (eliminat\u00f3ria e classificat\u00f3ria)<\/li>\n<li>Pr\u00e1tica (eliminat\u00f3ria e classificat\u00f3ria, apenas para Motorista)<\/li>\n<li>de T\u00edtulos (classificat\u00f3ria, apenas para n\u00edvel superior)<\/li>\n<\/ul><\/li>\n<\/ul><p>\u00a0<\/p>\n<p>A\u00a0<strong>avalia\u00e7\u00e3o objetiva\u00a0<\/strong>contou com 40 quest\u00f5es e teve dura\u00e7\u00e3o de tr\u00eas horas.<\/p>\n<p>Entre as\u00a0<strong>disciplinas\u00a0<\/strong>cobradas, estavam as seguintes, a depender do cargo:<\/p>\n<ul><li>L\u00edngua Portuguesa<\/li>\n<li>Matem\u00e1tica<\/li>\n<li>No\u00e7\u00f5es B\u00e1sicas de Sa\u00fade P\u00fablica<\/li>\n<li>No\u00e7\u00f5es B\u00e1sicas de Inform\u00e1tica<\/li>\n<li>Conhecimentos em Cl\u00ednica M\u00e9dica<\/li>\n<\/ul><p>\u00a0<\/p>\n<p>Al\u00e9m disso, tamb\u00e9m foram exigidas quest\u00f5es de <strong>Conhecimentos B\u00e1sicos e Espec\u00edficos<\/strong> para todas as carreiras.<\/p>\n<p>Finalmente, os aprovados de n\u00edvel superior foram submetidos \u00e0 <strong>avalia\u00e7\u00e3o de t\u00edtulos<\/strong>.<\/p>\n<p>Veja a <strong>pontua\u00e7\u00e3o\u00a0<\/strong>atribu\u00edda \u00e0s diferentes titula\u00e7\u00f5es:<\/p>\n<p><a href=\"https:\/\/www.novaconcursos.com.br\/portal\/wp-content\/uploads\/2016\/09\/imagem_2022-11-30_122153482.png\"><img decoding=\"async\" class=\"alignnone size-full wp-image-179336\" src=\"https:\/\/www.novaconcursos.com.br\/portal\/wp-content\/uploads\/2016\/09\/imagem_2022-11-30_122153482.png\" alt=\"\" width=\"1010\" height=\"451\" loading=\"lazy\" title=\"\" srcset=\"https:\/\/www.novaconcursos.com.br\/portal\/wp-content\/uploads\/2016\/09\/imagem_2022-11-30_122153482-300x134.png 300w, https:\/\/www.novaconcursos.com.br\/portal\/wp-content\/uploads\/2016\/09\/imagem_2022-11-30_122153482.png 1010w\" sizes=\"auto, (max-width: 480px) 100vw, (max-width: 768px) 100vw, (max-width: 1200px) 70vw, 768px\"><\/a><\/p>\n<p>\u00a0<\/p>\n<p>Confira mais informa\u00e7\u00f5es acerca do \u00faltimo concurso Codesp RJ clicando <a href=\"https:\/\/gualimpconsultoria.com.br\/attachment\/docs\/87%5BDDB43BBD%5D12032018161417.pdf\" target=\"_blank\" rel=\"noopener noreferrer\">aqui<\/a>.<\/p>\n<h2 id=\"ps2id-idsobrecodesprj-targetsobre-o-codesp-rj\">[ps2id id=\u2019sobre-codesp-rj\u2019 target=\u201d\/]Sobre o Codesp RJ<\/h2>\n<p>O <a href=\"https:\/\/www.codesprj.com.br\" target=\"_blank\" rel=\"noopener noreferrer\">Cons\u00f3rcio Intermunicipal para o Desenvolvimento da Sa\u00fade P\u00fablica do Rio de Janeiro<\/a> realiza a ger\u00eancia de programas e servi\u00e7os de sa\u00fade.<\/p>\n<p>Al\u00e9m disso, o Codesp RJ <strong>promove<\/strong> a integra\u00e7\u00e3o dos servi\u00e7os assistenciais e hospitalares da regi\u00e3o, numa rede hierarquizada.<\/p>\n<p>Ademais, a Institui\u00e7\u00e3o <strong>presta servi\u00e7os<\/strong> de sa\u00fade aos consorciados de forma complementar ou suplementar, diretamente ou atrav\u00e9s de parcerias com entidades de direito p\u00fablico ou privado, inclusive Organiza\u00e7\u00f5es Sociais, Organiza\u00e7\u00f5es da Sociedade Civil de Interesse P\u00fablico, Funda\u00e7\u00f5es Estatais de direito p\u00fablico e Funda\u00e7\u00f5es Estatais de direito privado.<\/p>\n<p>\u00a0<\/p>","protected":false},"excerpt":{"rendered":"<p>\u00d3tima not\u00edcia chegando: o concurso Codesp RJ ter\u00e1 oferta de mais vagas, visto que a lei que cria quase mil novas oportunidades para a institui\u00e7\u00e3o foi sancionada!<br \/>\nS\u00e3o previstos diversos cargos para tr\u00eas munic\u00edpios do Rio de Janeiro: Varre-Sai, Natividade e Porci\u00fancula.<\/p>\n","protected":false},"author":16,"featured_media":179356,"comment_status":"closed","ping_status":"closed","sticky":false,"template":"","format":"standard","meta":{"_acf_changed":false,"footnotes":"","_wp_rev_ctl_limit":""},"categories":[44999],"tags":[],"class_list":["post-45175","post","type-post","status-publish","format-standard","has-post-thumbnail","hentry","category-concursos"],"acf":[],"_links":{"self":[{"href":"https:\/\/www.novaconcursos.com.br\/portal\/wp-json\/wp\/v2\/posts\/45175","targetHints":{"allow":["GET"]}}],"collection":[{"href":"https:\/\/www.novaconcursos.com.br\/portal\/wp-json\/wp\/v2\/posts"}],"about":[{"href":"https:\/\/www.novaconcursos.com.br\/portal\/wp-json\/wp\/v2\/types\/post"}],"author":[{"embeddable":true,"href":"https:\/\/www.novaconcursos.com.br\/portal\/wp-json\/wp\/v2\/users\/16"}],"replies":[{"embeddable":true,"href":"https:\/\/www.novaconcursos.com.br\/portal\/wp-json\/wp\/v2\/comments?post=45175"}],"version-history":[{"count":10,"href":"https:\/\/www.novaconcursos.com.br\/portal\/wp-json\/wp\/v2\/posts\/45175\/revisions"}],"predecessor-version":[{"id":264633,"href":"https:\/\/www.novaconcursos.com.br\/portal\/wp-json\/wp\/v2\/posts\/45175\/revisions\/264633"}],"wp:featuredmedia":[{"embeddable":true,"href":"https:\/\/www.novaconcursos.com.br\/portal\/wp-json\/wp\/v2\/media\/179356"}],"wp:attachment":[{"href":"https:\/\/www.novaconcursos.com.br\/portal\/wp-json\/wp\/v2\/media?parent=45175"}],"wp:term":[{"taxonomy":"category","embeddable":true,"href":"https:\/\/www.novaconcursos.com.br\/portal\/wp-json\/wp\/v2\/categories?post=45175"},{"taxonomy":"post_tag","embeddable":true,"href":"https:\/\/www.novaconcursos.com.br\/portal\/wp-json\/wp\/v2\/tags?post=45175"}],"curies":[{"name":"wp","href":"https:\/\/api.w.org\/{rel}","templated":true}]}}