{"id":45515,"date":"2024-08-19T13:38:36","date_gmt":"2024-08-19T16:38:36","guid":{"rendered":"http:\/\/www.novaconcursos.com.br\/portal\/?post_type=nc-public-tender&#038;p=45515"},"modified":"2025-04-10T14:29:49","modified_gmt":"2025-04-10T17:29:49","slug":"concurso-ufes","status":"publish","type":"post","link":"https:\/\/www.novaconcursos.com.br\/portal\/concursos\/concurso-ufes\/","title":{"rendered":"Concurso UFES: Saiu edital com 33 vagas. Iniciais de R$4 mil!"},"content":{"rendered":"<p>O <strong>concurso UFES<\/strong> (Universidade Federal do Esp\u00edrito Santo) est\u00e1 com as inscri\u00e7\u00f5es abertas, com a oferta de vagas para T\u00e9cnico-Administrativo!<\/p>\n\n\n\n<p>A sele\u00e7\u00e3o oferece vagas de n\u00edveis m\u00e9dio t\u00e9cnico e superior, com iniciais de at\u00e9 <strong>R$5,5 mil<\/strong>, incluindo benef\u00edcios!<\/p>\n\n\n\n<p>Quer saber como participar? Confira todo os detalhes aqui!<\/p>\n\n\n\n<h2 class=\"wp-block-heading\" id=\"resumo-do-edital\">Resumo do edital<\/h2>\n\n\n\n<ul class=\"wp-block-list\"><li>Vagas: 33<\/li>\n\n\n\n<li>Cargos: T\u00e9cnico-Administrativo<\/li>\n\n\n\n<li>Escolaridade: n\u00edveis t\u00e9cnico e superior<\/li>\n\n\n\n<li>Sal\u00e1rio inicial: R$2.667,19 e R$4.556,92<\/li>\n\n\n\n<li>Per\u00edodo de inscri\u00e7\u00e3o: 05\/08\/2024 at\u00e9 15\/09\/2024<\/li>\n\n\n\n<li>Taxa de inscri\u00e7\u00e3o: R$120,00 e R$150,00<\/li>\n\n\n\n<li>Prova: 20\/10\/2024<\/li>\n\n\n\n<li>Banca: Progep<\/li>\n\n\n\n<li><a href=\"https:\/\/www.novaconcursos.com.br\/portal\/wp-content\/uploads\/2023\/05\/edital-UFES.pdf\" target=\"_blank\" rel=\"noreferrer noopener\">Edital<\/a><\/li>\n<\/ul><h2 class=\"wp-block-heading\" id=\"como-se-inscrever-no-concurso-ufes-\">Como se inscrever no concurso UFES? <\/h2>\n\n\n\n<p>As inscri\u00e7\u00f5es do concurso UFES j\u00e1 est\u00e3o abertas! O interessado poder\u00e1 realiz\u00e1-la <strong>at\u00e9 \u00e0s 23h59 do dia 14 de setembro de 2024<\/strong>, no site da <a href=\"https:\/\/progep.ufes.br\/concurso2024\" target=\"_blank\" rel=\"noreferrer noopener\">Progep<\/a>, banca organizadora. <\/p>\n\n\n\n<p>Para homologar a candidatura \u00e9 necess\u00e1rio realizar o pagamento da<strong> taxa de inscri\u00e7\u00e3o<\/strong>, at\u00e9 o dia 16 de setembro, no valor de R$120,00 para os cargos de n\u00edvel m\u00e9dio e R$150,00 para n\u00edvel superior.<\/p>\n\n\n\n<p>Houve a oferta de isen\u00e7\u00e3o da taxa para candidatos de baixa renda inscritos no Cad\u00danico e doadores de medula \u00f3ssea. Entretanto, o per\u00edodo foi encerrado no dia 18 de agosto. <\/p>\n\n\n\n<p>Estude para o concurso dos seus sonhos com o\u00a0<strong>M\u00e9todo <\/strong>que j\u00e1 ajudou na\u00a0<strong>aprova\u00e7\u00e3o de mais de 70 mil alunos<\/strong>.\u00a0<a href=\"https:\/\/aprovacao.novaconcursos.com.br\/assinatura?promo_creative=Clique+aqui&amp;promo_name=concurso&amp;promo_id=%2Fportal%2Fconcursos%2Fconcurso-ifmt-tecnico-administrativo&amp;promo_position=corpo-texto\" target=\"_blank\" rel=\"noreferrer noopener\" aria-label=\"Clique aqui (abre numa nova aba)\">Clique aqui <\/a>e saiba mais!<\/p>\n\n\n\n<h2 class=\"wp-block-heading\" id=\"cargos-vagas-e-salrios-do-concurso-ufes-2024\">Cargos, vagas e sal\u00e1rios do concurso UFES 2024<\/h2>\n\n\n\n<p>A <a href=\"https:\/\/www.ufes.br\/\" target=\"_blank\" rel=\"noreferrer noopener\">Universidade Federal do Esp\u00edrito Santo<\/a> est\u00e1 oferecendo <strong>33 vagas imediatas<\/strong> para cargos de n\u00edveis t\u00e9cnico e superior, confira as especialidades:<\/p>\n\n\n\n<p><strong>N\u00edvel t\u00e9cnico<\/strong><\/p>\n\n\n\n<ul class=\"wp-block-list\"><li><a href=\"https:\/\/www.novaconcursos.com.br\/curso-online\/curso-ufes-assistente-administracao\">Assistente em Administra\u00e7\u00e3o<\/a>: 3 vagas<\/li>\n\n\n\n<li>T\u00e9cnico de Laborat\u00f3rio\/\u00c1rea Industrial (Perfil: Geologia e Minera\u00e7\u00e3o): 1 vaga<\/li>\n\n\n\n<li>T\u00e9cnico em Contabilidade: 5 vagas<\/li>\n\n\n\n<li>T\u00e9cnico de Tecnologia da Informa\u00e7\u00e3o: 12 vagas<\/li>\n<\/ul><p><strong>N\u00edvel superior<\/strong><\/p>\n\n\n\n<ul class=\"wp-block-list\"><li>Engenheiro de Seguran\u00e7a do Trabalho: 1 vaga<\/li>\n\n\n\n<li>M\u00e9dico Cl\u00ednico Geral: 1 vaga\n<ul class=\"wp-block-list\"><li>Medicina de Fam\u00edlia e Comunidade: 2 vagas<\/li>\n\n\n\n<li>Psiquiatria: 1 vaga<\/li>\n<\/ul><\/li>\n\n\n\n<li>M\u00e9dico Veterin\u00e1rio\/\u00c1rea Bioexperimenta\u00e7\u00e3o e Responsabilidade T\u00e9cnica: 1 vaga<\/li>\n\n\n\n<li>M\u00e9dico Veterin\u00e1rio\/\u00c1rea Cirurgia de Animais de Companhia: 1 vaga<\/li>\n\n\n\n<li>Ocean\u00f3logo: 1 vaga<\/li>\n\n\n\n<li>Odont\u00f3logo: 2 vagas<\/li>\n\n\n\n<li>Nutricionista: 2 vagas<\/li>\n<\/ul><h3 class=\"wp-block-heading\">Quanto ganha um servidor na UFES?<\/h3>\n\n\n\n<p>O sal\u00e1rio inicial de um T\u00e9cnico-Administrativo na UFES \u00e9 de <strong>R$2.667,19<\/strong> para cargos de n\u00edvel m\u00e9dio e de <strong>R$4.556,92<\/strong> para cargos de n\u00edvel superior. <\/p>\n\n\n\n<p>Al\u00e9m do vencimento b\u00e1sico, a carreira oferece uma s\u00e9rie de <strong>benef\u00edcios<\/strong>, como aux\u00edlio-alimenta\u00e7\u00e3o no valor de R$1.000,00, incentivo \u00e0 qualifica\u00e7\u00e3o conforme a titula\u00e7\u00e3o apresentada, assist\u00eancia \u00e0 sa\u00fade suplementar, aux\u00edlio-transporte, aux\u00edlio pr\u00e9-escolar e aux\u00edlio-natalidade.<\/p>\n\n\n\n<p>Adicionalmente, os servidores poder\u00e3o receber adicionais de insalubridade, periculosidade, irradia\u00e7\u00e3o ionizante ou gratifica\u00e7\u00e3o de Raio X\/Subst\u00e2ncias Radioativas, al\u00e9m do adicional noturno.<\/p>\n\n\n\n<h2 class=\"wp-block-heading\" id=\"quais-so-os-requisitos-do-concurso-ufes\">Quais s\u00e3o os requisitos do concurso UFES?<\/h2>\n\n\n\n<p>Os requisitos necess\u00e1rios para a investidura nos cargos da Universidade Federal do Esp\u00edrito Santo s\u00e3o: <\/p>\n\n\n\n<ul class=\"wp-block-list\"><li>Ter sido aprovado no concurso p\u00fablico;<\/li>\n\n\n\n<li>Ter nacionalidade brasileira ou portuguesa, sendo que, neste \u00faltimo caso, o aprovado dever\u00e1 estar amparado pelo estatuto de igualdade entre brasileiros e portugueses, nos termos do \u00a7 1\u00ba, do Art. 12, da Constitui\u00e7\u00e3o Federal;<\/li>\n\n\n\n<li>Ter idade m\u00ednima de 18 anos completos na data da posse;<\/li>\n\n\n\n<li>Ter aptid\u00e3o f\u00edsica e mental para o exerc\u00edcio das atribui\u00e7\u00f5es do cargo, apuradas pela Per\u00edcia Oficial em Sa\u00fade da Unidade SIASS, apresentando exames\/laudos solicitados;<\/li>\n\n\n\n<li>N\u00e3o acumular cargos, empregos e fun\u00e7\u00f5es p\u00fablicas, exceto aqueles permitidos no Art. 37, inciso XVI, da Constitui\u00e7\u00e3o Federal, com nova reda\u00e7\u00e3o dada pela Emenda Constitucional n\u00ba 34\/2001, assegurada \u00e0 hip\u00f3tese de op\u00e7\u00e3o nos termos da lei, dentro do prazo para a posse, determinado no \u00a7 1\u00ba do Art. 13 da Lei n\u00ba 8.112\/1990;<\/li>\n\n\n\n<li>Estar em dia com as obriga\u00e7\u00f5es eleitorais;<\/li>\n\n\n\n<li>Estar quite com as obriga\u00e7\u00f5es militares;<\/li>\n\n\n\n<li>Possuir a escolaridade exigida para o cargo e registro no Conselho competente, se for o caso, bem como estar inteiramente quite com as demais exig\u00eancias legais do \u00f3rg\u00e3o fiscalizador e demais exig\u00eancias de habilita\u00e7\u00e3o para o exerc\u00edcio do cargo; e<\/li>\n\n\n\n<li>Apresentar documenta\u00e7\u00e3o que comprove o cumprimento dos requisitos previstos no edital.<\/li>\n<\/ul><h2 class=\"wp-block-heading\" id=\"etapas-de-seleo-do-concurso-ufes\">Etapas de sele\u00e7\u00e3o do concurso UFES<\/h2>\n\n\n\n<p>O concurso da UFES ser\u00e1 realizado em at\u00e9 duas etapas de sele\u00e7\u00e3o, as <strong>provas objetiva e pr\u00e1tica<\/strong>, ambas de car\u00e1ter eliminat\u00f3rio e classificat\u00f3rio. <\/p>\n\n\n\n<p>A prova pr\u00e1tica ser\u00e1 realizada apenas pelos candidatos ao cargo de M\u00e9dico Veterin\u00e1rio, na \u00e1rea de cirurgia de animais de companhia. <\/p>\n\n\n\n<h3 class=\"wp-block-heading\">Prova Objetiva<\/h3>\n\n\n\n<p>A prova objetiva ser\u00e1 aplicada no dia<strong> 20 de outubro de 2024<\/strong>, com in\u00edcio \u00e0s 14h e ter\u00e1 dura\u00e7\u00e3o de at\u00e9 3 horas. <\/p>\n\n\n\n<p>Os locais ser\u00e3o divulgados na data prov\u00e1vel de 07 de outubro de 2024, no site do certame. <\/p>\n\n\n\n<p>A avalia\u00e7\u00e3o ser\u00e1 composta por <strong>40 quest\u00f5es<\/strong> de m\u00faltipla escolha, sendo 20 quest\u00f5es de conhecimentos gerais e 20 de conhecimentos espec\u00edficos. <\/p>\n\n\n\n<p>As disciplinas cobradas na prova de conhecimentos gerais, para todos os cargos, s\u00e3o L\u00edngua Portuguesa (10) e Racioc\u00ednio L\u00f3gico e Quantitativo (10). <\/p>\n\n\n\n<p>A prova ser\u00e1 avaliada em um total de 60 pontos, sendo que cada quest\u00e3o de conhecimentos gerais valer\u00e1 1 ponto, enquanto as de conhecimentos espec\u00edficos valer\u00e1 2 pontos.<\/p>\n\n\n\n<p>Ser\u00e1 <strong>eliminado<\/strong> do concurso o candidato que obter uma pontua\u00e7\u00e3o inferior a 50% do total m\u00e1ximo de pontos poss\u00edveis; ou que n\u00e3o obtenha nenhum ponto em uma das \u00e1reas de Conhecimentos Gerais e Conhecimentos Espec\u00edficos.<\/p>\n\n\n\n<h3 class=\"wp-block-heading\">Prova Pr\u00e1tica<\/h3>\n\n\n\n<p>A prova pr\u00e1tica consistir\u00e1 da <strong>realiza\u00e7\u00e3o de um procedimento cir\u00fargico<\/strong>, ou de procedimento de simula\u00e7\u00e3o cir\u00fargica, para avalia\u00e7\u00e3o do desempenho pr\u00e1tico e das habilidades do candidato. <\/p>\n\n\n\n<p>A banca far\u00e1 o sorteio de 1 dos 5 temas constantes no conte\u00fado program\u00e1tico da prova pr\u00e1tica e, dentro do tema sorteado, ser\u00e1 definido o procedimento a ser realizado.<\/p>\n\n\n\n<p>Avaliada em at\u00e9 60 pontos, ser\u00e1 <strong>eliminado <\/strong>o candidato que obtiver nota inferior a 50% do total de pontos na prova. <\/p>\n\n\n\n<h2 class=\"wp-block-heading\" id=\"o-que-estudar-para-o-concurso-ufes\">O que estudar para o concurso UFES?<\/h2>\n\n\n\n<p>Conforme o edital UFES, os conte\u00fados gerais, cobrados para todos os cargos da UFES ser\u00e3o: <\/p>\n\n\n\n<p><em>L\u00edngua Portuguesa <\/em><\/p>\n\n\n\n<ul class=\"wp-block-list\"><li>Aplica\u00e7\u00e3o de diversos recursos interpretavos que possibilitem analisar as diferentes linguagens, entre as quais se destacam a l\u00edngua portuguesa, a literatura, as artes pl\u00e1scas, o design, as linguagens digitais, entre outras.<\/li>\n\n\n\n<li>Estudos sem\u00e2ncos: implica\u00e7\u00f5es, sinon\u00edmia, anton\u00edmia, anomalia, ambiguidade, vagueza, pap\u00e9is tem\u00e1cos, prot\u00f3pos e met\u00e1foras.<\/li>\n\n\n\n<li>Fatores de textualidade.<\/li>\n\n\n\n<li>Elementos de ortografia e gram\u00e1ca. <\/li>\n\n\n\n<li>Rela\u00e7\u00f5es morfossint\u00e1co-sem\u00e2ncas de palavras, express\u00f5es e estruturas oracionais. <\/li>\n\n\n\n<li>Concord\u00e2ncia nominal e verbal.<\/li>\n\n\n\n<li>Variedades do Portugu\u00eas (uso formal e informal).<\/li>\n\n\n\n<li>Compreens\u00e3o do uso da l\u00edngua portuguesa como fator de constru\u00e7\u00e3o de idendades.<\/li>\n\n\n\n<li>Aspectos gerais da reda\u00e7\u00e3o oficial e as comunica\u00e7\u00f5es oficiais.<\/li>\n\n\n\n<li>Fundamentos da elabora\u00e7\u00e3o normava, t\u00e9cnica normativa e atos normativos.<\/li>\n<\/ul><p><em>Racioc\u00ednio L\u00f3gico e Quantitativo <\/em><\/p>\n\n\n\n<ul class=\"wp-block-list\"><li>Conjuntos, conjuntos num\u00e9ricos, opera\u00e7\u00f5es com n\u00fameros reais;<\/li>\n\n\n\n<li>Fun\u00e7\u00f5es afins e quadr\u00e1cas;<\/li>\n\n\n\n<li>Equa\u00e7\u00f5es lineares e quadr\u00e1cas, sistemas de equa\u00e7\u00f5es lineares;<\/li>\n\n\n\n<li>Divis\u00e3o proporcional, raz\u00e3o e propor\u00e7\u00e3o, regras de tr\u00eas simples e composta,<br>porcentagem;<\/li>\n\n\n\n<li>Juros simples e compostos;<\/li>\n\n\n\n<li>Rela\u00e7\u00e3o entre grandezas: tabelas e gr\u00e1ficos;<\/li>\n\n\n\n<li>Sistemas de medidas usuais;<\/li>\n\n\n\n<li>Princ\u00edpio Fundamental da Contagem;<\/li>\n\n\n\n<li>No\u00e7\u00f5es de probabilidade e estasca;<\/li>\n\n\n\n<li>Racioc\u00ednio l\u00f3gico;<\/li>\n\n\n\n<li>Resolu\u00e7\u00e3o de situa\u00e7\u00f5es-problema.<\/li>\n<\/ul><h2 class=\"wp-block-heading\" id=\"materiais-para-estudar-para-o-concurso-ufes\">Materiais para estudar para o concurso UFES<\/h2>\n\n\n\n<p>Para destacar e conquistar sua vaga no concurso UFES, \u00e9 essencial contar com\u00a0bons materiais\u00a0de estudo e uma\u00a0rotina estruturada!<\/p>\n\n\n\n<p>Pensando nisso, a Nova Concursos desenvolveu um\u00a0m\u00e9todo\u00a0de estudo que vai impulsionar sua prepara\u00e7\u00e3o!<\/p>\n\n\n\n<p>Somos reconhecidos por oferecer materiais pr\u00e1ticos e eficazes, que j\u00e1 contribu\u00edram para a\u00a0<strong>aprova\u00e7\u00e3o\u00a0de mais de\u00a070 mil candidatos\u00a0em concursos p\u00fablicos<\/strong> em todo o pa\u00eds.<\/p>\n\n\n\n<p>N\u00e3o perca tempo! Inicie seus estudos com os materiais da\u00a0<a href=\"https:\/\/www.novaconcursos.com.br\/portal\/concursos-abertos\/\">Nova Concursos<\/a>\u00a0\u00a0e conquiste sua vaga. O pr\u00f3ximo aprovado pode ser voc\u00ea!<\/p>\n\n\n\n<h3 class=\"wp-block-heading\">Curso Online UFES \u2013 Assistente em Administra\u00e7\u00e3o<\/h3>\n\n\n\n<p>A Nova Concursos possui diversos\u00a0cursos online para te ajudar a ser aprovado(a) no concurso UFES!<\/p>\n\n\n\n<p>Os cursos est\u00e3o\u00a0<strong>de acordo com o edital publicado <\/strong>publicado em 26 de maio de 2023, estando completo com as mais recentes atualiza\u00e7\u00f5es!<\/p>\n\n\n\n<p>Al\u00e9m disso, as aulas s\u00e3o organizadas por disciplina e assuntos, seguindo a mesma ordem do edital, visando uma prepara\u00e7\u00e3o eficiente ao candidato.<\/p>\n\n\n\n<p>Os cursos oferecem professores especializados e com ampla experi\u00eancia em concursos p\u00fablicos, aulas na mesma ordem do edital, facilitando a organiza\u00e7\u00e3o dos seus estudos.<\/p>\n\n\n\n<p>O material \u00e9 100% online para voc\u00ea assistir de onde quiser (com acesso \u00e0 internet), seja pelo computador, tablet ou smartphone, com acesso ilimitado.<\/p>\n\n\n\n<p>H\u00e1 mais de 10 anos, preparamos e ajudamos candidatos a ingressar nas carreiras p\u00fablicas!<\/p>\n\n\n\n<p><a href=\"https:\/\/www.novaconcursos.com.br\/curso-online\/curso-ufes-assistente-administracao\">Adquira o material aqui<\/a> e comece a se preparar agora mesmo!<\/p>\n\n\n\n<h3 class=\"wp-block-heading\">Mapa de Quest\u00f5es Online \u2013 UFES \u2013 Assistente em Administra\u00e7\u00e3o \u2013 5 Mil Quest\u00f5es<\/h3>\n\n\n\n<p>O e-Book Mapa de Quest\u00f5es Online \u2013 UFES \u2013 Assistente em Administra\u00e7\u00e3o \u2013 5 Mil Quest\u00f5es \u00e9 uma excelente ferramenta de estudo para quem est\u00e1 se preparando para concursos ou para quem deseja aprofundar seus conhecimentos!<\/p>\n\n\n\n<p>Os mapas mentais utilizam cores e imagens como chaves de memoriza\u00e7\u00e3o, o que os torna ideais para aqueles que t\u00eam uma mem\u00f3ria visual mais forte.<\/p>\n\n\n\n<p>Estudar com os mapas mentais pode ser uma estrat\u00e9gia eficaz para reter informa\u00e7\u00f5es complexas de forma mais simples e r\u00e1pida, facilitando o processo de aprendizagem e a memoriza\u00e7\u00e3o dos conte\u00fados!<\/p>\n\n\n\n<p><a href=\"https:\/\/www.novaconcursos.com.br\/mapa-de-questoes\/mapa-questoes-ufes-assistente-administracao\">Confira aqui!<\/a><\/p>\n\n\n\n<h3 class=\"wp-block-heading\">Apostila UFES \u2013 Assistente em Administra\u00e7\u00e3o<\/h3>\n\n\n\n<p>A Apostila UFES \u2013 Assistente em Administra\u00e7\u00e3o apresenta conte\u00fado completo e atualizado, de acordo com o Edital n\u00ba 42 de 26 de maio de 2023.<\/p>\n\n\n\n<p>O material foi elaborado por nosso time de professores especialistas em concursos e organizado para proporcionar uma f\u00e1cil assimila\u00e7\u00e3o do conte\u00fado.<\/p>\n\n\n\n<p>Dispon\u00edvel em formato de livro, com textos revisados para garantir a melhor qualidade poss\u00edvel, ele conta com teorias e exerc\u00edcios que te auxiliar\u00e3o na prepara\u00e7\u00e3o do certame! <\/p>\n\n\n\n<p><a href=\"https:\/\/www.novaconcursos.com.br\/apostila\/ufes-assistente-administracao\">Adquira aqui!<\/a><\/p>\n\n\n\n<h2 class=\"wp-block-heading\" id=\"ltimo-concurso-ufes\">\u00daltimo concurso UFES<\/h2>\n\n\n\n<p>O \u00faltimo concurso da UFES aconteceu em <strong>2023<\/strong>, ofertando 64 vagas imediatas para n\u00edveis t\u00e9cnico e superior, confira as especialidades:<\/p>\n\n\n\n<p><strong>N\u00edvel t\u00e9cnico<\/strong><\/p>\n\n\n\n<ul class=\"wp-block-list\"><li>Assistente em Administra\u00e7\u00e3o: 50 vagas\n<ul class=\"wp-block-list\"><li>Munic\u00edpio de lota\u00e7\u00e3o: Vit\u00f3ria (ES)<\/li>\n<\/ul><\/li>\n\n\n\n<li>T\u00e9cnico:\n<ul class=\"wp-block-list\"><li>Tecnologia da informa\u00e7\u00e3o: 08 vagas\n<ul class=\"wp-block-list\"><li>Munic\u00edpio de lota\u00e7\u00e3o: Vit\u00f3ria (ES), Alegre (ES) e S\u00e3o Mateus (ES).<\/li>\n<\/ul><\/li>\n\n\n\n<li>Laborat\u00f3rio (Industrial), perfil: Geografia\/F\u00edsica: 01 vaga\n<ul class=\"wp-block-list\"><li>Munic\u00edpio de lota\u00e7\u00e3o: Vit\u00f3ria (ES)<\/li>\n<\/ul><\/li>\n\n\n\n<li>Laborat\u00f3rio (Industrial), perfil: El\u00e9trica: 01 vaga\n<ul class=\"wp-block-list\"><li>Munic\u00edpio de lota\u00e7\u00e3o: Vit\u00f3ria (ES)<\/li>\n<\/ul><\/li>\n\n\n\n<li>Enfermagem: 01 vaga\n<ul class=\"wp-block-list\"><li>Munic\u00edpio de lota\u00e7\u00e3o: Alegre (ES)<\/li>\n<\/ul><\/li>\n\n\n\n<li>Agropecu\u00e1ria: 01 vaga\n<ul class=\"wp-block-list\"><li>Munic\u00edpio de lota\u00e7\u00e3o: Alegre (ES)<\/li>\n<\/ul><\/li>\n<\/ul><\/li>\n<\/ul><p><strong>N\u00edvel superior<\/strong><\/p>\n\n\n\n<ul class=\"wp-block-list\"><li>M\u00e9dico Psiquiatra: 01 vaga\n<ul class=\"wp-block-list\"><li>Laborat\u00f3rio (Industrial), perfil: Geografia\/F\u00edsica: 01 vaga\n<ul class=\"wp-block-list\"><li>Munic\u00edpio de lota\u00e7\u00e3o: Vit\u00f3ria (ES)<\/li>\n<\/ul><\/li>\n<\/ul><\/li>\n\n\n\n<li>T\u00e9cnico em Assuntos Educacionais: 01 vaga\n<ul class=\"wp-block-list\"><li>Munic\u00edpio de lota\u00e7\u00e3o: Alegre (ES)<\/li>\n<\/ul><\/li>\n<\/ul><p>Qual ser\u00e1 a <strong>remunera\u00e7\u00e3o<\/strong> dos cargos? Confira:<\/p>\n\n\n\n<ul class=\"wp-block-list\"><li><strong>N\u00edvel t\u00e9cnico<\/strong>\n<ul class=\"wp-block-list\"><li>R$ 2.667,19+ R$ 658,00 aux\u00edlio alimenta\u00e7\u00e3o\n<ul class=\"wp-block-list\"><li>Total: R$ 3.325,19<\/li>\n<\/ul><\/li>\n<\/ul><\/li>\n<\/ul><ul class=\"wp-block-list\"><li><strong>N\u00edvel superior<\/strong>\n<ul class=\"wp-block-list\"><li>R$ 4.556,92 + R$ 658,00 aux\u00edlio alimenta\u00e7\u00e3o\n<ul class=\"wp-block-list\"><li>Total: R$ 5.214,92<\/li>\n<\/ul><\/li>\n<\/ul><\/li>\n<\/ul><p><strong>Etapas de sele\u00e7\u00e3o<\/strong><\/p>\n\n\n\n<p>O concurso da UFES foi composto apenas por uma etapa de car\u00e1ter eliminat\u00f3rio e classificat\u00f3rio para todos os cargos, sendo ela, a <strong>prova objetiva.<\/strong><\/p>\n\n\n\n<p>A prova foi constitu\u00edda por<strong> 40 quest\u00f5es de m\u00faltipla escolha,<\/strong> com 05 alterativas cada e somente uma resposta correta, sendo:<\/p>\n\n\n\n<ul class=\"wp-block-list\"><li>Conhecimentos Gerais: 15 quest\u00f5es\n<ul class=\"wp-block-list\"><li>Linguagens: 10 quest\u00f5es<\/li>\n\n\n\n<li>Racioc\u00ednio L\u00f3gico: 05 quest\u00f5es<\/li>\n<\/ul><\/li>\n\n\n\n<li>Conhecimentos Espec\u00edficos: 25 quest\u00f5es<\/li>\n<\/ul><p>Cada quest\u00e3o de Conhecimentos Gerais valeu um ponto e cada quest\u00e3o de Conhecimentos Espec\u00edficos valeu dois pontos, totalizando<strong> 65 pontos.<\/strong><\/p>\n\n\n\n<p>Foi <strong>eliminado<\/strong> do concurso o candidato que obteve nota inferior a 20% da pontua\u00e7\u00e3o total de Conhecimentos Gerais e nota inferior a 60% da pontua\u00e7\u00e3o total de Conhecimentos Espec\u00edficos<\/p>\n\n\n\n<p>O concurso ter\u00e1 validade de dois anos, podendo ser prorrogado por igual per\u00edodo, a crit\u00e9rio da Universidade Federal do Esp\u00edrito Santo.<\/p>","protected":false},"excerpt":{"rendered":"<p>O concurso UFES (Universidade Federal do Esp\u00edrito Santo) est\u00e1 com as inscri\u00e7\u00f5es abertas, com a oferta de vagas para T\u00e9cnico-Administrativo!<\/p>\n<p>A sele\u00e7\u00e3o oferece vagas de n\u00edveis m\u00e9dio t\u00e9cnico e superior, com iniciais de at\u00e9 R$5,5 mil, incluindo benef\u00edcios!<\/p>\n<p>Quer saber como participar? Confira todo os detalhes aqui!<\/p>\n","protected":false},"author":54684,"featured_media":141421,"comment_status":"open","ping_status":"closed","sticky":false,"template":"","format":"standard","meta":{"_acf_changed":false,"footnotes":"","_wp_rev_ctl_limit":""},"categories":[44999],"tags":[],"class_list":["post-45515","post","type-post","status-publish","format-standard","has-post-thumbnail","hentry","category-concursos"],"acf":[],"_links":{"self":[{"href":"https:\/\/www.novaconcursos.com.br\/portal\/wp-json\/wp\/v2\/posts\/45515","targetHints":{"allow":["GET"]}}],"collection":[{"href":"https:\/\/www.novaconcursos.com.br\/portal\/wp-json\/wp\/v2\/posts"}],"about":[{"href":"https:\/\/www.novaconcursos.com.br\/portal\/wp-json\/wp\/v2\/types\/post"}],"author":[{"embeddable":true,"href":"https:\/\/www.novaconcursos.com.br\/portal\/wp-json\/wp\/v2\/users\/54684"}],"replies":[{"embeddable":true,"href":"https:\/\/www.novaconcursos.com.br\/portal\/wp-json\/wp\/v2\/comments?post=45515"}],"version-history":[{"count":31,"href":"https:\/\/www.novaconcursos.com.br\/portal\/wp-json\/wp\/v2\/posts\/45515\/revisions"}],"predecessor-version":[{"id":278936,"href":"https:\/\/www.novaconcursos.com.br\/portal\/wp-json\/wp\/v2\/posts\/45515\/revisions\/278936"}],"wp:featuredmedia":[{"embeddable":true,"href":"https:\/\/www.novaconcursos.com.br\/portal\/wp-json\/wp\/v2\/media\/141421"}],"wp:attachment":[{"href":"https:\/\/www.novaconcursos.com.br\/portal\/wp-json\/wp\/v2\/media?parent=45515"}],"wp:term":[{"taxonomy":"category","embeddable":true,"href":"https:\/\/www.novaconcursos.com.br\/portal\/wp-json\/wp\/v2\/categories?post=45515"},{"taxonomy":"post_tag","embeddable":true,"href":"https:\/\/www.novaconcursos.com.br\/portal\/wp-json\/wp\/v2\/tags?post=45515"}],"curies":[{"name":"wp","href":"https:\/\/api.w.org\/{rel}","templated":true}]}}