{"id":45779,"date":"2016-09-16T15:19:40","date_gmt":"2016-09-16T18:19:40","guid":{"rendered":"http:\/\/www.novaconcursos.com.br\/portal\/?p=45779"},"modified":"2025-04-23T16:47:58","modified_gmt":"2025-04-23T19:47:58","slug":"concursos-que-abrem-e-encerram-a-inscricao-de-19-a-25-de-setembro-2016-09","status":"publish","type":"post","link":"https:\/\/www.novaconcursos.com.br\/portal\/noticias\/concursos-que-abrem-e-encerram-a-inscricao-de-19-a-25-de-setembro-2016-09\/","title":{"rendered":"Concursos que abrem e encerram a inscri\u00e7\u00e3o de 19 a 25 de setembro"},"content":{"rendered":"<p>A pr\u00f3xima semana, que vai <strong>dos dias 19 a 25\u00a0de setembro<\/strong>, tem mais de<strong>\u00a010\u00a0concursos <\/strong>p\u00fablicos que<strong> abrem ou encerram <\/strong>o per\u00edodo de<strong> inscri\u00e7\u00e3o<\/strong>. S\u00e3o <strong>mais de 1.700\u00a0oportunidades de emprego<\/strong> envolvidas com op\u00e7\u00f5es de carreira para todos os n\u00edveis de escolaridade.\u00a0Confira a lista completa a seguir:<\/p>\n\n\n\n<p><strong>Segunda-feira (19\/09)<\/strong><\/p>\n\n\n\n<p><strong>1) Prefeitura de Sete Lagoas (MG)<\/strong><\/p>\n\n\n\n<p>Sobre o concurso:<br>Vagas: 517<br>Cargos: para Agente de Combate \u00e0s Endemias e Agente Comunit\u00e1rio de Sa\u00fade.<br>Sal\u00e1rios: de R$ 1.014,00<br>Prova:\u00a013 de novembro<strong><br><\/strong><\/p>\n\n\n\n<p>Sobre a inscri\u00e7\u00e3o:<br>\u2013 <span style=\"color: #0000ff;\"><strong>Abre\u00a0o per\u00edodo de cadastro na segunda<\/strong><\/span><br>\u2013 Taxa de 15\u00a0reais<br>\u2013 Banca organizadora: <em>MGA Concursos<\/em><br><strong>Compre a Apostila\u00a0Prefeitura de Sete Lagoas<\/strong><\/p>\n\n\n\n<p><strong>2)\u00a0Instituto Federal de Educa\u00e7\u00e3o Ci\u00eancia e Tecnologia do Mato Grosso (IFMT)<\/strong><\/p>\n\n\n\n<p>Sobre o concurso:<br>Vagas:\u00a081<br>Cargos: para todos os n\u00edveis de escolaridade.<br>Sal\u00e1rios: de R$ 2.292,69 at\u00e9 R$ 9.575,67<br>Prova: 20\u00a0de novembro<\/p>\n\n\n\n<p>Sobre a inscri\u00e7\u00e3o:<br>\u2013 <span style=\"color: #0000ff;\"><strong>Abre\u00a0<\/strong><strong>o per\u00edodo de cadastro na segunda<\/strong><\/span><br>\u2013 Taxa de 80 a 150\u00a0reais<br>\u2013 Banca organizadora: <em>UFMT<\/em><\/p>\n\n\n\n<p><strong>3)\u00a0Universidade Federal do Paran\u00e1 (UFPR)<\/strong><\/p>\n\n\n\n<p>Sobre o concurso:<br>Vagas:\u00a015<br>Cargos: para todos os n\u00edveis de escolaridade<br>Sal\u00e1rios: de R$ 1.834,69 at\u00e9 R$ 3.868,21<br>Prova:\u00a012 de fevereiro de 2017<strong><br><\/strong><\/p>\n\n\n\n<p>Sobre a inscri\u00e7\u00e3o:<br>\u2013 <span style=\"color: #0000ff;\"><strong>Abre\u00a0o per\u00edodo de cadastro na segunda<\/strong><\/span><br>\u2013 Taxa de 46 a 97 reais<br>\u2013 Banca organizadora: <em>UFPR<\/em><\/p>\n\n\n\n<p><strong>4)\u00a0Instituto Federal de Educa\u00e7\u00e3o Ci\u00eancia e Tecnologia (IFS-SE)<\/strong><\/p>\n\n\n\n<p>Sobre o concurso:<br>Vagas:\u00a028<br>Cargos: para Professores.<br>Sal\u00e1rios: de R$ 2.051,90 at\u00e9 R$ 9.114,67<br>Prova: 06\u00a0de novembro<\/p>\n\n\n\n<p>Sobre a inscri\u00e7\u00e3o:<br>\u2013 <span style=\"color: #0000ff;\"><strong>Abre\u00a0o per\u00edodo de cadastro na segunda<\/strong><\/span><br>\u2013 Taxa de 60 a 140\u00a0reais<br>\u2013 Banca organizadora: <em>IFS-SE<\/em><\/p>\n\n\n\n<p><strong>5)\u00a0Universidade Federal de S\u00e3o Paulo (UNIFESP)<\/strong><\/p>\n\n\n\n<p>Sobre o concurso:<br>Vagas:\u00a040<br>Cargos: para Auxiliar de Enfermagem<br>Sal\u00e1rios: de R$ 1.834,69<br>Prova:\u00a004 de dezembro<\/p>\n\n\n\n<p>Sobre a inscri\u00e7\u00e3o:<br>\u2013 <span style=\"color: #0000ff;\"><strong>Abre\u00a0o per\u00edodo de cadastro na segunda<\/strong><\/span><br>\u2013 Taxa de 46 reais<br>\u2013 Banca organizadora:\u00a0<em>UNIFESP<\/em><\/p>\n\n\n\n<p><strong>Ter\u00e7a-feira (20\/09)<\/strong><\/p>\n\n\n\n<p><strong>6)\u00a0Universidade Federal de Pernambuco (UFPE)<\/strong><\/p>\n\n\n\n<p>Sobre o concurso:<br>Vagas:\u00a062<br>Cargos: para todos os n\u00edveis de escolaridade<br>Sal\u00e1rios: de R$ 1.834,69 at\u00e9 R$ 3.868,21<br>Prova:\u00a011 de dezembro<\/p>\n\n\n\n<p>Sobre a inscri\u00e7\u00e3o:<br>\u2013 <span style=\"color: #0000ff;\"><strong>Abre\u00a0o per\u00edodo de cadastro na\u00a0ter\u00e7a<\/strong><\/span><br>\u2013 Taxa de 55 a 100\u00a0reais<br>\u2013 Banca organizadora: <em>COVEST<\/em><\/p>\n\n\n\n<p><strong>7)\u00a0Universidade Federal do Oeste do Par\u00e1 (UFOPA)<\/strong><\/p>\n\n\n\n<p>Sobre o concurso:<br>Vagas:\u00a076<br>Cargos: para n\u00edvel m\u00e9dio ou superior<br>Sal\u00e1rios: de R$ 2.752,91 at\u00e9 R$ 4.326,21<br>Prova:\u00a020 de novembro<\/p>\n\n\n\n<p>Sobre a inscri\u00e7\u00e3o:<br>\u2013 <span style=\"color: #0000ff;\"><strong>Abre\u00a0o per\u00edodo de cadastro na\u00a0ter\u00e7a<\/strong><\/span><br>\u2013 Taxa de 70 a 90\u00a0reais<br>\u2013 Banca organizadora: <em>UFPA<\/em><\/p>\n\n\n\n<p><strong>8)\u00a0Instituto Federal de Educa\u00e7\u00e3o Ci\u00eancia e Tecnologia do Acre (IFAC)<\/strong><\/p>\n\n\n\n<p>Sobre o concurso:<br>Vagas: 83<br>Cargos: para todos os n\u00edveis de escolaridade<br>Sal\u00e1rios: de R$ 1.834,69 at\u00e9 R$ 3.868,21<br>Prova:\u00a020 de novembro<\/p>\n\n\n\n<p>Sobre a inscri\u00e7\u00e3o:<br>\u2013 <span style=\"color: #0000ff;\"><strong>Abre\u00a0o per\u00edodo de cadastro na\u00a0ter\u00e7a<\/strong><\/span><br>\u2013 Taxa de 45\u00a0a 90\u00a0reais<br>\u2013 Banca organizadora: <em>Instituto Brasil<\/em><\/p>\n\n\n\n<p><strong>Quarta-feira (21\/09)<\/strong><\/p>\n\n\n\n<p><strong>9)\u00a0Instituto Federal de Educa\u00e7\u00e3o Ci\u00eancia e Tecnologia de Rond\u00f4nia (IFRO)<\/strong><\/p>\n\n\n\n<p>Sobre o concurso:<br>Vagas:\u00a0120<br>Cargos: para todos os n\u00edveis de escolaridade<br>Sal\u00e1rios: de R$ 1.834,69 at\u00e9 R$ 9.572,67<br>Prova: 13\u00a0de novembro<\/p>\n\n\n\n<p>Sobre a inscri\u00e7\u00e3o:<br>\u2013 <span style=\"color: #ff0000;\"><strong>Encerra\u00a0o per\u00edodo de cadastro na\u00a0quarta<\/strong><\/span><br>\u2013 Taxa de 60\u00a0a 90\u00a0reais<br>\u2013 Banca organizadora: <em>Instituto Brasil<\/em><\/p>\n\n\n\n<p><strong>Quinta-feira (22\/09)<\/strong><\/p>\n\n\n\n<p><strong>10)\u00a0Instituto Federal de Educa\u00e7\u00e3o Ci\u00eancia e Tecnologia Sul-rio-grandense (IFSul-RS)<\/strong><\/p>\n\n\n\n<p>Sobre o concurso:<br>Vagas:\u00a015<br>Cargos: para todos os n\u00edveis de escolaridade<br>Sal\u00e1rios: de R$ 1.834,69 at\u00e9 R$ 4.180,66<br>Prova:\u00a023 de outubro<\/p>\n\n\n\n<p>Sobre a inscri\u00e7\u00e3o:<br>\u2013 <span style=\"color: #ff0000;\"><strong>Encerra\u00a0o per\u00edodo de cadastro na\u00a0quinta<\/strong><\/span><br>\u2013 Taxa de 40\u00a0a 80\u00a0reais<br>\u2013 Banca organizadora: <em>IFSUL<\/em><\/p>\n\n\n\n<p><strong>Sexta-feira (23\/09)<\/strong><\/p>\n\n\n\n<p><strong>11) Prefeitura de Lages (SC)<\/strong><\/p>\n\n\n\n<p>Sobre o concurso:<br>Vagas: 730<br>Cargos: para todos os n\u00edveis de escolaridade<br>Sal\u00e1rios: de R$ 880,00 at\u00e9 R$ 11.734,73<br>Prova: 09\u00a0de outubro<strong><br><\/strong><\/p>\n\n\n\n<p>Sobre a inscri\u00e7\u00e3o:<br>\u2013 <span style=\"color: #ff0000;\"><strong>Encerra\u00a0o per\u00edodo de cadastro na\u00a0sexta<\/strong><\/span><br>\u2013 Taxa de 60\u00a0a 120\u00a0reais<br>\u2013 Banca organizadora: FEPESE<\/p>\n\n\n\n<p><\/p>","protected":false},"excerpt":{"rendered":"<p>A pr\u00f3xima semana, que vai dos dias 19 a 25\u00a0de setembro, tem mais de\u00a010\u00a0concursos p\u00fablicos que abrem ou encerram o per\u00edodo de inscri\u00e7\u00e3o. S\u00e3o mais de 1.700\u00a0oportunidades de emprego envolvidas com op\u00e7\u00f5es de carreira para todos os n\u00edveis de escolaridade.\u00a0Confira a lista completa a seguir: Segunda-feira (19\/09) 1) Prefeitura de Sete Lagoas (MG) Sobre o [&hellip;]<\/p>\n","protected":false},"author":16,"featured_media":28783,"comment_status":"closed","ping_status":"closed","sticky":false,"template":"","format":"standard","meta":{"_acf_changed":false,"footnotes":"","_wp_rev_ctl_limit":""},"categories":[228],"tags":[16851,16495,18402],"class_list":["post-45779","post","type-post","status-publish","format-standard","has-post-thumbnail","hentry","category-noticias","tag-concurso-que-encerra-inscricao","tag-concursos-que-abrem-inscricao","tag-inscricao-concurso"],"acf":[],"_links":{"self":[{"href":"https:\/\/www.novaconcursos.com.br\/portal\/wp-json\/wp\/v2\/posts\/45779","targetHints":{"allow":["GET"]}}],"collection":[{"href":"https:\/\/www.novaconcursos.com.br\/portal\/wp-json\/wp\/v2\/posts"}],"about":[{"href":"https:\/\/www.novaconcursos.com.br\/portal\/wp-json\/wp\/v2\/types\/post"}],"author":[{"embeddable":true,"href":"https:\/\/www.novaconcursos.com.br\/portal\/wp-json\/wp\/v2\/users\/16"}],"replies":[{"embeddable":true,"href":"https:\/\/www.novaconcursos.com.br\/portal\/wp-json\/wp\/v2\/comments?post=45779"}],"version-history":[{"count":6,"href":"https:\/\/www.novaconcursos.com.br\/portal\/wp-json\/wp\/v2\/posts\/45779\/revisions"}],"predecessor-version":[{"id":280398,"href":"https:\/\/www.novaconcursos.com.br\/portal\/wp-json\/wp\/v2\/posts\/45779\/revisions\/280398"}],"wp:featuredmedia":[{"embeddable":true,"href":"https:\/\/www.novaconcursos.com.br\/portal\/wp-json\/wp\/v2\/media\/28783"}],"wp:attachment":[{"href":"https:\/\/www.novaconcursos.com.br\/portal\/wp-json\/wp\/v2\/media?parent=45779"}],"wp:term":[{"taxonomy":"category","embeddable":true,"href":"https:\/\/www.novaconcursos.com.br\/portal\/wp-json\/wp\/v2\/categories?post=45779"},{"taxonomy":"post_tag","embeddable":true,"href":"https:\/\/www.novaconcursos.com.br\/portal\/wp-json\/wp\/v2\/tags?post=45779"}],"curies":[{"name":"wp","href":"https:\/\/api.w.org\/{rel}","templated":true}]}}