{"id":47133,"date":"2023-01-03T08:00:41","date_gmt":"2023-01-03T11:00:41","guid":{"rendered":"http:\/\/www.novaconcursos.com.br\/portal\/?post_type=nc-public-tender&#038;p=47133"},"modified":"2024-12-16T09:46:11","modified_gmt":"2024-12-16T12:46:11","slug":"concurso-unitins-to","status":"publish","type":"post","link":"https:\/\/www.novaconcursos.com.br\/portal\/concursos\/concurso-unitins-to\/","title":{"rendered":"Concurso Unitins: Banca definida. Edital em breve!"},"content":{"rendered":"<p>A banca organizadora do concurso\u00a0<strong>Unitins\u00a0<\/strong>foi definida, tornando o edital mais pr\u00f3ximo da publica\u00e7\u00e3o!<\/p>\n\n\n\n<p>A\u00a0<strong>FAPTO\u00a0<\/strong>ser\u00e1 a respons\u00e1vel pela sele\u00e7\u00e3o que prev\u00ea vagas para as carreiras de T\u00e9cnico Administrativo e Professor.<\/p>\n\n\n\n<p>Se interessa pelo certame? Ent\u00e3o, continue por aqui para saber todas as informa\u00e7\u00f5es e j\u00e1 dar in\u00edcio \u00e0 sua prepara\u00e7\u00e3o!<\/p>\n\n\n\n<h2 class=\"wp-block-heading\" id=\"concurso-unitins-situao-atual\">Concurso Unitins: Situa\u00e7\u00e3o atual<\/h2>\n\n\n\n<p>O concurso da Universidade Estadual do <a href=\"https:\/\/www.novaconcursos.com.br\/portal\/concursos-abertos\/to\/\">Tocantins<\/a> est\u00e1 cada vez mais pr\u00f3ximo!<\/p>\n\n\n\n<p>O \u00faltimo passo dado at\u00e9 ent\u00e3o rumo ao certame foi a defini\u00e7\u00e3o da banca organizadora, que ser\u00e1 a\u00a0<strong>FAPTO\u00a0<\/strong>(Funda\u00e7\u00e3o de Apoio Cient\u00edfico e Tecnol\u00f3gico do Tocantins).<\/p>\n\n\n\n<p>A informa\u00e7\u00e3o foi<strong> divulgada<\/strong> no Di\u00e1rio Oficial do Estado do dia 02 de janeiro de 2023. Confira o documento:<\/p>\n\n\n\n<figure class=\"wp-block-image\"><a href=\"https:\/\/www.novaconcursos.com.br\/portal\/wp-content\/uploads\/2022\/04\/to.jpg\"><img decoding=\"async\" width=\"479\" height=\"816\" src=\"https:\/\/www.novaconcursos.com.br\/portal\/wp-content\/uploads\/2022\/04\/to.jpg\" alt=\"\" class=\"wp-image-182265\" loading=\"lazy\" title=\"\" srcset=\"https:\/\/www.novaconcursos.com.br\/portal\/wp-content\/uploads\/2022\/04\/to-176x300.jpg 176w, https:\/\/www.novaconcursos.com.br\/portal\/wp-content\/uploads\/2022\/04\/to.jpg 479w\" sizes=\"auto, (max-width: 480px) 100vw, (max-width: 768px) 100vw, (max-width: 1200px) 70vw, 768px\"><\/a><\/figure><p>O certame prev\u00ea a oferta de vagas para as carreiras de\u00a0<strong>T\u00e9cnico Administrativo e Professor<\/strong>. No entanto, o quantitativo de vagas e os sal\u00e1rios atualizados ainda n\u00e3o foram revelados.<\/p>\n\n\n\n<p>Entretanto, o Portal da Transpar\u00eancia da Unitins indica que as <strong>remunera\u00e7\u00f5es\u00a0<\/strong>dos Professores podem atingir at\u00e9 R$ 17,4 mil. Confira:<\/p>\n\n\n\n<figure class=\"wp-block-image\"><a href=\"https:\/\/www.novaconcursos.com.br\/portal\/wp-content\/uploads\/2023\/01\/imagem_2023-01-03_130854700.png\"><img decoding=\"async\" width=\"1469\" height=\"50\" src=\"https:\/\/www.novaconcursos.com.br\/portal\/wp-content\/uploads\/2023\/01\/imagem_2023-01-03_130854700.png\" alt=\"\" class=\"wp-image-182295\" loading=\"lazy\" title=\"\" srcset=\"https:\/\/www.novaconcursos.com.br\/portal\/wp-content\/uploads\/2023\/01\/imagem_2023-01-03_130854700-300x10.png 300w, https:\/\/www.novaconcursos.com.br\/portal\/wp-content\/uploads\/2023\/01\/imagem_2023-01-03_130854700-1024x35.png 1024w, https:\/\/www.novaconcursos.com.br\/portal\/wp-content\/uploads\/2023\/01\/imagem_2023-01-03_130854700.png 1469w\" sizes=\"auto, (max-width: 480px) 100vw, (max-width: 768px) 100vw, (max-width: 1200px) 70vw, 768px\"><\/a><\/figure><figure class=\"wp-block-image\"><a href=\"https:\/\/www.novaconcursos.com.br\/portal\/wp-content\/uploads\/2023\/01\/Sal%C3%A1rio-Professor-Unitins-2.png\"><img decoding=\"async\" width=\"1455\" height=\"40\" src=\"https:\/\/www.novaconcursos.com.br\/portal\/wp-content\/uploads\/2023\/01\/Sal%C3%A1rio-Professor-Unitins-2.png\" alt=\"\" class=\"wp-image-182302\" loading=\"lazy\" title=\"\" srcset=\"https:\/\/www.novaconcursos.com.br\/portal\/wp-content\/uploads\/2023\/01\/Sal\u00e1rio-Professor-Unitins-2-300x8.png 300w, https:\/\/www.novaconcursos.com.br\/portal\/wp-content\/uploads\/2023\/01\/Sal\u00e1rio-Professor-Unitins-2-1024x28.png 1024w, https:\/\/www.novaconcursos.com.br\/portal\/wp-content\/uploads\/2023\/01\/Sal\u00e1rio-Professor-Unitins-2.png 1455w\" sizes=\"auto, (max-width: 480px) 100vw, (max-width: 768px) 100vw, (max-width: 1200px) 70vw, 768px\"><\/a><\/figure><p>Al\u00e9m disso, a Lei n.\u00b0 2.892, de 19 de agosto de 2014, que institui o Plano de Empregos, Carreiras e Sal\u00e1rios do Quadro T\u00e9cnico-Administrativo da Unitins, aponta que os proventos dos servidores podem alcan\u00e7ar at\u00e9\u00a0<strong>R$ 34 mil <\/strong>ao fim da carreira. Veja:<\/p>\n\n\n\n<figure class=\"wp-block-image\"><a href=\"https:\/\/www.novaconcursos.com.br\/portal\/wp-content\/uploads\/2023\/01\/imagem_2023-01-03_131710103.png\"><img decoding=\"async\" width=\"1062\" height=\"30\" src=\"https:\/\/www.novaconcursos.com.br\/portal\/wp-content\/uploads\/2023\/01\/imagem_2023-01-03_131710103.png\" alt=\"\" class=\"wp-image-182298\" loading=\"lazy\" title=\"\" srcset=\"https:\/\/www.novaconcursos.com.br\/portal\/wp-content\/uploads\/2023\/01\/imagem_2023-01-03_131710103-300x8.png 300w, https:\/\/www.novaconcursos.com.br\/portal\/wp-content\/uploads\/2023\/01\/imagem_2023-01-03_131710103-1024x29.png 1024w, https:\/\/www.novaconcursos.com.br\/portal\/wp-content\/uploads\/2023\/01\/imagem_2023-01-03_131710103.png 1062w\" sizes=\"auto, (max-width: 480px) 100vw, (max-width: 768px) 100vw, (max-width: 1200px) 70vw, 768px\"><\/a><\/figure><figure class=\"wp-block-image\"><a href=\"https:\/\/www.novaconcursos.com.br\/portal\/wp-content\/uploads\/2023\/01\/imagem_2023-01-03_131732216.png\"><img decoding=\"async\" width=\"1145\" height=\"50\" src=\"https:\/\/www.novaconcursos.com.br\/portal\/wp-content\/uploads\/2023\/01\/imagem_2023-01-03_131732216.png\" alt=\"\" class=\"wp-image-182299\" loading=\"lazy\" title=\"\" srcset=\"https:\/\/www.novaconcursos.com.br\/portal\/wp-content\/uploads\/2023\/01\/imagem_2023-01-03_131732216-300x13.png 300w, https:\/\/www.novaconcursos.com.br\/portal\/wp-content\/uploads\/2023\/01\/imagem_2023-01-03_131732216-1024x45.png 1024w, https:\/\/www.novaconcursos.com.br\/portal\/wp-content\/uploads\/2023\/01\/imagem_2023-01-03_131732216.png 1145w\" sizes=\"auto, (max-width: 480px) 100vw, (max-width: 768px) 100vw, (max-width: 1200px) 70vw, 768px\"><\/a><\/figure><figure class=\"wp-block-image\"><a href=\"https:\/\/www.novaconcursos.com.br\/portal\/wp-content\/uploads\/2023\/01\/Sal%C3%A1rio-T%C3%A9cnico-Administrativo-Unitins.png\"><img decoding=\"async\" width=\"1142\" height=\"27\" src=\"https:\/\/www.novaconcursos.com.br\/portal\/wp-content\/uploads\/2023\/01\/Sal%C3%A1rio-T%C3%A9cnico-Administrativo-Unitins.png\" alt=\"\" class=\"wp-image-182300\" loading=\"lazy\" title=\"\" srcset=\"https:\/\/www.novaconcursos.com.br\/portal\/wp-content\/uploads\/2023\/01\/Sal\u00e1rio-T\u00e9cnico-Administrativo-Unitins-300x7.png 300w, https:\/\/www.novaconcursos.com.br\/portal\/wp-content\/uploads\/2023\/01\/Sal\u00e1rio-T\u00e9cnico-Administrativo-Unitins-1024x24.png 1024w, https:\/\/www.novaconcursos.com.br\/portal\/wp-content\/uploads\/2023\/01\/Sal\u00e1rio-T\u00e9cnico-Administrativo-Unitins.png 1142w\" sizes=\"auto, (max-width: 480px) 100vw, (max-width: 768px) 100vw, (max-width: 1200px) 70vw, 768px\"><\/a><\/figure><p>Ademais, vale recordar que, de acordo com o professor Augusto Rezende, reitor da Unitins, o edital est\u00e1 previsto para ser <strong>publicado<\/strong> no in\u00edcio de 2023.<\/p>\n\n\n\n<p>Ainda segundo Rezende, h\u00e1 c\u00e2mpus da institui\u00e7\u00e3o que n\u00e3o contam com <strong>servidores efetivos<\/strong>, al\u00e9m da defasagem existente nos cargos t\u00e9cnicos:<\/p>\n\n\n\n<p><em>\u201cA Unitins tem v\u00e1rios c\u00e2mpus que n\u00e3o t\u00eam docentes efetivos e alguns cargos t\u00e9cnicos ainda em defasagem. Vemos que \u00e9 uma necessidade e que a universidade precisa evoluir dentro dos crit\u00e9rios de professores titulados e de reposi\u00e7\u00e3o do quadro t\u00e9cnico\u201d<\/em>, disse.<\/p>\n\n\n\n<p>Cabe lembrar, ainda, que a portaria que determinou a\u00a0<strong>comiss\u00e3o organizadora\u00a0<\/strong>do pr\u00f3ximo concurso da Universidade foi publicada no DOE do dia 18 de abril de 2022. Relembre os membros do grupo:<\/p>\n\n\n\n<ul class=\"wp-block-list\"><li>Alessandra Ruita Santos Czapski<\/li>\n\n\n\n<li>Ana Fl\u00e1via Gouveia de Faria<\/li>\n\n\n\n<li>Caio Ara\u00fajo Luz<\/li>\n\n\n\n<li>Daniel Alencar Bardal<\/li>\n\n\n\n<li>Kyldes Batista Vicente<\/li>\n\n\n\n<li>Ricardo de Oliveira Carvalho<\/li>\n\n\n\n<li>Vin\u00edcius Augusto de Oliveira Silva<\/li>\n<\/ul><p><\/p>\n\n\n\n<h2 class=\"wp-block-heading\" id=\"ltimo-concurso-unitins\">\u00daltimo concurso Unitins<\/h2>\n\n\n\n<p>A \u00faltima sele\u00e7\u00e3o da Unitins foi realizada em\u00a0<strong>2016<\/strong>, quando foram ofertadas 35 vagas para cargos de n\u00edveis m\u00e9dio e t\u00e9cnico.<\/p>\n\n\n\n<p>Confira a distribui\u00e7\u00e3o das <strong>oportunidades<\/strong>, bem como os sal\u00e1rios aos quais fizeram jus os aprovados para cada carreira:<\/p>\n\n\n\n<h4 class=\"wp-block-heading\"><strong>N\u00edvel M\u00e9dio<\/strong><\/h4>\n\n\n\n<ul class=\"wp-block-list\"><li>Assistente Administrativo: 30 vagas\n<ul class=\"wp-block-list\"><li>Requisito: Ensino M\u00e9dio completo<\/li>\n<\/ul><\/li>\n<\/ul><p><strong>Sal\u00e1rio: R$ 1.150,39<\/strong><\/p>\n\n\n\n<h4 class=\"wp-block-heading\"><strong>N\u00edvel T\u00e9cnico<\/strong><\/h4>\n\n\n\n<ul class=\"wp-block-list\"><li>T\u00e9cnico em Manuten\u00e7\u00e3o em Inform\u00e1tica: 5 vagas\n<ul class=\"wp-block-list\"><li>Requisito: Ensino M\u00e9dio completo + curso t\u00e9cnico em Inform\u00e1tica + dom\u00ednio de manuten\u00e7\u00e3o e configura\u00e7\u00e3o de equipamentos de inform\u00e1tica<\/li>\n<\/ul><\/li>\n<\/ul><p><strong>Sal\u00e1rio: R$ 1.529,07<\/strong><\/p>\n\n\n\n<h3 class=\"wp-block-heading\">Requisitos b\u00e1sicos<\/h3>\n\n\n\n<p>Veja a seguir os\u00a0<strong>requisitos m\u00ednimos\u00a0<\/strong>exigidos para a investidura nos cargos:<\/p>\n\n\n\n<ul class=\"wp-block-list\"><li>Ser brasileiro nato, ou naturalizado, ou cidad\u00e3o portugu\u00eas e, em caso deste \u00faltimo, estar amparado pelo Estatuto de Igualdade entre Brasileiros e Portugueses;<\/li>\n\n\n\n<li>Estar em dia com as obriga\u00e7\u00f5es eleitorais e tamb\u00e9m militares (sexo masculino);<\/li>\n\n\n\n<li>Ter idade m\u00ednima de 18 anos completos, na data da posse;<\/li>\n\n\n\n<li>Apresentar\n<ul class=\"wp-block-list\"><li>certid\u00f5es dos setores de distribui\u00e7\u00e3o dos foros criminais dos lugares em que tenha residido nos \u00faltimos cinco anos, expedidas pelas Justi\u00e7as Federal e Estadual e dentro do prazo de validade;<\/li>\n\n\n\n<li>folha de antecedentes da Pol\u00edcia Federal e da Pol\u00edcia dos Estados onde tenha residido nos \u00faltimos cinco anos, expedida, no m\u00e1ximo, seis meses antes;<\/li>\n\n\n\n<li>declara\u00e7\u00e3o do \u00f3rg\u00e3o p\u00fablico a que esteja vinculado, se for o caso, registrando que o candidato tem situa\u00e7\u00e3o jur\u00eddica compat\u00edvel com nova investidura em cargo p\u00fablico, haja vista n\u00e3o ter sofrido penalidade de demiss\u00e3o e de destitui\u00e7\u00e3o de cargo em comiss\u00e3o, nem ter sofrido, no exerc\u00edcio de fun\u00e7\u00e3o p\u00fablica, penalidade por pr\u00e1tica de atos desabonadores;<\/li>\n\n\n\n<li>declara\u00e7\u00e3o quanto ao exerc\u00edcio ou n\u00e3o de outro cargo, emprego ou fun\u00e7\u00e3o p\u00fablica e sobre recebimento de provento decorrente de aposentadoria e pens\u00e3o;<\/li>\n\n\n\n<li>declara\u00e7\u00e3o de bens e valores que constituam patrim\u00f4nio e, se casado(a), tamb\u00e9m a do c\u00f4njuge;<\/li>\n<\/ul><\/li>\n\n\n\n<li>Providenciar, \u00e0s suas expensas, os exames laboratoriais e complementares necess\u00e1rios \u00e0 realiza\u00e7\u00e3o da inspe\u00e7\u00e3o \u00a0m\u00e9dica oficial;<\/li>\n\n\n\n<li>Ter aptid\u00e3o f\u00edsica e mental para o exerc\u00edcio das atribui\u00e7\u00f5es do cargo, de acordo com o parecer da junta m\u00e9dica;<\/li>\n\n\n\n<li>N\u00e3o ter sido demitido ou destitu\u00eddo de cargo em comiss\u00e3o, na forma prevista nos arts. 152 e 157 da Lei n.\u00ba 1.818\/2007, em Processo Administrativo Disciplinar, conforme art. 161 da referida Lei;<\/li>\n\n\n\n<li>N\u00e3o ter praticado qualquer ato desabonador de sua conduta, detectado por meio dos documentos referentes \u00e0 sindic\u00e2ncia de vida pregressa ou por dilig\u00eancia realizada.<\/li>\n<\/ul><h3 class=\"wp-block-heading\">Etapas e Provas<\/h3>\n\n\n\n<p>Os candidatos foram\u00a0<strong>avaliados\u00a0<\/strong>por meio das seguintes fases seletivas:<\/p>\n\n\n\n<ul class=\"wp-block-list\"><li>Prova\n<ul class=\"wp-block-list\"><li>Objetiva (classificat\u00f3ria e eliminat\u00f3ria)<\/li>\n\n\n\n<li>Discursiva (classificat\u00f3ria e eliminat\u00f3ria)<\/li>\n\n\n\n<li>Pr\u00e1tica (eliminat\u00f3ria, apenas para T\u00e9cnico em Manuten\u00e7\u00e3o em Inform\u00e1tica)<\/li>\n<\/ul><\/li>\n<\/ul><p>Constantes de 40 quest\u00f5es, os <strong>exames objetivos\u00a0<\/strong>exigiram conhecimentos acerca das seguintes disciplinas:<\/p>\n\n\n\n<p><strong>Assistente Administrativo<\/strong><\/p>\n\n\n\n<ul class=\"wp-block-list\"><li>L\u00edngua Portuguesa<\/li>\n\n\n\n<li>Matem\u00e1tica<\/li>\n\n\n\n<li>Conhecimentos Gerais<\/li>\n<\/ul><p><strong>T\u00e9cnico em Manuten\u00e7\u00e3o em Inform\u00e1tica<\/strong><\/p>\n\n\n\n<ul class=\"wp-block-list\"><li>L\u00edngua Portuguesa<\/li>\n\n\n\n<li>Matem\u00e1tica<\/li>\n\n\n\n<li>Conhecimentos Gerais<\/li>\n\n\n\n<li>Conhecimentos Espec\u00edficos<\/li>\n<\/ul><p>Por sua vez, a\u00a0<strong>avalia\u00e7\u00e3o discursiva\u00a0<\/strong>consistiu na produ\u00e7\u00e3o de um texto dissertativo-argumentativo entre 25 e 30 linhas. O concorrente teve dois temas \u00e0 sua disposi\u00e7\u00e3o, dentre os quais poderia escolher um para dissertar a respeito.<\/p>\n\n\n\n<p>Finalmente, a\u00a0<strong>prova pr\u00e1tica\u00a0<\/strong>para T\u00e9cnico em Manuten\u00e7\u00e3o em Inform\u00e1tica avaliou a habilidade do candidato no entendimento de situa\u00e7\u00f5es problemas e suas solu\u00e7\u00f5es, de acordo com as instru\u00e7\u00f5es espec\u00edficas dos enunciados da prova do cargo.<\/p>\n\n\n\n<p>Confira, ainda, os\u00a0<strong>crit\u00e9rios\u00a0<\/strong>observados durante a execu\u00e7\u00e3o da etapa pr\u00e1tica:<\/p>\n\n\n\n<ul class=\"wp-block-list\"><li>Identifica\u00e7\u00e3o de falhas em equipamentos de inform\u00e1tica;<\/li>\n\n\n\n<li>Configura\u00e7\u00e3o b\u00e1sica de sistema operacional Windows;<\/li>\n\n\n\n<li>Consulta a informativos t\u00e9cnicos e manuais;<\/li>\n\n\n\n<li>Habilidade e destreza no desenvolvimento das tarefas;<\/li>\n\n\n\n<li>Opera\u00e7\u00e3o de ferramentas Office (MSoffice).<\/li>\n<\/ul><h3 class=\"wp-block-heading\">Atribui\u00e7\u00f5es<\/h3>\n\n\n\n<p>Finalmente, confira as\u00a0<strong>atribui\u00e7\u00f5es gerais\u00a0<\/strong>dos cargos ofertados pela Unitins em 2016:<\/p>\n\n\n\n<ul class=\"wp-block-list\"><li><strong>Assistente Administrativo<\/strong>\n<ul class=\"wp-block-list\"><li>Executar tarefas relacionadas \u00e0s rotinas administrativas do \u00f3rg\u00e3o de lota\u00e7\u00e3o, inclu\u00eddas as atividades que exijam atendimento, digita\u00e7\u00e3o e arquivo, respeitados os regulamentos do servi\u00e7o e as atividades inerentes.<\/li>\n<\/ul><\/li>\n<\/ul><ul class=\"wp-block-list\"><li><strong>T\u00e9cnico em Manuten\u00e7\u00e3o em Inform\u00e1tica<\/strong>\n<ul class=\"wp-block-list\"><li>Prestar atendimento e suporte aos usu\u00e1rios internos de TI;<\/li>\n\n\n\n<li>Realizar manuten\u00e7\u00e3o preventiva e corretiva de equipamentos de inform\u00e1tica, identificando e analisando os principais componentes de um computador e suas funcionalidades;<\/li>\n\n\n\n<li>Identificar arquiteturas de rede e analisar o funcionamento dos meios f\u00edsicos, dispositivos e padr\u00f5es de comunica\u00e7\u00e3o;<\/li>\n\n\n\n<li>Avaliar a necessidade de substitui\u00e7\u00e3o ou mesmo atualiza\u00e7\u00e3o tecnol\u00f3gica de componentes de redes;<\/li>\n\n\n\n<li>Instalar, configurar e desinstalar programas b\u00e1sicos, utilit\u00e1rios e aplicativos;<\/li>\n\n\n\n<li>Realizar procedimentos de c\u00f3pia e recupera\u00e7\u00e3o de dados;<\/li>\n\n\n\n<li>Instalar, configurar e administrar sistemas operacionais;<\/li>\n\n\n\n<li>Executar demais atividades inerentes ao cargo.<\/li>\n<\/ul><\/li>\n<\/ul><p><\/p>\n\n\n\n<h2 class=\"wp-block-heading\" id=\"sobre-a-unitins\">Sobre a Unitins<\/h2>\n\n\n\n<p>A Universidade Estadual do Tocantins adotou para a gradua\u00e7\u00e3o, a pesquisa e a extens\u00e3o aspectos conceituais das novas abordagens da gest\u00e3o e da difus\u00e3o do conhecimento, das ci\u00eancias gerenciais, das ci\u00eancias cognitivas e das ci\u00eancias da comunica\u00e7\u00e3o, e ampliou a atua\u00e7\u00e3o nos campos das ci\u00eancias agr\u00e1rias ambientais para atender a coletivos sociais.<\/p>\n\n\n\n<p>A Unitins afirma a tradi\u00e7\u00e3o pluralista e acolhedora de diferentes filosofias e convic\u00e7\u00f5es,<strong> estimulando<\/strong> o di\u00e1logo e a interdisciplinaridade de seus pares e comunidades. Isso se apoia na sua natureza cultural, cient\u00edfica e educacional e se expressa no Ensino, na Pesquisa e na Extens\u00e3o Universit\u00e1ria, integrados \u00e0 forma\u00e7\u00e3o t\u00e9cnico-profissional, difus\u00e3o da cultura e cria\u00e7\u00e3o filos\u00f3fica, cient\u00edfica, art\u00edstica e tecnol\u00f3gica.<\/p>\n\n\n\n<p>Confira, ainda, a\u00a0<strong>identidade organizacional\u00a0<\/strong>da Universidade:<\/p>\n\n\n\n<p><strong>Miss\u00e3o<\/strong><\/p>\n\n\n\n<p>Promover o Ensino, a Pesquisa e a Extens\u00e3o com qualidade e inova\u00e7\u00e3o, a fim de contribuir para a forma\u00e7\u00e3o profissional e cidad\u00e3, priorizando o desenvolvimento social, econ\u00f4mico, cultural, pol\u00edtico e sustent\u00e1vel do estado do Tocantins.<\/p>\n\n\n\n<p><strong>Vis\u00e3o<\/strong><\/p>\n\n\n\n<p>Ser uma institui\u00e7\u00e3o p\u00fablica de refer\u00eancia na promo\u00e7\u00e3o do Ensino, da Pesquisa e da Extens\u00e3o no Estado do Tocantins, produzindo conhecimento e tecnologia integrada \u00e0s demandas da sociedade.<\/p>\n\n\n\n<p><strong>Valores<\/strong><\/p>\n\n\n\n<ul class=\"wp-block-list\"><li>\u00c9tica<\/li>\n\n\n\n<li>Transpar\u00eancia<\/li>\n\n\n\n<li>Democracia participativa<\/li>\n\n\n\n<li>Comprometimento e envolvimento<\/li>\n\n\n\n<li>Integra\u00e7\u00e3o social<\/li>\n\n\n\n<li>Inova\u00e7\u00e3o<\/li>\n\n\n\n<li>Respeito \u00e0 dignidade humana<\/li>\n\n\n\n<li>Sustentabilidade ambiental<\/li>\n<\/ul>","protected":false},"excerpt":{"rendered":"<p>A banca organizadora do concurso Unitins foi definida, tornando o edital mais pr\u00f3ximo da publica\u00e7\u00e3o!<br \/>\nA FAPTO ser\u00e1 a respons\u00e1vel pela sele\u00e7\u00e3o que prev\u00ea vagas para as carreiras de T\u00e9cnico Administrativo e Professor. <\/p>\n","protected":false},"author":16,"featured_media":182291,"comment_status":"closed","ping_status":"closed","sticky":false,"template":"","format":"standard","meta":{"_acf_changed":false,"footnotes":"","_wp_rev_ctl_limit":""},"categories":[44999],"tags":[],"class_list":["post-47133","post","type-post","status-publish","format-standard","has-post-thumbnail","hentry","category-concursos"],"acf":[],"_links":{"self":[{"href":"https:\/\/www.novaconcursos.com.br\/portal\/wp-json\/wp\/v2\/posts\/47133","targetHints":{"allow":["GET"]}}],"collection":[{"href":"https:\/\/www.novaconcursos.com.br\/portal\/wp-json\/wp\/v2\/posts"}],"about":[{"href":"https:\/\/www.novaconcursos.com.br\/portal\/wp-json\/wp\/v2\/types\/post"}],"author":[{"embeddable":true,"href":"https:\/\/www.novaconcursos.com.br\/portal\/wp-json\/wp\/v2\/users\/16"}],"replies":[{"embeddable":true,"href":"https:\/\/www.novaconcursos.com.br\/portal\/wp-json\/wp\/v2\/comments?post=47133"}],"version-history":[{"count":14,"href":"https:\/\/www.novaconcursos.com.br\/portal\/wp-json\/wp\/v2\/posts\/47133\/revisions"}],"predecessor-version":[{"id":264599,"href":"https:\/\/www.novaconcursos.com.br\/portal\/wp-json\/wp\/v2\/posts\/47133\/revisions\/264599"}],"wp:featuredmedia":[{"embeddable":true,"href":"https:\/\/www.novaconcursos.com.br\/portal\/wp-json\/wp\/v2\/media\/182291"}],"wp:attachment":[{"href":"https:\/\/www.novaconcursos.com.br\/portal\/wp-json\/wp\/v2\/media?parent=47133"}],"wp:term":[{"taxonomy":"category","embeddable":true,"href":"https:\/\/www.novaconcursos.com.br\/portal\/wp-json\/wp\/v2\/categories?post=47133"},{"taxonomy":"post_tag","embeddable":true,"href":"https:\/\/www.novaconcursos.com.br\/portal\/wp-json\/wp\/v2\/tags?post=47133"}],"curies":[{"name":"wp","href":"https:\/\/api.w.org\/{rel}","templated":true}]}}