{"id":47182,"date":"2022-05-13T12:26:36","date_gmt":"2022-05-13T15:26:36","guid":{"rendered":"http:\/\/www.novaconcursos.com.br\/portal\/?post_type=nc-public-tender&#038;p=47182"},"modified":"2024-12-16T09:52:56","modified_gmt":"2024-12-16T12:52:56","slug":"concurso-furg-rs","status":"publish","type":"post","link":"https:\/\/www.novaconcursos.com.br\/portal\/concursos\/concurso-furg-rs\/","title":{"rendered":"Concurso FURG: Edital publicado para T\u00e9cnico-Administrativo. N\u00edvel m\u00e9dio!"},"content":{"rendered":"<p>Boa not\u00edcia, concurseiros! Foi publicado o edital do novo <strong>concurso FURG<\/strong> (Universidade Federal do Rio Grande), no Rio Grande do Sul. Ademais, s\u00e3o ofertadas, no total, <strong>05 oportunidades imediatas.<\/strong><\/p>\n<p>Al\u00e9m disso, as vagas possuem como exig\u00eancia o <strong>n\u00edvel m\u00e9dio<\/strong> de escolaridade, para <strong>T\u00e9cnico-Administrativo<\/strong>. Sendo assim, se voc\u00ea se interessa pela sele\u00e7\u00e3o, confira <strong>todos os detalhes<\/strong> a seguir!<\/p>\n<ul><li><a class=\"_ps2id\" href=\"#inscri%C3%A7%C3%B5es\" data-ps2id-offset=\"\">Inscri\u00e7\u00f5es<\/a>\n<ul><li><a class=\"_ps2id\" href=\"#isen%C3%A7%C3%A3o\" data-ps2id-offset=\"\">Isen\u00e7\u00e3o de taxa<\/a><\/li>\n<\/ul><\/li>\n<li><a class=\"_ps2id\" href=\"#vagas\" data-ps2id-offset=\"\">Vagas, cargos e sal\u00e1rios<\/a><\/li>\n<li><a class=\"_ps2id\" href=\"#atribui%C3%A7%C3%B5es\" data-ps2id-offset=\"\">Atribui\u00e7\u00f5es<\/a><\/li>\n<li><a class=\"_ps2id\" href=\"#provas\" data-ps2id-offset=\"\">Provas<\/a><\/li>\n<li><a class=\"_ps2id\" href=\"#%C3%BAltimo\" data-ps2id-offset=\"\">\u00daltimo concurso<\/a>\n<ul><li><a class=\"_ps2id\" href=\"#requisitos\" data-ps2id-offset=\"\">Requisitos<\/a><\/li>\n<\/ul><\/li>\n<\/ul><p>\u00a0<\/p>\n<h2 id=\"ps2id-idinscries-targetconcurso-furg-inscries\">[ps2id id=\u2019inscri\u00e7\u00f5es\u2019 target=\u201d\/]Concurso FURG: inscri\u00e7\u00f5es<\/h2>\n<p>Portanto, antes de mais nada \u00e9 importante que os interessados no concurso FURG saibam que poder\u00e3o realizar sua inscri\u00e7\u00e3o <strong>entre os dias 18 de maio e 14 de junho<\/strong> por meio do site da <a href=\"https:\/\/progep.furg.br\/bin\/edital\/index.php?id_edital=658&amp;historico=false\" target=\"_blank\" rel=\"noopener noreferrer\">Pr\u00f3-Reitoria<\/a> de Gest\u00e3o e Desenvolvimento de Pessoas da Universidade.<\/p>\n<p>Al\u00e9m disso, para efetivar a participa\u00e7\u00e3o \u00e9 necess\u00e1rio que os candidatos efetuem o pagamento da <strong>taxa de inscri\u00e7\u00e3o<\/strong>, que possui o valor fixo de <strong>R$ 70,00<\/strong>, at\u00e9 o dia <strong>15 de junho.<\/strong><\/p>\n<p>Estude para o concurso dos seus sonhos com a <a href=\"https:\/\/aprovacao.novaconcursos.com.br\/assinatura\" target=\"_blank\" rel=\"noopener noreferrer\">Assinatura Completa da Nova.<\/a> Tenha acesso a <strong>Cursos, Plataforma de Quest\u00f5es, Eventos Exclusivos<\/strong> para Assinantes e Muito Mais!<\/p>\n<h3>[ps2id id=\u2019isen\u00e7\u00e3o\u2019 target=\u201d\/]Isen\u00e7\u00e3o de taxa<\/h3>\n<p>\u00c9 igualmente essencial que os concurseiros saibam que entre os dias <strong>18 e 20 de maio<\/strong> poder\u00e3o solicitar a <strong>isen\u00e7\u00e3o de taxa<\/strong> aqueles que se enquadrem nos perfis a seguir:<\/p>\n<ul><li>inscrito no Cadastro \u00danico para Programas Sociais do Governo Federal (Cad\u00danico); e<\/li>\n<li>candidato doador de medula \u00f3ssea.<\/li>\n<\/ul><p>\u00a0<\/p>\n<h2 id=\"ps2id-idvagas-targetvagas-cargos-e-salrios\">[ps2id id=\u2019vagas\u2019 target=\u201d\/]Vagas, cargos e sal\u00e1rios<\/h2>\n<p>Nesse sentido, o novo concurso da Universidade Federal do Rio Grande, no <a href=\"https:\/\/www.novaconcursos.com.br\/portal\/concursos-abertos\/rs\/\">Rio Grande do Sul<\/a> oferta <strong>05 oportunidades imediatas<\/strong> para o cargo de <strong>Assistente em Administra\u00e7\u00e3o,<\/strong> sendo 3 para ampla concorr\u00eancia, 1 para candidatos negros e 1 para candidatos PcD.<\/p>\n<p>Al\u00e9m disso, a carreira tem como requisito o <strong>ensino m\u00e9dio completo<\/strong> ou o <strong>ensino m\u00e9dio profissionalizante.<\/strong><\/p>\n<p>Ademais, os aprovados no concurso p\u00fablico contar\u00e3o com <strong>sal\u00e1rios iniciais<\/strong> no valor de <strong>R$ 2.446,96<\/strong>, sem incluir o aux\u00edlio-alimenta\u00e7\u00e3o e os percentuais de incentivo \u00e0 qualifica\u00e7\u00e3o e \u00e0 capacita\u00e7\u00e3o.<\/p>\n<h2 id=\"ps2id-idatribuies-targetquais-so-as-atribuies-do-cargo\">[ps2id id=\u2019atribui\u00e7\u00f5es\u2019 target=\u201d\/]Quais s\u00e3o as atribui\u00e7\u00f5es do cargo?<\/h2>\n<p>\u00c9 igualmente importante, ainda, que os interessados no concurso FURG saibam quais ser\u00e3o as <strong>fun\u00e7\u00f5es<\/strong> a serem desempenhadas pelos contratados pela Universidade. Sendo assim, as <strong>atribui\u00e7\u00f5es do cargo<\/strong> s\u00e3o:<\/p>\n<ul><li>Dar suporte administrativo e t\u00e9cnico nas \u00e1reas de recursos humanos, de administra\u00e7\u00e3o, de finan\u00e7as e de log\u00edstica; atender a usu\u00e1rios, fornecendo e recebendo informa\u00e7\u00f5es; tratar de documentos variados, cumprindo todo o procedimento necess\u00e1rio referente a eles; preparar relat\u00f3rios e planilhas; executar servi\u00e7os das \u00e1reas de escrit\u00f3rio. Assessorar nas atividades de ensino, de pesquisa e de extens\u00e3o.<\/li>\n<\/ul><p>\u00a0<\/p>\n<h2 id=\"ps2id-idprovas-targetconcurso-furg-como-sero-as-provas\">[ps2id id=\u2019provas\u2019 target=\u201d\/]Concurso FURG: como ser\u00e3o as provas?<\/h2>\n<p>Al\u00e9m disso, por fim, \u00e9 de suma import\u00e2ncia que os candidatos do <a href=\"https:\/\/www.novaconcursos.com.br\/portal\/concursos-previstos\/rs\/\">concurso<\/a> FURG saibam que ser\u00e3o avaliados por meio de <strong>uma \u00fanica etapa avaliativa<\/strong>, sendo ela de<strong> Prova Objetiva.<\/strong><\/p>\n<p>Nesse sentido, a avalia\u00e7\u00e3o est\u00e1 prevista para ser aplicada <strong>no dia 04 de setembro<\/strong>, na cidade de Rio Grande\/RS, quando os inscritos na sele\u00e7\u00e3o dever\u00e3o responder a <strong>50 quest\u00f5es<\/strong> de m\u00faltipla escolha acerca das seguintes<strong> disciplinas:<\/strong><\/p>\n<ul><li>L\u00edngua Portuguesa \u2013 15;<\/li>\n<li>Direito e Legisla\u00e7\u00e3o \u2013 15;<\/li>\n<li>Inform\u00e1tica \u2013 10;<\/li>\n<li>Racioc\u00ednio L\u00f3gico \u2013 10.<\/li>\n<\/ul><p>\u00a0<\/p>\n<p>Ademais, cada quest\u00e3o valer\u00e1 <strong>0,2 pontos<\/strong>, de maneira que a avalia\u00e7\u00e3o valer\u00e1, no total, <strong>10 pontos.<\/strong> Sendo assim, para ser considerado como aprovado \u00e9 preciso que o candidato obtenha a <strong>nota m\u00ednima de 6 pontos<\/strong> e esteja classificado dentro do <strong>limite de classifica\u00e7\u00e3o,<\/strong> sendo ele:<\/p>\n<p><a href=\"https:\/\/www.novaconcursos.com.br\/portal\/wp-content\/uploads\/2021\/11\/classifica%C3%A7%C3%A3o-furg.png\"><img decoding=\"async\" class=\"alignnone wp-image-161137 size-full\" src=\"https:\/\/www.novaconcursos.com.br\/portal\/wp-content\/uploads\/2021\/11\/classifica%C3%A7%C3%A3o-furg.png\" alt=\"\" width=\"768\" height=\"62\" loading=\"lazy\" title=\"\" srcset=\"https:\/\/www.novaconcursos.com.br\/portal\/wp-content\/uploads\/2021\/11\/classifica\u00e7\u00e3o-furg-300x24.png 300w, https:\/\/www.novaconcursos.com.br\/portal\/wp-content\/uploads\/2021\/11\/classifica\u00e7\u00e3o-furg.png 768w\" sizes=\"auto, (max-width: 480px) 100vw, (max-width: 768px) 100vw, (max-width: 1200px) 70vw, 768px\"><\/a><\/p>\n<p>Al\u00e9m disso, segundo o edital ser\u00e1<strong> exclu\u00eddo do concurso<\/strong> p\u00fablico o candidato que:<\/p>\n<ul><li>fizer, em qualquer documento, declara\u00e7\u00e3o falsa ou inexata;<\/li>\n<li>provocar tumulto, no local de aplica\u00e7\u00e3o da prova, agir com incorre\u00e7\u00e3o ou descortesia com qualquer pessoa da equipe encarregada da aplica\u00e7\u00e3o das provas, com a comiss\u00e3o central ou com candidato participante do processo;<\/li>\n<li>for respons\u00e1vel por falsa identifica\u00e7\u00e3o pessoal;<\/li>\n<li>utilizar ou tentar utilizar meios fraudulentos para obter aprova\u00e7\u00e3o pr\u00f3pria ou de terceiros, em qualquer fase do concurso p\u00fablico;<\/li>\n<li>n\u00e3o entregar o material das provas ao t\u00e9rmino do tempo destinado para a sua realiza\u00e7\u00e3o;<\/li>\n<li>retirar-se do recinto de prova durante a sua realiza\u00e7\u00e3o, sem a devida autoriza\u00e7\u00e3o;<\/li>\n<li>descumprir as instru\u00e7\u00f5es contidas no caderno de quest\u00f5es e no cart\u00e3o-resposta;<\/li>\n<li>n\u00e3o atender \u00e0s determina\u00e7\u00f5es regulamentares da PROGEP.<\/li>\n<\/ul><p><strong>\u00a0<\/strong><\/p>\n<h2 id=\"ps2id-idltimo-targetltimo-concurso-furg\">[ps2id id=\u2019\u00faltimo\u2019 target=\u201d\/]\u00daltimo concurso FURG<\/h2>\n<p>Tamb\u00e9m \u00e9 essencial recordar que o \u00faltimo concurso FURG <strong>aconteceu em 2021,<\/strong> quando foram ofertadas <strong>09 oportunidades imediatas<\/strong> entre cargos de <strong>n\u00edvel superior.<\/strong> Sendo assim, conhe\u00e7a as carreiras contempladas:<\/p>\n<ul><li>Analista de Tecnologia da Informa\u00e7\u00e3o \u2013 Desenvolvimento de Sistemas (40 horas)<\/li>\n<li>Analista de Tecnologia da Informa\u00e7\u00e3o \u2013 Servi\u00e7os de rede (40 horas)<\/li>\n<li>Meteorologista (40 horas)<\/li>\n<li>Estat\u00edstico (40 horas)<\/li>\n<li>M\u00e9dico \u2013 Psiquiatra (20 horas)<\/li>\n<li>M\u00e9dico \u2013 Fam\u00edlia e Comunidade (20 horas)<\/li>\n<li>Engenheiro \u2013 Eletricista (40 horas)<\/li>\n<\/ul><p>\u00a0<\/p>\n<p>Al\u00e9m disso, os aprovados nessa sele\u00e7\u00e3o e contratados pela Universidade contaram com<strong> remunera\u00e7\u00f5es iniciais<\/strong> no valor de <strong>R$ 4.180,66<\/strong>, sem contar com os percentuais de incentivo \u00e0 qualifica\u00e7\u00e3o e \u00e0 capacita\u00e7\u00e3o.<\/p>\n<p>Ademais, os inscritos nessa sele\u00e7\u00e3o foram avaliados por meio de <strong>provas objetivas,<\/strong> para todos os cargos, e <strong>avalia\u00e7\u00e3o de t\u00edtulos,<\/strong> para Estat\u00edsticos.<\/p>\n<h3>[ps2id id=\u2019requisitos\u2019 target=\u201d\/]Requisitos de forma\u00e7\u00e3o<\/h3>\n<p><strong>Analista de Tecnologia da Informa\u00e7\u00e3o \u2013 Desenvolvimento de Sistemas:<\/strong> Curso Superior: em Inform\u00e1tica ou An\u00e1lise de Sistemas ou Engenharia da Computa\u00e7\u00e3o ou Ci\u00eancia da Computa\u00e7\u00e3o ou Sistemas de Informa\u00e7\u00e3o ou Tecnologia em Processamento de Dados ou Tecnologia em Inform\u00e1tica ou Tecnologia da Informa\u00e7\u00e3o ou An\u00e1lise e Desenvolvimento de Sistemas ou Sistemas para Internet ou Tecnologia em Sistemas para Internet.<\/p>\n<p><strong>Analista de Tecnologia da Informa\u00e7\u00e3o \u2013 Servi\u00e7os de Rede:<\/strong> Curso Superior em Inform\u00e1tica ou Computa\u00e7\u00e3o ou An\u00e1lise de Sistemas ou Engenharia da Computa\u00e7\u00e3o ou Ci\u00eancia da Computa\u00e7\u00e3o ou Sistemas de Informa\u00e7\u00e3o ou Engenharia de Software ou Tecnologia em Processamento de Dados ou Tecnologia em Inform\u00e1tica ou Tecnologia da Informa\u00e7\u00e3o ou Tecnologia em An\u00e1lise e Desenvolvimento de Sistemas ou Tecnologia em Redes de Computadores ou Tecnologia em Banco de Dados ou Tecnologia em Defesa Cibern\u00e9tica ou Tecnologia em Gest\u00e3o de Tecnologia da Informa\u00e7\u00e3o ou Tecnologia em Gest\u00e3o de Telecomunica\u00e7\u00f5es ou Tecnologia em Redes de Telecomunica\u00e7\u00f5es ou Tecnologia em Seguran\u00e7a da Informa\u00e7\u00e3o ou Tecnologia em Sistemas para Internet ou Tecnologia em Sistemas de Telecomunica\u00e7\u00f5es ou Tecnologia em Telem\u00e1tica.<\/p>\n<p><strong>Meteorologista:<\/strong> Curso Superior em Meteorologia ou Ci\u00eancias Atmosf\u00e9ricas.<\/p>\n<p><strong>Estat\u00edstico:<\/strong> Curso Superior em Ci\u00eancias Estat\u00edsticas.<\/p>\n<p><strong>M\u00e9dico \u2013 Psiquiatra:<\/strong> Curso Superior em Medicina e Resid\u00eancia M\u00e9dica em Psiquiatria em programa reconhecido pelo Minist\u00e9rio da Educa\u00e7\u00e3o.<\/p>\n<p><strong>M\u00e9dico \u2013 Fam\u00edlia e Comunidade:<\/strong> Curso Superior em Medicina e Resid\u00eancia M\u00e9dica em Medicina de Fam\u00edlia e Comunidade ou Medicina Preventiva e Social em programa reconhecido pelo Minist\u00e9rio da Educa\u00e7\u00e3o.<\/p>\n<p><strong>Engenheiro \u2013 Eletricista:<\/strong> Curso Superior em Engenharia El\u00e9trica.<\/p>","protected":false},"excerpt":{"rendered":"<p>Boa not\u00edcia, concurseiros! Foi publicado o edital do novo concurso FURG (Universidade Federal do Rio Grande), no Rio Grande do Sul. Ademais, s\u00e3o ofertadas, no total, 05 oportunidades imediatas.<br \/>\nAl\u00e9m disso, as vagas possuem como exig\u00eancia o n\u00edvel m\u00e9dio de escolaridade, para T\u00e9cnico-Administrativo. Sendo assim, se voc\u00ea se interessa pela sele\u00e7\u00e3o, confira todos os detalhes a seguir!<\/p>\n","protected":false},"author":16,"featured_media":161141,"comment_status":"closed","ping_status":"closed","sticky":false,"template":"","format":"standard","meta":{"_acf_changed":false,"footnotes":"","_wp_rev_ctl_limit":""},"categories":[44999],"tags":[],"class_list":["post-47182","post","type-post","status-publish","format-standard","has-post-thumbnail","hentry","category-concursos"],"acf":[],"_links":{"self":[{"href":"https:\/\/www.novaconcursos.com.br\/portal\/wp-json\/wp\/v2\/posts\/47182","targetHints":{"allow":["GET"]}}],"collection":[{"href":"https:\/\/www.novaconcursos.com.br\/portal\/wp-json\/wp\/v2\/posts"}],"about":[{"href":"https:\/\/www.novaconcursos.com.br\/portal\/wp-json\/wp\/v2\/types\/post"}],"author":[{"embeddable":true,"href":"https:\/\/www.novaconcursos.com.br\/portal\/wp-json\/wp\/v2\/users\/16"}],"replies":[{"embeddable":true,"href":"https:\/\/www.novaconcursos.com.br\/portal\/wp-json\/wp\/v2\/comments?post=47182"}],"version-history":[{"count":7,"href":"https:\/\/www.novaconcursos.com.br\/portal\/wp-json\/wp\/v2\/posts\/47182\/revisions"}],"predecessor-version":[{"id":161143,"href":"https:\/\/www.novaconcursos.com.br\/portal\/wp-json\/wp\/v2\/posts\/47182\/revisions\/161143"}],"wp:featuredmedia":[{"embeddable":true,"href":"https:\/\/www.novaconcursos.com.br\/portal\/wp-json\/wp\/v2\/media\/161141"}],"wp:attachment":[{"href":"https:\/\/www.novaconcursos.com.br\/portal\/wp-json\/wp\/v2\/media?parent=47182"}],"wp:term":[{"taxonomy":"category","embeddable":true,"href":"https:\/\/www.novaconcursos.com.br\/portal\/wp-json\/wp\/v2\/categories?post=47182"},{"taxonomy":"post_tag","embeddable":true,"href":"https:\/\/www.novaconcursos.com.br\/portal\/wp-json\/wp\/v2\/tags?post=47182"}],"curies":[{"name":"wp","href":"https:\/\/api.w.org\/{rel}","templated":true}]}}