{"id":47198,"date":"2016-10-13T14:34:35","date_gmt":"2016-10-13T17:34:35","guid":{"rendered":"http:\/\/www.novaconcursos.com.br\/portal\/?p=47198"},"modified":"2024-07-16T10:07:42","modified_gmt":"2024-07-16T13:07:42","slug":"terminam-hoje-as-inscricoes-do-concurso-prefeitura-de-uberlandia-mg-2016-10","status":"publish","type":"post","link":"https:\/\/www.novaconcursos.com.br\/portal\/noticias\/terminam-hoje-as-inscricoes-do-concurso-prefeitura-de-uberlandia-mg-2016-10\/","title":{"rendered":"Terminam hoje as inscri\u00e7\u00f5es do concurso Prefeitura de Uberl\u00e2ndia \u2013 MG"},"content":{"rendered":"<p>Aten\u00e7\u00e3o, pois os mineiros que n\u00e3o se inscreveram para o<strong><a href=\"https:\/\/www.novaconcursos.com.br\/portal\/concursos\/concurso-prefeitura-de-uberlandia-mg-edital-setembro\/\" target=\"_blank\" rel=\"noopener noreferrer\"> concurso Prefeitura de Uberl\u00e2ndia<\/a><\/strong> <strong>ainda podem participar<\/strong>! Os cadastros ficam dispon\u00edveis <strong>at\u00e9 \u00e0s 17h de hoje (13)<\/strong>, pelo site da pr\u00f3pria Prefeitura.<\/p>\n\n\n\n<p><strong><a href=\"https:\/\/www.novaconcursos.com.br\/concurso\/prefeitura-de-uberlandia\/apostila?utm_source=blog&amp;utm_medium=smm&amp;utm_content=link-texto&amp;utm_campaign=prefeituradeuberlandia\" target=\"_blank\" rel=\"noopener noreferrer\">Garanta j\u00e1 a sua vaga neste concurso!<\/a><\/strong><br><strong><a href=\"https:\/\/www.novaconcursos.com.br\/concurso\/prefeitura-de-uberlandia\/apostila?utm_source=blog&amp;utm_medium=smm&amp;utm_content=link-texto&amp;utm_campaign=prefeituradeuberlandia\" target=\"_blank\" rel=\"noopener noreferrer\"> Compre aqui: <span style=\"text-decoration: underline; color: #0000ff;\">Apostila Prefeitura de Uberl\u00e2ndia<\/span><\/a><\/strong><\/p>\n\n\n\n<p><strong>Sobre o concurso<\/strong><\/p>\n\n\n\n<p>A Prefeitura de Uberl\u00e2ndia \u2013 MG abriu concurso com <strong>10 vagas<\/strong> para a \u00e1rea da educa\u00e7\u00e3o. As oportunidades s\u00e3o para candidatos com o <strong>ensino m\u00e9dio\/t\u00e9cnico ou superior<\/strong> completos e pagam sal\u00e1rios de R$ 1.403,27 at\u00e9 R$ 2.864,00. O dia, o local e o hor\u00e1rio da prova ser\u00e3o divulgados no site www.uberlandia.mg.gov.br.<\/p>\n\n\n\n<p>Para saber mais detalhes e baixar o edital, <span style=\"text-decoration: underline; color: #0000ff;\"><a style=\"color: #0000ff; text-decoration: underline;\" href=\"https:\/\/www.novaconcursos.com.br\/portal\/concursos\/concurso-prefeitura-de-uberlandia-mg-edital-setembro\/\" target=\"_blank\" rel=\"noopener noreferrer\">veja a p\u00e1gina do<strong> Concurso Prefeitura de Uberl\u00e2ndia \u2013 MG!<\/strong><\/a><\/span><\/p>\n\n\n\n<p>A <span style=\"text-decoration: underline;\"><strong><a href=\"https:\/\/www.novaconcursos.com.br\/?utm_source=blog&amp;utm_medium=smm&amp;utm_content=link-texto&amp;utm_campaign=home\" target=\"_blank\" rel=\"noopener noreferrer\">editora Nova<\/a><\/strong><\/span> tem ajudado h\u00e1 mais de 8 anos quem quer vencer a batalha do concurso p\u00fablico. Se voc\u00ea quer aumentar as suas chances de passar, conhe\u00e7a os nossos materiais, acessando o nosso site!<\/p>","protected":false},"excerpt":{"rendered":"<p>Aten\u00e7\u00e3o, pois os mineiros que n\u00e3o se inscreveram para o concurso Prefeitura de Uberl\u00e2ndia ainda podem participar! Os cadastros ficam dispon\u00edveis at\u00e9 \u00e0s 17h de hoje (13), pelo site da pr\u00f3pria Prefeitura. Garanta j\u00e1 a sua vaga neste concurso! Compre aqui: Apostila Prefeitura de Uberl\u00e2ndia Sobre o concurso A Prefeitura de Uberl\u00e2ndia \u2013 MG abriu [&hellip;]<\/p>\n","protected":false},"author":16,"featured_media":40339,"comment_status":"closed","ping_status":"closed","sticky":false,"template":"","format":"standard","meta":{"_acf_changed":false,"footnotes":"","_wp_rev_ctl_limit":""},"categories":[228],"tags":[17452,18703,18112],"class_list":["post-47198","post","type-post","status-publish","format-standard","has-post-thumbnail","hentry","category-noticias","tag-concurso-prefeitura-de-uberlandia","tag-concurso-prefeitura-de-uberlandia-edital-setembro","tag-edital-concurso-prefeitura-de-uberlandia"],"acf":[],"_links":{"self":[{"href":"https:\/\/www.novaconcursos.com.br\/portal\/wp-json\/wp\/v2\/posts\/47198","targetHints":{"allow":["GET"]}}],"collection":[{"href":"https:\/\/www.novaconcursos.com.br\/portal\/wp-json\/wp\/v2\/posts"}],"about":[{"href":"https:\/\/www.novaconcursos.com.br\/portal\/wp-json\/wp\/v2\/types\/post"}],"author":[{"embeddable":true,"href":"https:\/\/www.novaconcursos.com.br\/portal\/wp-json\/wp\/v2\/users\/16"}],"replies":[{"embeddable":true,"href":"https:\/\/www.novaconcursos.com.br\/portal\/wp-json\/wp\/v2\/comments?post=47198"}],"version-history":[{"count":4,"href":"https:\/\/www.novaconcursos.com.br\/portal\/wp-json\/wp\/v2\/posts\/47198\/revisions"}],"predecessor-version":[{"id":243929,"href":"https:\/\/www.novaconcursos.com.br\/portal\/wp-json\/wp\/v2\/posts\/47198\/revisions\/243929"}],"wp:featuredmedia":[{"embeddable":true,"href":"https:\/\/www.novaconcursos.com.br\/portal\/wp-json\/wp\/v2\/media\/40339"}],"wp:attachment":[{"href":"https:\/\/www.novaconcursos.com.br\/portal\/wp-json\/wp\/v2\/media?parent=47198"}],"wp:term":[{"taxonomy":"category","embeddable":true,"href":"https:\/\/www.novaconcursos.com.br\/portal\/wp-json\/wp\/v2\/categories?post=47198"},{"taxonomy":"post_tag","embeddable":true,"href":"https:\/\/www.novaconcursos.com.br\/portal\/wp-json\/wp\/v2\/tags?post=47198"}],"curies":[{"name":"wp","href":"https:\/\/api.w.org\/{rel}","templated":true}]}}