{"id":47654,"date":"2016-10-21T15:26:07","date_gmt":"2016-10-21T17:26:07","guid":{"rendered":"http:\/\/www.novaconcursos.com.br\/portal\/?p=47654"},"modified":"2021-01-28T16:28:45","modified_gmt":"2021-01-28T19:28:45","slug":"ultimas-horas-de-inscricoes-do-concurso-camara-de-embu-das-artes-sp-2016-10","status":"publish","type":"post","link":"https:\/\/www.novaconcursos.com.br\/portal\/noticias\/ultimas-horas-de-inscricoes-do-concurso-camara-de-embu-das-artes-sp-2016-10\/","title":{"rendered":"\u00daltimas horas de inscri\u00e7\u00f5es do concurso C\u00e2mara de Embu das Artes \u2013 SP"},"content":{"rendered":"<p>Aten<a href=\"https:\/\/www.novaconcursos.com.br\/concurso\/camara-municipal-de-embu-das-artes\/apostila?utm_source=blog&amp;utm_medium=smm&amp;utm_content=link-banner-250&amp;utm_campaign=camaradeembu\" target=\"_blank\" rel=\"noopener noreferrer\"><img decoding=\"async\" class=\" size-medium wp-image-45914 alignleft\" src=\"https:\/\/www.novaconcursos.com.br\/portal\/wp-content\/uploads\/2016\/09\/concurso-camara-de-embu-das-artes-300x76.png\" alt=\"concurso-camara-de-embu-das-artes\" width=\"300\" height=\"76\" loading=\"lazy\" title=\"\" srcset=\"https:\/\/www.novaconcursos.com.br\/portal\/wp-content\/uploads\/2016\/09\/concurso-camara-de-embu-das-artes-300x76.png 300w, https:\/\/www.novaconcursos.com.br\/portal\/wp-content\/uploads\/2016\/09\/concurso-camara-de-embu-das-artes.png 446w\" sizes=\"auto, (max-width: 480px) 100vw, (max-width: 768px) 100vw, (max-width: 1200px) 70vw, 768px\"><\/a>\u00e7\u00e3o concurseiros do interior do estado, pois o <span style=\"color: #333333;\"><strong><a style=\"color: #333333; text-decoration: underline;\" href=\"https:\/\/www.novaconcursos.com.br\/portal\/concursos\/concurso-camara-de-embu-das-artes-sp\/\" target=\"_blank\" rel=\"noopener noreferrer\">concurso C\u00e2mara de Embu das Artes<\/a><\/strong><\/span> <strong>encerra hoje (21) as inscri\u00e7\u00f5es<\/strong>. Ainda d\u00e1 tempo de participar at\u00e9 \u00e0s 22h pelo site da organizadora Zambini.<\/p>\n<p><strong><a href=\"https:\/\/www.novaconcursos.com.br\/concurso\/camara-municipal-de-embu-das-artes\/apostila?utm_source=blog&amp;utm_medium=smm&amp;utm_content=link-texto&amp;utm_campaign=camaradeembu\" target=\"_blank\" rel=\"noopener noreferrer\">Garanta j\u00e1 a sua vaga neste concurso!<\/a><\/strong><br><strong><a href=\"https:\/\/www.novaconcursos.com.br\/concurso\/camara-municipal-de-embu-das-artes\/apostila?utm_source=blog&amp;utm_medium=smm&amp;utm_content=link-texto&amp;utm_campaign=camaradeembu\" target=\"_blank\" rel=\"noopener noreferrer\"> Compre aqui: <span style=\"text-decoration: underline; color: #0000ff;\">Apostila C\u00e2mara de Embu<\/span><\/a><\/strong><\/p>\n<p><strong>Sobre o concurso<\/strong><\/p>\n<p>A C\u00e2mara de Embu das Artes \u2013 SP abriu concurso com <strong>39 vagas<\/strong>, sendo que 3 s\u00e3o imediatas e o restante de cadastro reserva. As oportunidades s\u00e3o para candidatos de <strong>n\u00edvel fundamental e superior<\/strong> e pagam sal\u00e1rios que variam de <strong>R$ 1.540,25 a R$ 8.779,11<\/strong>. As provas objetivas est\u00e3o previstas para o dia 20 de novembro de 2016.<\/p>\n<p>Para saber mais detalhes e baixar o edital,<span style=\"text-decoration: underline; color: #0000ff;\"><a style=\"color: #0000ff; text-decoration: underline;\" href=\"https:\/\/www.novaconcursos.com.br\/portal\/concursos\/concurso-camara-de-embu-das-artes-sp\/\" target=\"_blank\" rel=\"noopener noreferrer\"> veja a p\u00e1gina do <strong>Concurso C\u00e2mara de Embu das Artes \u2013 SP.<\/strong><\/a><\/span><\/p>\n<p>A <span style=\"text-decoration: underline;\"><strong><a href=\"https:\/\/www.novaconcursos.com.br\/?utm_source=blog&amp;utm_medium=smm&amp;utm_content=link-texto&amp;utm_campaign=home\" target=\"_blank\" rel=\"noopener noreferrer\">editora Nova<\/a><\/strong><\/span> tem ajudado h\u00e1 mais de 8 anos quem quer vencer a batalha do concurso p\u00fablico. Se voc\u00ea quer aumentar as suas chances de passar, conhe\u00e7a os nossos materiais, acessando o nosso site!<\/p>\n<p><a href=\"https:\/\/www.novaconcursos.com.br\/concurso\/camara-municipal-de-embu-das-artes\/apostila?utm_source=blog&amp;utm_medium=smm&amp;utm_content=link-banner-728&amp;utm_campaign=camaradeembu\" target=\"_blank\" rel=\"noopener noreferrer\"><img decoding=\"async\" class=\"aligncenter wp-image-47655 size-full\" src=\"https:\/\/www.novaconcursos.com.br\/portal\/wp-content\/uploads\/2016\/10\/modelo-apostila-camara-de-embu-das-artes.jpg\" alt=\"modelo-apostila-camara-de-embu-das-artes\" width=\"590\" height=\"80\" loading=\"lazy\" title=\"\" srcset=\"https:\/\/www.novaconcursos.com.br\/portal\/wp-content\/uploads\/2016\/10\/modelo-apostila-camara-de-embu-das-artes-300x41.jpg 300w, https:\/\/www.novaconcursos.com.br\/portal\/wp-content\/uploads\/2016\/10\/modelo-apostila-camara-de-embu-das-artes.jpg 590w\" sizes=\"auto, (max-width: 480px) 100vw, (max-width: 768px) 100vw, (max-width: 1200px) 70vw, 768px\"><\/a><\/p>","protected":false},"excerpt":{"rendered":"<p>Aten\u00e7\u00e3o concurseiros do interior do estado, pois o concurso C\u00e2mara de Embu das Artes encerra hoje (21) as inscri\u00e7\u00f5es. Ainda d\u00e1 tempo de participar at\u00e9 \u00e0s 22h pelo site da organizadora Zambini. Garanta j\u00e1 a sua vaga neste concurso! Compre aqui: Apostila C\u00e2mara de Embu Sobre o concurso A C\u00e2mara de Embu das Artes \u2013 [&hellip;]<\/p>\n","protected":false},"author":16,"featured_media":45915,"comment_status":"closed","ping_status":"closed","sticky":false,"template":"","format":"standard","meta":{"_acf_changed":false,"footnotes":"","_wp_rev_ctl_limit":""},"categories":[228],"tags":[18616,18938,18615,18939],"class_list":["post-47654","post","type-post","status-publish","format-standard","has-post-thumbnail","hentry","category-noticias","tag-camara-de-embu-das-artes","tag-concurso-camara-de-embu","tag-concurso-camara-de-embu-das-artes","tag-edital-embu-das-artes"],"acf":[],"_links":{"self":[{"href":"https:\/\/www.novaconcursos.com.br\/portal\/wp-json\/wp\/v2\/posts\/47654","targetHints":{"allow":["GET"]}}],"collection":[{"href":"https:\/\/www.novaconcursos.com.br\/portal\/wp-json\/wp\/v2\/posts"}],"about":[{"href":"https:\/\/www.novaconcursos.com.br\/portal\/wp-json\/wp\/v2\/types\/post"}],"author":[{"embeddable":true,"href":"https:\/\/www.novaconcursos.com.br\/portal\/wp-json\/wp\/v2\/users\/16"}],"replies":[{"embeddable":true,"href":"https:\/\/www.novaconcursos.com.br\/portal\/wp-json\/wp\/v2\/comments?post=47654"}],"version-history":[{"count":4,"href":"https:\/\/www.novaconcursos.com.br\/portal\/wp-json\/wp\/v2\/posts\/47654\/revisions"}],"predecessor-version":[{"id":115360,"href":"https:\/\/www.novaconcursos.com.br\/portal\/wp-json\/wp\/v2\/posts\/47654\/revisions\/115360"}],"wp:featuredmedia":[{"embeddable":true,"href":"https:\/\/www.novaconcursos.com.br\/portal\/wp-json\/wp\/v2\/media\/45915"}],"wp:attachment":[{"href":"https:\/\/www.novaconcursos.com.br\/portal\/wp-json\/wp\/v2\/media?parent=47654"}],"wp:term":[{"taxonomy":"category","embeddable":true,"href":"https:\/\/www.novaconcursos.com.br\/portal\/wp-json\/wp\/v2\/categories?post=47654"},{"taxonomy":"post_tag","embeddable":true,"href":"https:\/\/www.novaconcursos.com.br\/portal\/wp-json\/wp\/v2\/tags?post=47654"}],"curies":[{"name":"wp","href":"https:\/\/api.w.org\/{rel}","templated":true}]}}