{"id":49200,"date":"2026-01-16T12:52:06","date_gmt":"2026-01-16T15:52:06","guid":{"rendered":"http:\/\/www.novaconcursos.com.br\/portal\/?post_type=nc-public-tender&#038;p=49200"},"modified":"2026-01-16T12:52:12","modified_gmt":"2026-01-16T15:52:12","slug":"concurso-agepen-ce","status":"publish","type":"post","link":"https:\/\/www.novaconcursos.com.br\/portal\/concursos\/concurso-agepen-ce\/","title":{"rendered":"Concurso Pol\u00edcia Penal CE: Governador projeta novo edital!"},"content":{"rendered":"<p>O concurso Pol\u00edcia Penal CE voltou ao centro das expectativas ap\u00f3s o governador Elmano de Freitas indicar a possibilidade de um <strong>novo edital<\/strong> para refor\u00e7ar o efetivo no sistema prisional do Cear\u00e1. A proje\u00e7\u00e3o ocorre em meio ao avan\u00e7o de a\u00e7\u00f5es voltadas para a amplia\u00e7\u00e3o da estrutura penitenci\u00e1ria no estado.<\/p>\n\n\n\n<p>A declara\u00e7\u00e3o foi dada durante uma solenidade no <strong>Complexo Penitenci\u00e1rio de Aquiraz<\/strong>, onde foram entregues equipamentos para a corpora\u00e7\u00e3o. No discurso, o governador relacionou diretamente o crescimento da rede prisional com a necessidade de novos servidores para atuar nas unidades.<\/p>\n\n\n\n<p>Com a previs\u00e3o de cerca de <strong>5 mil novas vagas<\/strong> no sistema, o governo sinaliza que ser\u00e1 necess\u00e1rio ampliar o quadro de profissionais, o que refor\u00e7a a expectativa de mais oportunidades no concurso Pol\u00edcia Penal CE. A seguir, confira os detalhes do an\u00fancio e o que pode acontecer nos pr\u00f3ximos meses.<\/p>\n\n\n\n<h2 class=\"wp-block-heading\" id=\"concurso-polcia-penal-ce-situao-atual\">Concurso Pol\u00edcia Penal CE: Situa\u00e7\u00e3o atual!<\/h2>\n\n\n\n<p>O concurso Pol\u00edcia Penal CE voltou ao radar dos concurseiros ap\u00f3s o governador Elmano de Freitas comentar que o Cear\u00e1 deve precisar de mais servidores para atuar nas unidades prisionais. A proje\u00e7\u00e3o aparece em meio ao avan\u00e7o de obras e a\u00e7\u00f5es que ampliam a capacidade do sistema penitenci\u00e1rio estadual, com previs\u00e3o de abertura de milhares de novas vagas.<\/p>\n\n\n\n<p>A sinaliza\u00e7\u00e3o foi feita durante um evento no <strong>Complexo Penitenci\u00e1rio de Aquiraz<\/strong>, onde a corpora\u00e7\u00e3o recebeu novos equipamentos. Na ocasi\u00e3o, o governador deixou claro que o crescimento da estrutura prisional tende a exigir um aumento no n\u00famero de profissionais, o que fortalece a expectativa por um novo edital do concurso Pol\u00edcia Penal CE.<\/p>\n\n\n\n<p>A cerim\u00f4nia integrou o programa Cear\u00e1 Contra o Crime e teve a entrega de aproximadamente <strong>3,3 mil itens<\/strong>, com investimento estimado em <strong>R$ 2 milh\u00f5es<\/strong>. Al\u00e9m disso, Elmano tamb\u00e9m informou que pretende encaminhar, em fevereiro, propostas \u00e0 Assembleia Legislativa relacionadas \u00e0 valoriza\u00e7\u00e3o da categoria, incluindo a cria\u00e7\u00e3o de gratifica\u00e7\u00f5es para os policiais penais.<\/p>\n\n\n\n<p>Ap\u00f3s o evento, o governador publicou um v\u00eddeo refor\u00e7ando o cen\u00e1rio de amplia\u00e7\u00e3o das vagas no sistema prisional, em torno de <strong>5 mil novas vagas<\/strong>, e relacionando esse crescimento \u00e0 necessidade de novas contrata\u00e7\u00f5es. De acordo com ele, o aumento do n\u00famero de pris\u00f5es no estado amplia a demanda por cust\u00f3dia e seguran\u00e7a, tornando cada vez mais importante a reposi\u00e7\u00e3o e o refor\u00e7o do efetivo, o que mant\u00e9m o concurso Pol\u00edcia Penal CE como uma das sele\u00e7\u00f5es mais aguardadas.<\/p>\n\n\n\n<h2 class=\"wp-block-heading\" id=\"concurso-polcia-penal-ce-aguarda-nomeaes\">Concurso Pol\u00edcia Penal CE aguarda nomea\u00e7\u00f5es<\/h2>\n\n\n\n<p>Mesmo com a possibilidade de um novo edital, \u00e9 importante destacar que o concurso Pol\u00edcia Penal CE ainda est\u00e1 <strong>vigente<\/strong> e possui candidatos aprovados que seguem na expectativa de convoca\u00e7\u00e3o. Nas redes sociais, muitos relatam que j\u00e1 houve conclus\u00e3o de turmas do <strong>curso de forma\u00e7\u00e3o<\/strong>, mas que parte dos aprovados ainda aguarda a nomea\u00e7\u00e3o oficial por parte do Governo do Cear\u00e1.<\/p>\n\n\n\n<p>Com isso, cresce a expectativa para que o estado avance nas pr\u00f3ximas chamadas, contemplando tanto quem est\u00e1 dentro das <strong>vagas imediatas<\/strong> quanto os candidatos do <strong>cadastro de reserva<\/strong>. Enquanto isso, os excedentes acompanham de perto os desdobramentos, principalmente diante das sinaliza\u00e7\u00f5es de amplia\u00e7\u00e3o do sistema prisional e poss\u00edvel refor\u00e7o no efetivo.<\/p>\n\n\n\n<p>Vale lembrar que o \u00faltimo concurso Pol\u00edcia Penal CE ofertou <strong>800 vagas ao todo<\/strong>, sendo 600 para preenchimento imediato e 200 destinadas ao cadastro de reserva. O edital tamb\u00e9m previu pol\u00edticas de reserva de vagas, incluindo cotas para candidatos negros e para Pessoas com Defici\u00eancia (PcD), seguindo as regras do certame.<\/p>\n\n\n\n<h2 class=\"wp-block-heading\" id=\"o-que-cai-na-prova-do-concurso-polcia-penal-ce\">O que cai na prova do concurso Pol\u00edcia Penal CE?<\/h2>\n\n\n\n<p>De acordo com o \u00faltimo edital, esse \u00e9 o conte\u00fado program\u00e1tico das provas objetivas do concurso Pol\u00edcia Penal CE:<\/p>\n\n\n\n<p><em>L\u00edngua Portuguesa<\/em><\/p>\n\n\n\n<ul class=\"wp-block-list\"><li>Compreens\u00e3o e interpreta\u00e7\u00e3o de textos de g\u00eaneros variados. Reconhecimento de tipos e g\u00eaneros textuais;<\/li>\n\n\n\n<li>Dom\u00ednio da ortografia oficial: Emprego das letras; Emprego da acentua\u00e7\u00e3o gr\u00e1fica;<\/li>\n\n\n\n<li>Dom\u00ednio dos mecanismos de coes\u00e3o textual: Emprego de elementos de referencia\u00e7\u00e3o, substitui\u00e7\u00e3o e repeti\u00e7\u00e3o, de conectores e outros elementos de sequencia\u00e7\u00e3o textual; Emprego\/correla\u00e7\u00e3o de tempos e modos verbais;<\/li>\n\n\n\n<li>Dom\u00ednio da estrutura morfossint\u00e1tica do per\u00edodo: rela\u00e7\u00f5es de coordena\u00e7\u00e3o entre ora\u00e7\u00f5es e entre termos da ora\u00e7\u00e3o; rela\u00e7\u00f5es de subordina\u00e7\u00e3o entre ora\u00e7\u00f5es e entre termos da ora\u00e7\u00e3o; emprego dos sinais de pontua\u00e7\u00e3o; concord\u00e2ncia verbal e nominal; emprego do sinal indicativo de crase; coloca\u00e7\u00e3o dos pronomes \u00e1tonos;<\/li>\n\n\n\n<li>Reescritura de frases e par\u00e1grafos do texto: substitui\u00e7\u00e3o de palavras ou de trechos de texto; retextualiza\u00e7\u00e3o de diferentes g\u00eaneros e n\u00edveis de formalidade.<\/li>\n<\/ul><p><em>No\u00e7\u00f5es de Inform\u00e1tica<\/em><\/p>\n\n\n\n<ul class=\"wp-block-list\"><li>Sistema Operacional: Windows\/Linux;<\/li>\n\n\n\n<li>LibreOffice\/Apache OpenOffice \u2013 Writer;<\/li>\n\n\n\n<li>LibreOffice\/Apache OpenOffice \u2013 Calc;<\/li>\n\n\n\n<li>LibreOffice\/Apache OpenOffice \u2013 Impress;<\/li>\n\n\n\n<li>Internet: Intranet, Extranet, Protocolo e Servi\u00e7o, S\u00edtios de Busca e Pesquisa na internet, nuvem e edes sociais;<\/li>\n\n\n\n<li>Navegadores \u2013 Mozilla Firefox\/Google Chrome \u2013 Internet: Navega\u00e7\u00e3o Internet, conceitos de URL, links, sites, busca e impress\u00e3o de p\u00e1ginas;<\/li>\n\n\n\n<li>Redes sociais;<\/li>\n\n\n\n<li>Tecnologia da informa\u00e7\u00e3o e seguran\u00e7a de dados;<\/li>\n\n\n\n<li>Seguran\u00e7a da Informa\u00e7\u00e3o: Princ\u00edpios de Seguran\u00e7a, Confidencialidade e Assinatura digital;<\/li>\n\n\n\n<li>Extens\u00e3o e Arquivos;<\/li>\n\n\n\n<li>Hardware: dispositivos de armazenamento, mem\u00f3rias e perif\u00e9ricos.<\/li>\n<\/ul><p><em>Racioc\u00ednio L\u00f3gico<\/em><\/p>\n\n\n\n<ul class=\"wp-block-list\"><li>Estrutura l\u00f3gica de rela\u00e7\u00f5es arbitr\u00e1rias entre pessoas, lugares, objetos ou eventos fict\u00edcios; dedu\u00e7\u00e3o e novas informa\u00e7\u00f5es da rela\u00e7\u00f5es fornecidas e avalia\u00e7\u00e3o das condi\u00e7\u00f5es usadas para estabelecer a estrutura daquelas rela\u00e7\u00f5es;<\/li>\n\n\n\n<li>Compreens\u00e3o e an\u00e1lise da l\u00f3gica de uma situa\u00e7\u00e3o, utilizando as fun\u00e7\u00f5es intelectuais: racioc\u00ednio verbal, racioc\u00ednio matem\u00e1tico, racioc\u00ednio sequencial, orienta\u00e7\u00e3o espacial e temporal, forma\u00e7\u00e3o de conceitos, discrimina\u00e7\u00e3o de elementos;<\/li>\n\n\n\n<li>Opera\u00e7\u00f5es com conjuntos;<\/li>\n\n\n\n<li>Racioc\u00ednio l\u00f3gico envolvendo problemas aritm\u00e9ticos, geom\u00e9tricos e matriciais.<\/li>\n<\/ul><p><em>No\u00e7\u00f5es de Administra\u00e7\u00e3o P\u00fablica e \u00c9tica no Servi\u00e7o P\u00fablico<\/em><\/p>\n\n\n\n<ul class=\"wp-block-list\"><li>Processo organizacional: planejamento, dire\u00e7\u00e3o, comunica\u00e7\u00e3o, controle e avalia\u00e7\u00e3o;<\/li>\n\n\n\n<li>Organiza\u00e7\u00e3o administrativa: centraliza\u00e7\u00e3o, descentraliza\u00e7\u00e3o, concentra\u00e7\u00e3o e desconcentra\u00e7\u00e3o; Organiza\u00e7\u00e3o administrativa da Uni\u00e3o; administra\u00e7\u00e3o direta e indireta; ag\u00eancias executivas e reguladoras;<\/li>\n\n\n\n<li>Gest\u00e3o de processos;<\/li>\n\n\n\n<li>Gest\u00e3o de contratos;<\/li>\n\n\n\n<li>Planejamento estrat\u00e9gico;<\/li>\n\n\n\n<li>Princ\u00edpios da Administra\u00e7\u00e3o P\u00fablica;<\/li>\n\n\n\n<li>Inova\u00e7\u00f5es introduzidas pela Constitui\u00e7\u00e3o de 1988: ag\u00eancias executivas; servi\u00e7os essencialmente p\u00fablicos e servi\u00e7os de utilidade p\u00fablica; delega\u00e7\u00e3o de servi\u00e7os p\u00fablicos a terceiros;<\/li>\n\n\n\n<li>Rela\u00e7\u00f5es Humanas no Trabalho;<\/li>\n\n\n\n<li>\u00c9tica;<\/li>\n\n\n\n<li>Lei N\u00ba 12.527\/2011 (Lei de acesso \u00e0 informa\u00e7\u00e3o);<\/li>\n\n\n\n<li>Lei N\u00ba 13.709\/2018 (Lei geral de prote\u00e7\u00e3o de dados pessoais);<\/li>\n\n\n\n<li>Decreto N\u00ba 31.198\/2013 (C\u00f3digo de \u00c9tica e Conduta da Administra\u00e7\u00e3o P\u00fablica Estadual).<\/li>\n<\/ul><p><em>Legisla\u00e7\u00e3o Espec\u00edfica<\/em><\/p>\n\n\n\n<ul class=\"wp-block-list\"><li>Constitui\u00e7\u00e3o do Estado do Cear\u00e1: da seguran\u00e7a p\u00fablica e da defesa civil;<\/li>\n\n\n\n<li>Lei Estadual n\u00ba 9.826, de 14 de maio de 1974 (Estatuto dos Servidores P\u00fablicos Civis do Estado do Cear\u00e1);<\/li>\n\n\n\n<li>Lei Estadual n\u00ba 14.852, de 21 de dezembro de 2009 (redenomina a carreira guarda penitenci\u00e1ria, e d\u00e1 outras provid\u00eancias) e altera\u00e7\u00f5es;<\/li>\n\n\n\n<li>Lei Complementar N\u00ba 258\/2021 (regime disciplinar dos policiais penais);<\/li>\n\n\n\n<li>Lei Complementar N\u00ba 261\/2021 (altera a Lei Complementar N\u00ba 258\/2021). 6. Lei N\u00ba 16.063\/2016 (abono especial por esfor\u00e7o operacional) e altera\u00e7\u00f5es (Lei N\u00ba 16.120\/2016, Lei N\u00ba 16.825\/2019, Lei N\u00ba 17.167\/2020 e Lei N\u00ba 18.710\/2024);<\/li>\n\n\n\n<li>Decreto N\u00ba 31.997\/2016 (regulamenta a Lei N\u00ba 16.063\/2016, que trata do abono especial por esfor\u00e7o operacional) e altera\u00e7\u00f5es (Decreto N\u00ba 32.931\/2019);<\/li>\n\n\n\n<li>\u00a0Legisla\u00e7\u00e3o Especial da Secretaria de Administra\u00e7\u00e3o Penitenci\u00e1ria do Estado do Cear\u00e1.<\/li>\n<\/ul><h2 class=\"wp-block-heading\" id=\"materiais-preparatrios-do-concurso-polcia-penal-ce\">Materiais preparat\u00f3rios do concurso Pol\u00edcia Penal CE<\/h2>\n\n\n\n<p>Quer se destacar e conquistar sua vaga no concurso PP CE, realizando seu sonho de ingressar na carreira policial? Para isso, \u00e9 essencial contar com materiais de estudo de qualidade e uma rotina bem estruturada!<\/p>\n\n\n\n<p>Sabemos que a carreira policial \u00e9 altamente concorrida e almejada. Por isso, a Nova Concursos desenvolveu um<strong>\u00a0m\u00e9todo<\/strong>\u00a0de estudo que vai impulsionar sua prepara\u00e7\u00e3o!<\/p>\n\n\n\n<p>Somos reconhecidos por oferecer materiais pr\u00e1ticos e eficazes, contribuindo para a\u00a0<strong>aprova\u00e7\u00e3o<\/strong>\u00a0de mais de\u00a0<strong>70 mil candidatos<\/strong>\u00a0em concursos p\u00fablicos em todo o pa\u00eds.<\/p>\n\n\n\n<p>N\u00e3o perca tempo! Comece a estudar com os materiais da\u00a0<a href=\"https:\/\/www.novaconcursos.com.br\/portal\/concursos-abertos\/\">Nova Concursos<\/a>\u00a0e conquiste o seu lugar na Pol\u00edcia Penal CE. A pr\u00f3xima pessoa aprovada pode ser voc\u00ea!<\/p>\n\n\n\n<h3 class=\"wp-block-heading\">Apostilas Pol\u00edcia Penal CE<\/h3>\n\n\n\n<p>A <a href=\"https:\/\/www.novaconcursos.com.br\/concurso\/policia-penal-ce\/apostilas\">Apostila Pol\u00edcia Penal \u2013 CE (Policial Penal)<\/a> est\u00e1 completa e atualizada conforme o Edital n\u00ba 007\/2024-SAP, com conte\u00fado organizado para facilitar sua assimila\u00e7\u00e3o. Produzida por professores especialistas, ela re\u00fane teoria + exerc\u00edcios e ainda traz PDFs extras com Reda\u00e7\u00e3o Discursiva, No\u00e7\u00f5es de Direito Penal e Legisla\u00e7\u00e3o Extravagante. Ao final de cada mat\u00e9ria, a se\u00e7\u00e3o \u201cHora de Praticar\u201d oferece quest\u00f5es gabaritadas da IDECAN, al\u00e9m de tabelas, fluxogramas, mnem\u00f4nicos e dicas estrat\u00e9gicas. Garanta um material revisado e pronto para elevar seu desempenho na prova!<\/p>\n\n\n\n<h3 class=\"wp-block-heading\">Cursos Pol\u00edcia Penal CE<\/h3>\n\n\n\n<p>O <a href=\"https:\/\/www.novaconcursos.com.br\/concurso\/policia-penal-ce\/cursos-online\">Curso Pol\u00edcia Penal \u2013 CE<\/a> est\u00e1 100% atualizado conforme o edital publicado em 10\/04\/2024, com aulas completas e organizadas na mesma ordem do edital para acelerar sua prepara\u00e7\u00e3o. Com professores especializados, voc\u00ea estuda com m\u00e9todo e foco no que realmente cai na prova. Totalmente online, d\u00e1 para assistir de onde quiser, pelo celular, tablet ou computador. S\u00e3o 365 dias de acesso ilimitado, com videoaulas de alta qualidade e op\u00e7\u00e3o de acelerar para ganhar tempo. Garanta agora um curso feito por quem h\u00e1 mais de 10 anos aprova candidatos em concursos p\u00fablicos!<\/p>\n\n\n\n<h3 class=\"wp-block-heading\">Mapa de quest\u00f5es Pol\u00edcia Penal CE<\/h3>\n\n\n\n<p>O <a href=\"https:\/\/www.novaconcursos.com.br\/concurso\/policia-penal-ce\/questoes\">Mapa de Quest\u00f5es<\/a> \u00e9 organizado conforme os assuntos do \u00faltimo edital, garantindo um treino direto no que realmente cai na prova. Com ele, voc\u00ea se adapta ao estilo da banca, entendendo a estrutura e o n\u00edvel das perguntas. Ao praticar muitas quest\u00f5es, fica claro quais temas t\u00eam maior incid\u00eancia no concurso. Al\u00e9m disso, voc\u00ea acompanha seu desempenho por mat\u00e9ria e assunto, focando no que precisa melhorar. A forma mais r\u00e1pida de ajustar sua prepara\u00e7\u00e3o e evoluir com estrat\u00e9gia.<\/p>\n\n\n\n<h2 class=\"wp-block-heading\" id=\"inscri\u00e7\u00f5es\">\u00daltimo concurso Pol\u00edcia Penal CE<\/h2>\n\n\n\n<p>O certame da <a href=\"https:\/\/www.sap.ce.gov.br\/\" target=\"_blank\" rel=\"noreferrer noopener\">Pol\u00edcia Penal CE<\/a>, publicado em abril de 2024 sob organiza\u00e7\u00e3o da Idecan est\u00e1 em andamento.<\/p>\n\n\n\n<p>A Pol\u00edcia Penal CE ofertou <strong>800 vagas<\/strong>, entre imediatas e cadastro reserva, para o cargo de Policial Penal, todas de n\u00edvel m\u00e9dio. As vagas foram distribu\u00eddas da seguinte forma:<\/p>\n\n\n\n<p><strong>G\u00eanero masculino \u2013 680 vagas<\/strong><\/p>\n\n\n\n<ul class=\"wp-block-list\"><li>Provimento imediato: 408 vagas para ampla concorr\u00eancia (387 + 21 PcD) e 102 vagas para cotas (96 negros + 6 PcD)<\/li>\n\n\n\n<li>Cadastro de reserva: 136 vagas para ampla concorr\u00eancia (129 + sete PcD) e 34 vagas para cotas (32 negros + 2 PcD)<\/li>\n<\/ul><p><strong>G\u00eanero feminino \u2013 120 vagas<\/strong><\/p>\n\n\n\n<ul class=\"wp-block-list\"><li>Provimento imediato: 72 vagas para ampla concorr\u00eancia (69 + quatro PcD) e 18 vagas para cotas (17 negros + 1 PcD)<\/li>\n\n\n\n<li>Cadastro de reserva: 24 vagas para ampla concorr\u00eancia (22 + duas PcD) e seis vagas para cotas (cinco negros + 1 PcD).<\/li>\n<\/ul><h3 class=\"wp-block-heading\">Etapas de Sele\u00e7\u00e3o <\/h3>\n\n\n\n<p>O concurso Pol\u00edcia Penal CE foi composto pelas seguintes etapas de sele\u00e7\u00e3o:<\/p>\n\n\n\n<ul class=\"wp-block-list\"><li>Exame Intelectual (Prova objetiva e discursiva), de car\u00e1ter eliminat\u00f3rio e classificat\u00f3rio;<\/li>\n\n\n\n<li>Teste de Aptid\u00e3o F\u00edsica, de car\u00e1ter eliminat\u00f3rio;<\/li>\n\n\n\n<li>Avalia\u00e7\u00e3o Psicol\u00f3gica, de car\u00e1ter eliminat\u00f3rio;<\/li>\n\n\n\n<li>Avalia\u00e7\u00e3o de Sa\u00fade, de car\u00e1ter eliminat\u00f3rio;<\/li>\n\n\n\n<li>Curso de Forma\u00e7\u00e3o Profissional, de car\u00e1ter eliminat\u00f3rio e classificat\u00f3rio; e<\/li>\n\n\n\n<li>Investiga\u00e7\u00e3o Social, de car\u00e1ter eliminat\u00f3rio.<\/li>\n<\/ul><p>As provas objetivas e discursivas foram aplicadas simultaneamente no dia <strong>14 de julho de 2024<\/strong>, na regi\u00e3o metropolitana da cidade de<strong> Fortaleza<\/strong>, entre \u00e0s 13 horas e \u00e0s 19 horas.<\/p>\n\n\n\n<p>Confira mais detalhes sobre cada uma das provas a seguir!<\/p>\n\n\n\n<h3 class=\"wp-block-heading\">Prova Objetiva<\/h3>\n\n\n\n<p>Esta etapa foi composta por <strong>90 quest\u00f5es de m\u00faltipla escolha<\/strong>, distribu\u00eddas da seguinte forma:<\/p>\n\n\n\n<p><em>Conhecimentos B\u00e1sicos<\/em><\/p>\n\n\n\n<ul class=\"wp-block-list\"><li>L\u00edngua Portuguesa (12)<\/li>\n\n\n\n<li>No\u00e7\u00f5es de Inform\u00e1tica (06)<\/li>\n\n\n\n<li>Racioc\u00ednio L\u00f3gico (06)<\/li>\n\n\n\n<li>No\u00e7\u00f5es de Administra\u00e7\u00e3o P\u00fablica e \u00c9tica no Servi\u00e7o P\u00fablico (08)<\/li>\n\n\n\n<li>Legisla\u00e7\u00e3o Espec\u00edfica (08)<\/li>\n<\/ul><p><em>Conhecimentos Espec\u00edficos<\/em><\/p>\n\n\n\n<ul class=\"wp-block-list\"><li>No\u00e7\u00f5es de Direito Administrativo (10)\n<ul class=\"wp-block-list\"><li>Direito Constitucional (10)<\/li>\n\n\n\n<li>Direitos Humanos (10)<\/li>\n\n\n\n<li>Direito Penal (10)<\/li>\n<\/ul><\/li>\n\n\n\n<li>Legisla\u00e7\u00e3o Extravagante (10)<\/li>\n<\/ul><p>A prova foi avaliada em uma escala de 0 a 140 pontos e, para ser considerado <strong>aprovado<\/strong>, o candidato dever\u00e1 obter, no m\u00ednimo, 60% da pontua\u00e7\u00e3o m\u00e1xima  da prova e acertar 50% das quest\u00f5es de cada uma das disciplinas.<\/p>\n\n\n\n<h3 class=\"wp-block-heading\">Prova Discursiva<\/h3>\n\n\n\n<p>A Prova Discursiva do concurso da Pol\u00edcia Penal CE foi composta por uma reda\u00e7\u00e3o, que consistiu na elabora\u00e7\u00e3o de<strong> um texto dissertativo<\/strong> sobre um tema que foi enunciado no caderno de prova.<\/p>\n\n\n\n<p>A reda\u00e7\u00e3o deveria ter, no m\u00ednimo, 25 linhas e no m\u00e1ximo, 30 linhas.<\/p>\n\n\n\n<p>Com pontua\u00e7\u00e3o m\u00e1xima de 20 pontos, foram avaliados os crit\u00e9rios de tem\u00e1tica e de ortografia e estrutura textual.<\/p>\n\n\n\n<p>Foram considerados<strong> aprovados<\/strong> os candidatos que obtiverem nota m\u00ednima de 50% de aproveitamento do total de pontos da prova.<\/p>\n\n\n\n<h3 class=\"wp-block-heading\">Teste de Aptid\u00e3o F\u00edsica<\/h3>\n\n\n\n<p>No Teste de Aptid\u00e3o F\u00edsica (TAF), os candidatos foram avaliados por meio dos seguintes<strong> testes<\/strong>:<\/p>\n\n\n\n<ul class=\"wp-block-list\"><li>Teste Din\u00e2mico de Barra Fixa (sexo masculino) e Teste Est\u00e1tico de Barra Fixa (sexo feminino);<\/li>\n\n\n\n<li>Flex\u00e3o abdominal (ambos os sexos);<\/li>\n\n\n\n<li>Flexo-extens\u00e3o de cotovelos no solo de quatro apoios (ambos os sexos);<\/li>\n\n\n\n<li>Impuls\u00e3o Horizontal (ambos os sexos); e<\/li>\n\n\n\n<li>Corrida de 12 minutos (ambos os sexos).<\/li>\n<\/ul><p>Ao final do TAF, o candidato seria considerado \u201capto\u201d ou \u201cinapto\u201d, sendo considerado <strong>apto<\/strong> aquele que atingir a performance m\u00ednima nos cinco testes realizados.<\/p>\n\n\n\n<h3 class=\"wp-block-heading\">Avalia\u00e7\u00e3o Psicol\u00f3gica<\/h3>\n\n\n\n<p>A Avalia\u00e7\u00e3o Psicol\u00f3gica teve o objetivo de verificar as caracter\u00edsticas pessoais do candidato, observando sua adaptabilidade ao desempenho das atividades relacionadas ao cargo pretendido.<\/p>\n\n\n\n<p>Essa avalia\u00e7\u00e3o seria conduzida por uma banca examinadora composta por membros regularmente inscritos no Conselho Regional de Psicologia.<\/p>\n\n\n\n<p>Ao final da Avalia\u00e7\u00e3o Psicol\u00f3gica, o candidato foi considerado <strong>\u201crecomendado\u201d<\/strong> ou<strong> \u201cn\u00e3o recomendado\u201d <\/strong>para o desempenho eficiente das atividades espec\u00edficas do cargo em quest\u00e3o, exclusivamente.<\/p>\n\n\n\n<h3 class=\"wp-block-heading\">Avalia\u00e7\u00e3o M\u00e9dica<\/h3>\n\n\n\n<p>Esta etapa foi composta pela apresenta\u00e7\u00e3o de exames laboratoriais e complementares, bem como laudos m\u00e9dicos resultantes de avalia\u00e7\u00f5es m\u00e9dicas especializadas e avalia\u00e7\u00e3o cl\u00ednica.<\/p>\n\n\n\n<p>Com base na an\u00e1lise desses elementos, o candidato foi classificado como <strong>\u201crecomendado\u201d<\/strong> ou <strong>\u201cn\u00e3o recomendado\u201d<\/strong> para prosseguir no processo seletivo.<\/p>\n\n\n\n<h3 class=\"wp-block-heading\">Quanto tempo dura o Curso de Forma\u00e7\u00e3o da Pol\u00edcia Penal do Cear\u00e1?<\/h3>\n\n\n\n<p>O Curso de Forma\u00e7\u00e3o da Pol\u00edcia Penal do Cear\u00e1 teve dura\u00e7\u00e3o<strong> m\u00ednima de tr\u00eas meses<\/strong>, com 840 horas de estudo!<\/p>\n\n\n\n<p>Durante o curso, os participantes receberam uma ajuda de custo equivalente a 50% do valor do vencimento b\u00e1sico, para uma frequ\u00eancia m\u00ednima exigida de 90% da carga hor\u00e1ria total.<\/p>\n\n\n\n<p>A grade curricular abrangeu conte\u00fados alinhados \u00e0 Matriz Curricular Nacional para a Educa\u00e7\u00e3o em Servi\u00e7os Penitenci\u00e1rios, estabelecida pelo Departamento Penitenci\u00e1rio Nacional (DEPEN).<\/p>\n\n\n\n<p>Ao final do curso, os candidatos foram submetidos a uma avalia\u00e7\u00e3o composta por 70 quest\u00f5es, sendo considerados aprovados aqueles que alcan\u00e7arem pelo menos 60% do total de pontos.<\/p>\n\n\n\n<h3 class=\"wp-block-heading\">Investiga\u00e7\u00e3o Social<\/h3>\n\n\n\n<p>A investiga\u00e7\u00e3o consistiu na coleta e an\u00e1lise de informa\u00e7\u00f5es sobre a vida pregressa e atual, bem como a conduta individual e social do candidato.<\/p>\n\n\n\n<p>Essa etapa esteve sob a responsabilidade da Coordenadoria de Intelig\u00eancia (COINT) e tem como objetivo apurar se o candidato apresenta procedimento social e idoneidade moral compat\u00edveis com a dignidade da fun\u00e7\u00e3o.<\/p>\n\n\n\n<p>Ao final da investiga\u00e7\u00e3o, o candidato foi considerado \u201crecomendado\u201d ou \u201cn\u00e3o recomendado\u201d para o exerc\u00edcio do cargo.<\/p>\n\n\n\n<p><\/p>","protected":false},"excerpt":{"rendered":"<p>Foram anunciadas cerca de 5 mil vagas para o novo concurso Pol\u00edcia Penal CE!<\/p>\n","protected":false},"author":54696,"featured_media":302776,"comment_status":"closed","ping_status":"closed","sticky":false,"template":"","format":"standard","meta":{"_acf_changed":false,"footnotes":"","_wp_rev_ctl_limit":""},"categories":[44999,44959,44941],"tags":[39512],"class_list":["post-49200","post","type-post","status-publish","format-standard","has-post-thumbnail","hentry","category-concursos","category-ce","category-carreira-policial","tag-concurso-policia-penal-ce"],"acf":[],"_links":{"self":[{"href":"https:\/\/www.novaconcursos.com.br\/portal\/wp-json\/wp\/v2\/posts\/49200","targetHints":{"allow":["GET"]}}],"collection":[{"href":"https:\/\/www.novaconcursos.com.br\/portal\/wp-json\/wp\/v2\/posts"}],"about":[{"href":"https:\/\/www.novaconcursos.com.br\/portal\/wp-json\/wp\/v2\/types\/post"}],"author":[{"embeddable":true,"href":"https:\/\/www.novaconcursos.com.br\/portal\/wp-json\/wp\/v2\/users\/54696"}],"replies":[{"embeddable":true,"href":"https:\/\/www.novaconcursos.com.br\/portal\/wp-json\/wp\/v2\/comments?post=49200"}],"version-history":[{"count":71,"href":"https:\/\/www.novaconcursos.com.br\/portal\/wp-json\/wp\/v2\/posts\/49200\/revisions"}],"predecessor-version":[{"id":302780,"href":"https:\/\/www.novaconcursos.com.br\/portal\/wp-json\/wp\/v2\/posts\/49200\/revisions\/302780"}],"wp:featuredmedia":[{"embeddable":true,"href":"https:\/\/www.novaconcursos.com.br\/portal\/wp-json\/wp\/v2\/media\/302776"}],"wp:attachment":[{"href":"https:\/\/www.novaconcursos.com.br\/portal\/wp-json\/wp\/v2\/media?parent=49200"}],"wp:term":[{"taxonomy":"category","embeddable":true,"href":"https:\/\/www.novaconcursos.com.br\/portal\/wp-json\/wp\/v2\/categories?post=49200"},{"taxonomy":"post_tag","embeddable":true,"href":"https:\/\/www.novaconcursos.com.br\/portal\/wp-json\/wp\/v2\/tags?post=49200"}],"curies":[{"name":"wp","href":"https:\/\/api.w.org\/{rel}","templated":true}]}}