{"id":50041,"date":"2016-12-26T12:02:27","date_gmt":"2016-12-26T14:02:27","guid":{"rendered":"http:\/\/www.novaconcursos.com.br\/portal\/?post_type=nc-public-tender&#038;p=50041"},"modified":"2024-12-16T10:57:04","modified_gmt":"2024-12-16T13:57:04","slug":"concurso-sedes-to","status":"publish","type":"post","link":"https:\/\/www.novaconcursos.com.br\/portal\/concursos\/concurso-sedes-to\/","title":{"rendered":"Concurso SEDES TO"},"content":{"rendered":"<p><a href=\"https:\/\/www.novaconcursos.com.br\/concurso\/sedes-secretaria-municipal-de-desenvolvimento-social\/apostila?utm_source=blog&amp;utm_medium=smm&amp;utm_content=link-banner-250&amp;utm_campaign=SEDES\" target=\"_blank\" rel=\"noopener noreferrer\"><img decoding=\"async\" class=\"alignleft wp-image-4111 size-medium\" src=\"https:\/\/www.novaconcursos.com.br\/portal\/wp-content\/uploads\/2013\/10\/concurso-prefeitura-de-palmas-247x300.png\" alt=\"concurso sedes - to\" width=\"247\" height=\"300\" loading=\"lazy\" title=\"\" srcset=\"https:\/\/www.novaconcursos.com.br\/portal\/wp-content\/uploads\/2013\/10\/concurso-prefeitura-de-palmas-247x300.png 247w, https:\/\/www.novaconcursos.com.br\/portal\/wp-content\/uploads\/2013\/10\/concurso-prefeitura-de-palmas-843x1024.png 843w, https:\/\/www.novaconcursos.com.br\/portal\/wp-content\/uploads\/2013\/10\/concurso-prefeitura-de-palmas.png 1133w\" sizes=\"auto, (max-width: 480px) 100vw, (max-width: 768px) 100vw, (max-width: 1200px) 70vw, 768px\"><\/a>No Tocantins, a <strong>Prefeitura de Palmas<\/strong> abriu concurso para a Secretaria Municipal de Desenvolvimento Social (<strong>SEDES \u2013 TO<\/strong>). O edital <strong>oferece 38 oportunidades de emprego para n\u00edvel m\u00e9dio<\/strong>.<\/p>\n<p><a href=\"https:\/\/www.novaconcursos.com.br\/concurso\/sedes-secretaria-municipal-de-desenvolvimento-social\/apostila?utm_source=blog&amp;utm_medium=smm&amp;utm_content=link-texto&amp;utm_campaign=SEDES\" target=\"_blank\" rel=\"noopener noreferrer\"><strong>&gt;&gt; <span style=\"color: #0000ff;\">Apostila SEDES\u00a0(Prefeitura de Palmas)<\/span>\u00a0com \u00f3timo <span style=\"text-decoration: underline; color: #ff0000;\">DESCONTO<\/span> no pagamento \u00e0 vista!<\/strong><\/a><\/p>\n<p><strong>Cargos<\/strong><\/p>\n<p>As fun\u00e7\u00f5es abertas s\u00e3o para:<\/p>\n<p>\u2013 Entrevistador: 14 vagas;<br>\n\u2013 Digitados: 14 vagas;<br>\n\u2013 Operador Intermedi\u00e1rio: 10 vagas.<\/p>\n<p><strong>A remunera\u00e7\u00e3o\u00a0dos aprovados varia entre\u00a0R$ 900,00 e\u00a0R$ 1.500,00<\/strong>. A jornada de trabalho pode ser de 30 ou 40 horas por semana.<\/p>\n<p><strong>Cronograma<\/strong><\/p>\n<p>Para quem deseja participar, <strong>as inscri\u00e7\u00f5es come\u00e7am<\/strong> em 2017, a partir das 10 horas da manh\u00e3 do <strong>dia 5 de janeiro<\/strong>. Os cadastros devem ser feitos, atrav\u00e9s do site da Universidade Federal do Tocantins (UFT),\u00a0<strong>at\u00e9 \u00e0s 23 horas e 59 minutos de 9 de janeiro<\/strong>.<\/p>\n<p><strong>N\u00e3o ser\u00e1 cobrado um valor de taxa de participa\u00e7\u00e3o<\/strong>. O processo de sele\u00e7\u00e3o conta com <strong>avalia\u00e7\u00e3o objetiva<\/strong>, reda\u00e7\u00e3o e prova discursiva. O in\u00edcio est\u00e1 previsto <strong>para 12 de fevereiro<\/strong>.<\/p>\n<h2 id=\"concurso-anterior-sedes-to\">Concurso anterior SEDES \u2013 TO<\/h2>\n<p>Em 2016 foram lan\u00e7ados diversos concursos para a Prefeitura de Palmas, com vagas para professores e cargos de todos os n\u00edveis escolares.<\/p>\n<p><a href=\"https:\/\/www.novaconcursos.com.br\/concurso\/sedes-secretaria-municipal-de-desenvolvimento-social\/apostila?utm_source=blog&amp;utm_medium=smm&amp;utm_content=link-banner-728&amp;utm_campaign=SEDES\" target=\"_blank\" rel=\"noopener noreferrer\"><img decoding=\"async\" class=\"aligncenter wp-image-50219 size-full\" src=\"https:\/\/www.novaconcursos.com.br\/portal\/wp-content\/uploads\/2016\/12\/modelo-apostila-SEDES.jpg\" alt=\"modelo-apostila-sedes\" width=\"590\" height=\"80\" loading=\"lazy\" title=\"\" srcset=\"https:\/\/www.novaconcursos.com.br\/portal\/wp-content\/uploads\/2016\/12\/modelo-apostila-SEDES-300x41.jpg 300w, https:\/\/www.novaconcursos.com.br\/portal\/wp-content\/uploads\/2016\/12\/modelo-apostila-SEDES.jpg 590w\" sizes=\"auto, (max-width: 480px) 100vw, (max-width: 768px) 100vw, (max-width: 1200px) 70vw, 768px\"><\/a><\/p>","protected":false},"excerpt":{"rendered":"<p>A Prefeitura de Palmas (TO) abriu concurso para a SEDES &#8211; TO com 38 vagas de n\u00edvel m\u00e9dio. N\u00e3o ser\u00e1 cobrada taxa de inscri\u00e7\u00e3o. Confira mais detalhes!<\/p>\n","protected":false},"author":16,"featured_media":0,"comment_status":"closed","ping_status":"closed","sticky":false,"template":"","format":"standard","meta":{"_acf_changed":false,"footnotes":"","_wp_rev_ctl_limit":""},"categories":[44999],"tags":[],"class_list":["post-50041","post","type-post","status-publish","format-standard","hentry","category-concursos"],"acf":[],"_links":{"self":[{"href":"https:\/\/www.novaconcursos.com.br\/portal\/wp-json\/wp\/v2\/posts\/50041","targetHints":{"allow":["GET"]}}],"collection":[{"href":"https:\/\/www.novaconcursos.com.br\/portal\/wp-json\/wp\/v2\/posts"}],"about":[{"href":"https:\/\/www.novaconcursos.com.br\/portal\/wp-json\/wp\/v2\/types\/post"}],"author":[{"embeddable":true,"href":"https:\/\/www.novaconcursos.com.br\/portal\/wp-json\/wp\/v2\/users\/16"}],"replies":[{"embeddable":true,"href":"https:\/\/www.novaconcursos.com.br\/portal\/wp-json\/wp\/v2\/comments?post=50041"}],"version-history":[{"count":4,"href":"https:\/\/www.novaconcursos.com.br\/portal\/wp-json\/wp\/v2\/posts\/50041\/revisions"}],"predecessor-version":[{"id":266298,"href":"https:\/\/www.novaconcursos.com.br\/portal\/wp-json\/wp\/v2\/posts\/50041\/revisions\/266298"}],"wp:attachment":[{"href":"https:\/\/www.novaconcursos.com.br\/portal\/wp-json\/wp\/v2\/media?parent=50041"}],"wp:term":[{"taxonomy":"category","embeddable":true,"href":"https:\/\/www.novaconcursos.com.br\/portal\/wp-json\/wp\/v2\/categories?post=50041"},{"taxonomy":"post_tag","embeddable":true,"href":"https:\/\/www.novaconcursos.com.br\/portal\/wp-json\/wp\/v2\/tags?post=50041"}],"curies":[{"name":"wp","href":"https:\/\/api.w.org\/{rel}","templated":true}]}}