{"id":50226,"date":"2017-01-02T14:46:44","date_gmt":"2017-01-02T16:46:44","guid":{"rendered":"http:\/\/www.novaconcursos.com.br\/portal\/?p=50226"},"modified":"2021-01-28T16:22:59","modified_gmt":"2021-01-28T19:22:59","slug":"o-que-cai-na-prova-proamusep-pr-2017-01","status":"publish","type":"post","link":"https:\/\/www.novaconcursos.com.br\/portal\/noticias\/o-que-cai-na-prova-proamusep-pr-2017-01\/","title":{"rendered":"O que cai na prova: Proamusep \u2013 PR"},"content":{"rendered":"<p><a href=\"https:\/\/www.novaconcursos.com.br\/portal\/wp-content\/uploads\/2016\/12\/logo_proamusep.png\"><img decoding=\"async\" class=\"  alignright wp-image-49838\" src=\"https:\/\/www.novaconcursos.com.br\/portal\/wp-content\/uploads\/2016\/12\/logo_proamusep-300x112.png\" alt=\"concurso proamusep - pr\" width=\"346\" height=\"129\" loading=\"lazy\" title=\"\" srcset=\"https:\/\/www.novaconcursos.com.br\/portal\/wp-content\/uploads\/2016\/12\/logo_proamusep-300x112.png 300w, https:\/\/www.novaconcursos.com.br\/portal\/wp-content\/uploads\/2016\/12\/logo_proamusep.png 639w\" sizes=\"auto, (max-width: 480px) 100vw, (max-width: 768px) 100vw, (max-width: 1200px) 70vw, 768px\"><\/a>A <strong>Proamusep \u2013 PR<\/strong>,\u00a0Cons\u00f3rcio P\u00fablico Intermunicipal de Gest\u00e3o da Amusep, <strong>no Paran\u00e1<\/strong>, publicou edital com <strong>23 oportunidades<\/strong> de emprego e <strong>com sal\u00e1rios de at\u00e9\u00a0R$ 3.445,00<\/strong>.<\/p>\n<p><strong>&gt;&gt; <span style=\"color: #0000ff;\"><a style=\"color: #0000ff;\" href=\"https:\/\/www.novaconcursos.com.br\/concurso\/proamusep\/apostila?utm_source=blog&amp;utm_medium=smm&amp;utm_content=link-texto&amp;utm_campaign=PROAMUSEP\" target=\"_blank\" rel=\"noopener noreferrer\">Apostila PROAMUSEP-SP<\/a><\/span> com <span style=\"color: #ff0000;\">DESCONTO\u00a0<\/span>no pagamento \u00e0 vista no boleto! <\/strong><\/p>\n<p>O <strong>per\u00edodo de inscri\u00e7\u00e3o est\u00e1 aberto at\u00e9 o dia 18 de janeiro<\/strong> no site da FAUEL, banca organizadora. A taxa vai de 60 a 150 reais. <strong>A prova<\/strong> ser\u00e1 aplicada <strong>em 12 de fevereiro<\/strong>. Confira o que ser\u00e1 cobrado no exame:<\/p>\n<p><strong>Conte\u00fado Program\u00e1tico<\/strong><\/p>\n<p><em>1) N\u00edvel Superior<\/em><\/p>\n<p>\u2013 Conhecimentos Gerais:<br>\nT\u00f3picos relevantes e atuais de diversas \u00e1reas, tais como pol\u00edtica, economia, sociedade, educa\u00e7\u00e3o, tecnologia, energia, rela\u00e7\u00f5es internacionais, desenvolvimento sustent\u00e1vel, seguran\u00e7a e ecologia, suas interrela\u00e7\u00f5es e suas vincula\u00e7\u00f5es hist\u00f3ricas. Globaliza\u00e7\u00e3o. Compreens\u00e3o dos problemas que afetam a vida da comunidade, do munic\u00edpio, do estado e do pa\u00eds.<\/p>\n<p>\u2013 L\u00edngua Portuguesa:<br>\nFONOLOGIA: Divis\u00e3o Sil\u00e1bica; Encontros Voc\u00e1licos; Encontros Consonantais; D\u00edgrafos; Ditongos; Hiatos; Tritongos. ORTOGRAFIA: Escrita correta das palavras na norma culta. Regras do Novo Acordo Ortogr\u00e1fico; Acentua\u00e7\u00e3o Gr\u00e1fica; Uso da Crase; Acentos diferenciais; Pontua\u00e7\u00e3o Gr\u00e1fica; Uso do H\u00edfen. MORFOLOGIA: Estrutura e Forma\u00e7\u00e3o das palavras (Raiz, Sufixo e Prefixo); Processos de forma\u00e7\u00e3o das palavras (Deriva\u00e7\u00e3o e Composi\u00e7\u00e3o); Verbos Regulares e Irregulares; Flex\u00e3o Verbal; Flex\u00e3o Nominal; Classifica\u00e7\u00e3o das Palavras (Verbo, Substantivo, Adjetivo, Adv\u00e9rbio e Artigo). SINTAXE: Termos Essenciais da Ora\u00e7\u00e3o; Termos Acess\u00f3rios da Ora\u00e7\u00e3o; Ora\u00e7\u00e3o Coordenada; Ora\u00e7\u00e3o Subordinada; Reg\u00eancia Verbal (Verbo Intransitivo, Verbo Transitivo, Objeto Direto, Objeto Indireto); Tipos de Texto (Descritivo, Narrativo, Dissertativo); G\u00eaneros Textuais; Coes\u00e3o e Coer\u00eancia Textual; Interpreta\u00e7\u00e3o de Texto. Emprego dos pronomes. ESTIL\u00cdSTICA: Figuras de linguagem; V\u00edcios de Linguagem.<\/p>\n<p>\u2013 Matem\u00e1tica:<br>\nConjuntos: representa\u00e7\u00e3o e opera\u00e7\u00f5es. N\u00fameros Naturais: opera\u00e7\u00f5es e problemas com n\u00fameros naturais suas propriedades. Geometria: conceito, propriedades e opera\u00e7\u00f5es. M\u00faltiplos e divisores: conceitos e opera\u00e7\u00e3o. N\u00fameros Racionais Absolutos. N\u00fameros Irracionais: t\u00e9cnicas operat\u00f3rias. Medidas: conceito e opera\u00e7\u00f5es, sistema legal de unidades de medidas brasileira. Sistemas de equa\u00e7\u00e3o de 1\u00b0 grau e 2\u00b0 grau. Raz\u00f5es e propor\u00e7\u00f5es: grandezas proporcionais. Porcentagem. Juros simples e compostos. Regra de Tr\u00eas Simples e Composta. Gr\u00e1ficos e tabelas: execu\u00e7\u00e3o e interpreta\u00e7\u00e3o. Fun\u00e7\u00f5es: Conceitos e aplica\u00e7\u00f5es. Racioc\u00ednio l\u00f3gico. Rela\u00e7\u00f5es m\u00e9tricas e trigonom\u00e9tricas no tri\u00e2ngulo ret\u00e2ngulo.<\/p>\n<p><em>2) N\u00edvel M\u00e9dio<\/em><\/p>\n<p>\u2013 Conhecimentos Gerais:<br>\nPrincipais aspectos geogr\u00e1ficos, hist\u00f3ricos, sociais, pol\u00edticos e econ\u00f4micos do Mundo, Brasil e do Estado do Paran\u00e1. Ecologia e meio ambiente.<\/p>\n<p>\u2013\u00a0L\u00edngua Portuguesa:<br>\nOrtografia (escrita correta das palavras); Regras do Novo Acordo Ortogr\u00e1fico; Divis\u00e3o sil\u00e1bica e Classifica\u00e7\u00e3o quanto ao n\u00famero de s\u00edlabas; Tipos de frases: Interrogativa, Exclamativa, Afirmativa e Negativa; Pontua\u00e7\u00e3o e Acentua\u00e7\u00e3o Gr\u00e1fica; Classes Gramaticais das Palavras: Substantivo e Tipos de Substantivo, Artigo, Adjetivo e Adv\u00e9rbio; Flex\u00f5es Verbais e Nominais: G\u00eanero (masculino e feminino), N\u00famero (singular e plural) e Grau das Palavras (aumentativo e diminutivo); Sintaxe: Sujeito e Predicado; Interpreta\u00e7\u00e3o de Texto. Coer\u00eancia e Coes\u00e3o Textual. Significado das palavras \u2013 Sin\u00f4nimos, Ant\u00f4nimos, Par\u00f4nimos, Hom\u00f4nimos. Emprego dos pronomes. Reg\u00eancia nominal e verbal. Concord\u00e2ncia nominal e verbal.<\/p>\n<p>\u2013 Matem\u00e1tica:<br>\nConjuntos: representa\u00e7\u00e3o e opera\u00e7\u00f5es; N\u00fameros Naturais: opera\u00e7\u00f5es e problemas com n\u00fameros naturais suas propriedades; Geometria: conceito, propriedades e opera\u00e7\u00f5es; M\u00faltiplos e divisores: conceitos e opera\u00e7\u00e3o; N\u00fameros Racionais Absolutos; Medidas: conceito e opera\u00e7\u00f5es; Sistemas de equa\u00e7\u00e3o de 1\u00b0 grau e 2\u00b0 grau; Raz\u00f5es e propor\u00e7\u00f5es: grandezas proporcionais, porcentagem e juros simples; Regra de Tr\u00eas Simples; Gr\u00e1ficos e tabelas: interpreta\u00e7\u00e3o; Fun\u00e7\u00f5es: Conceitos e aplica\u00e7\u00f5es; Racioc\u00ednio l\u00f3gico; Rela\u00e7\u00f5es m\u00e9tricas e trigonom\u00e9tricas no tri\u00e2ngulo ret\u00e2ngulo.<\/p>\n<p><em>3) N\u00edvel Fundamental<\/em><\/p>\n<p>\u2013 Conhecimentos gerais:<br>\nPrincipais aspectos geogr\u00e1ficos, hist\u00f3ricos, sociais, pol\u00edticos e econ\u00f4micos do Mundo, Brasil e do Estado do Paran\u00e1. Ecologia e meio ambiente.<\/p>\n<p>\u2013 L\u00edngua Portuguesa:<br>\nOrtografia (escrita correta das palavras). Divis\u00e3o sil\u00e1bica. Pontua\u00e7\u00e3o. Acentua\u00e7\u00e3o Gr\u00e1fica. Flex\u00e3o do substantivo (g\u00eanero \u2013 masculino e feminino; N\u00famero \u2013 singular e plural) Concord\u00e2ncia Nominal e Verbal; Emprego dos Pronomes e Interpreta\u00e7\u00e3o de Texto.<\/p>\n<p>\u2013 Matem\u00e1tica:<br>\nOpera\u00e7\u00f5es com n\u00fameros inteiros, fracion\u00e1rios e decimais. Sistema legal de unidades de medidas brasileira. Per\u00edmetro e \u00e1rea das principais figuras geom\u00e9tricas planas. Regra de tr\u00eas simples. Porcentagem e juros simples.<\/p>\n<p><strong>Crit\u00e9rios de desempate<\/strong><\/p>\n<p>Em caso de igualdade de pontos, a classifica\u00e7\u00e3o obedecer\u00e1 a seguinte ordem:<\/p>\n<p>a) Candidato com idade igual ou superior a 60 anos;<br>\nb) Candidato com maior nota na prova objetiva;<br>\nc) Candidato com maior nota em Conhecimentos Espec\u00edficos;<br>\nd) Candidato com maior nota na prova pr\u00e1tica;<br>\ne) Candidato com maior nota na prova de t\u00edtulos;<br>\nf) Candidato que exerceu a fun\u00e7\u00e3o de jurado.<\/p>\n<hr><h2 id=\"concurso-proamusep-pr\">Concurso\u00a0Proamusep \u2013 PR<\/h2>\n<p>Confira mais detalhes acessando a p\u00e1gina de concurso, <a href=\"https:\/\/www.novaconcursos.com.br\/portal\/concursos\/concurso-proamusep-pr\/\"><strong>clique aqui<\/strong><\/a>!<\/p>\n<p>A <strong><a href=\"https:\/\/www.novaconcursos.com.br\/?utm_source=blog&amp;utm_medium=smm&amp;utm_content=link-texto&amp;utm_campaign=home\" target=\"_blank\" rel=\"noopener noreferrer\">editora Nova<\/a><\/strong> tem ajudado h\u00e1 mais de 8 anos quem quer vencer a batalha do concurso p\u00fablico. Se voc\u00ea quer aumentar as suas chances de passar, conhe\u00e7a os nossos materiais, acessando o nosso site!<\/p>\n<p><a href=\"https:\/\/www.novaconcursos.com.br\/concurso\/proamusep\/apostila?utm_source=blog&amp;utm_medium=smm&amp;utm_content=link-banner-728&amp;utm_campaign=PROAMUSEP\" target=\"_blank\" rel=\"noopener noreferrer\"><img decoding=\"async\" class=\"aligncenter wp-image-49923 size-full\" src=\"https:\/\/www.novaconcursos.com.br\/portal\/wp-content\/uploads\/2016\/12\/modelo-apostila-PROAMUSEP.jpg\" alt=\"modelo-apostila-proamusep\" width=\"590\" height=\"80\" loading=\"lazy\" title=\"\" srcset=\"https:\/\/www.novaconcursos.com.br\/portal\/wp-content\/uploads\/2016\/12\/modelo-apostila-PROAMUSEP-300x41.jpg 300w, https:\/\/www.novaconcursos.com.br\/portal\/wp-content\/uploads\/2016\/12\/modelo-apostila-PROAMUSEP.jpg 590w\" sizes=\"auto, (max-width: 480px) 100vw, (max-width: 768px) 100vw, (max-width: 1200px) 70vw, 768px\"><\/a><\/p>\n<p>\u00a0<\/p>\n<p>\u00a0<\/p>\n<p>\u00a0<\/p>\n<p>\u00a0<\/p>","protected":false},"excerpt":{"rendered":"<p>A Proamusep \u2013 PR,\u00a0Cons\u00f3rcio P\u00fablico Intermunicipal de Gest\u00e3o da Amusep, no Paran\u00e1, publicou edital com 23 oportunidades de emprego e com sal\u00e1rios de at\u00e9\u00a0R$ 3.445,00. &gt;&gt; Apostila PROAMUSEP-SP com DESCONTO\u00a0no pagamento \u00e0 vista no boleto! O per\u00edodo de inscri\u00e7\u00e3o est\u00e1 aberto at\u00e9 o dia 18 de janeiro no site da FAUEL, banca organizadora. A taxa [&hellip;]<\/p>\n","protected":false},"author":16,"featured_media":49839,"comment_status":"closed","ping_status":"closed","sticky":false,"template":"","format":"standard","meta":{"_acf_changed":false,"footnotes":"","_wp_rev_ctl_limit":""},"categories":[228],"tags":[16064,19542,19541],"class_list":["post-50226","post","type-post","status-publish","format-standard","has-post-thumbnail","hentry","category-noticias","tag-concurso-proamusep","tag-edital-proamusep","tag-o-que-cai-na-prova-proamusep"],"acf":[],"_links":{"self":[{"href":"https:\/\/www.novaconcursos.com.br\/portal\/wp-json\/wp\/v2\/posts\/50226","targetHints":{"allow":["GET"]}}],"collection":[{"href":"https:\/\/www.novaconcursos.com.br\/portal\/wp-json\/wp\/v2\/posts"}],"about":[{"href":"https:\/\/www.novaconcursos.com.br\/portal\/wp-json\/wp\/v2\/types\/post"}],"author":[{"embeddable":true,"href":"https:\/\/www.novaconcursos.com.br\/portal\/wp-json\/wp\/v2\/users\/16"}],"replies":[{"embeddable":true,"href":"https:\/\/www.novaconcursos.com.br\/portal\/wp-json\/wp\/v2\/comments?post=50226"}],"version-history":[{"count":3,"href":"https:\/\/www.novaconcursos.com.br\/portal\/wp-json\/wp\/v2\/posts\/50226\/revisions"}],"predecessor-version":[{"id":115080,"href":"https:\/\/www.novaconcursos.com.br\/portal\/wp-json\/wp\/v2\/posts\/50226\/revisions\/115080"}],"wp:featuredmedia":[{"embeddable":true,"href":"https:\/\/www.novaconcursos.com.br\/portal\/wp-json\/wp\/v2\/media\/49839"}],"wp:attachment":[{"href":"https:\/\/www.novaconcursos.com.br\/portal\/wp-json\/wp\/v2\/media?parent=50226"}],"wp:term":[{"taxonomy":"category","embeddable":true,"href":"https:\/\/www.novaconcursos.com.br\/portal\/wp-json\/wp\/v2\/categories?post=50226"},{"taxonomy":"post_tag","embeddable":true,"href":"https:\/\/www.novaconcursos.com.br\/portal\/wp-json\/wp\/v2\/tags?post=50226"}],"curies":[{"name":"wp","href":"https:\/\/api.w.org\/{rel}","templated":true}]}}