{"id":50237,"date":"2017-01-02T15:49:11","date_gmt":"2017-01-02T17:49:11","guid":{"rendered":"http:\/\/www.novaconcursos.com.br\/portal\/?p=50237"},"modified":"2021-01-28T16:22:57","modified_gmt":"2021-01-28T19:22:57","slug":"o-que-cai-na-prova-artesp-sp-2017-01","status":"publish","type":"post","link":"https:\/\/www.novaconcursos.com.br\/portal\/noticias\/o-que-cai-na-prova-artesp-sp-2017-01\/","title":{"rendered":"O que cai na prova: ARTESP &#8211; SP"},"content":{"rendered":"<p><a href=\"https:\/\/www.novaconcursos.com.br\/portal\/wp-content\/uploads\/2016\/01\/artesp-logao.jpg\"><img decoding=\"async\" class=\"  alignright wp-image-33051\" src=\"https:\/\/www.novaconcursos.com.br\/portal\/wp-content\/uploads\/2016\/01\/artesp-logao-300x74.jpg\" alt=\"concurso artesp - sp\" width=\"389\" height=\"96\" loading=\"lazy\" title=\"\" srcset=\"https:\/\/www.novaconcursos.com.br\/portal\/wp-content\/uploads\/2016\/01\/artesp-logao-300x74.jpg 300w, https:\/\/www.novaconcursos.com.br\/portal\/wp-content\/uploads\/2016\/01\/artesp-logao.jpg 666w\" sizes=\"auto, (max-width: 480px) 100vw, (max-width: 768px) 100vw, (max-width: 1200px) 70vw, 768px\"><\/a>A <strong>ARTESP \u2013 SP<\/strong> (Ag\u00eancia Reguladora de Servi\u00e7os P\u00fablicos de Transporte do Estado de S\u00e3o Paulo) publicou edital com <strong>161 oportunidades<\/strong> para n\u00edvel m\u00e9dio e superior. A <strong>remunera\u00e7\u00e3o vai de\u00a0R$ 2.777,00 at\u00e9 R$ 10.285,00<\/strong>.<\/p>\n<p><strong>&gt;&gt; <span style=\"color: #0000ff;\"><a style=\"color: #0000ff;\" href=\"https:\/\/www.novaconcursos.com.br\/concurso\/artesp-agencia-de-transporte-do-estado-de-sao-paulo\/apostila?utm_source=blog&amp;utm_medium=smm&amp;utm_content=link-texto&amp;utm_campaign=ARTESP\" target=\"_blank\" rel=\"noopener noreferrer\">Apostila ARTESP<\/a><\/span>\u00a0com \u00f3timo <span style=\"color: #ff0000;\">DESCONTO<\/span> no pagamento \u00e0 vista!<\/strong><\/p>\n<p>As <strong>inscri\u00e7\u00f5es come\u00e7am em 10 de janeiro e terminam no dia 15 de mar\u00e7o<\/strong>. A taxa pode ser de 75 ou 100 reais e a <strong>prova ser\u00e1 aplicada no dia 30 de abril.<\/strong> Confira o que ser\u00e1 cobrado no exame:<\/p>\n<p><strong>Conte\u00fado Program\u00e1tico<\/strong><\/p>\n<p><strong>L\u00edngua Portuguesa:<\/strong> Dom\u00ednio da ortografia oficial. Emprego da acentua\u00e7\u00e3o gr\u00e1fica. Emprego dos sinais de pontua\u00e7\u00e3o. Flex\u00e3o nominal e verbal. Pronomes: emprego, formas de tratamento e coloca\u00e7\u00e3o. Dom\u00ednio dos mecanismos de coes\u00e3o textual. Emprego de tempos e modos verbais. Vozes do verbo. Concord\u00e2ncia nominal e verbal. Reg\u00eancia nominal e verbal. Sintaxe. Reda\u00e7\u00e3o (confronto e reconhecimento de frases corretas e incorretas). Compreens\u00e3o e interpreta\u00e7\u00e3o de textos de g\u00eaneros variados. Reconhecimento de tipos e g\u00eaneros textuais. Adequa\u00e7\u00e3o da linguagem ao tipo de documento.<\/p>\n<p><strong>Matem\u00e1tica e Racioc\u00ednio L\u00f3gico:<\/strong> N\u00fameros inteiros e racionais: opera\u00e7\u00f5es (adi\u00e7\u00e3o, subtra\u00e7\u00e3o, multiplica\u00e7\u00e3o, divis\u00e3o, potencia\u00e7\u00e3o, radicia\u00e7\u00e3o); express\u00f5es num\u00e9ricas; m\u00faltiplos e divisores de n\u00fameros naturais; problemas. Rela\u00e7\u00e3o entre grandezas: tabelas, gr\u00e1ficos e f\u00f3rmulas. Raz\u00f5es e propor\u00e7\u00f5es; divis\u00e3o em partes proporcionais; regra de tr\u00eas simples e composta; porcentagem e problemas. Juros simples e compostos. Sistemas usuais de medidas. Equa\u00e7\u00f5es do 1\u00ba e do 2\u00ba grau; sistemas de equa\u00e7\u00f5es. No\u00e7\u00f5es de contagem, probabilidade e estat\u00edstica. Estrutura l\u00f3gica de rela\u00e7\u00f5es arbitr\u00e1rias entre pessoas, lugares, objetos ou eventos fict\u00edcios; deduzir novas informa\u00e7\u00f5es das rela\u00e7\u00f5es fornecidas e avaliar as condi\u00e7\u00f5es usadas para estabelecer a estrutura daquelas rela\u00e7\u00f5es. Compreens\u00e3o e elabora\u00e7\u00e3o da l\u00f3gica das situa\u00e7\u00f5es por meio de: racioc\u00ednio verbal, racioc\u00ednio matem\u00e1tico, racioc\u00ednio sequencial, orienta\u00e7\u00e3o espacial e temporal, forma\u00e7\u00e3o de conceitos, discrimina\u00e7\u00e3o de elementos. Compreens\u00e3o do processo l\u00f3gico que, a partir de um conjunto de hip\u00f3teses, conduz, de forma v\u00e1lida, a conclus\u00f5es determinadas.<\/p>\n<p><strong>No\u00e7\u00f5es de Inform\u00e1tica (Exceto para o emprego: Agente de Fiscaliza\u00e7\u00e3o \u00e0 Regula\u00e7\u00e3o de Transporte \u2013 Tecnologia da Informa\u00e7\u00e3o):<\/strong> Conceitos b\u00e1sicos e modos de utiliza\u00e7\u00e3o de tecnologias, ferramentas, aplicativos e procedimentos associados \u00e0 Internet\/Intranet. Navegadores web (Chrome, Firefox, Internet Explorer). Organiza\u00e7\u00e3o de informa\u00e7\u00e3o para uso na Internet. Ferramentas e aplicativos de navega\u00e7\u00e3o e de correio eletr\u00f4nico (webmail). Acesso \u00e0 dist\u00e2ncia a computadores, transfer\u00eancia de informa\u00e7\u00e3o e arquivos. Conceitos de prote\u00e7\u00e3o e seguran\u00e7a da informa\u00e7\u00e3o. Conceitos b\u00e1sicos e modos de utiliza\u00e7\u00e3o de tecnologias, ferramentas, aplicativos e procedimentos de inform\u00e1tica: fundamentos de hardware e de software. Procedimentos, aplicativos e dispositivos para armazenamento de dados e para realiza\u00e7\u00e3o de c\u00f3pia de seguran\u00e7a (backup). Conceitos de organiza\u00e7\u00e3o e de gerenciamento de arquivos, pastas e programas e funcionamento de perif\u00e9ricos e recursos do sistema operacional Windows 10. Aplicativos para edi\u00e7\u00e3o de textos, planilhas eletr\u00f4nicas e apresenta\u00e7\u00e3o de slides utilizando o Microsoft Office 365 e 2016.<\/p>\n<p><em>* Confira os Conhecimentos Espec\u00edficos acessando o edital!<\/em><\/p>\n<p><strong>Crit\u00e9rios de desempate<\/strong><\/p>\n<p>Em caso de igualdade de pontos, a classifica\u00e7\u00e3o obedecer\u00e1 a seguinte ordem:<\/p>\n<p>a) Candidato com idade igual ou superior a 60 anos;<br>\nb) Candidato com maior nota em\u00a0Conhecimentos Espec\u00edficos;<br>\nc) Candidato com maior nota em L\u00edngua Portuguesa;<br>\nd) Candidato com maior idade;<br>\ne) Candidato que exerceu a fun\u00e7\u00e3o de jurado.<\/p>\n<hr><h2 id=\"concurso-artesp-sp\">Concurso ARTESP \u2013 SP<\/h2>\n<p>Confira mais detalhes acessando a p\u00e1gina de concurso, <a href=\"https:\/\/www.novaconcursos.com.br\/portal\/concursos\/concurso-artesp-sp\/\"><strong>clique aqui<\/strong><\/a>!<\/p>\n<p>A <strong><a href=\"https:\/\/www.novaconcursos.com.br\/?utm_source=blog&amp;utm_medium=smm&amp;utm_content=link-texto&amp;utm_campaign=home\" target=\"_blank\" rel=\"noopener noreferrer\">editora Nova<\/a><\/strong> tem ajudado h\u00e1 mais de 8 anos quem quer vencer a batalha do concurso p\u00fablico. Se voc\u00ea quer aumentar as suas chances de passar, conhe\u00e7a os nossos materiais, acessando o nosso site!<\/p>\n<p><a href=\"https:\/\/www.novaconcursos.com.br\/concurso\/artesp-agencia-de-transporte-do-estado-de-sao-paulo\/apostila?utm_source=blog&amp;utm_medium=smm&amp;utm_content=link-banner-728&amp;utm_campaign=ARTESP\" target=\"_blank\" rel=\"noopener noreferrer\"><img decoding=\"async\" class=\" size-full wp-image-50562 aligncenter\" src=\"https:\/\/www.novaconcursos.com.br\/portal\/wp-content\/uploads\/2016\/01\/artesp-600X90.jpg\" alt=\"artesp-600x90\" width=\"600\" height=\"90\" loading=\"lazy\" title=\"\" srcset=\"https:\/\/www.novaconcursos.com.br\/portal\/wp-content\/uploads\/2016\/01\/artesp-600X90-300x45.jpg 300w, https:\/\/www.novaconcursos.com.br\/portal\/wp-content\/uploads\/2016\/01\/artesp-600X90.jpg 600w\" sizes=\"auto, (max-width: 480px) 100vw, (max-width: 768px) 100vw, (max-width: 1200px) 70vw, 768px\"><\/a><\/p>\n<p>\u00a0<\/p>\n<p>\u00a0<\/p>","protected":false},"excerpt":{"rendered":"<p>A ARTESP \u2013 SP (Ag\u00eancia Reguladora de Servi\u00e7os P\u00fablicos de Transporte do Estado de S\u00e3o Paulo) publicou edital com 161 oportunidades para n\u00edvel m\u00e9dio e superior. A remunera\u00e7\u00e3o vai de\u00a0R$ 2.777,00 at\u00e9 R$ 10.285,00. &gt;&gt; Apostila ARTESP\u00a0com \u00f3timo DESCONTO no pagamento \u00e0 vista! As inscri\u00e7\u00f5es come\u00e7am em 10 de janeiro e terminam no dia 15 [&hellip;]<\/p>\n","protected":false},"author":16,"featured_media":33053,"comment_status":"closed","ping_status":"closed","sticky":false,"template":"","format":"standard","meta":{"_acf_changed":false,"footnotes":"","_wp_rev_ctl_limit":""},"categories":[228],"tags":[16134,16135,19549],"class_list":["post-50237","post","type-post","status-publish","format-standard","has-post-thumbnail","hentry","category-noticias","tag-concurso-artesp","tag-edital-artesp","tag-o-que-cai-na-prova-artesp"],"acf":[],"_links":{"self":[{"href":"https:\/\/www.novaconcursos.com.br\/portal\/wp-json\/wp\/v2\/posts\/50237","targetHints":{"allow":["GET"]}}],"collection":[{"href":"https:\/\/www.novaconcursos.com.br\/portal\/wp-json\/wp\/v2\/posts"}],"about":[{"href":"https:\/\/www.novaconcursos.com.br\/portal\/wp-json\/wp\/v2\/types\/post"}],"author":[{"embeddable":true,"href":"https:\/\/www.novaconcursos.com.br\/portal\/wp-json\/wp\/v2\/users\/16"}],"replies":[{"embeddable":true,"href":"https:\/\/www.novaconcursos.com.br\/portal\/wp-json\/wp\/v2\/comments?post=50237"}],"version-history":[{"count":4,"href":"https:\/\/www.novaconcursos.com.br\/portal\/wp-json\/wp\/v2\/posts\/50237\/revisions"}],"predecessor-version":[{"id":115077,"href":"https:\/\/www.novaconcursos.com.br\/portal\/wp-json\/wp\/v2\/posts\/50237\/revisions\/115077"}],"wp:featuredmedia":[{"embeddable":true,"href":"https:\/\/www.novaconcursos.com.br\/portal\/wp-json\/wp\/v2\/media\/33053"}],"wp:attachment":[{"href":"https:\/\/www.novaconcursos.com.br\/portal\/wp-json\/wp\/v2\/media?parent=50237"}],"wp:term":[{"taxonomy":"category","embeddable":true,"href":"https:\/\/www.novaconcursos.com.br\/portal\/wp-json\/wp\/v2\/categories?post=50237"},{"taxonomy":"post_tag","embeddable":true,"href":"https:\/\/www.novaconcursos.com.br\/portal\/wp-json\/wp\/v2\/tags?post=50237"}],"curies":[{"name":"wp","href":"https:\/\/api.w.org\/{rel}","templated":true}]}}