{"id":50401,"date":"2017-01-05T18:06:58","date_gmt":"2017-01-05T20:06:58","guid":{"rendered":"http:\/\/www.novaconcursos.com.br\/portal\/?p=50401"},"modified":"2025-04-10T10:04:12","modified_gmt":"2025-04-10T13:04:12","slug":"pec-determina-mudancas-em-regras-para-concurso-publico-2017-01","status":"publish","type":"post","link":"https:\/\/www.novaconcursos.com.br\/portal\/noticias\/pec-determina-mudancas-em-regras-para-concurso-publico-2017-01\/","title":{"rendered":"PEC determina mudan\u00e7as em regras para concurso p\u00fablico"},"content":{"rendered":"<p>Boa not\u00edcia aos concurseiros de plant\u00e3o! Ontem foi apresentado, pelo senador Paulo Paim (PT-RS), o texto da Proposta de Emenda \u00e0 Constitui\u00e7\u00e3o (PEC) 29\/2016, que aguarda vota\u00e7\u00e3o na Comiss\u00e3o de Constitui\u00e7\u00e3o, Justi\u00e7a e Cidadania (CCJ), que assegura a nomea\u00e7\u00e3o de todos os aprovados em concursos p\u00fablicos dentro do n\u00famero de vagas previsto no edital do certame.<\/p>\n\n\n\n<p>Assim, prop\u00f5e que seja explicitada na Constitui\u00e7\u00e3o o entendimento do Supremo Tribunal Federal (STF), que em 2011 reconheceu direito subjetivo \u00e0 nomea\u00e7\u00e3o aos candidatos aprovados dentro do n\u00famero de vagas previstas no edital.<\/p>\n\n\n\n<h2 class=\"wp-block-heading\" id=\"estude-agora\">Estude agora<\/h2>\n\n\n\n<p><em>\u201cN\u00e3o raro, h\u00e1 brasileiros que se deslocam de outros estados para prestarem concursos p\u00fablicos, despendendo recursos com cursos, inscri\u00e7\u00f5es, passagens e hospedagens, mas acabam n\u00e3o sendo nomeados no cargo ou emprego p\u00fablico que almejam, ainda que haja cargos n\u00e3o ocupados\u201d<\/em>, justifica Paim.<\/p>\n\n\n\n<p>Al\u00e9m disso, o n\u00famero de vagas a serem preenchidas por meio do concurso p\u00fablico pode passar a ser igual ao quantitativo dos respectivos cargos ou empregos p\u00fablicos vagos no \u00f3rg\u00e3o ou entidade. Fica tamb\u00e9m determinado que o n\u00famero de vagas para forma\u00e7\u00e3o de cadastro reserva n\u00e3o pode exceder a 20% dos cargos ou empregos p\u00fablicos a serem preenchidos por meio do concurso p\u00fablico.<\/p>\n\n\n\n<p>A PEC pro\u00edbe novo certame enquanto houver candidatos aprovados em sele\u00e7\u00e3o anterior. Da mesma forma, veda concurso exclusivo para cadastro de reserva.<\/p>\n\n\n\n<p>Fonte: Ag\u00eancia Senado<\/p>\n\n\n\n<p>A <strong><a href=\"https:\/\/www.novaconcursos.com.br\/?utm_source=blog&amp;utm_medium=smm&amp;utm_content=link-texto&amp;utm_campaign=home\" target=\"_blank\" rel=\"noopener noreferrer\">editora Nova<\/a><\/strong> tem ajudado h\u00e1 mais de 8 anos quem quer vencer a batalha do concurso p\u00fablico. Se voc\u00ea quer aumentar as suas chances de passar, conhe\u00e7a os nossos materiais, acessando o nosso site!<\/p>\n\n\n\n<p><\/p>\n\n\n\n<p>\u00a0<\/p>","protected":false},"excerpt":{"rendered":"<p>Boa not\u00edcia aos concurseiros de plant\u00e3o! Ontem foi apresentado, pelo senador Paulo Paim (PT-RS), o texto da Proposta de Emenda \u00e0 Constitui\u00e7\u00e3o (PEC) 29\/2016, que aguarda vota\u00e7\u00e3o na Comiss\u00e3o de Constitui\u00e7\u00e3o, Justi\u00e7a e Cidadania (CCJ), que assegura a nomea\u00e7\u00e3o de todos os aprovados em concursos p\u00fablicos dentro do n\u00famero de vagas previsto no edital do [&hellip;]<\/p>\n","protected":false},"author":16,"featured_media":0,"comment_status":"closed","ping_status":"closed","sticky":false,"template":"","format":"standard","meta":{"_acf_changed":false,"footnotes":"","_wp_rev_ctl_limit":""},"categories":[228],"tags":[19592,19590,19591],"class_list":["post-50401","post","type-post","status-publish","format-standard","hentry","category-noticias","tag-pec","tag-pec-concurso","tag-regras-concurso"],"acf":[],"_links":{"self":[{"href":"https:\/\/www.novaconcursos.com.br\/portal\/wp-json\/wp\/v2\/posts\/50401","targetHints":{"allow":["GET"]}}],"collection":[{"href":"https:\/\/www.novaconcursos.com.br\/portal\/wp-json\/wp\/v2\/posts"}],"about":[{"href":"https:\/\/www.novaconcursos.com.br\/portal\/wp-json\/wp\/v2\/types\/post"}],"author":[{"embeddable":true,"href":"https:\/\/www.novaconcursos.com.br\/portal\/wp-json\/wp\/v2\/users\/16"}],"replies":[{"embeddable":true,"href":"https:\/\/www.novaconcursos.com.br\/portal\/wp-json\/wp\/v2\/comments?post=50401"}],"version-history":[{"count":4,"href":"https:\/\/www.novaconcursos.com.br\/portal\/wp-json\/wp\/v2\/posts\/50401\/revisions"}],"predecessor-version":[{"id":278741,"href":"https:\/\/www.novaconcursos.com.br\/portal\/wp-json\/wp\/v2\/posts\/50401\/revisions\/278741"}],"wp:attachment":[{"href":"https:\/\/www.novaconcursos.com.br\/portal\/wp-json\/wp\/v2\/media?parent=50401"}],"wp:term":[{"taxonomy":"category","embeddable":true,"href":"https:\/\/www.novaconcursos.com.br\/portal\/wp-json\/wp\/v2\/categories?post=50401"},{"taxonomy":"post_tag","embeddable":true,"href":"https:\/\/www.novaconcursos.com.br\/portal\/wp-json\/wp\/v2\/tags?post=50401"}],"curies":[{"name":"wp","href":"https:\/\/api.w.org\/{rel}","templated":true}]}}