{"id":50662,"date":"2023-08-24T08:00:23","date_gmt":"2023-08-24T11:00:23","guid":{"rendered":"http:\/\/www.novaconcursos.com.br\/portal\/?post_type=nc-public-tender&#038;p=50662"},"modified":"2024-12-16T09:41:21","modified_gmt":"2024-12-16T12:41:21","slug":"concurso-core-to","status":"publish","type":"post","link":"https:\/\/www.novaconcursos.com.br\/portal\/concursos\/concurso-core-to\/","title":{"rendered":"Concurso CORE TO: Edital publicado. 41 vagas para Assistente e Fiscal!"},"content":{"rendered":"<p>\u00d3timas not\u00edcias, concurseiros! Foi publicado o novo concurso do <a href=\"https:\/\/www.novaconcursos.com.br\/portal\/concursos-abertos\/to\/\">Conselho Regional dos Representantes Comerciais no Estado do Tocantins (CORE TO)<\/a>!<\/p>\n<p>S\u00e3o 41 vagas para <strong>n\u00edvel m\u00e9dio<\/strong>!<\/p>\n<p>Saiba como participar!<\/p>\n<ul><li><a class=\"_ps2id\" href=\"#inscri%C3%A7%C3%B5es\" data-ps2id-offset=\"\">Inscri\u00e7\u00f5es<\/a><\/li>\n<li><a class=\"_ps2id\" href=\"#cargos\" data-ps2id-offset=\"\">Cargos, vagas e sal\u00e1rios<\/a><\/li>\n<li><a class=\"_ps2id\" href=\"#requisitos\" data-ps2id-offset=\"\">Requisitos<\/a><\/li>\n<li><a class=\"_ps2id\" href=\"#atribui%C3%A7%C3%B5es\" data-ps2id-offset=\"\">Atribui\u00e7\u00f5es<\/a><\/li>\n<li><a class=\"_ps2id\" href=\"#etapas\" data-ps2id-offset=\"\">Etapas de Sele\u00e7\u00e3o<\/a><\/li>\n<li><a class=\"_ps2id\" href=\"#prova\" data-ps2id-offset=\"\">Prova CORE TO 2023<\/a><\/li>\n<\/ul><h2 id=\"resumo-do-edital\">Resumo do Edital<\/h2>\n<p>Vagas: 41<br>\nCargos: Assistente Administrativo e Fiscal<br>\nEscolaridade: n\u00edvel m\u00e9dio<br>\nSal\u00e1rio iniciais: at\u00e9 R$ 3.175,67 + benef\u00edcios<br>\nPer\u00edodo de inscri\u00e7\u00e3o: de 25\/08\/2023 \u00e0 25\/09\/2023<br>\nTaxa de inscri\u00e7\u00e3o: R$ 77,07<br>\nProva: 29\/10\/2023<br>\nBanca: Instituto Consulplan<br><a href=\"https:\/\/www.novaconcursos.com.br\/portal\/wp-content\/uploads\/2023\/08\/edital-core-to.pdf\" target=\"_blank\" rel=\"noopener\">Baixe o edital<\/a><\/p>\n<h2 id=\"ps2id-idinscries-targetinscries\">[ps2id id=\u2019inscri\u00e7\u00f5es\u2019 target=\u201d\/]Inscri\u00e7\u00f5es<\/h2>\n<p>O concurso foi divulgado no dia 23 de agosto e as inscri\u00e7\u00f5es j\u00e1 ir\u00e3o come\u00e7ar!<\/p>\n<p>O interessado dever\u00e1 realiz\u00e1-la entre \u00e0s <strong>1<\/strong><strong>6h00 do dia 25 de agosto e \u00e0s 16h00 do dia 25 de setembro de 2023<\/strong>, no site da banca respons\u00e1vel, <a href=\"https:\/\/www.institutoconsulplan.org.br\" target=\"_blank\" rel=\"noopener\">Instituto Consulplan<\/a>.<\/p>\n<p>Para efetivar a inscri\u00e7\u00e3o, o candidato dever\u00e1 realizar o pagamento de uma<strong> taxa<\/strong> no valor de R$ 77,07.<\/p>\n<p>O candidato poder\u00e1 se inscrever em mais de um cargo do concurso, desde que as provas sejam aplicadas em turnos distintos.<\/p>\n<p>Al\u00e9m disso, o certame disponibilizar\u00e1 a <strong>isen\u00e7\u00e3o<\/strong> da taxa de inscri\u00e7\u00e3o para os seguintes candidatos:<\/p>\n<ul><li>inscritos no Cadastro \u00danico (Cad\u00danico); e<\/li>\n<li>doadores de medula \u00f3ssea.<\/li>\n<\/ul><h2 id=\"ps2id-idcargos-targetcargos-vagas-e-salrios\">[ps2id id=\u2019cargos\u2019 target=\u201d\/]Cargos, vagas e sal\u00e1rios<\/h2>\n<p>O concurso CORE TO ofertar\u00e1<strong> 41 vagas<\/strong> de n\u00edvel m\u00e9dio para os seguintes cargos:<\/p>\n<ul><li>Assistente Administrativo \u2013 Palmas: 1 vaga imediata + 15 CR\n<ul><li>Aragua\u00edna: 1 vaga imediata + 15 CR<\/li>\n<\/ul><\/li>\n<li>Fiscal: 1 vaga imediata + 8 CR<\/li>\n<\/ul><p>\u00a0<\/p>\n<p>Os cargos contam com os seguintes <strong>vencimentos b\u00e1sicos<\/strong>:<\/p>\n<ul><li>Assistente Administrativo: R$ 1.954,01; e<\/li>\n<li>Fiscal: R$ 3.175,67<\/li>\n<\/ul><p>\u00a0<\/p>\n<p>Vale ressaltar que os cargos usufruem de <strong>benef\u00edcios<\/strong>. S\u00e3o eles:<\/p>\n<ul><li>Vale-alimenta\u00e7\u00e3o: R$ 850,00;<\/li>\n<li>Vale-Transporte; e<\/li>\n<li>Plano de carreira.<\/li>\n<\/ul><h2 id=\"ps2id-idrequisitos-targetrequisitos\">[ps2id id=\u2019requisitos\u2019 target=\u201d\/]Requisitos<\/h2>\n<p>S\u00e3o requisitos<strong> b\u00e1sicos<\/strong> para a posse nos cargos:<\/p>\n<ul><li>ser aprovado em todas as fases do concurso p\u00fablico;<\/li>\n<li>ter a nacionalidade brasileira ou portuguesa e, no caso de nacionalidade portuguesa, estar amparado pelo Estatuto de Igualdade entre Brasileiros e Portugueses, com reconhecimento do gozo dos direitos pol\u00edticos, nos termos do \u00a7 1\u00ba do art. 12 da Constitui\u00e7\u00e3o Federal;<\/li>\n<li>estar em gozo dos direitos pol\u00edticos;<\/li>\n<li>estar quite com as obriga\u00e7\u00f5es militares, em caso de candidato do sexo masculino;<\/li>\n<li>estar quite com as obriga\u00e7\u00f5es eleitorais;<\/li>\n<li>possuir os requisitos exigidos para o exerc\u00edcio do cargo;<\/li>\n<li><strong>ter idade m\u00ednima de 18 anos completos na data da contrata\u00e7\u00e3o<\/strong>;<\/li>\n<li>apresentar atestado de pr\u00e9via aprova\u00e7\u00e3o de aptid\u00e3o f\u00edsica e mental para o exerc\u00edcio das atribui\u00e7\u00f5es do cargo;<\/li>\n<li>apresentar declara\u00e7\u00e3o de que n\u00e3o acumula cargo ou fun\u00e7\u00e3o p\u00fablica, ou proventos de inatividade, ressalvadas as possibilidades de acumula\u00e7\u00e3o l\u00edcita previstas no Inciso XVI do art. 37 da Constitui\u00e7\u00e3o Federal;<\/li>\n<li>ter aptid\u00e3o f\u00edsica e mental para o exerc\u00edcio das atribui\u00e7\u00f5es correspondentes ao cargo; e<\/li>\n<li>n\u00e3o estar cumprindo san\u00e7\u00e3o por inidoneidade, aplicada por qualquer \u00f3rg\u00e3o p\u00fablico ou entidade das esferas federal, estadual, municipal ou do Distrito Federal; e<\/li>\n<li>cumprir as determina\u00e7\u00f5es do edital.<\/li>\n<\/ul><p>\u00a0<\/p>\n<p>Al\u00e9m disso, o candidato deve apresentar <strong>certificado\u00a0de conclus\u00e3o de curso de ensino m\u00e9dio ou de curso t\u00e9cnico equivalente<\/strong>, de institui\u00e7\u00e3o de ensino reconhecida pelo Minist\u00e9rio da Educa\u00e7\u00e3o (MEC).<\/p>\n<h2 id=\"ps2id-idatribuies-targetatribuies\">[ps2id id=\u2019atribui\u00e7\u00f5es\u2019 target=\u201d\/]Atribui\u00e7\u00f5es<\/h2>\n<p>Dentre as atribui\u00e7\u00f5es de cada cargo, est\u00e3o:<\/p>\n<ul><li><strong>Assistente Administrativo<\/strong>\n<ul><li>Executar e dar suporte nas atividades de expediente e protocolo;<\/li>\n<li>Dar suporte ao controle e acompanhar os contratos de servi\u00e7os de natureza administrativa;<\/li>\n<li>Executar os servi\u00e7os gr\u00e1ficos e de reprografia e as atividades de encaderna\u00e7\u00e3o, plastifica\u00e7\u00e3o e corte de papel;<\/li>\n<li>Auxilia na elabora\u00e7\u00e3o e controle de contratos de seguro dos bens patrimoniais, dos estoques de produtos, de transporte e de empregados;<\/li>\n<li>Elaborar Guias de Pagamento e minutas de Ordens de Servi\u00e7os;<\/li>\n<li>Proceder \u00e0 aquisi\u00e7\u00e3o, ao recebimento, \u00e0 confer\u00eancia, guarda e distribui\u00e7\u00e3o de materiais permanentes e de consumo;<\/li>\n<li>Executar e controlar as atividades relacionadas \u00e0 administra\u00e7\u00e3o de bens patrimoniais;<\/li>\n<li>Realizar os invent\u00e1rios f\u00edsicos, providenciando regulariza\u00e7\u00e3o e propondo a destina\u00e7\u00e3o dos bens; e<\/li>\n<li>Colaborar nas atividades pertinentes \u00e0s licita\u00e7\u00f5es.<\/li>\n<\/ul><\/li>\n<\/ul><p>\u00a0<\/p>\n<ul><li><strong>Fiscal<\/strong>\n<ul><li>Analisar e instruir procedimentos administrativos de cobran\u00e7a administrativa e divida ativa;<\/li>\n<li>Realizar visitas externas a pessoas f\u00edsicas e jur\u00eddicas dentro da jurisdi\u00e7\u00e3o do Core-TO;<\/li>\n<li>Acompanhamento mensal do plano de metas;<\/li>\n<li>Atendimento aos profissionais e visitantes na Sede do Core-TO;<\/li>\n<li>Fiscalizar e orientar os representantes comerciais registrados;<\/li>\n<li>Efetuar cobran\u00e7a de multas, anuidades e inscri\u00e7\u00f5es de pessoa f\u00edsica e jur\u00eddica;<\/li>\n<li>Fiscalizar representa\u00e7\u00f5es irregulares;<\/li>\n<li>Efetuar notifica\u00e7\u00f5es, constata\u00e7\u00f5es, autos de infra\u00e7\u00e3o e todos os demais atos, previstos na lei e no c\u00f3digo de \u00e9tica;<\/li>\n<li>Elaborar relat\u00f3rios de viagens e outros necess\u00e1rios ao controle do exerc\u00edcio da profiss\u00e3o;<\/li>\n<li>Abrir e instituir processos de infra\u00e7\u00e3o em geral, decorrentes das irregularidades detectadas;<\/li>\n<li>Cumprir a programa\u00e7\u00e3o e instru\u00e7\u00f5es estabelecidas pela coordenadoria de fiscaliza\u00e7\u00e3o e a diretoria do Core-TO;<\/li>\n<li>Zelar pela guarda e seguran\u00e7a dos equipamentos de trabalho e documenta\u00e7\u00e3o;<\/li>\n<li>Zelar pelo bom funcionamento e organiza\u00e7\u00e3o do ambiente de trabalho;<\/li>\n<li>Integrar a composi\u00e7\u00e3o de Comiss\u00f5es institu\u00eddas para atender \u00e0s necessidades do Core-TO;<\/li>\n<li>Executar atividades correlatas;<\/li>\n<li>Executar outras tarefas semelhantes em complexidade e natureza \u00e0s anteriormente descritas, por necessidade do trabalho e\/ou por solicita\u00e7\u00e3o superior.<\/li>\n<\/ul><\/li>\n<\/ul><h2 id=\"ps2id-idetapas-targetetapas-de-seleo\">[ps2id id=\u2019etapas\u2019 target=\u201d\/]Etapas de Sele\u00e7\u00e3o<\/h2>\n<p>A sele\u00e7\u00e3o do concurso ser\u00e1 realizada no dia\u00a0<strong>29 de outubro de 2023<\/strong>, em <a href=\"https:\/\/www.novaconcursos.com.br\/portal\/concursos-previstos\/to\/\">Palmas-TO<\/a>.<\/p>\n<p>O certame contar\u00e1 com\u00a0<strong>etapa \u00fanica<\/strong> de avalia\u00e7\u00e3o, a<strong> prova objetiva<\/strong>.<\/p>\n<p>A prova ser\u00e1 aplicada em<strong> hor\u00e1rios<\/strong> distintos para cada cargo, conforme hor\u00e1rio de Bras\u00edlia\/DF:<\/p>\n<ul><li>Fiscal: de 8h00 \u00e0s 11h00;<\/li>\n<li>Assistente Administrativo: de 13h00 \u00e0s 16h00.<\/li>\n<\/ul><h3><\/h3>\n<h3>Prova Objetiva<\/h3>\n<p>Com dura\u00e7\u00e3o de at\u00e9 3 horas, a prova ser\u00e1 composta por <strong>40 quest\u00f5es<\/strong> <strong>de m\u00faltipla escolha<\/strong>, nas seguintes disciplinas:<\/p>\n<ul><li>Conhecimentos B\u00e1sicos\n<ul><li>L\u00edngua Portuguesa (10)<\/li>\n<li>Racioc\u00ednio L\u00f3gico-Matem\u00e1tico (05)<\/li>\n<li>Inform\u00e1tica (05)<\/li>\n<\/ul><\/li>\n<li>Conhecimentos Espec\u00edficos\n<ul><li>Direito Constitucional e Administrativo (10)<\/li>\n<li>Conhecimentos do cargo (10)<\/li>\n<\/ul><\/li>\n<\/ul><p>\u00a0<\/p>\n<p>As quest\u00f5es de conhecimentos b\u00e1sicos ter\u00e3o peso 1,00 enquanto \u00e0s de conhecimentos espec\u00edficos ter\u00e3o peso 2,00, com isso a prova ter\u00e1 uma <strong>pontua\u00e7\u00e3o m\u00e1xima de 60,00 pontos<\/strong>.<\/p>\n<p>Para serem <strong>aprovados<\/strong> os candidatos dever\u00e3o obter m\u00ednimo de 50% de aproveitamento do total de pontos.<\/p>\n<h2 id=\"ps2id-idprova-targeto-que-vai-cair-na-prova-core-to\">[ps2id id=\u2019prova\u2019 target=\u201d\/]O que vai cair na prova CORE TO?<\/h2>\n<p>Uma \u00f3tima maneira de organizar e se<strong> preparar<\/strong> para o certame, \u00e9 sabendo quais ser\u00e3o os <strong>conte\u00fados cobrados<\/strong> em cada uma das disciplinas!<\/p>\n<p>Vem com a gente que te contamos tudo!<\/p>\n<h3>Conhecimentos b\u00e1sicos<\/h3>\n<p><strong>L\u00edngua Portuguesa<\/strong><\/p>\n<ul><li>Compreens\u00e3o e interpreta\u00e7\u00e3o de textos liter\u00e1rios e\/ou informativos, extra\u00eddos de livros, revistas e jornais;<\/li>\n<li>Interpreta\u00e7\u00e3o de textos verbais, n\u00e3o verbais e mistos: quadrinhos, tiras, outdoors, propagandas, an\u00fancios etc;<\/li>\n<li>Nova ortografia;<\/li>\n<li>Acentua\u00e7\u00e3o gr\u00e1fica;<\/li>\n<li>Pontua\u00e7\u00e3o;<\/li>\n<li>Crase;<\/li>\n<li>Pronomes: emprego, formas de tratamento e coloca\u00e7\u00e3o;<\/li>\n<li>Morfossintaxe: classes de palavras: estrutura, forma\u00e7\u00e3o, flex\u00e3o e emprego no contexto da enuncia\u00e7\u00e3o;<\/li>\n<li>Frase, ora\u00e7\u00e3o e per\u00edodo;<\/li>\n<li>Termos da ora\u00e7\u00e3o e suas fun\u00e7\u00f5es morfossint\u00e1ticas;<\/li>\n<li>Rela\u00e7\u00f5es sint\u00e1tico-sem\u00e2nticas entre as ora\u00e7\u00f5es de um per\u00edodo;<\/li>\n<li>Processo de coordena\u00e7\u00e3o e de subordina\u00e7\u00e3o;<\/li>\n<li>Sintaxe de concord\u00e2ncia e reg\u00eancia;<\/li>\n<li>Sem\u00e2ntica: sin\u00f4nimos e ant\u00f4nimos;<\/li>\n<li>Conota\u00e7\u00e3o e denota\u00e7\u00e3o;<\/li>\n<li>Figuras de Linguagem; e<\/li>\n<li>Reda\u00e7\u00e3o de correspond\u00eancias oficiais.<\/li>\n<\/ul><p>\u00a0<\/p>\n<p><strong>Racioc\u00ednio L\u00f3gico-Matem\u00e1tico<\/strong><\/p>\n<ul><li>Opera\u00e7\u00f5es, propriedades e aplica\u00e7\u00f5es (soma, subtra\u00e7\u00e3o, multiplica\u00e7\u00e3o, divis\u00e3o, potencia\u00e7\u00e3o e radicia\u00e7\u00e3o);<\/li>\n<li>Princ\u00edpios de contagem e probabilidade;<\/li>\n<li>Arranjos e permuta\u00e7\u00f5es;<\/li>\n<li>Combina\u00e7\u00f5es;<\/li>\n<li>Conjuntos num\u00e9ricos (n\u00fameros naturais, inteiros, racionais e reais) e opera\u00e7\u00f5es com conjuntos;<\/li>\n<li>Raz\u00f5es e propor\u00e7\u00f5es (grandezas diretamente proporcionais, grandezas inversamente proporcionais, porcentagem, regras de tr\u00eas simples e compostas);<\/li>\n<li>Equa\u00e7\u00f5es e inequa\u00e7\u00f5es;<\/li>\n<li>Sistemas de medidas;<\/li>\n<li>Volumes;<\/li>\n<li>Compreens\u00e3o de estruturas l\u00f3gicas;<\/li>\n<li>L\u00f3gica de argumenta\u00e7\u00e3o (analogias, infer\u00eancias, dedu\u00e7\u00f5es e conclus\u00f5es); e<\/li>\n<li>Diagramas l\u00f3gicos.<\/li>\n<\/ul><p>\u00a0<\/p>\n<p><strong>Inform\u00e1tica<\/strong><\/p>\n<ul><li>Sistema operacional Windows 10 ou superior;<\/li>\n<li>Software de elabora\u00e7\u00e3o de textos (Word vers\u00e3o 2013 ou superior);<\/li>\n<li>Software de planilhas eletr\u00f4nicas (Excel vers\u00e3o 2013 ou superior);<\/li>\n<li>Software de apresenta\u00e7\u00e3o de slides (Power Point vers\u00e3o 2013 ou superior);<\/li>\n<li>Correio eletr\u00f4nico: uso de correio eletr\u00f4nico, preparo e envio de mensagens, anexa\u00e7\u00e3o de arquivos;<\/li>\n<li>Internet: principais navegadores, tipos de amea\u00e7as virtuais e defesas, navega\u00e7\u00e3o na internet, conceitos de URL, links, sites, busca e impress\u00e3o de p\u00e1ginas;<\/li>\n<li>Hardware: dispositivos de entrada de dados, de sa\u00edda de dados, perif\u00e9ricos e dispositivos de armazenamento; e<\/li>\n<li>Su\u00edte de Escrit\u00f3rios LibreOffice: Writer, Calc e Impress, vers\u00e3o 6, ou superior.<\/li>\n<\/ul><h3><\/h3>\n<h3>Conhecimentos espec\u00edficos<\/h3>\n<p><strong>Direito Constitucional e Administrativo<\/strong><\/p>\n<ul><li>Constitui\u00e7\u00e3o Federal de 1988;<\/li>\n<li>Organiza\u00e7\u00e3o Administrativa;<\/li>\n<li>Lei da improbidade administrativa (Lei n\u00ba 8.429\/1992, alterada pela Lei n\u00ba 14.230, de 25 de outubro de 2021) e suas altera\u00e7\u00f5es;<\/li>\n<li>Licita\u00e7\u00f5es e Contratos Administrativos: Lei n\u00ba 14.133, de 1 de abril de 2021 e suas altera\u00e7\u00f5es;<\/li>\n<li>Processo Administrativo na Administra\u00e7\u00e3o Federal (Lei n\u00ba 9.784\/99) e suas altera\u00e7\u00f5es;<\/li>\n<li>Lei n\u00ba 12.527, de 18 de novembro de 2011, Lei de Acesso \u00e0 Informa\u00e7\u00e3o;<\/li>\n<li>Lei n\u00ba 13.709, de 14 de agosto de 2018: Lei Geral de Prote\u00e7\u00e3o de Dados; e<\/li>\n<li>Lei n\u00ba 12.514, de 28 de outubro de 2011 (arts. 3\u00ba ao 11).<\/li>\n<\/ul><p>\u00a0<\/p>\n<p><strong>Assistente Administrativo \u2013 conhecimento do cargo<\/strong><\/p>\n<ul><li>Organiza\u00e7\u00e3o:\n<ul><li>Conceito e tipos de estrutura organizacional;<\/li>\n<li>Rela\u00e7\u00f5es humanas, desempenho profissional, desenvolvimento de equipes de trabalho;<\/li>\n<li>No\u00e7\u00f5es de cidadania e rela\u00e7\u00f5es p\u00fablicas;<\/li>\n<li>Comunica\u00e7\u00e3o;<\/li>\n<li>Reda\u00e7\u00e3o oficial de documentos oficiais. Protocolo: recep\u00e7\u00e3o, classifica\u00e7\u00e3o, registro e distribui\u00e7\u00e3o de documentos;<\/li>\n<li>Expedi\u00e7\u00e3o de correspond\u00eancia: registro e encaminhamento.<\/li>\n<\/ul><\/li>\n<li>Fun\u00e7\u00f5es administrativas:\n<ul><li>Planejamento, organiza\u00e7\u00e3o, dire\u00e7\u00e3o e controle;<\/li>\n<li>No\u00e7\u00f5es de Administra\u00e7\u00e3o Financeira, Administra\u00e7\u00e3o de Pessoas e Administra\u00e7\u00e3o de Materiais;<\/li>\n<li>No\u00e7\u00f5es de Procedimentos Administrativos e Manuais Administrativos; e<\/li>\n<li>No\u00e7\u00f5es de Organiza\u00e7\u00e3o e M\u00e9todos.<\/li>\n<\/ul><\/li>\n<li>Arquivologia:\n<ul><li>Conceitos fundamentais de arquivologia;<\/li>\n<li>Gerenciamento da informa\u00e7\u00e3o e a gest\u00e3o de documentos; e<\/li>\n<li>Tipologias documentais e suportes f\u00edsicos.<\/li>\n<\/ul><\/li>\n<li>Atendimento ao p\u00fablico:<\/li>\n<li>Qualidade no atendimento ao p\u00fablico;<\/li>\n<li>Trabalho em equipe; e<\/li>\n<li>Postura profissional e rela\u00e7\u00f5es interpessoais.<\/li>\n<\/ul><p>\u00a0<\/p>\n<p><strong>Fiscal \u2013 conhecimento do cargo<\/strong><\/p>\n<ul><li>Organiza\u00e7\u00e3o:\n<ul><li>Conceito e tipos de estrutura organizacional;<\/li>\n<li>Rela\u00e7\u00f5es humanas, desempenho profissional, desenvolvimento de equipes de trabalho;<\/li>\n<li>No\u00e7\u00f5es de cidadania e rela\u00e7\u00f5es p\u00fablicas;<\/li>\n<li>Comunica\u00e7\u00e3o;<\/li>\n<li>Reda\u00e7\u00e3o oficial de documentos oficiais;<\/li>\n<li>Protocolo: recep\u00e7\u00e3o, classifica\u00e7\u00e3o, registro e distribui\u00e7\u00e3o de documentos;<\/li>\n<li>Expedi\u00e7\u00e3o de correspond\u00eancia: registro e encaminhamento.<\/li>\n<\/ul><\/li>\n<li>Fun\u00e7\u00f5es administrativas:\n<ul><li>Planejamento, organiza\u00e7\u00e3o, dire\u00e7\u00e3o e controle;<\/li>\n<li>No\u00e7\u00f5es de Administra\u00e7\u00e3o Financeira, Administra\u00e7\u00e3o de Pessoas e Administra\u00e7\u00e3o de Materiais;<\/li>\n<li>No\u00e7\u00f5es de Procedimentos Administrativos e Manuais Administrativos;<\/li>\n<li>No\u00e7\u00f5es de Organiza\u00e7\u00e3o e M\u00e9todos.<\/li>\n<\/ul><\/li>\n<li>Direito Administrativo\n<ul><li>Administra\u00e7\u00e3o Direta e Indireta, Autarquias, Conselhos Profissionais. Procedimento e Processo administrativo;<\/li>\n<li>Atos Administrativos: conceito, requisitos, atributos, classifica\u00e7\u00e3o; esp\u00e9cies; invalida\u00e7\u00e3o;<\/li>\n<li>Poderes administrativos: poder hier\u00e1rquico; poder disciplinar; poder regulamentar; poder de pol\u00edcia; uso e abuso do poder;<\/li>\n<li>Servi\u00e7os p\u00fablicos: conceito, classifica\u00e7\u00e3o, regulamenta\u00e7\u00e3o e controle; forma, meios e requisitos; delega\u00e7\u00e3o (concess\u00e3o, permiss\u00e3o, autoriza\u00e7\u00e3o);<\/li>\n<li>Controle e responsabiliza\u00e7\u00e3o da administra\u00e7\u00e3o: controle administrativo; controle judicial; controle legislativo; responsabilidade civil do Estado.<\/li>\n<\/ul><\/li>\n<li>Legisla\u00e7\u00e3o:\n<ul><li>Lei Federal n\u00ba. 4.886, de 9 de dezembro de 1965: Regula as atividades dos representantes comerciais aut\u00f4nomos e suas altera\u00e7\u00f5es posteriores;<\/li>\n<li>C\u00f3digo de \u00c9tica dos Representantes Comerciais;<\/li>\n<li>Lei Federal n\u00ba 10.406\/2002 (artigos 710 a 721);<\/li>\n<li>Plano Nacional de Fiscaliza\u00e7\u00e3o do Sistema Confere\/Cores \u2013 Resolu\u00e7\u00e3o n\u00ba 2.058\/2022;<\/li>\n<li>Lei Federal n\u00ba. 6.839, de 30 de outubro de 1980: Disp\u00f5e sobre o registro de empresas nas entidades fiscalizadoras do exerc\u00edcio de profiss\u00f5es.<\/li>\n<\/ul><\/li>\n<li>\u00c9tica e Sigilo Profissional.<\/li>\n<\/ul><p>\u00a0<\/p>","protected":false},"excerpt":{"rendered":"<p>\u00d3timas not\u00edcias, concurseiros! Foi publicado o novo concurso do Conselho Regional dos Representantes Comerciais no Estado do Tocantins (CORE TO)!<\/p>\n<p>S\u00e3o 41 vagas para n\u00edvel m\u00e9dio!<\/p>\n<p>Saiba como participar!<\/p>\n","protected":false},"author":16,"featured_media":203234,"comment_status":"closed","ping_status":"closed","sticky":false,"template":"","format":"standard","meta":{"_acf_changed":false,"footnotes":"","_wp_rev_ctl_limit":""},"categories":[44999],"tags":[],"class_list":["post-50662","post","type-post","status-publish","format-standard","has-post-thumbnail","hentry","category-concursos"],"acf":[],"_links":{"self":[{"href":"https:\/\/www.novaconcursos.com.br\/portal\/wp-json\/wp\/v2\/posts\/50662","targetHints":{"allow":["GET"]}}],"collection":[{"href":"https:\/\/www.novaconcursos.com.br\/portal\/wp-json\/wp\/v2\/posts"}],"about":[{"href":"https:\/\/www.novaconcursos.com.br\/portal\/wp-json\/wp\/v2\/types\/post"}],"author":[{"embeddable":true,"href":"https:\/\/www.novaconcursos.com.br\/portal\/wp-json\/wp\/v2\/users\/16"}],"replies":[{"embeddable":true,"href":"https:\/\/www.novaconcursos.com.br\/portal\/wp-json\/wp\/v2\/comments?post=50662"}],"version-history":[{"count":8,"href":"https:\/\/www.novaconcursos.com.br\/portal\/wp-json\/wp\/v2\/posts\/50662\/revisions"}],"predecessor-version":[{"id":203203,"href":"https:\/\/www.novaconcursos.com.br\/portal\/wp-json\/wp\/v2\/posts\/50662\/revisions\/203203"}],"wp:featuredmedia":[{"embeddable":true,"href":"https:\/\/www.novaconcursos.com.br\/portal\/wp-json\/wp\/v2\/media\/203234"}],"wp:attachment":[{"href":"https:\/\/www.novaconcursos.com.br\/portal\/wp-json\/wp\/v2\/media?parent=50662"}],"wp:term":[{"taxonomy":"category","embeddable":true,"href":"https:\/\/www.novaconcursos.com.br\/portal\/wp-json\/wp\/v2\/categories?post=50662"},{"taxonomy":"post_tag","embeddable":true,"href":"https:\/\/www.novaconcursos.com.br\/portal\/wp-json\/wp\/v2\/tags?post=50662"}],"curies":[{"name":"wp","href":"https:\/\/api.w.org\/{rel}","templated":true}]}}