{"id":51515,"date":"2026-07-09T13:54:01","date_gmt":"2026-07-09T16:54:01","guid":{"rendered":"http:\/\/www.novaconcursos.com.br\/portal\/?post_type=nc-public-tender&#038;p=51515"},"modified":"2026-08-28T13:05:53","modified_gmt":"2026-08-28T16:05:53","slug":"concurso-agepen-pe","status":"publish","type":"post","link":"https:\/\/www.novaconcursos.com.br\/portal\/concursos\/concurso-agepen-pe\/","title":{"rendered":"Concurso Pol\u00edcia Penal PE: Comiss\u00e3o organizadora formada! 700 vagas!"},"content":{"rendered":"<p class=\"wp-block-paragraph\">O <strong>Concurso Pol\u00edcia Penal PE<\/strong> avan\u00e7ou com a forma\u00e7\u00e3o da comiss\u00e3o coordenadora respons\u00e1vel pelos preparativos da sele\u00e7\u00e3o. O grupo acompanhar\u00e1 a execu\u00e7\u00e3o do concurso, autorizado para oferecer <strong>700 vagas de Policial Penal<\/strong> da Secretaria de Administra\u00e7\u00e3o Penitenci\u00e1ria e Ressocializa\u00e7\u00e3o de Pernambuco. A expectativa \u00e9 que o edital seja publicado at\u00e9 dezembro de 2026. Para disputar uma oportunidade, os candidatos dever\u00e3o possuir <strong>n\u00edvel superior<\/strong> e Carteira Nacional de Habilita\u00e7\u00e3o a partir da categoria B. A remunera\u00e7\u00e3o inicial prevista para a carreira \u00e9 de <strong>R$ 5.667,92<\/strong>.<\/p>\n\n\n\n<h2 class=\"wp-block-heading\" id=\"concurso-polcia-penal-pe-situao-atual\">Concurso Pol\u00edcia Penal PE: Situa\u00e7\u00e3o atual<\/h2>\n\n\n\n<p class=\"wp-block-paragraph\">O <strong>Concurso <a href=\"https:\/\/www.seap.pe.gov.br\/\" target=\"_blank\" rel=\"noreferrer noopener\">Pol\u00edcia Penal PE<\/a><\/strong> est\u00e1 autorizado para oferecer <strong>700 vagas de Policial Penal<\/strong> e avan\u00e7ou com a forma\u00e7\u00e3o da comiss\u00e3o coordenadora. O grupo foi institu\u00eddo pela <strong>Portaria Conjunta SAD\/SEAP n\u00ba 290, de 26 de agosto de 2026<\/strong>, publicada no Di\u00e1rio Oficial do Estado.<\/p>\n\n\n\n<p class=\"wp-block-paragraph\">A<a href=\"https:\/\/www.novaconcursos.com.br\/portal\/noticias\/concurso-policia-penal-pe-comissao-definida\/\"> <strong>comiss\u00e3o do Concurso Pol\u00edcia Penal PE<\/strong><\/a> ser\u00e1 respons\u00e1vel pela normatiza\u00e7\u00e3o e pelo acompanhamento da execu\u00e7\u00e3o da sele\u00e7\u00e3o. Com o grupo formado, os pr\u00f3ximos procedimentos incluem a elabora\u00e7\u00e3o das regras do certame e a defini\u00e7\u00e3o da banca organizadora.<\/p>\n\n\n\n<p class=\"wp-block-paragraph\">A comiss\u00e3o \u00e9 composta pelos seguintes representantes das secretarias estaduais de Administra\u00e7\u00e3o e de Administra\u00e7\u00e3o Penitenci\u00e1ria e Ressocializa\u00e7\u00e3o:<\/p>\n\n\n\n<ul class=\"wp-block-list\"><li><strong>Luciana Oliveira Pires<\/strong>, gestora governamental e secret\u00e1ria executiva de Gest\u00e3o de Pessoas da SAD, que presidir\u00e1 a comiss\u00e3o;<\/li>\n\n\n\n<li><strong>Heliane Lucia de Lima<\/strong>, gestora governamental e gerente-geral de Planejamento e Desenvolvimento de Cargos e Carreiras da SAD;<\/li>\n\n\n\n<li><strong>Leonardo Henrique Fernandes Bezerra<\/strong>, gestor governamental e gerente de Concursos P\u00fablicos da SAD;<\/li>\n\n\n\n<li><strong>Daniel Pereira da Silva<\/strong>, policial penal e gerente de Gest\u00e3o de Pessoas da SEAP;<\/li>\n\n\n\n<li><strong>Andr\u00e9 Valen\u00e7a Paix\u00e3o<\/strong>, policial penal do Apoio T\u00e9cnico Jur\u00eddico da SEAP.<\/li>\n<\/ul><p class=\"wp-block-paragraph\">A realiza\u00e7\u00e3o do certame tamb\u00e9m est\u00e1 prevista no <strong>Plano Plurianual de Pernambuco 2024\u20132027<\/strong> e busca contribuir para a recomposi\u00e7\u00e3o do quadro do sistema prisional. A necessidade de novos servidores j\u00e1 foi apontada pelo Tribunal de Contas de Pernambuco, que identificou d\u00e9ficit de pessoal na \u00e1rea.<\/p>\n\n\n\n<p class=\"wp-block-paragraph\">Ap\u00f3s a escolha e a contrata\u00e7\u00e3o da banca, o cronograma de inscri\u00e7\u00f5es e provas poder\u00e1 ser definido. A expectativa \u00e9 que o edital do <strong>Concurso Pol\u00edcia Penal PE<\/strong> seja publicado at\u00e9 <strong>dezembro de 2026<\/strong>.<\/p>\n\n\n\n<h2 class=\"wp-block-heading\" id=\"salrios-da-polcia-penal-pe\">Sal\u00e1rios da Pol\u00edcia Penal PE<\/h2>\n\n\n\n<p class=\"wp-block-paragraph\">Os servidores aprovados no concurso Pol\u00edcia Penal PE contam com uma estrutura remunerat\u00f3ria composta pelo vencimento-base acrescido da Gratifica\u00e7\u00e3o de Risco por Fun\u00e7\u00e3o Policial Penal, benef\u00edcio que dobra o valor do vencimento-base. A partir de junho de 2025, entram em vigor novos valores, com atualiza\u00e7\u00e3o j\u00e1 programada para junho de 2026.<\/p>\n\n\n\n<p class=\"wp-block-paragraph\">A tabela remunerat\u00f3ria organizada por classe fica da seguinte forma:<\/p>\n\n\n\n<ul class=\"wp-block-list\"><li>Classe I \u2013 R$ 5.400,00 em 2025 | R$ 5.667,92 em 2026<\/li>\n\n\n\n<li>Classe II \u2013 R$ 6.089,40 em 2025 | R$ 6.242,16 em 2026<\/li>\n\n\n\n<li>Classe III \u2013 R$ 7.057,64 em 2025 | R$ 7.234,68 em 2026<\/li>\n\n\n\n<li>Classe IV \u2013 R$ 8.364,42 em 2025 | R$ 8.549,84 em 2026<\/li>\n<\/ul><p class=\"wp-block-paragraph\"><\/p>\n\n\n\n<p class=\"wp-block-paragraph\">Al\u00e9m das remunera\u00e7\u00f5es, o concurso Pol\u00edcia Penal PE oferece benef\u00edcios que refor\u00e7am a atratividade do cargo:<\/p>\n\n\n\n<ul class=\"wp-block-list\"><li>Vale-refei\u00e7\u00e3o no valor de R$ 246,40<\/li>\n\n\n\n<li>Ajuda transporte de R$ 350,00<\/li>\n\n\n\n<li>Aux\u00edlio uniforme anual, pago em junho, no valor de R$ 750,00<\/li>\n<\/ul><h2 class=\"wp-block-heading\" id=\"o-que-faz-um-policial-penal\">O que faz um Policial Penal?<\/h2>\n\n\n\n<p class=\"wp-block-paragraph\">As atribui\u00e7\u00f5es do Policial Penal de Pernambuco, conforme estabelecido na Lei Complementar n\u00ba 422\/2019, abrangem um conjunto amplo de responsabilidades diretamente ligadas \u00e0 seguran\u00e7a, \u00e0 disciplina e ao funcionamento das unidades prisionais. Entre as atividades iniciais previstas est\u00e3o:<\/p>\n\n\n\n<ul class=\"wp-block-list\"><li>Garantir a ordem, a seguran\u00e7a e a legalidade em toda a \u00e1rea interna e externa das unidades prisionais, tomando as medidas necess\u00e1rias para preservar a integridade do ambiente e contribuir para a ressocializa\u00e7\u00e3o das pessoas privadas de liberdade.<\/li>\n\n\n\n<li>Fiscalizar o trabalho, o comportamento e a rotina da popula\u00e7\u00e3o carcer\u00e1ria, realizando revistas e inspe\u00e7\u00f5es para assegurar o cumprimento das normas da Lei de Execu\u00e7\u00e3o Penal e dos regulamentos institucionais.<\/li>\n\n\n\n<li>Efetuar revistas em presos, visitantes, servidores e em seus pertences, preservando a seguran\u00e7a f\u00edsica de todos os que circulam nas unidades.<\/li>\n\n\n\n<li>Executar atividades de vigil\u00e2ncia, monitoramento, escolta interna e externa, condu\u00e7\u00e3o, cust\u00f3dia e acompanhamento de presos, al\u00e9m de apresenta\u00e7\u00f5es judiciais e demais procedimentos integrados com \u00f3rg\u00e3os de seguran\u00e7a p\u00fablica e execu\u00e7\u00e3o penal.<\/li>\n\n\n\n<li>Realizar o monitoramento externo e eletr\u00f4nico de apenados, reclusos e pessoas sob vigil\u00e2ncia do sistema prisional.<\/li>\n\n\n\n<li>Desenvolver a\u00e7\u00f5es de intelig\u00eancia, identificando fontes de informa\u00e7\u00e3o, reunindo evid\u00eancias e auxiliando na elucida\u00e7\u00e3o de infra\u00e7\u00f5es, al\u00e9m de atuar na preven\u00e7\u00e3o e conten\u00e7\u00e3o de crimes e condutas irregulares dentro do sistema prisional.<\/li>\n<\/ul><p class=\"wp-block-paragraph\">O Policial Penal tamb\u00e9m \u00e9 o respons\u00e1vel pelo controle e supervis\u00e3o de presos durante movimenta\u00e7\u00f5es internas ou externas, bem como pela perman\u00eancia em locais diversos dos estabelecimentos prisionais quando necess\u00e1rio. Entre suas rotinas est\u00e3o a contagem de detentos, o cuidado com a disciplina, a manuten\u00e7\u00e3o da ordem e a preserva\u00e7\u00e3o do patrim\u00f4nio das unidades.<\/p>\n\n\n\n<p class=\"wp-block-paragraph\">As fun\u00e7\u00f5es incluem ainda a realiza\u00e7\u00e3o de rondas diurnas e noturnas, o acompanhamento dos postos de servi\u00e7o, o registro e comunica\u00e7\u00e3o de ocorr\u00eancias disciplinares e a orienta\u00e7\u00e3o dos internos sempre que for necess\u00e1rio. Essas a\u00e7\u00f5es garantem o cumprimento das regras institucionais e fortalecem a seguran\u00e7a das unidades.<\/p>\n\n\n\n<p class=\"wp-block-paragraph\">Por fim, o Policial Penal \u00e9 o respons\u00e1vel por controlar e fiscalizar o acesso de visitantes, al\u00e9m de desempenhar outras atividades correlatas essenciais ao funcionamento do sistema prisional.<\/p>\n\n\n\n<figure class=\"wp-block-image size-large\"><img decoding=\"async\" width=\"1024\" height=\"683\" src=\"https:\/\/www.novaconcursos.com.br\/portal\/wp-content\/uploads\/2026\/07\/seguranca-penal-1024x683.webp\" alt=\"\" class=\"wp-image-314076\" loading=\"lazy\" title=\"\" srcset=\"https:\/\/www.novaconcursos.com.br\/portal\/wp-content\/uploads\/2026\/07\/seguranca-penal-300x200.webp 300w, https:\/\/www.novaconcursos.com.br\/portal\/wp-content\/uploads\/2026\/07\/seguranca-penal-480x320.webp 480w, https:\/\/www.novaconcursos.com.br\/portal\/wp-content\/uploads\/2026\/07\/seguranca-penal-768x512.webp 768w, https:\/\/www.novaconcursos.com.br\/portal\/wp-content\/uploads\/2026\/07\/seguranca-penal-1024x683.webp 1024w, https:\/\/www.novaconcursos.com.br\/portal\/wp-content\/uploads\/2026\/07\/seguranca-penal-1536x1024.webp 1536w, https:\/\/www.novaconcursos.com.br\/portal\/wp-content\/uploads\/2026\/07\/seguranca-penal-2048x1365.webp 2048w\" sizes=\"auto, (max-width: 480px) 100vw, (max-width: 768px) 100vw, (max-width: 1200px) 70vw, 768px\"><figcaption class=\"wp-element-caption\">Concurso para Pol\u00edcia Penal PE est\u00e1 com comiss\u00e3o organizadora formada.<\/figcaption><\/figure><h2 class=\"wp-block-heading\" id=\"o-que-cai-na-prova-do-concurso-polcia-penal-pe\">O que cai na prova do concurso Pol\u00edcia Penal PE?<\/h2>\n\n\n\n<p class=\"wp-block-paragraph\">Confira abaixo as disciplinas cobradas nas provas objetivas do concurso Pol\u00edcia Penal PE, de acordo com o \u00faltimo edital: <\/p>\n\n\n\n<h3 class=\"wp-block-heading\">L\u00edngua portuguesa<\/h3>\n\n\n\n<ul class=\"wp-block-list\"><li>Compreens\u00e3o e interpreta\u00e7\u00e3o de textos de diversos g\u00eaneros<\/li>\n\n\n\n<li>Identifica\u00e7\u00e3o de tipos e g\u00eaneros textuais<\/li>\n\n\n\n<li>Ortografia oficial<\/li>\n\n\n\n<li>Coes\u00e3o textual: referencia\u00e7\u00e3o, substitui\u00e7\u00e3o, repeti\u00e7\u00e3o, conectores e sequencia\u00e7\u00e3o<\/li>\n\n\n\n<li>Emprego de tempos e modos verbais<\/li>\n\n\n\n<li>Estrutura morfossint\u00e1tica<\/li>\n\n\n\n<li>Classes de palavras<\/li>\n\n\n\n<li>Coordena\u00e7\u00e3o e subordina\u00e7\u00e3o<\/li>\n\n\n\n<li>Pontua\u00e7\u00e3o<\/li>\n\n\n\n<li>Concord\u00e2ncia verbal e nominal<\/li>\n\n\n\n<li>Reg\u00eancia verbal e nominal<\/li>\n\n\n\n<li>Uso da crase<\/li>\n\n\n\n<li>Coloca\u00e7\u00e3o pronominal<\/li>\n\n\n\n<li>Reescrita de frases e par\u00e1grafos<\/li>\n\n\n\n<li>Significa\u00e7\u00e3o e substitui\u00e7\u00e3o de palavras<\/li>\n\n\n\n<li>Reorganiza\u00e7\u00e3o de ora\u00e7\u00f5es e per\u00edodos<\/li>\n\n\n\n<li>Reescrita de textos em diferentes g\u00eaneros e n\u00edveis de formalidade<\/li>\n<\/ul><h3 class=\"wp-block-heading\">\u00c9tica no servi\u00e7o p\u00fablico<\/h3>\n\n\n\n<ul class=\"wp-block-list\"><li>\u00c9tica e moral<\/li>\n\n\n\n<li>Princ\u00edpios e valores<\/li>\n\n\n\n<li>\u00c9tica e democracia<\/li>\n\n\n\n<li>\u00c9tica e fun\u00e7\u00e3o p\u00fablica<\/li>\n\n\n\n<li>\u00c9tica no setor p\u00fablico<\/li>\n\n\n\n<li>Lei 8.112\/1990: procedimentos disciplinares, sindic\u00e2ncias, PAD, ritos ordin\u00e1rio e sum\u00e1rio, fases, comiss\u00e3o disciplinar<\/li>\n\n\n\n<li>Decreto 46.852\/2018 (C\u00f3digo de \u00c9tica dos Agentes P\u00fablicos do Executivo Estadual)<\/li>\n<\/ul><h3 class=\"wp-block-heading\">Legisla\u00e7\u00e3o estadual<\/h3>\n\n\n\n<ul class=\"wp-block-list\"><li>Lei 15.755\/2016 (C\u00f3digo Penitenci\u00e1rio de Pernambuco)<\/li>\n\n\n\n<li>Lei complementar 106\/2007 (normas disciplinares dos policiais penais)<\/li>\n\n\n\n<li>Constitui\u00e7\u00e3o do Estado de Pernambuco<\/li>\n\n\n\n<li>Lei complementar 422\/2019 (atribui\u00e7\u00f5es dos policiais penais)<\/li>\n\n\n\n<li>Lei complementar 150\/2009<\/li>\n\n\n\n<li>Lei 6.123\/1968 (regime jur\u00eddico dos servidores civis de Pernambuco)<\/li>\n<\/ul><h3 class=\"wp-block-heading\">No\u00e7\u00f5es de inform\u00e1tica<\/h3>\n\n\n\n<ul class=\"wp-block-list\"><li>Sistemas operacionais: Linux e Windows<\/li>\n\n\n\n<li>Edi\u00e7\u00e3o de textos, planilhas e apresenta\u00e7\u00f5es: Microsoft Office e LibreOffice<\/li>\n\n\n\n<li>Redes de computadores: conceitos, ferramentas, internet e intranet<\/li>\n\n\n\n<li>Navegadores: Edge, Firefox, Chrome<\/li>\n\n\n\n<li>Correio eletr\u00f4nico: Outlook Express e Thunderbird<\/li>\n\n\n\n<li>Sites de busca, grupos de discuss\u00e3o e redes sociais<\/li>\n\n\n\n<li>Computa\u00e7\u00e3o em nuvem<\/li>\n\n\n\n<li>Organiza\u00e7\u00e3o e gerenciamento de arquivos, pastas e programas<\/li>\n\n\n\n<li>Seguran\u00e7a da informa\u00e7\u00e3o: procedimentos, v\u00edrus, worms, pragas virtuais, antiv\u00edrus, firewall, anti-spyware, backup e armazenamento em nuvem<\/li>\n<\/ul><h3 class=\"wp-block-heading\">Racioc\u00ednio l\u00f3gico<\/h3>\n\n\n\n<ul class=\"wp-block-list\"><li>Estruturas l\u00f3gicas<\/li>\n\n\n\n<li>Argumenta\u00e7\u00e3o: analogias, infer\u00eancias, dedu\u00e7\u00f5es, conclus\u00f5es<\/li>\n\n\n\n<li>L\u00f3gica proposicional: proposi\u00e7\u00f5es, tabelas-verdade, equival\u00eancias, De Morgan, diagramas<\/li>\n\n\n\n<li>L\u00f3gica de primeira ordem<\/li>\n\n\n\n<li>Princ\u00edpios de contagem e probabilidade<\/li>\n\n\n\n<li>Opera\u00e7\u00f5es com conjuntos<\/li>\n\n\n\n<li>Problemas aritm\u00e9ticos, geom\u00e9tricos e matriciais<\/li>\n<\/ul><h2 class=\"wp-block-heading\" id=\"materiais-preparatrios\">Materiais preparat\u00f3rios<\/h2>\n\n\n\n<p class=\"wp-block-paragraph\">Para alcan\u00e7ar um bom desempenho no concurso Pol\u00edcia Penal PE, \u00e9 essencial utilizar materiais de estudo completos e manter uma rotina bem estruturada, com organiza\u00e7\u00e3o e const\u00e2ncia.<\/p>\n\n\n\n<p class=\"wp-block-paragraph\">A <a href=\"https:\/\/www.novaconcursos.com.br\/\">Nova Concursos<\/a> disponibiliza recursos de prepara\u00e7\u00e3o reconhecidos nacionalmente, com mais de 100 mil aprovados em diferentes sele\u00e7\u00f5es p\u00fablicas. A metodologia aplicada prioriza clareza e objetividade, oferecendo conte\u00fados desenvolvidos para tornar o estudo mais direcionado e produtivo.<\/p>\n\n\n\n<p class=\"wp-block-paragraph\">Confira, a seguir, os materiais que podem otimizar sua prepara\u00e7\u00e3o e aproximar voc\u00ea da aprova\u00e7\u00e3o no concurso Pol\u00edcia Penal PE.<\/p>\n\n\n\n<h3 class=\"wp-block-heading\">Apostila Pol\u00edcia Penal PE<\/h3>\n\n\n\n<p class=\"wp-block-paragraph\">A <a href=\"https:\/\/www.novaconcursos.com.br\/apostila\/policia-penal-pe-agente-penitenciario?gclid=CjwKCAiA8vXIBhAtEiwAf3B-g0PcFwug_5QTFlZMeB92eVW4GtUbhNaLO9EewT2bZbGINNQNtHuiaBoCD2gQAvD_BwE&amp;utm_source=google&amp;utm_medium=cpc&amp;utm_campaign=google-rp-inst-padrao\">Apostila Pol\u00edcia Penal PE \u2013 Agente Policial Penal<\/a> re\u00fane todo o conte\u00fado atualizado do edital n\u00ba 001 Seres\/PE, preparada por especialistas em concursos para facilitar sua aprendizagem. Organizada de forma objetiva e clara, garante estudo eficiente e completo. Dispon\u00edvel em formato de livro, com texto revisado e qualidade superior, \u00e9 o material ideal para quem busca vantagem real na prepara\u00e7\u00e3o.<\/p>\n\n\n\n<h3 class=\"wp-block-heading\">Curso Pol\u00edcia Penal PE<\/h3>\n\n\n\n<p class=\"wp-block-paragraph\">O <a href=\"https:\/\/www.novaconcursos.com.br\/curso-online\/policia-penal-pe?gclid=CjwKCAiA8vXIBhAtEiwAf3B-g0PcFwug_5QTFlZMeB92eVW4GtUbhNaLO9EewT2bZbGINNQNtHuiaBoCD2gQAvD_BwE&amp;utm_source=google&amp;utm_medium=cpc&amp;utm_campaign=google-rp-inst-padrao\">Curso Pol\u00edcia Penal PE<\/a> oferece conte\u00fado completo e atualizado conforme o edital, com aulas organizadas por disciplina para uma prepara\u00e7\u00e3o direta e eficiente. Produzido por professores especialistas, o curso \u00e9 100% online, com acesso ilimitado por 365 dias, permitindo assistir quando e onde quiser. Com videoaulas de alta qualidade e possibilidade de acelerar a reprodu\u00e7\u00e3o, \u00e9 a op\u00e7\u00e3o ideal para quem busca estudar com organiza\u00e7\u00e3o e alcan\u00e7ar desempenho superior no concurso.<\/p>\n\n\n\n<h2 class=\"wp-block-heading\" id=\"ltimo-concurso-polcia-penal-pe\">\u00daltimo concurso Pol\u00edcia Penal PE<\/h2>\n\n\n\n<p class=\"wp-block-paragraph\">O \u00faltimo concurso Pol\u00edcia Penal PE ocorreu em 2021 e ofertou <strong>200 vagas imediatas e 800 para forma\u00e7\u00e3o de cadastro reserva<\/strong>\u00a0para Policial Penal, que exigiu n\u00edvel superior de forma\u00e7\u00e3o para os candidatos.<\/p>\n\n\n\n<p class=\"wp-block-paragraph\">As vagas foram distribu\u00eddas da seguinte forma: <\/p>\n\n\n\n<ul class=\"wp-block-list\"><li>Sexo masculino: 185 vagas; e<\/li>\n\n\n\n<li>Sexo femino: 15 vagas.<\/li>\n<\/ul><p class=\"wp-block-paragraph\"><\/p>\n\n\n\n<p class=\"wp-block-paragraph\">A remunera\u00e7\u00e3o inicial dos Policiais foi de\u00a0<strong>R$ 3.900.00<\/strong>, referentes ao\u00a0<strong>vencimento-base<\/strong>\u00a0no valor de R$ 1.950,00 (um mil, novecentos e cinquenta reais), acrescido da\u00a0<strong>Gratifica\u00e7\u00e3o de Risco por Fun\u00e7\u00e3o Policial Penal<\/strong>, correspondente a 100% do vencimento base, ou seja, no valor de R$ 1.950,00 (um mil, novecentos e cinquenta reais).<\/p>\n\n\n\n<h3 class=\"wp-block-heading\">Como foram as provas do concurso Pol\u00edcia Penal PE?<\/h3>\n\n\n\n<p class=\"wp-block-paragraph\">Os candidatos do \u00faltimo concurso Pol\u00edcia Penal PE foram avaliados por meio das seguintes etapas de sele\u00e7\u00e3o: <\/p>\n\n\n\n<ul class=\"wp-block-list\"><li><strong>Prova objetiva<\/strong>, de car\u00e1ter eliminat\u00f3rio e classificat\u00f3rio, de responsabilidade do Cebraspe, contendo a P1 e a P2;<\/li>\n\n\n\n<li><strong>Prova discursiva<\/strong>, de car\u00e1ter eliminat\u00f3rio e classificat\u00f3rio, de responsabilidade do Cebraspe;<\/li>\n\n\n\n<li><strong>Exames m\u00e9dicos,<\/strong>\u00a0de car\u00e1ter eliminat\u00f3rio, de responsabilidade do Cebraspe;<\/li>\n\n\n\n<li><strong>Avalia\u00e7\u00e3o de Aptid\u00e3o F\u00edsica<\/strong>, de car\u00e1ter eliminat\u00f3rio, de responsabilidade do Cebraspe;<\/li>\n\n\n\n<li><strong>Avalia\u00e7\u00e3o psicol\u00f3gica<\/strong>, de car\u00e1ter eliminat\u00f3rio, de responsabilidade do Cebraspe;<\/li>\n\n\n\n<li><strong>Investiga\u00e7\u00e3o social<\/strong>, de car\u00e1ter eliminat\u00f3rio, de responsabilidade da SERES\/PE.<\/li>\n<\/ul>","protected":false},"excerpt":{"rendered":"<p>Concurso Pol\u00edcia Penal PE tem comiss\u00e3o formada para edital com 700 vagas. Confira sal\u00e1rio, requisitos, situa\u00e7\u00e3o atual e pr\u00f3ximos passos!<\/p>\n","protected":false},"author":54693,"featured_media":314072,"comment_status":"closed","ping_status":"closed","sticky":false,"template":"","format":"standard","meta":{"_acf_changed":false,"footnotes":"","_wp_rev_ctl_limit":""},"categories":[44999,44941,44958],"tags":[45618],"class_list":["post-51515","post","type-post","status-publish","format-standard","has-post-thumbnail","hentry","category-concursos","category-carreira-policial","category-pe","tag-concurso-pp-pe"],"acf":[],"_links":{"self":[{"href":"https:\/\/www.novaconcursos.com.br\/portal\/wp-json\/wp\/v2\/posts\/51515","targetHints":{"allow":["GET"]}}],"collection":[{"href":"https:\/\/www.novaconcursos.com.br\/portal\/wp-json\/wp\/v2\/posts"}],"about":[{"href":"https:\/\/www.novaconcursos.com.br\/portal\/wp-json\/wp\/v2\/types\/post"}],"author":[{"embeddable":true,"href":"https:\/\/www.novaconcursos.com.br\/portal\/wp-json\/wp\/v2\/users\/54693"}],"replies":[{"embeddable":true,"href":"https:\/\/www.novaconcursos.com.br\/portal\/wp-json\/wp\/v2\/comments?post=51515"}],"version-history":[{"count":13,"href":"https:\/\/www.novaconcursos.com.br\/portal\/wp-json\/wp\/v2\/posts\/51515\/revisions"}],"predecessor-version":[{"id":314155,"href":"https:\/\/www.novaconcursos.com.br\/portal\/wp-json\/wp\/v2\/posts\/51515\/revisions\/314155"}],"wp:featuredmedia":[{"embeddable":true,"href":"https:\/\/www.novaconcursos.com.br\/portal\/wp-json\/wp\/v2\/media\/314072"}],"wp:attachment":[{"href":"https:\/\/www.novaconcursos.com.br\/portal\/wp-json\/wp\/v2\/media?parent=51515"}],"wp:term":[{"taxonomy":"category","embeddable":true,"href":"https:\/\/www.novaconcursos.com.br\/portal\/wp-json\/wp\/v2\/categories?post=51515"},{"taxonomy":"post_tag","embeddable":true,"href":"https:\/\/www.novaconcursos.com.br\/portal\/wp-json\/wp\/v2\/tags?post=51515"}],"curies":[{"name":"wp","href":"https:\/\/api.w.org\/{rel}","templated":true}]}}