{"id":51711,"date":"2017-02-13T15:43:53","date_gmt":"2017-02-13T17:43:53","guid":{"rendered":"http:\/\/www.novaconcursos.com.br\/portal\/?p=51711"},"modified":"2021-01-28T16:19:54","modified_gmt":"2021-01-28T19:19:54","slug":"concurso-camara-de-sao-jose-do-rio-pardo-sp-inscricoes-abertas-2017-02","status":"publish","type":"post","link":"https:\/\/www.novaconcursos.com.br\/portal\/noticias\/concurso-camara-de-sao-jose-do-rio-pardo-sp-inscricoes-abertas-2017-02\/","title":{"rendered":"Concurso C\u00e2mara de S\u00e3o Jos\u00e9 do Rio Pardo-SP: Inscri\u00e7\u00f5es abertas!"},"content":{"rendered":"<p><a href=\"https:\/\/www.novaconcursos.com.br\/concurso\/camara-municipal-de-sao-jose-do-rio-pardo-sp\/apostila?utm_source=blog&amp;utm_medium=smm&amp;utm_content=link-texto&amp;utm_campaign=CamaraRioPardo\" target=\"_blank\" rel=\"noopener noreferrer\"><img decoding=\"async\" class=\" size-medium wp-image-51352 alignright\" src=\"https:\/\/www.novaconcursos.com.br\/portal\/wp-content\/uploads\/2017\/02\/camara-de-sao-jose-do-rio-pardo-logo-300x90.png\" alt=\"camara de sao jose do rio pardo logo\" width=\"300\" height=\"90\" loading=\"lazy\" title=\"\" srcset=\"https:\/\/www.novaconcursos.com.br\/portal\/wp-content\/uploads\/2017\/02\/camara-de-sao-jose-do-rio-pardo-logo-300x90.png 300w, https:\/\/www.novaconcursos.com.br\/portal\/wp-content\/uploads\/2017\/02\/camara-de-sao-jose-do-rio-pardo-logo.png 471w\" sizes=\"auto, (max-width: 480px) 100vw, (max-width: 768px) 100vw, (max-width: 1200px) 70vw, 768px\"><\/a>Boa not\u00edcia aos concurseiros do interior do estado de S\u00e3o Paulo!<\/p>\n<p>Hoje, dia 13 de fevereiro, est\u00e3o <strong>abertas as inscri\u00e7\u00f5es<\/strong> do concurso p\u00fablico da C\u00e2mara de S\u00e3o Jos\u00e9 do Rio Pardo.<\/p>\n<p><strong>Requisitos\u00a0e sal\u00e1rios<\/strong><\/p>\n<p>As vagas s\u00e3o para todos os n\u00edveis de escolaridade e os sal\u00e1rios variam de <strong>R$ 1.174,10 a R$ 4.971,23<\/strong>.<\/p>\n<p><strong><a href=\"https:\/\/www.novaconcursos.com.br\/concurso\/camara-municipal-de-sao-jose-do-rio-pardo-sp\/apostila?utm_source=blog&amp;utm_medium=smm&amp;utm_content=link-texto&amp;utm_campaign=CamaraRioPardo\" target=\"_blank\" rel=\"noopener noreferrer\">&gt;&gt; Compre a <span style=\"text-decoration: underline; color: #0000ff;\">Apostila C\u00e2mara de Rio Pardo<\/span> e ganhe <span style=\"text-decoration: underline; color: #ff0000;\">DESCONTO<\/span> no pagamento \u00e0 vista<\/a><\/strong><\/p>\n<p><strong>Inscri\u00e7\u00f5es<\/strong><\/p>\n<p>Os interessados em participar devem se inscrever do dia 13 de fevereiro a <strong>9 de mar\u00e7o de 2017<\/strong>, por meio do site da organizadora <strong>SigmaRH<\/strong>. As taxas custam de <strong>R$ 30,00 a R$ 50,00<\/strong>.<\/p>\n<p><strong>Cargos<\/strong><\/p>\n<p>S\u00e3o, no total, <strong>10 vagas<\/strong> divididas entre:<\/p>\n<p><em>N\u00edvel fundamental<\/em>: Atendente de Portaria (1), Zelador (1).<\/p>\n<p><em>N\u00edvel m\u00e9dio<\/em>: Auxiliar Legislativo (3), Telefonista (1).<\/p>\n<p><em>N\u00edvel superior<\/em>: Gestor de Tecnologia da Informa\u00e7\u00e3o (1), Procurador Jur\u00eddico (1) e Secret\u00e1rio Legislativo (2).<\/p>\n<p><strong>Provas<\/strong><\/p>\n<p>As provas objetivas est\u00e3o previstas para o dia <strong>2 de abril de 2017<\/strong>. As informa\u00e7\u00f5es sobre o local e hor\u00e1rio para realiza\u00e7\u00e3o das provas, ser\u00e3o publicadas no dia <strong>25 de mar\u00e7o de 2017<\/strong> no site da organizadora SigmaRH.\u00a0Confira o que \u00e9 necess\u00e1rio estudar para <span style=\"text-decoration: underline;\"><strong><a href=\"https:\/\/www.novaconcursos.com.br\/portal\/noticias\/o-que-cai-na-prova-camara-de-sao-jose-do-rio-pardo-sp-2017-02\/\" target=\"_blank\" rel=\"noopener noreferrer\">garantir sua vaga!<\/a><\/strong><\/span><\/p>\n<p>Para maiores informa\u00e7\u00f5es e acesso ao edital, <span style=\"text-decoration: underline; color: #0000ff;\">veja a p\u00e1gina do Concurso\u00a0<strong><a style=\"color: #0000ff;\" href=\"https:\/\/www.novaconcursos.com.br\/portal\/concursos\/concurso-camara-de-sao-jose-do-rio-pardo-sp\/\" target=\"_blank\" rel=\"noopener noreferrer\">C\u00e2mara de S\u00e3o Jos\u00e9 do Rio Pardo<\/a>-SP<\/strong><\/span><\/p>\n<p>A <span style=\"text-decoration: underline;\"><strong><a href=\"https:\/\/www.novaconcursos.com.br\/?utm_source=blog&amp;utm_medium=smm&amp;utm_content=link-texto&amp;utm_campaign=home\" target=\"_blank\" rel=\"noopener noreferrer\">editora Nova<\/a><\/strong><\/span> tem ajudado h\u00e1 mais de 8 anos quem quer vencer a batalha do concurso p\u00fablico. Se voc\u00ea quer aumentar as suas chances de passar, conhe\u00e7a os nossos materiais, acessando o nosso site!<\/p>\n<p><a href=\"https:\/\/www.novaconcursos.com.br\/concurso\/camara-municipal-de-sao-jose-do-rio-pardo-sp\/apostila?utm_source=blog&amp;utm_medium=smm&amp;utm_content=link-texto&amp;utm_campaign=CamaraRioPardo\" target=\"_blank\" rel=\"noopener noreferrer\"><img decoding=\"async\" class=\"aligncenter wp-image-51814 size-full\" src=\"https:\/\/www.novaconcursos.com.br\/portal\/wp-content\/uploads\/2017\/02\/modelo-apostila-camara-de-sao-jose-do-rio-pardo.jpg\" alt=\"modelo-apostila camara de sao jose do rio pardo\" width=\"590\" height=\"80\" loading=\"lazy\" title=\"\" srcset=\"https:\/\/www.novaconcursos.com.br\/portal\/wp-content\/uploads\/2017\/02\/modelo-apostila-camara-de-sao-jose-do-rio-pardo-300x41.jpg 300w, https:\/\/www.novaconcursos.com.br\/portal\/wp-content\/uploads\/2017\/02\/modelo-apostila-camara-de-sao-jose-do-rio-pardo.jpg 590w\" sizes=\"auto, (max-width: 480px) 100vw, (max-width: 768px) 100vw, (max-width: 1200px) 70vw, 768px\"><\/a><\/p>","protected":false},"excerpt":{"rendered":"<p>Boa not\u00edcia aos concurseiros do interior do estado de S\u00e3o Paulo! Hoje, dia 13 de fevereiro, est\u00e3o abertas as inscri\u00e7\u00f5es do concurso p\u00fablico da C\u00e2mara de S\u00e3o Jos\u00e9 do Rio Pardo. Requisitos\u00a0e sal\u00e1rios As vagas s\u00e3o para todos os n\u00edveis de escolaridade e os sal\u00e1rios variam de R$ 1.174,10 a R$ 4.971,23. &gt;&gt; Compre a [&hellip;]<\/p>\n","protected":false},"author":16,"featured_media":51351,"comment_status":"closed","ping_status":"closed","sticky":false,"template":"","format":"standard","meta":{"_acf_changed":false,"footnotes":"","_wp_rev_ctl_limit":""},"categories":[228],"tags":[19847,19888,19961,19889],"class_list":["post-51711","post","type-post","status-publish","format-standard","has-post-thumbnail","hentry","category-noticias","tag-concurso-camara-de-sao-jose-do-rio-pardo","tag-concurso-camara-de-sao-jose-do-rio-pardo-sp","tag-inscricoes-camara-de-sao-jose-do-rio-pardo-sp","tag-prova-concurso-camara-de-sao-jose-do-rio-pardo-sp"],"acf":[],"_links":{"self":[{"href":"https:\/\/www.novaconcursos.com.br\/portal\/wp-json\/wp\/v2\/posts\/51711","targetHints":{"allow":["GET"]}}],"collection":[{"href":"https:\/\/www.novaconcursos.com.br\/portal\/wp-json\/wp\/v2\/posts"}],"about":[{"href":"https:\/\/www.novaconcursos.com.br\/portal\/wp-json\/wp\/v2\/types\/post"}],"author":[{"embeddable":true,"href":"https:\/\/www.novaconcursos.com.br\/portal\/wp-json\/wp\/v2\/users\/16"}],"replies":[{"embeddable":true,"href":"https:\/\/www.novaconcursos.com.br\/portal\/wp-json\/wp\/v2\/comments?post=51711"}],"version-history":[{"count":6,"href":"https:\/\/www.novaconcursos.com.br\/portal\/wp-json\/wp\/v2\/posts\/51711\/revisions"}],"predecessor-version":[{"id":114947,"href":"https:\/\/www.novaconcursos.com.br\/portal\/wp-json\/wp\/v2\/posts\/51711\/revisions\/114947"}],"wp:featuredmedia":[{"embeddable":true,"href":"https:\/\/www.novaconcursos.com.br\/portal\/wp-json\/wp\/v2\/media\/51351"}],"wp:attachment":[{"href":"https:\/\/www.novaconcursos.com.br\/portal\/wp-json\/wp\/v2\/media?parent=51711"}],"wp:term":[{"taxonomy":"category","embeddable":true,"href":"https:\/\/www.novaconcursos.com.br\/portal\/wp-json\/wp\/v2\/categories?post=51711"},{"taxonomy":"post_tag","embeddable":true,"href":"https:\/\/www.novaconcursos.com.br\/portal\/wp-json\/wp\/v2\/tags?post=51711"}],"curies":[{"name":"wp","href":"https:\/\/api.w.org\/{rel}","templated":true}]}}