{"id":51846,"date":"2017-02-15T10:28:41","date_gmt":"2017-02-15T12:28:41","guid":{"rendered":"http:\/\/www.novaconcursos.com.br\/portal\/?p=51846"},"modified":"2026-01-20T10:00:25","modified_gmt":"2026-01-20T13:00:25","slug":"concurso-bombeiros-df-prova-do-dia-1202-e-anulada-2017-02","status":"publish","type":"post","link":"https:\/\/www.novaconcursos.com.br\/portal\/noticias\/concurso-bombeiros-df-prova-do-dia-1202-e-anulada-2017-02\/","title":{"rendered":"Concurso Bombeiros DF: Prova do dia 12\/02 \u00e9 anulada"},"content":{"rendered":"<p><img decoding=\"async\" class=\"  wp-image-29261 alignright\" src=\"https:\/\/www.novaconcursos.com.br\/portal\/wp-content\/uploads\/2015\/11\/Bombeiros-distrito-federal-300x300.jpg\" alt=\"Bombeiros distrito federal\" width=\"199\" height=\"199\" loading=\"lazy\" title=\"\" srcset=\"https:\/\/www.novaconcursos.com.br\/portal\/wp-content\/uploads\/2015\/11\/Bombeiros-distrito-federal-55x55.jpg 55w, https:\/\/www.novaconcursos.com.br\/portal\/wp-content\/uploads\/2015\/11\/Bombeiros-distrito-federal-150x150.jpg 150w, https:\/\/www.novaconcursos.com.br\/portal\/wp-content\/uploads\/2015\/11\/Bombeiros-distrito-federal-300x300.jpg 300w, https:\/\/www.novaconcursos.com.br\/portal\/wp-content\/uploads\/2015\/11\/Bombeiros-distrito-federal.jpg 653w\" sizes=\"auto, (max-width: 480px) 100vw, (max-width: 768px) 100vw, (max-width: 1200px) 70vw, 768px\">A prova do concurso para o cargo de oficial do <a href=\"https:\/\/www.novaconcursos.com.br\/portal\/concursos\/concurso-bombeiros-df\/\">Corpo de Bombeiros Militar do Distrito Federal (CBMDF)<\/a>, aplicada no \u00faltimo domingo (12 de fevereiro) para quase 15 mil inscritos, <strong>est\u00e1 anulada<\/strong>.<\/p>\n<p>A medida foi anunciada pelo organizador do concurso CBMDF, o <strong>Instituto Idecan<\/strong>.<\/p>\n<p>De acordo com a entidade, o cancelamento atende \u00e0 solicita\u00e7\u00e3o do presidente da Comiss\u00e3o de Execu\u00e7\u00e3o do CBMDF e deve-se \u00e0 <strong>\u201cinconsist\u00eancia havida, relativa \u00e0 aus\u00eancia de folhas de respostas da prova discursiva\u201d<\/strong>.\u00a0Um novo cronograma ser\u00e1 divulgado <strong>em breve no site da empresa<\/strong>.<\/p>\n<p>O certame realizado em <strong>5 de fevereiro<\/strong> e o exame objetivo para cerca de 30.943 inscritos, marcadas para o pr\u00f3ximo domingo (<strong>19 de fevereiro<\/strong>) est\u00e3o mantidos.<\/p>\n<p><em>Confira a nota do Idecan:<\/em><\/p>\n<p><img decoding=\"async\" class=\" wp-image-51847  alignnone\" src=\"https:\/\/www.novaconcursos.com.br\/portal\/wp-content\/uploads\/2017\/02\/bombeiros-df.jpg\" alt=\"bombeiros-df\" width=\"540\" height=\"426\" loading=\"lazy\" title=\"\" srcset=\"https:\/\/www.novaconcursos.com.br\/portal\/wp-content\/uploads\/2017\/02\/bombeiros-df-300x237.jpg 300w, https:\/\/www.novaconcursos.com.br\/portal\/wp-content\/uploads\/2017\/02\/bombeiros-df.jpg 661w\" sizes=\"auto, (max-width: 480px) 100vw, (max-width: 768px) 100vw, (max-width: 1200px) 70vw, 768px\"><\/p>\n<p><strong>Motivos<\/strong><\/p>\n<p>Segundo o documento, um dos principais motivos para a anula\u00e7\u00e3o foi a <strong>desorganiza\u00e7\u00e3o<\/strong> na aplica\u00e7\u00e3o da prova.<\/p>\n<p>Os concorrentes ao cargo de Oficial n\u00e3o receberam folhas com linhas e margens para a transcri\u00e7\u00e3o da reda\u00e7\u00e3o. Al\u00e9m disso, posteriormente, os inscritos teriam sido avisados de que n\u00e3o havia cart\u00f5es definitivos para a escrita do texto.<\/p>\n<p>Este n\u00e3o foi o primeiro pedido de anula\u00e7\u00e3o do certame, o Tribunal de Contas do DF havia recebido um pedido de anula\u00e7\u00e3o do concurso anteriormente.\u00a0Em raz\u00e3o de irregularidades que, supostamente, \u201cviolaram preceitos legais e constitucionais\u201d, o deputado distrital Reginaldo Veras (PDT), j\u00e1 havia apresentado solicita\u00e7\u00e3o. O pedido abarca, ainda, o certame do pr\u00f3ximo fim de semana.<\/p>","protected":false},"excerpt":{"rendered":"<p>A prova do concurso para o cargo de oficial do Corpo de Bombeiros Militar do Distrito Federal (CBMDF), aplicada no \u00faltimo domingo (12 de fevereiro) para quase 15 mil inscritos, est\u00e1 anulada. A medida foi anunciada pelo organizador do concurso CBMDF, o Instituto Idecan. De acordo com a entidade, o cancelamento atende \u00e0 solicita\u00e7\u00e3o do [&hellip;]<\/p>\n","protected":false},"author":16,"featured_media":29262,"comment_status":"closed","ping_status":"closed","sticky":false,"template":"","format":"standard","meta":{"_acf_changed":false,"footnotes":"","_wp_rev_ctl_limit":""},"categories":[228],"tags":[19987,16730,18210,19986],"class_list":["post-51846","post","type-post","status-publish","format-standard","has-post-thumbnail","hentry","category-noticias","tag-cbmdf","tag-concurso-bombeiros-df","tag-corpo-de-bombeiros-militar-do-distrito-federal","tag-prova-anulada-bombeiros-df"],"acf":[],"_links":{"self":[{"href":"https:\/\/www.novaconcursos.com.br\/portal\/wp-json\/wp\/v2\/posts\/51846","targetHints":{"allow":["GET"]}}],"collection":[{"href":"https:\/\/www.novaconcursos.com.br\/portal\/wp-json\/wp\/v2\/posts"}],"about":[{"href":"https:\/\/www.novaconcursos.com.br\/portal\/wp-json\/wp\/v2\/types\/post"}],"author":[{"embeddable":true,"href":"https:\/\/www.novaconcursos.com.br\/portal\/wp-json\/wp\/v2\/users\/16"}],"replies":[{"embeddable":true,"href":"https:\/\/www.novaconcursos.com.br\/portal\/wp-json\/wp\/v2\/comments?post=51846"}],"version-history":[{"count":4,"href":"https:\/\/www.novaconcursos.com.br\/portal\/wp-json\/wp\/v2\/posts\/51846\/revisions"}],"predecessor-version":[{"id":302921,"href":"https:\/\/www.novaconcursos.com.br\/portal\/wp-json\/wp\/v2\/posts\/51846\/revisions\/302921"}],"wp:featuredmedia":[{"embeddable":true,"href":"https:\/\/www.novaconcursos.com.br\/portal\/wp-json\/wp\/v2\/media\/29262"}],"wp:attachment":[{"href":"https:\/\/www.novaconcursos.com.br\/portal\/wp-json\/wp\/v2\/media?parent=51846"}],"wp:term":[{"taxonomy":"category","embeddable":true,"href":"https:\/\/www.novaconcursos.com.br\/portal\/wp-json\/wp\/v2\/categories?post=51846"},{"taxonomy":"post_tag","embeddable":true,"href":"https:\/\/www.novaconcursos.com.br\/portal\/wp-json\/wp\/v2\/tags?post=51846"}],"curies":[{"name":"wp","href":"https:\/\/api.w.org\/{rel}","templated":true}]}}