{"id":52286,"date":"2017-03-03T15:55:15","date_gmt":"2017-03-03T18:55:15","guid":{"rendered":"http:\/\/www.novaconcursos.com.br\/portal\/?post_type=nc-public-tender&#038;p=52286"},"modified":"2024-12-16T10:56:15","modified_gmt":"2024-12-16T13:56:15","slug":"concurso-prefeitura-de-prado-ba-2017-03","status":"publish","type":"post","link":"https:\/\/www.novaconcursos.com.br\/portal\/concursos\/concurso-prefeitura-de-prado-ba-2017-03\/","title":{"rendered":"Concurso Prefeitura de Prado \u2013 BA"},"content":{"rendered":"<p><img decoding=\"async\" class=\"  wp-image-52289 alignleft\" src=\"https:\/\/www.novaconcursos.com.br\/portal\/wp-content\/uploads\/2017\/03\/Prefeitura-de-Prado-300x188.jpg\" alt=\"Prefeitura-de-Prado\" width=\"225\" height=\"141\" loading=\"lazy\" title=\"\" srcset=\"https:\/\/www.novaconcursos.com.br\/portal\/wp-content\/uploads\/2017\/03\/Prefeitura-de-Prado-300x188.jpg 300w, https:\/\/www.novaconcursos.com.br\/portal\/wp-content\/uploads\/2017\/03\/Prefeitura-de-Prado.jpg 560w\" sizes=\"auto, (max-width: 480px) 100vw, (max-width: 768px) 100vw, (max-width: 1200px) 70vw, 768px\">Grande oportunidade aos concurseiros da Bahia.<\/p>\n<p>A Prefeitura Municipal de Prado, no interior do estado, est\u00e1 com as inscri\u00e7\u00f5es abertas para <strong>221<\/strong> novos profissionais tempor\u00e1rios, al\u00e9m de forma\u00e7\u00e3o de <strong>cadastro reserva.<\/strong><\/p>\n<p><strong>Inscri\u00e7\u00f5es<\/strong><\/p>\n<p>Para se inscrever, os interessados devem acessar o endere\u00e7o eletr\u00f4nico da organizadora, a <strong>\u00c1gora Consultoria<\/strong>, at\u00e9 o dia <strong>22 de mar\u00e7o de 2017.<\/strong><\/p>\n<p>O valor da taxa de inscri\u00e7\u00e3o varia de <strong>R$ 50,00 a R$ 100,00<\/strong>.<\/p>\n<p>Aos que preferirem realizar as inscri\u00e7\u00f5es pessoalmente, a Prefeitura de Prado (Rodovia Prado x Itamaraju, Km 01, Lote 14), receber\u00e1 os candidatos das 8h \u00e0s 16h, em hor\u00e1rio comercial (exceto aos s\u00e1bados, domingos, feriados e eventuais pontos facultativos declarados pela prefeita).<\/p>\n<p><strong>Vagas<\/strong><\/p>\n<p><span style=\"text-decoration: underline;\"><em>Candidatos alfabetizados:<\/em><\/span> Auxiliar de Servi\u00e7os Gerais e Vigia;<\/p>\n<p><span style=\"text-decoration: underline;\"><em>N\u00edvel fundamental:<\/em><\/span> Agente Comunit\u00e1rio de Sa\u00fade, Agente Epidemiol\u00f3gico, Auxiliar de Consult\u00f3rio Odontol\u00f3gico, Instrutor de Artes, Monitor, Motorista (+ CNH C ou D) e Motorista Socorrista SAMU (CNH C ou D + curso de socorrista e dire\u00e7\u00e3o defensiva + curso de condutores de ve\u00edculos de emerg\u00eancia);<\/p>\n<p><span style=\"text-decoration: underline;\"><em>N\u00edvel m\u00e9dio:<\/em><\/span> Artes\u00e3o\/Oficineiro, Auxiliar Administrativo, Auxiliar de Enfermagem (+ COREN), Educador Social (n\u00edvel m\u00e9dio ou Magist\u00e9rio), Facilitador de Oficina, Instrutor de Artes (+ especialidade), Monitor\/Educador Social (n\u00edvel m\u00e9dio ou Magist\u00e9rio), Orientador Profissional, Orientador Social, Recepcionista, T\u00e9cnico de Enfermagem (+ COREN), T\u00e9cnico de Radiologia (Curso t\u00e9cnico na \u00e1rea e registro no conselho competente), Agente Administrativo, Atendente, Auxiliar de Biblioteca Escolar (n\u00edvel m\u00e9dio ou Magist\u00e9rio), Auxiliar de contabilidade (+ conhecimentos de inform\u00e1tica), Auxiliar de secretaria escolar, Auxiliar de servi\u00e7os administrativos, Auxiliar T\u00e9cnico em Inform\u00e1tica (conhecimentos na \u00e1rea), Auxiliar de Assistente Social (conhecimentos de inform\u00e1tica), Auxiliar de Ensino (n\u00edvel m\u00e9dio ou Magist\u00e9rio), Fiscal de Obras Posturas, Fiscal de preserva\u00e7\u00e3o ambiental (+ curso t\u00e9cnico), Fiscal de Tributos, Fiscal Sanit\u00e1rio, Instrutor de Inform\u00e1tica (+ curso t\u00e9cnico), Operador de Sistema de Inform\u00e1tica da Educa\u00e7\u00e3o, Operador de Sistema de Inform\u00e1tica da Sa\u00fade e Secret\u00e1rio escolar (+ curso de inform\u00e1tica);<\/p>\n<p><span style=\"text-decoration: underline;\"><em>N\u00edvel superior:<\/em><\/span> Advogado, Analista Ambiental, Assistente Social, Educador F\u00edsico, Educador Social (curso em Pedagogia), Enfermeiro, Farmac\u00eautico, Fisioterapeuta, Fonoaudi\u00f3logo, M\u00e9dico, Nutricionista, Odont\u00f3logo, Orientador social n\u00edvel superior (curso em \u00e1reas humanas), Pedagogo, Psic\u00f3logo, Terapeuta Ocupacional, Bioqu\u00edmico, Fonoaudi\u00f3logo e Professor Municipal;<\/p>\n<p><strong>Sal\u00e1rios<\/strong><\/p>\n<p>Os sal\u00e1rios variam de <strong>R$ 937,00 a R$ 4.207,38<\/strong>, com jornadas que v\u00e3o de <strong>20 a 40 horas<\/strong> semanais.<\/p>\n<p><strong>Provas<\/strong><\/p>\n<p>A avalia\u00e7\u00e3o ser\u00e1 por meio de <strong>provas objetivas<\/strong>, previstas para os dias <strong>23 e 30 de abril de 2017<\/strong>. Haver\u00e1 ainda an\u00e1lise de t\u00edtulos aos candidatos de n\u00edvel superior.<\/p>\n<p>Entre as disciplinas cobradas na prova est\u00e3o:<\/p>\n<ul><li>Portugu\u00eas;<\/li>\n<li>Matem\u00e1tica;<\/li>\n<li>Inform\u00e1tica;<\/li>\n<li>Conhecimentos espec\u00edficos;<\/li>\n<li>Sa\u00fade p\u00fablica (para os cargos da sa\u00fade).<\/li>\n<\/ul><p>\u00a0<\/p>\n<p><strong>Validade<\/strong><\/p>\n<p>A validade do certame ser\u00e1 de <strong>dois anos<\/strong>, podendo ser prorrogada por mesmo per\u00edodo.<\/p>","protected":false},"excerpt":{"rendered":"<p>A Prefeitura de Prado &#8211; BA est\u00e1 com as inscri\u00e7\u00f5es abertas para 221 novos profissionais tempor\u00e1rios, al\u00e9m de formar cadastro de reserva para eventuais necessidades. As vagas s\u00e3o para todos os n\u00edveis!<\/p>\n","protected":false},"author":16,"featured_media":52288,"comment_status":"closed","ping_status":"closed","sticky":false,"template":"","format":"standard","meta":{"_acf_changed":false,"footnotes":"","_wp_rev_ctl_limit":""},"categories":[44999],"tags":[],"class_list":["post-52286","post","type-post","status-publish","format-standard","has-post-thumbnail","hentry","category-concursos"],"acf":[],"_links":{"self":[{"href":"https:\/\/www.novaconcursos.com.br\/portal\/wp-json\/wp\/v2\/posts\/52286","targetHints":{"allow":["GET"]}}],"collection":[{"href":"https:\/\/www.novaconcursos.com.br\/portal\/wp-json\/wp\/v2\/posts"}],"about":[{"href":"https:\/\/www.novaconcursos.com.br\/portal\/wp-json\/wp\/v2\/types\/post"}],"author":[{"embeddable":true,"href":"https:\/\/www.novaconcursos.com.br\/portal\/wp-json\/wp\/v2\/users\/16"}],"replies":[{"embeddable":true,"href":"https:\/\/www.novaconcursos.com.br\/portal\/wp-json\/wp\/v2\/comments?post=52286"}],"version-history":[{"count":1,"href":"https:\/\/www.novaconcursos.com.br\/portal\/wp-json\/wp\/v2\/posts\/52286\/revisions"}],"predecessor-version":[{"id":266268,"href":"https:\/\/www.novaconcursos.com.br\/portal\/wp-json\/wp\/v2\/posts\/52286\/revisions\/266268"}],"wp:featuredmedia":[{"embeddable":true,"href":"https:\/\/www.novaconcursos.com.br\/portal\/wp-json\/wp\/v2\/media\/52288"}],"wp:attachment":[{"href":"https:\/\/www.novaconcursos.com.br\/portal\/wp-json\/wp\/v2\/media?parent=52286"}],"wp:term":[{"taxonomy":"category","embeddable":true,"href":"https:\/\/www.novaconcursos.com.br\/portal\/wp-json\/wp\/v2\/categories?post=52286"},{"taxonomy":"post_tag","embeddable":true,"href":"https:\/\/www.novaconcursos.com.br\/portal\/wp-json\/wp\/v2\/tags?post=52286"}],"curies":[{"name":"wp","href":"https:\/\/api.w.org\/{rel}","templated":true}]}}