{"id":54325,"date":"2022-02-07T10:15:33","date_gmt":"2022-02-07T13:15:33","guid":{"rendered":"http:\/\/www.novaconcursos.com.br\/portal\/?p=54325"},"modified":"2024-07-05T14:58:50","modified_gmt":"2024-07-05T17:58:50","slug":"concurso-espcex-o-que-estudar","status":"publish","type":"post","link":"https:\/\/www.novaconcursos.com.br\/portal\/artigos\/concurso-espcex-o-que-estudar\/","title":{"rendered":"O que estudar para o Concurso EsPCEx 2022?"},"content":{"rendered":"<p>Aten\u00e7\u00e3o, concurseiro! O edital do novo <a href=\"https:\/\/www.novaconcursos.com.br\/portal\/concursos\/concurso-exercito-brasileiro-espcex\/?gclid=CjwKCAiAo4OQBhBBEiwA5KWu_4NuNFMig7wc-cH2AH2UrGd1jpJ7t6pNdqDum9BAOlgi_iLJVnpe7RoCH28QAvD_BwE\">concurso EsPCEx<\/a><a href=\"https:\/\/www.novaconcursos.com.br\/portal\/concursos\/concurso-exercito-brasileiro-espcex\"> <\/a>j\u00e1 foi divulgado com a oferta de<strong> 440 oportunidades <\/strong>de n\u00edvel m\u00e9dio. Ademais, as inscri\u00e7\u00f5es se iniciam hoje, <strong>07 de fevereiro.<\/strong><\/p>\n\n\n\n<p>Portanto, j\u00e1 foi divulgado o novo concurso da Escola Preparat\u00f3ria de Cadetes do Ex\u00e9rcito, que oferta diversas oportunidades de n\u00edvel m\u00e9dio  para a <strong>matr\u00edcula no Curso de Forma\u00e7\u00e3o e Gradua\u00e7\u00e3o de Oficiais<\/strong>\u00a0de Carreira da Linha de Ensino Militar B\u00e9lico (CFO\/LEMB). <\/p>\n\n\n\n<ul class=\"wp-block-list\"><li><strong>Adquira: <\/strong><a href=\"https:\/\/www.novaconcursos.com.br\/concurso\/espcex-escola-preparatoria-de-cadetes-do-exercito\/apostila\">Apostila Concurso EsPCEx<\/a><\/li>\n\n\n\n<li><strong>Adquira: <\/strong><a href=\"https:\/\/www.novaconcursos.com.br\/concurso\/espcex-escola-preparatoria-de-cadetes-do-exercito\/curso-online\">Curso Online Concurso EsPCEx<\/a><\/li>\n<\/ul><p><\/p>\n\n\n\n<p>Al\u00e9m disso, os concurseiros podem realizar sua inscri\u00e7\u00e3o <strong>a partir de hoje<\/strong>, 07 de fevereiro. Sendo assim, conhe\u00e7a todos os detalhes do certame e saiba <strong>o que estudar para a sele\u00e7\u00e3o!<\/strong><\/p>\n\n\n\n<p>Estude para o concurso dos seus sonhos com a\u00a0<a rel=\"noreferrer noopener\" aria-label=\"Assinatura Completa da Nova (abre numa nova aba)\" href=\"https:\/\/aprovacao.novaconcursos.com.br\/assinatura\" target=\"_blank\">Assinatura Completa da Nova<\/a>. Tenha acesso a\u00a0<strong>Cursos, Plataforma de Quest\u00f5es, Eventos Exclusivos<\/strong>\u00a0para Assinantes e Muito Mais! <\/p>\n\n\n\n<h2 class=\"wp-block-heading\" id=\"concurso-espcex-inscries\">Concurso EsPCEx: inscri\u00e7\u00f5es<\/h2>\n\n\n\n<p>Portanto, os concurseiros interessados no novo concurso EsPCEx podem realizar sua inscri\u00e7\u00e3o a partir de hoje, <strong>07 de fevereiro,<\/strong> at\u00e9 o dia <strong>23 de maio<\/strong> por meio do site da pr\u00f3pria <a href=\"http:\/\/www.espcex.eb.mil.br\" target=\"_blank\" rel=\"noreferrer noopener\" aria-label=\"EsPCEx (abre numa nova aba)\">EsPCEx<\/a>.<\/p>\n\n\n\n<p>Ademais, \u00e9 necess\u00e1rio que<strong> at\u00e9 o dia 24 de maio <\/strong>seja efetuado o pagamento da<strong> taxa de inscri\u00e7\u00e3o<\/strong> no valor de<strong> R$ 100,00<\/strong>, para que a participa\u00e7\u00e3o seja efetivada.<\/p>\n\n\n\n<p>\u00c9 igualmente importante mencionar que poder\u00e3o solicitar a <strong>isen\u00e7\u00e3o de taxa<\/strong>, entre os dias<strong> 07 e 11 de fevereiro<\/strong>, aqueles que se encaixarem nos perfis abaixo:<\/p>\n\n\n\n<ul class=\"wp-block-list\"><li>ser doador de medula \u00f3ssea em entidades reconhecidas pelo Minist\u00e9rio da Sa\u00fade;<\/li>\n\n\n\n<li>constar do Cadastro \u00danico para Programas Sociais do Governo Federal (Cad\u00danico);<\/li>\n\n\n\n<li>ser membro de fam\u00edlia de baixa renda.<\/li>\n<\/ul><h2 class=\"wp-block-heading\" id=\"vagas-cargos-e-remuneraes\">Vagas, cargos e remunera\u00e7\u00f5es<\/h2>\n\n\n\n<p>Em suma, o novo <a href=\"https:\/\/www.novaconcursos.com.br\/portal\/concursos-abertos\/nacional\/\">concurso<\/a> da Escola Preparat\u00f3ria de Cadetes do Ex\u00e9rcito oferta <strong>440 oportunidades de n\u00edvel m\u00e9dio<\/strong> para a matr\u00edcula no Curso de Forma\u00e7\u00e3o e Gradua\u00e7\u00e3o de Oficias.<\/p>\n\n\n\n<p>Al\u00e9m disso, 352 das oportunidades est\u00e3o destinadas \u00e0 <strong>ampla concorr\u00eancia<\/strong>, enquanto as demais 88 s\u00e3o vagas reservadas para <strong>candidatos negros, pretos ou pardos.<\/strong><\/p>\n\n\n\n<p>Ademais, os aprovados no concurso p\u00fablico ingressar\u00e3o no Curso na posi\u00e7\u00e3o de <strong>Cadete<\/strong>, de forma que durante o per\u00edodo de forma\u00e7\u00e3o contar\u00e3o com uma <strong>bolsa-aux\u00edlio<\/strong> no valor de <strong>R$ 1.044,00.<\/strong><\/p>\n\n\n\n<p>Entretanto, ao ingressar na Academia Militar de Agulhas Negras (AMAN), tal bolsa passa a ter o valor de <strong>R$ 1.448,00.<\/strong> Por fim, ap\u00f3s a finaliza\u00e7\u00e3o do curso, na patente de <strong>Aspirante a Oficial,<\/strong> as remunera\u00e7\u00f5es ser\u00e3o de <strong>R$ 6.993,00.<\/strong><\/p>\n\n\n\n<p>Al\u00e9m disso, durante o Curso de Forma\u00e7\u00e3o, os cadetes contar\u00e3o com os seguintes<strong> aux\u00edlios:<\/strong><\/p>\n\n\n\n<ul class=\"wp-block-list\"><li>Alimenta\u00e7\u00e3o;<\/li>\n\n\n\n<li>Alojamento;<\/li>\n\n\n\n<li>Fardamento;<\/li>\n\n\n\n<li>Assist\u00eancia M\u00e9dico-hospitalar;<\/li>\n\n\n\n<li>Atendimento odontol\u00f3gico.<\/li>\n<\/ul><p><\/p>\n\n\n\n<h2 class=\"wp-block-heading\" id=\"o-que-estudar-para-a-espcex\"><strong>O que estudar para a EsPCEx?<\/strong><\/h2>\n\n\n\n<p>Por fim, \u00e9 essencial que os candidatos do <a href=\"https:\/\/www.novaconcursos.com.br\/portal\/concursos-previstos\/nacional\/\">concurso<\/a> EsPCEx saibam que, durante a sele\u00e7\u00e3o, dever\u00e3o passar por diversas <strong>etapas avaliativas, <\/strong>sendo elas:<\/p>\n\n\n\n<ul class=\"wp-block-list\"><li><strong>Exame Intelectual (EI)<\/strong>:\u00a0de car\u00e1ter classificat\u00f3rio e eliminat\u00f3rio;<\/li>\n\n\n\n<li><strong>Inspe\u00e7\u00e3o de Sa\u00fade (IS)<\/strong>:\u00a0de car\u00e1ter eliminat\u00f3rio;<\/li>\n\n\n\n<li><strong>Exame de Aptid\u00e3o F\u00edsica (EAF):<\/strong>\u00a0de car\u00e1ter eliminat\u00f3rio;<\/li>\n\n\n\n<li><strong>Avalia\u00e7\u00e3o Psicol\u00f3gica:<\/strong>\u00a0de car\u00e1ter eliminat\u00f3rio;<\/li>\n\n\n\n<li><strong>Comprova\u00e7\u00e3o dos requisitos para a matr\u00edcula:<\/strong> a ser realizada, apenas, pelos candidatos aptos na Avl Psc, confirmados no procedimento de heteroidentifica\u00e7\u00e3o (para os autodeclarados negros) e classificados dentro do n\u00famero de vagas previstas pelo Estado-Maior do Ex\u00e9rcito (EME). <\/li>\n<\/ul><p><\/p>\n\n\n\n<p>Al\u00e9m disso, a etapa de <strong>Exame Intelectual<\/strong> j\u00e1 est\u00e1 prevista para ser realizada nos dias <strong>17 e 18 de setembro<\/strong>, no per\u00edodo da tarde, quando ser\u00e3o realizadas 2 provas objetivas e 1 avalia\u00e7\u00e3o discursiva.<\/p>\n\n\n\n<p>Nesse sentido, a Prova Objetiva estar\u00e1 dividida em <strong>2 dias<\/strong>, quando os inscritos ter\u00e3o <strong>04h30min<\/strong>  para responder a quest\u00f5es de m\u00faltipla escolha acerca das seguintes <strong>disciplinas:<\/strong><\/p>\n\n\n\n<ul class=\"wp-block-list\"><li><strong>17 de setembro de 2022:<\/strong>\u00a0L\u00edngua Portuguesa, F\u00edsica, Qu\u00edmica e Reda\u00e7\u00e3o.<\/li>\n\n\n\n<li><strong>18 de setembro de 2022:<\/strong>\u00a0Matem\u00e1tica, Geografia, Hist\u00f3ria e L\u00edngua Inglesa.<\/li>\n<\/ul><p><\/p>\n\n\n\n<h3 class=\"wp-block-heading\">Conte\u00fado Program\u00e1tico<\/h3>\n\n\n\n<p>Portanto, as provas objetivas do concurso EsPCEx ser\u00e3o realizadas <strong>em dois dias<\/strong> diferentes, seguindo a estrutura abaixo:<\/p>\n\n\n\n<p><strong>17 de setembro:<\/strong><\/p>\n\n\n\n<ul class=\"wp-block-list\"><li>L\u00edngua Portuguesa \u2013 20;<\/li>\n\n\n\n<li>F\u00edsica \u2013 12;<\/li>\n\n\n\n<li>Qu\u00edmica \u2013 12.<\/li>\n<\/ul><p><\/p>\n\n\n\n<p><strong>18 de setembro:<\/strong><\/p>\n\n\n\n<ul class=\"wp-block-list\"><li>Matem\u00e1tica \u2013 20;<\/li>\n\n\n\n<li>Geografia \u2013 12;<\/li>\n\n\n\n<li>Hist\u00f3ria \u2013 12;<\/li>\n\n\n\n<li>L\u00edngua Inglesa \u2013 12.<\/li>\n<\/ul><p><\/p>\n\n\n\n<p>Sendo assim, confira abaixo os <strong>conte\u00fados program\u00e1ticos <\/strong>a serem possivelmente cobrados por cada uma das disciplinas citadas, de acordo com o <strong>edital <\/strong>da sele\u00e7\u00e3o:<\/p>\n\n\n\n<p><strong>F\u00edsica:<\/strong> Mec\u00e2nica; Termologia; Ondas; Eletricidade.<\/p>\n\n\n\n<p><strong>Qu\u00edmica:<\/strong> Mat\u00e9ria e Subst\u00e2ncia; Estrutura At\u00f4mica Moderna; Classifica\u00e7\u00f5es Peri\u00f3dicas; Liga\u00e7\u00f5es Qu\u00edmicas; Caracter\u00edsticas dos Compostos I\u00f4nicos e Moleculares; Fun\u00e7\u00f5es Inorg\u00e2nicas; Rea\u00e7\u00f5es Qu\u00edmicas; Grandezas Qu\u00edmicas;  Estequiometria; Gases; Termoqu\u00edmica; Cin\u00e9tica; Solu\u00e7\u00f5es; Equil\u00edbrio Qu\u00edmico; Eletroqu\u00edmica; Radioatividade; Propriedades coligativas; Princ\u00edpios da qu\u00edmica org\u00e2nica.<\/p>\n\n\n\n<p><strong>Geografia:<\/strong>  Geografia Geral (Localizando-se no Espa\u00e7o, O Espa\u00e7o Natural, O Espa\u00e7o Pol\u00edtico e Econ\u00f4mico, O Espa\u00e7o Humano); Geografia do Brasil ( O Espa\u00e7o Natural, O Espa\u00e7o Econ\u00f4mico, O Espa\u00e7o Pol\u00edtico, O Espa\u00e7o Humano).<\/p>\n\n\n\n<p><strong>Hist\u00f3ria:<\/strong> A Sociedade Feudal; O Renascimento Comercial e Urbano; Os Estados Nacionais Europeus da Idade Moderna, o Absolutismo e o Mercantilismo; A Expans\u00e3o Mar\u00edtima Europeia; O Renascimento Cultural, o Humanismo e as Reformas Religiosas; A Montagem da Coloniza\u00e7\u00e3o Europeia na Am\u00e9rica; O Sistema Colonial Portugu\u00eas na Am\u00e9rica; O Iluminismo e o Despotismo Esclarecido; As Revolu\u00e7\u00f5es Inglesas (s\u00e9culo XVII) e a Revolu\u00e7\u00e3o Industrial (s\u00e9culos XVIII a XX); A Independ\u00eancia dos Estados Unidos da Am\u00e9rica; A Revolu\u00e7\u00e3o Francesa e a Restaura\u00e7\u00e3o; O Brasil Imperial; O Pensamento e a Ideologia no S\u00e9culo XIX; O Mundo na \u00c9poca da Primeira Guerra Mundial; O Mundo na \u00c9poca da Segunda Guerra Mundial; O Mundo na Guerra Fria;  O Mundo no Final do s\u00e9culo XX e In\u00edcio do s\u00e9culo XXI.<\/p>\n\n\n\n<p><strong>Ingl\u00eas:<\/strong> A prova de Ingl\u00eas do Concurso de Admiss\u00e3o destina-se a avaliar a habilidade de compreens\u00e3o geral de textos na L\u00edngua Inglesa, a compreens\u00e3o espec\u00edfica de express\u00f5es, frases e palavras, bem como o conhecimento das seguintes estruturas gramaticais: adjectives; adverbs; nouns; articles; conjunctions; modal auxiliaries; prepositions; pronouns; possessive adjectives; determiners; quantifiers; verb forms; verb tenses; active\/passive voice e wh-questions. Os textos de apoio abordar\u00e3o temas variados e poder\u00e3o ser extra\u00eddos das mais diversas fontes (livros, revistas, jornais e internet). <\/p>\n\n\n\n<p><strong>Matem\u00e1tica:<\/strong> Teoria dos Conjuntos e Conjuntos Num\u00e9ricos; Fun\u00e7\u00f5es; Fun\u00e7\u00e3o Linear, Fun\u00e7\u00e3o Afim e Fun\u00e7\u00e3o Quadr\u00e1tica; Fun\u00e7\u00e3o Modular; Fun\u00e7\u00e3o Exponencial; Fun\u00e7\u00e3o Logar\u00edtmica; Trigonometria; Contagem e An\u00e1lise Combinat\u00f3ria; Probabilidade; Matrizes, Determinantes e Sistemas Lineares; Sequ\u00eancias Num\u00e9ricas e Progress\u00f5es; Geometria Espacial de Posi\u00e7\u00e3o; Geometria Espacial M\u00e9trica; Geometria Anal\u00edtica Plana; Geometria Plana; Polin\u00f4mios; Equa\u00e7\u00f5es Polinomiais.<\/p>\n\n\n\n<p><strong>Portugu\u00eas:<\/strong> Leitura, interpreta\u00e7\u00e3o e an\u00e1lise de textos; Fon\u00e9tica; Morfologia; Sem\u00e2ntica; Sintaxe; Teoria da Linguagem; Estil\u00edstica; Altera\u00e7\u00f5es introduzidas na ortografia oficial da l\u00edngua portuguesa pelo Acordo Ortogr\u00e1fico da L\u00edngua Portuguesa; Literatura Brasileira.<\/p>\n\n\n\n<p><\/p>\n\n\n\n<figure class=\"wp-block-embed is-type-video is-provider-youtube wp-block-embed-youtube wp-embed-aspect-16-9 wp-has-aspect-ratio\"><div class=\"wp-block-embed__wrapper\">\n<iframe loading=\"lazy\" title=\"Concurso EsPECex: An\u00e1lise de edital com 440 vagas\" width=\"500\" height=\"281\" src=\"https:\/\/www.youtube.com\/embed\/NUgRZy6G3m4?start=930&amp;feature=oembed\" frameborder=\"0\" allow=\"accelerometer; autoplay; clipboard-write; encrypted-media; gyroscope; picture-in-picture; web-share\" referrerpolicy=\"strict-origin-when-cross-origin\" allowfullscreen><\/iframe>\n<\/div><\/figure><p><\/p>\n\n\n\n<figure class=\"wp-block-image size-large\"><a href=\"https:\/\/aprovacao.novaconcursos.com.br\/assinatura\" target=\"_blank\" rel=\"noreferrer noopener\"><img decoding=\"async\" src=\"https:\/\/www.novaconcursos.com.br\/portal\/wp-content\/uploads\/2022\/01\/Faixa-Frete-Gr%E2%80%A0tis-portal.png\" alt=\"assinatura completa\" class=\"wp-image-153078\" loading=\"lazy\" title=\"\"><\/a><figcaption><\/figcaption><\/figure>","protected":false},"excerpt":{"rendered":"<p>Aten\u00e7\u00e3o, concurseiro! O edital do novo concurso EsPCEx j\u00e1 foi divulgado com a oferta de 440 oportunidades de n\u00edvel m\u00e9dio. Ademais, as inscri\u00e7\u00f5es se iniciam hoje, 07 de fevereiro. Portanto, j\u00e1 foi divulgado o novo concurso da Escola Preparat\u00f3ria de Cadetes do Ex\u00e9rcito, que oferta diversas oportunidades de n\u00edvel m\u00e9dio para a matr\u00edcula no Curso [&hellip;]<\/p>\n","protected":false},"author":54674,"featured_media":127077,"comment_status":"closed","ping_status":"closed","sticky":false,"template":"","format":"standard","meta":{"_acf_changed":false,"footnotes":"","_wp_rev_ctl_limit":""},"categories":[33508],"tags":[],"class_list":["post-54325","post","type-post","status-publish","format-standard","has-post-thumbnail","hentry","category-artigos"],"acf":[],"_links":{"self":[{"href":"https:\/\/www.novaconcursos.com.br\/portal\/wp-json\/wp\/v2\/posts\/54325","targetHints":{"allow":["GET"]}}],"collection":[{"href":"https:\/\/www.novaconcursos.com.br\/portal\/wp-json\/wp\/v2\/posts"}],"about":[{"href":"https:\/\/www.novaconcursos.com.br\/portal\/wp-json\/wp\/v2\/types\/post"}],"author":[{"embeddable":true,"href":"https:\/\/www.novaconcursos.com.br\/portal\/wp-json\/wp\/v2\/users\/54674"}],"replies":[{"embeddable":true,"href":"https:\/\/www.novaconcursos.com.br\/portal\/wp-json\/wp\/v2\/comments?post=54325"}],"version-history":[{"count":39,"href":"https:\/\/www.novaconcursos.com.br\/portal\/wp-json\/wp\/v2\/posts\/54325\/revisions"}],"predecessor-version":[{"id":243010,"href":"https:\/\/www.novaconcursos.com.br\/portal\/wp-json\/wp\/v2\/posts\/54325\/revisions\/243010"}],"wp:featuredmedia":[{"embeddable":true,"href":"https:\/\/www.novaconcursos.com.br\/portal\/wp-json\/wp\/v2\/media\/127077"}],"wp:attachment":[{"href":"https:\/\/www.novaconcursos.com.br\/portal\/wp-json\/wp\/v2\/media?parent=54325"}],"wp:term":[{"taxonomy":"category","embeddable":true,"href":"https:\/\/www.novaconcursos.com.br\/portal\/wp-json\/wp\/v2\/categories?post=54325"},{"taxonomy":"post_tag","embeddable":true,"href":"https:\/\/www.novaconcursos.com.br\/portal\/wp-json\/wp\/v2\/tags?post=54325"}],"curies":[{"name":"wp","href":"https:\/\/api.w.org\/{rel}","templated":true}]}}