{"id":55522,"date":"2017-06-08T14:15:01","date_gmt":"2017-06-08T17:15:01","guid":{"rendered":"http:\/\/www.novaconcursos.com.br\/portal\/?p=55522"},"modified":"2025-04-10T10:48:44","modified_gmt":"2025-04-10T13:48:44","slug":"o-que-cai-na-prova-camara-de-nova-friburgo-rj-2017-06","status":"publish","type":"post","link":"https:\/\/www.novaconcursos.com.br\/portal\/noticias\/o-que-cai-na-prova-camara-de-nova-friburgo-rj-2017-06\/","title":{"rendered":"O que cai na prova: C\u00e2mara de Nova Friburgo RJ"},"content":{"rendered":"<p>J\u00e1 est\u00e3o <strong>abertas as inscri\u00e7\u00f5es<\/strong> do concurso p\u00fablico da <strong>C\u00e2mara Municipal de Nova Friburgo<\/strong>, no estado do Rio de Janeiro.<\/p>\n\n\n\n<p>S\u00e3o oferecidas <strong>13 vagas<\/strong> para candidatos de <strong>n\u00edvel m\u00e9dio e superior<\/strong> com sal\u00e1rio de at\u00e9 <strong>R$ 3 mil!<\/strong><\/p>\n\n\n\n<p>Se voc\u00ea pretende garantir uma das vagas, saiba <strong>o que \u00e9 preciso estudar para prova!<\/strong><\/p>\n\n\n\n<h2 class=\"wp-block-heading\" id=\"como-fazer-a-inscrio\">Como fazer a inscri\u00e7\u00e3o?<\/h2>\n\n\n\n<p>O per\u00edodo de inscri\u00e7\u00f5es segue at\u00e9 o dia <strong>13 de julho de 2017<\/strong>. Para participar os interessados devem acessar o site da organizadora, a <strong><span style=\"text-decoration: underline; color: #0000ff;\"><a style=\"color: #0000ff; text-decoration: underline;\" href=\"http:\/\/www.consulplan.net\/concursos.aspx\" target=\"_blank\" rel=\"noopener noreferrer\">CONSULPLAN<\/a><\/span><\/strong>. O valor da taxa de inscri\u00e7\u00e3o \u00e9 de <strong>R$ 55,00<\/strong> (n\u00edvel m\u00e9dio) e <strong>R$ 75,00<\/strong> (n\u00edvel superior).<\/p>\n\n\n\n<h2 class=\"wp-block-heading\" id=\"como-ser-a-prova\">Como ser\u00e1 a prova?<\/h2>\n\n\n\n<p>A avalia\u00e7\u00e3o ser\u00e1 por meio de <strong>provas escritas objetivas<\/strong> (todos os cargos) e para os cargos de n\u00edvel superior haver\u00e1 ainda <strong>prova discursiva<\/strong> (reda\u00e7\u00e3o).<\/p>\n\n\n\n<p>A data prevista para a aplica\u00e7\u00e3o das provas \u00e9 o dia <strong>20 de agosto de 2017<\/strong>, na cidade de Nova Friburgo RJ.<\/p>\n\n\n\n<p>Ambas as etapas ser\u00e3o de car\u00e1ter <strong>eliminat\u00f3rio e classificat\u00f3rio<\/strong>.<\/p>\n\n\n\n<p>Conhe\u00e7a o <strong>Conte\u00fado Program\u00e1tico<\/strong> das provas escritas objetivas de m\u00faltipla escolha e <strong>comece a estudar agora!<\/strong><\/p>\n\n\n\n<h2 class=\"wp-block-heading\" id=\"o-que-cai-na-prova\">O que cai na Prova?<\/h2>\n\n\n\n<p><span style=\"color: #000000;\"><strong>L\u00edngua Portuguesa (comum a todos os cargos)<\/strong><\/span><\/p>\n\n\n\n<p><span style=\"text-decoration: underline;\"><em>N\u00edvel Superior:<\/em><\/span> Compreens\u00e3o e interpreta\u00e7\u00e3o de textos; denota\u00e7\u00e3o e conota\u00e7\u00e3o; figuras; coes\u00e3o e coer\u00eancia; tipologia textual; significa\u00e7\u00e3o das palavras; emprego das classes de palavras; sintaxe da ora\u00e7\u00e3o e do per\u00edodo; pontua\u00e7\u00e3o; concord\u00e2ncia verbal e nominal; reg\u00eancia verbal e nominal; estudo da crase; sem\u00e2ntica e estil\u00edstica. Reda\u00e7\u00e3o Oficial.<\/p>\n\n\n\n<p><span style=\"text-decoration: underline;\"><em>N\u00edvel M\u00e9dio Completo:<\/em><\/span> Fonologia: conceito, encontros voc\u00e1licos, d\u00edgrafos, orto\u00e9pica, divis\u00e3o sil\u00e1bica, pros\u00f3dia, acentua\u00e7\u00e3o e ortografia; Morfologia: estrutura e forma\u00e7\u00e3o das palavras, classes de palavras; Sintaxe: termos da ora\u00e7\u00e3o, per\u00edodo composto, conceito e classifica\u00e7\u00e3o das ora\u00e7\u00f5es, concord\u00e2ncia verbal e nominal, reg\u00eancia verbal e nominal, crase e pontua\u00e7\u00e3o; Sem\u00e2ntica: a significa\u00e7\u00e3o das palavras no texto; Interpreta\u00e7\u00e3o de texto. Reda\u00e7\u00e3o Oficial.<\/p>\n\n\n\n<p><span style=\"color: #000000;\"><strong>No\u00e7\u00f5es de inform\u00e1tica (comum a todos os cargos)<\/strong><\/span><\/p>\n\n\n\n<p>Conhecimentos b\u00e1sicos de microcomputadores PC \u2013 Hardware. No\u00e7\u00f5es de Sistemas Operacionais. MS-DOS. No\u00e7\u00f5es de sistemas de Windows. No\u00e7\u00f5es do processador de texto MS-Word para Windows. No\u00e7\u00f5es da planilha de c\u00e1lculo MS-Excel. No\u00e7\u00f5es b\u00e1sicas de Banco de dados. Comunica\u00e7\u00e3o de dados. Conceitos Gerais de Equipamentos e Operacionaliza\u00e7\u00e3o. Conceitos b\u00e1sicos de Internet.<\/p>\n\n\n\n<p><span style=\"color: #000000;\"><strong>Conhecimentos Gerais (comum a todos os cargos)<\/strong><\/span><\/p>\n\n\n\n<p>Dom\u00ednio de t\u00f3picos relevantes de diversas \u00e1reas, tais como: pol\u00edtica, economia, sociedade, educa\u00e7\u00e3o, tecnologia, energia, rela\u00e7\u00f5es internacionais, desenvolvimento sustent\u00e1vel, seguran\u00e7a, artes e literatura e suas vincula\u00e7\u00f5es hist\u00f3ricas a n\u00edvel municipal, regional, nacional e internacional.<\/p>\n\n\n\n<p><span style=\"color: #000000;\"><strong>Conhecimentos Espec\u00edficos<\/strong><\/span><\/p>\n\n\n\n<p>\u2013 Lei Org\u00e2nica Municipal (comum a todos os cargos):\u00a0Lei Municipal n.\u00b0 2.343\/1990 e suas altera\u00e7\u00f5es at\u00e9 a Emenda n.\u00b0 55\/2017.<\/p>\n\n\n\n<p>\u2013 Regimento Interno (comum a todos os cargos):\u00a0Regimento Interno da C\u00e2mara de Nova Friburgo: Das disposi\u00e7\u00f5es preliminares; Dos \u00f3rg\u00e3os da C\u00e2mara Municipal; Das Sess\u00f5es da C\u00e2mara. Das Proposi\u00e7\u00f5es; Da aprecia\u00e7\u00e3o das Proposi\u00e7\u00f5es; Da participa\u00e7\u00e3o da sociedade civil; Da Administra\u00e7\u00e3o e da Economia Interna;<\/p>\n\n\n\n<p><span style=\"color: #000000;\"><strong>Conhecimentos Espec\u00edficos de cada cargo<\/strong><\/span><\/p>\n\n\n\n<p>As disciplinas variam de acordo com o cargo escolhido. <\/p>\n\n\n\n<p>A <span style=\"text-decoration: underline; color: #000000;\"><strong><a style=\"color: #000000; text-decoration: underline;\" href=\"https:\/\/www.novaconcursos.com.br\/?utm_source=blog&amp;utm_medium=smm&amp;utm_content=link-texto&amp;utm_campaign=home\" target=\"_blank\" rel=\"noopener noreferrer\">editora Nova<\/a><\/strong><\/span> tem ajudado h\u00e1 mais de 8 anos quem quer vencer a batalha do concurso p\u00fablico. Se voc\u00ea quer aumentar as suas chances de passar, conhe\u00e7a os nossos materiais, acessando o nosso site!<\/p>\n\n\n\n<p><\/p>","protected":false},"excerpt":{"rendered":"<p>J\u00e1 est\u00e3o abertas as inscri\u00e7\u00f5es do concurso p\u00fablico da C\u00e2mara Municipal de Nova Friburgo, no estado do Rio de Janeiro. S\u00e3o oferecidas 13 vagas para candidatos de n\u00edvel m\u00e9dio e superior com sal\u00e1rio de at\u00e9 R$ 3 mil! Se voc\u00ea pretende garantir uma das vagas, saiba o que \u00e9 preciso estudar para prova! Como fazer [&hellip;]<\/p>\n","protected":false},"author":16,"featured_media":55394,"comment_status":"closed","ping_status":"closed","sticky":false,"template":"","format":"standard","meta":{"_acf_changed":false,"footnotes":"","_wp_rev_ctl_limit":""},"categories":[228],"tags":[20879,20953,20880,20878,20877,20952,20951],"class_list":["post-55522","post","type-post","status-publish","format-standard","has-post-thumbnail","hentry","category-noticias","tag-camara-municipal-de-nova-friburgo","tag-como-estudar-concurso-camara-de-nova-friburgo-rj","tag-concurso-camara-de-nova-friburgo-rj","tag-concurso-publico-da-camara-de-nova-friburgo-rj","tag-concurso-publico-da-camara-municipal-de-nova-friburgo-rj","tag-edital-concurso-camara-de-nova-friburgo-rj","tag-prova-concurso-camara-de-nova-friburgo-rj"],"acf":[],"_links":{"self":[{"href":"https:\/\/www.novaconcursos.com.br\/portal\/wp-json\/wp\/v2\/posts\/55522","targetHints":{"allow":["GET"]}}],"collection":[{"href":"https:\/\/www.novaconcursos.com.br\/portal\/wp-json\/wp\/v2\/posts"}],"about":[{"href":"https:\/\/www.novaconcursos.com.br\/portal\/wp-json\/wp\/v2\/types\/post"}],"author":[{"embeddable":true,"href":"https:\/\/www.novaconcursos.com.br\/portal\/wp-json\/wp\/v2\/users\/16"}],"replies":[{"embeddable":true,"href":"https:\/\/www.novaconcursos.com.br\/portal\/wp-json\/wp\/v2\/comments?post=55522"}],"version-history":[{"count":4,"href":"https:\/\/www.novaconcursos.com.br\/portal\/wp-json\/wp\/v2\/posts\/55522\/revisions"}],"predecessor-version":[{"id":278772,"href":"https:\/\/www.novaconcursos.com.br\/portal\/wp-json\/wp\/v2\/posts\/55522\/revisions\/278772"}],"wp:featuredmedia":[{"embeddable":true,"href":"https:\/\/www.novaconcursos.com.br\/portal\/wp-json\/wp\/v2\/media\/55394"}],"wp:attachment":[{"href":"https:\/\/www.novaconcursos.com.br\/portal\/wp-json\/wp\/v2\/media?parent=55522"}],"wp:term":[{"taxonomy":"category","embeddable":true,"href":"https:\/\/www.novaconcursos.com.br\/portal\/wp-json\/wp\/v2\/categories?post=55522"},{"taxonomy":"post_tag","embeddable":true,"href":"https:\/\/www.novaconcursos.com.br\/portal\/wp-json\/wp\/v2\/tags?post=55522"}],"curies":[{"name":"wp","href":"https:\/\/api.w.org\/{rel}","templated":true}]}}