{"id":5554,"date":"2014-01-12T13:00:12","date_gmt":"2014-01-12T16:00:12","guid":{"rendered":"http:\/\/www.novaconcursos.com.br\/portal\/?p=5554"},"modified":"2024-11-14T12:55:10","modified_gmt":"2024-11-14T15:55:10","slug":"questao-de-portugues-prova-concurso-mte-2010","status":"publish","type":"post","link":"https:\/\/www.novaconcursos.com.br\/portal\/artigos\/questao-de-portugues-prova-concurso-mte-2010\/","title":{"rendered":"Quest\u00e3o de portugu\u00eas- Prova Concurso MTE 2010"},"content":{"rendered":"<p>Confira quest\u00e3o de matem\u00e1tica do concurso da <strong>MTE 2010.<\/strong><\/p>\n\n\n\n<p><strong>Observe as frases abaixo.<\/strong><\/p>\n\n\n\n<p>I \u2013 Os linguistas tiveram participa\u00e7\u00e3o na pol\u00eamica.<br>II \u2013 Caberam todos no carro.<br>III \u2013 Quando o sol se p\u00f4r, vamos embora.<\/p>\n\n\n\n<p><strong>A(s) senten\u00e7a(s) em que os verbos irregulares ter, caber e p\u00f4r est\u00e3o flexionados de acordo com a norma-padr\u00e3o \u00e9(s\u00e3o) APENAS<\/strong><\/p>\n\n\n\n<p><em>(A) I<\/em><br><em>(B) II<\/em><br><em>(C) III<\/em><br><em>(D) I e II<\/em><br><em>(E) II e III<\/em><\/p>\n\n\n\n<p class=\"has-text-align-center\"><strong>Solu\u00e7\u00e3o<\/strong><\/p>\n\n\n\n<p>Na frase I, o verbo \u201cter\u201d estar flexionado na 3\u00aa pessoa do plural do pret\u00e9rito perfeito do indicativo.<\/p>\n\n\n\n<p>Na frase II, o verbo \u201ccaber\u201d deveria estar flexionado na 3\u00aa pessoa do plural do pret\u00e9rito perfeito do indicativo.<\/p>\n\n\n\n<p>PRET\u00c9RITO PERFEITO DO INDICATIVO<\/p>\n\n\n\n<p>EU coube<br>TU coubeste<br>ELE coube<br>N\u00d3S coubemos<br>V\u00d3S coubestes<br>ELES couberam<\/p>\n\n\n\n<p>Na frase III, o verbo \u201cp\u00f4r\u201d deveria estar flexionado na 3\u00aa pessoa do singular do futuro do subjuntivo.<\/p>\n\n\n\n<p>FUTURO DO SUBJUNTIVO<\/p>\n\n\n\n<p>EU puser<br>TU puseres<br>ELE puser<br>N\u00d3S pusermos<br>V\u00d3S puserdes<br>ELES puserem<\/p>","protected":false},"excerpt":{"rendered":"<p>Confira quest\u00e3o de matem\u00e1tica do concurso da MTE 2010. Observe as frases abaixo. I \u2013 Os linguistas tiveram participa\u00e7\u00e3o na pol\u00eamica.II \u2013 Caberam todos no carro.III \u2013 Quando o sol se p\u00f4r, vamos embora. A(s) senten\u00e7a(s) em que os verbos irregulares ter, caber e p\u00f4r est\u00e3o flexionados de acordo com a norma-padr\u00e3o \u00e9(s\u00e3o) APENAS (A) [&hellip;]<\/p>\n","protected":false},"author":16,"featured_media":4675,"comment_status":"closed","ping_status":"open","sticky":false,"template":"","format":"standard","meta":{"_acf_changed":false,"footnotes":"","_wp_rev_ctl_limit":""},"categories":[33508],"tags":[8397,8398,8399,8400,8401,8402,8403,8404,580,7840,8508],"class_list":["post-5554","post","type-post","status-publish","format-standard","has-post-thumbnail","hentry","category-artigos","tag-apostila-concurso-mte","tag-apostila-concurso-mte-agente-administrativo","tag-apostila-concurso-mte-2014","tag-apostila-concurso-mte-2014-agente-administrativo","tag-apostila-mte-agente-administrativo","tag-apostila-mte-2014-agente-administrativo","tag-concurso-mte-agente-administrativo","tag-concurso-mte-2014-agente-administrativo","tag-material-de-estudo","tag-questoes","tag-questoes-de-portugues"],"acf":[],"_links":{"self":[{"href":"https:\/\/www.novaconcursos.com.br\/portal\/wp-json\/wp\/v2\/posts\/5554","targetHints":{"allow":["GET"]}}],"collection":[{"href":"https:\/\/www.novaconcursos.com.br\/portal\/wp-json\/wp\/v2\/posts"}],"about":[{"href":"https:\/\/www.novaconcursos.com.br\/portal\/wp-json\/wp\/v2\/types\/post"}],"author":[{"embeddable":true,"href":"https:\/\/www.novaconcursos.com.br\/portal\/wp-json\/wp\/v2\/users\/16"}],"replies":[{"embeddable":true,"href":"https:\/\/www.novaconcursos.com.br\/portal\/wp-json\/wp\/v2\/comments?post=5554"}],"version-history":[{"count":3,"href":"https:\/\/www.novaconcursos.com.br\/portal\/wp-json\/wp\/v2\/posts\/5554\/revisions"}],"predecessor-version":[{"id":261260,"href":"https:\/\/www.novaconcursos.com.br\/portal\/wp-json\/wp\/v2\/posts\/5554\/revisions\/261260"}],"wp:featuredmedia":[{"embeddable":true,"href":"https:\/\/www.novaconcursos.com.br\/portal\/wp-json\/wp\/v2\/media\/4675"}],"wp:attachment":[{"href":"https:\/\/www.novaconcursos.com.br\/portal\/wp-json\/wp\/v2\/media?parent=5554"}],"wp:term":[{"taxonomy":"category","embeddable":true,"href":"https:\/\/www.novaconcursos.com.br\/portal\/wp-json\/wp\/v2\/categories?post=5554"},{"taxonomy":"post_tag","embeddable":true,"href":"https:\/\/www.novaconcursos.com.br\/portal\/wp-json\/wp\/v2\/tags?post=5554"}],"curies":[{"name":"wp","href":"https:\/\/api.w.org\/{rel}","templated":true}]}}