{"id":56100,"date":"2019-10-29T13:23:00","date_gmt":"2019-10-29T16:23:00","guid":{"rendered":"http:\/\/www.novaconcursos.com.br\/portal\/?post_type=nc-public-tender&#038;p=56100"},"modified":"2024-12-16T10:11:28","modified_gmt":"2024-12-16T13:11:28","slug":"concurso-sesi-sp","status":"publish","type":"post","link":"https:\/\/www.novaconcursos.com.br\/portal\/concursos\/concurso-sesi-sp\/","title":{"rendered":"Concurso SESI SP"},"content":{"rendered":"<p>Saiu o edital do novo <strong>concurso SESI SP<\/strong> (Servi\u00e7o Social da Ind\u00fastria de S\u00e3o Paulo)! As oportunidades s\u00e3o destinadas para cargos de <strong>Professores<\/strong>, com sal\u00e1rios de at\u00e9 R$ 5 mil.<\/p>\n<h2 id=\"como-fazer-a-inscrio-no-concurso-sesi-sp\">Como fazer a inscri\u00e7\u00e3o no concurso SESI SP?<\/h2>\n<p>Os interessados dever\u00e3o se inscrever do dia <strong>22 de outubro at\u00e9 o dia 5 de novembro de 2019<\/strong>, por meio do site da banca organizadora, <a href=\"https:\/\/ckmservicos.selecao.net.br\/informacoes\/45\/\" target=\"_blank\" rel=\"noopener noreferrer\">CKM Servi\u00e7os<\/a>. A taxa de inscri\u00e7\u00e3o tem o valor de R$ 30,00.<\/p>\n<h2 id=\"quem-pode-fazer-o-concurso-sesi-sp\">Quem pode fazer o concurso SESI SP?<\/h2>\n<p>As oportunidades s\u00e3o destinadas ao cargo de:<\/p>\n<ul><li>Professor de Educa\u00e7\u00e3o B\u00e1sica I (PEB I): Auxiliar Docente, Ensino Fundamental 1\u00ba ao 5\u00ba ano, Educa\u00e7\u00e3o Infantil, Programa de Alfabetiza\u00e7\u00e3o Intensiva (PAI);<\/li>\n<li>Professor de Educa\u00e7\u00e3o B\u00e1sica II (PEB II): Ensino Fundamental 6\u00ba ao 9\u00ba ano: Ci\u00eancias;<\/li>\n<li>PEB I, PEB II e Professor de Educa\u00e7\u00e3o B\u00e1sica III (PEB III): Ensino Fundamental 1\u00ba ao 5\u00ba ano, Ensino Fundamental 6\u00ba ao 9\u00ba ano e Ensino M\u00e9dio: Arte;<\/li>\n<li>PEB II e PEB III: Ensino Fundamental 6\u00ba ao 9\u00ba ano e Ensino M\u00e9dio: Geografia;<\/li>\n<li>PEB II e PEB III: Ensino Fundamental 6\u00ba ao 9\u00ba ano e Ensino M\u00e9dio: Hist\u00f3ria;<\/li>\n<li>PEB II e PEB III: Ensino Fundamental 6\u00ba ao 9\u00ba ano e Ensino M\u00e9dio: L\u00edngua Portuguesa;<\/li>\n<li>PEB I, PEB II e PEB III: Ensino Fundamental 1\u00ba ao 5\u00ba ano, Ensino Fundamental 6\u00ba ao 9\u00ba ano e Ensino M\u00e9dio: L\u00edngua Inglesa;<\/li>\n<li>PEB I, PEB II e PEB III: Ensino Fundamental 1\u00ba ao 5\u00ba ano, Ensino Fundamental 6\u00ba ao 9\u00ba ano e Ensino M\u00e9dio: Educa\u00e7\u00e3o F\u00edsica;<\/li>\n<li>PEB II e PEB III: Ensino Fundamental 6\u00ba ao 9\u00ba ano e Ensino M\u00e9dio: Matem\u00e1tica;<\/li>\n<li>PEB III: Ensino M\u00e9dio: Biologia;<\/li>\n<li>PEB III: Ensino M\u00e9dio: F\u00edsica;<\/li>\n<li>PEB III: Ensino M\u00e9dio: Qu\u00edmica;<\/li>\n<li>PEB III: Ensino M\u00e9dio: Filosofia;<\/li>\n<li>PEB III: Ensino M\u00e9dio: Sociologia.<\/li>\n<\/ul><p>Os sal\u00e1rios s\u00e3o os seguintes:<\/p>\n<ul><li>Professor de Educa\u00e7\u00e3o B\u00e1sica I: R$ 5.058,69;<\/li>\n<li>Professor de Educa\u00e7\u00e3o B\u00e1sica II: R$ 31,77 por hora\/aula;<\/li>\n<li>Professor de Educa\u00e7\u00e3o B\u00e1sica III: R$ 38,76 hora\/aula.<\/li>\n<\/ul><h2 id=\"quais-as-atribuies-dos-cargos-ofertados-pelo-concurso-sesi-s\">Quais as atribui\u00e7\u00f5es dos cargos ofertados pelo concurso SESI SP?<\/h2>\n<p><strong>Auxiliar Docente<\/strong>: Participar da elabora\u00e7\u00e3o da Proposta Pedag\u00f3gica e da avalia\u00e7\u00e3o da Unidade Escolar; Concretizar, por meio de a\u00e7\u00f5es did\u00e1ticas, projetos institucionais; Participar das reuni\u00f5es de Conselho de Classe; Participar de reuni\u00f5es pedag\u00f3gicas e reuni\u00f5es com os pais ou respons\u00e1veis pelos alunos; Desenvolver, coordenar e executar projetos educacionais voltados \u00e0 qualidade de vida \u2013 Programa Cidadania e Qualidade de Vida \u2013 CQV. Elaborar plano de trabalho docente, de acordo com as orienta\u00e7\u00f5es da Ger\u00eancia de Educa\u00e7\u00e3o; Incentivar e acompanhar os alunos na utiliza\u00e7\u00e3o dos recursos do laborat\u00f3rio de inform\u00e1tica educacional e da biblioteca escolar; Prestar pronto atendimento aos alunos, quando da ocorr\u00eancia de acidentes nas depend\u00eancias da Unidade Escolar, ou institui\u00e7\u00e3o parceira; Manter-se atualizado com as inova\u00e7\u00f5es did\u00e1ticopedag\u00f3gicas, visitando exposi\u00e7\u00f5es e feiras culturais, participando de congressos, confer\u00eancias, simp\u00f3sios, palestras e workshops, consultando revistas e publica\u00e7\u00f5es especializadas, Internet e livrarias, objetivando a aquisi\u00e7\u00e3o de novos conhecimentos e informa\u00e7\u00f5es de sua \u00e1rea de atua\u00e7\u00e3o, que possibilitar\u00e3o a melhoria de performance profissional; Atender aos alunos com necessidades educacionais especiais e manter os registros sobre os avan\u00e7os demonstrados na aprendizagem; Substituir, quando da aus\u00eancia de professores titulares, ministrando aulas para os alunos da Educa\u00e7\u00e3o B\u00e1sica; Participar do Programa de Desenvolvimento de Pessoal \u2013 PDP \u2013 promovido pela Ger\u00eancia de Educa\u00e7\u00e3o, visando o aperfei\u00e7oamento profissional; Organizar e participar de eventos, festividades, comemora\u00e7\u00f5es, excurs\u00f5es e outras atividades extracurriculares promovidas pela Unidade Escolar.<\/p>\n<p><strong>PEB I 1\u00ba ao 5\u00ba ano<\/strong>: Ministrar aulas aos alunos do 1\u00ba ao 5\u00ba ano, em conformidade com a metodologia proposta nos Referenciais Curriculares de Educa\u00e7\u00e3o B\u00e1sica do SESI-SP; Participar da elabora\u00e7\u00e3o da Proposta Pedag\u00f3gica e da avalia\u00e7\u00e3o da Unidade Escolar; Concretizar, por meio de a\u00e7\u00f5es did\u00e1ticas, projetos institucionais; Zelar pelo correto preenchimento do Di\u00e1rio de Classe, bem como outros documentos escolares sob sua responsabilidade, de acordo com as orienta\u00e7\u00f5es da Ger\u00eancia de Educa\u00e7\u00e3o; Participar das reuni\u00f5es de Conselho de Classe; Atender, individualmente, pais ou respons\u00e1veis pelos alunos quando necess\u00e1rio; Participar de reuni\u00f5es pedag\u00f3gicas e reuni\u00f5es com os pais ou respons\u00e1veis pelos alunos; Elaborar plano de trabalho docente, de acordo com as orienta\u00e7\u00f5es da Ger\u00eancia de Educa\u00e7\u00e3o; Elaborar relat\u00f3rio descritivo sobre os alunos que apresentam necessidades educacionais especiais, nos termos da legisla\u00e7\u00e3o vigente; Incentivar e acompanhar os alunos na utiliza\u00e7\u00e3o dos recursos do laborat\u00f3rio de inform\u00e1tica educacional e da biblioteca escolar; Elaborar e encaminhar relat\u00f3rio de acompanhamento de alunos \u00e0 Coordena\u00e7\u00e3o Pedag\u00f3gica, se necess\u00e1rio; Acompanhar as refei\u00e7\u00f5es das crian\u00e7as, observando e orientando-as quanto \u00e0 import\u00e2ncia de h\u00e1bitos alimentares saud\u00e1veis; Orientar as crian\u00e7as no tocante a quest\u00f5es de higiene e sa\u00fade, zelando pelos corretos procedimentos. Prestar pronto atendimento aos alunos, quando da ocorr\u00eancia de acidentes nas depend\u00eancias da Unidade Escolar, ou institui\u00e7\u00e3o parceira; Sistematizar registros de avalia\u00e7\u00e3o de desenvolvimento dos alunos ao longo do processo de ensino e aprendizagem; Manter-se atualizado com as inova\u00e7\u00f5es did\u00e1tico-pedag\u00f3gicas, visitando exposi\u00e7\u00f5es e feiras culturais, participando de congressos, confer\u00eancias, simp\u00f3sios, palestras e workshops, consultando revistas e publica\u00e7\u00f5es especializadas, Internet e livrarias, objetivando a aquisi\u00e7\u00e3o de novos conhecimentos e informa\u00e7\u00f5es de sua \u00e1rea de atua\u00e7\u00e3o, que possibilitar\u00e3o a melhoria de performance profissional; Atender aos alunos com necessidades educacionais especiais e manter os registros sobre os avan\u00e7os demonstrados na aprendizagem; Identificar os casos de alunos com problemas de frequ\u00eancia e os poss\u00edveis motivos, comunicando ao Administrador Escolar da Unidade; Participar do Programa de Desenvolvimento de Pessoal \u2013 PDP \u2013 promovido pela Ger\u00eancia de Educa\u00e7\u00e3o, visando o aperfei\u00e7oamento profissional; Organizar e participar de eventos, festividades, comemora\u00e7\u00f5es, excurs\u00f5es e outras atividades extracurriculares promovidas pela Unidade Escolar.<\/p>\n<p><strong>PEB I \u2013 Programa de Alfabetiza\u00e7\u00e3o Intensiva<\/strong>: Participar da elabora\u00e7\u00e3o da Proposta Pedag\u00f3gica e da avalia\u00e7\u00e3o da Unidade Escolar; Concretizar, por meio de a\u00e7\u00f5es did\u00e1ticas, projetos institucionais; Zelar pelo correto preenchimento do Di\u00e1rio de Classe, bem como outros documentos escolares sob sua responsabilidade, de acordo com as orienta\u00e7\u00f5es da Ger\u00eancia de Educa\u00e7\u00e3o; Participar das reuni\u00f5es de Conselho de Classe; Atender, individualmente, pais ou respons\u00e1veis pelos alunos quando necess\u00e1rio; Elaborar plano de trabalho docente, de acordo com as orienta\u00e7\u00f5es da Ger\u00eancia de Educa\u00e7\u00e3o; Incentivar e acompanhar os alunos na utiliza\u00e7\u00e3o dos recursos do laborat\u00f3rio de inform\u00e1tica educacional e da biblioteca escolar; Prestar pronto atendimento aos alunos, quando da ocorr\u00eancia de acidentes nas depend\u00eancias da Unidade Escolar, ou institui\u00e7\u00e3o parceira Promover o aprendizado dos alunos do Programa de Alfabetiza\u00e7\u00e3o Intensiva, desenvolvendo conte\u00fados de L\u00edngua Portuguesa e Matem\u00e1tica; Manter-se atualizado com as inova\u00e7\u00f5es did\u00e1tico-pedag\u00f3gicas, visitando exposi\u00e7\u00f5es e feiras culturais, participando de congressos, confer\u00eancias, simp\u00f3sios, palestras e workshops, consultando revistas e publica\u00e7\u00f5es especializadas, Internet e livrarias, objetivando a aquisi\u00e7\u00e3o de novos conhecimentos e informa\u00e7\u00f5es de sua \u00e1rea de atua\u00e7\u00e3o, que possibilitar\u00e3o a melhoria de performance profissional; Atender aos alunos com necessidades educacionais especiais e manter os registros sobre os avan\u00e7os demonstrados na aprendizagem; Identificar os casos de alunos com problemas de frequ\u00eancia e os poss\u00edveis motivos, comunicando ao Administrador Escolar da Unidade; Colaborar com a Unidade Escolar visando \u00e0 amplia\u00e7\u00e3o e\/ou manuten\u00e7\u00e3o do n\u00famero de alunos; Participar do Programa de Desenvolvimento de Pessoal \u2013 PDP \u2013 promovido pela Ger\u00eancia de Educa\u00e7\u00e3o, visando o aperfei\u00e7oamento profissional; Organizar e participar de eventos, festividades, comemora\u00e7\u00f5es, excurs\u00f5es e outras atividades extracurriculares promovidas pela Unidade Escolar.<\/p>\n<p><strong>PEB I \u2013 Educa\u00e7\u00e3o Infantil<\/strong>: Participar da elabora\u00e7\u00e3o da Proposta Pedag\u00f3gica e da avalia\u00e7\u00e3o da Unidade Escolar; Concretizar, por meio de a\u00e7\u00f5es did\u00e1ticas, projetos institucionais; Zelar pelo correto preenchimento do Di\u00e1rio de Classe, bem como outros documentos escolares sob sua responsabilidade, de acordo com as orienta\u00e7\u00f5es da Ger\u00eancia de Educa\u00e7\u00e3o; Atender, individualmente, pais ou respons\u00e1veis pelos alunos quando necess\u00e1rio; Participar de reuni\u00f5es pedag\u00f3gicas e reuni\u00f5es com os pais ou respons\u00e1veis pelos alunos; Elaborar plano de trabalho docente, de acordo com as orienta\u00e7\u00f5es da Ger\u00eancia de Educa\u00e7\u00e3o; Elaborar relat\u00f3rio descritivo sobre os alunos que apresentam necessidades educacionais especiais, nos termos da legisla\u00e7\u00e3o vigente; Incentivar e acompanhar os alunos na utiliza\u00e7\u00e3o dosrecursos do laborat\u00f3rio de inform\u00e1tica educacional e da biblioteca escolar; Elaborar e encaminhar relat\u00f3rio de acompanhamento de alunos \u00e0 Coordena\u00e7\u00e3o Pedag\u00f3gica, se necess\u00e1rio; Ministrar aulas aos alunos da Educa\u00e7\u00e3o Infantil em conformidade com a metodologia proposta nos Referenciais Curriculares de Educa\u00e7\u00e3o B\u00e1sica do SESI-SP; Acompanhar as refei\u00e7\u00f5es das crian\u00e7as, observando e orientando-as quanto \u00e0 import\u00e2ncia de h\u00e1bitos alimentares saud\u00e1veis; Orientar as crian\u00e7as no tocante a quest\u00f5es de higiene e sa\u00fade, zelando pelos corretos procedimentos. Prestar pronto atendimento aos alunos, quando da ocorr\u00eancia de acidentes nas depend\u00eancias da Unidade Escolar, ou institui\u00e7\u00e3o parceira; Sistematizar registros de avalia\u00e7\u00e3o de desenvolvimento dos alunos ao longo do processo de ensino e aprendizagem; Manter-se atualizado com as inova\u00e7\u00f5es did\u00e1tico-pedag\u00f3gicas, visitando exposi\u00e7\u00f5es e feiras culturais, participando de congressos, confer\u00eancias, simp\u00f3sios, palestras e workshops, consultando revistas e publica\u00e7\u00f5es especializadas, Internet e livrarias, objetivando a aquisi\u00e7\u00e3o de novos conhecimentos e informa\u00e7\u00f5es de sua \u00e1rea de atua\u00e7\u00e3o, que possibilitar\u00e3o a melhoria de performance profissional; Atender aos alunos com necessidades educacionais especiais e manter os registros sobre os avan\u00e7os demonstrados na aprendizagem; Identificar os casos de alunos com problemas de frequ\u00eancia e os poss\u00edveis motivos, comunicando ao Administrador Escolar da Unidade; Participar do Programa de Desenvolvimento de Pessoal \u2013 PDP \u2013 promovido pela Ger\u00eancia de Educa\u00e7\u00e3o, visando o aperfei\u00e7oamento profissional; Organizar e participar de eventos, festividades, comemora\u00e7\u00f5es, excurs\u00f5es e outras atividades extracurriculares promovidas pela Unidade Escolar.<\/p>\n<p><strong>PEB II<\/strong>: Ministrar aulas aos alunos do 6.\u00ba ao 9.\u00ba ano, em conformidade com a metodologia proposta nos Referenciais Curriculares de Educa\u00e7\u00e3o B\u00e1sica do SESI-SP; Concretizar, por meio de a\u00e7\u00f5es did\u00e1ticas, projetos institucionais; Zelar pelo correto preenchimento e atualiza\u00e7\u00e3o do Di\u00e1rio de Classe bem como outros documentos escolares sob sua responsabilidade, de acordo com as orienta\u00e7\u00f5es da Ger\u00eancia de Educa\u00e7\u00e3o; Participar de reuni\u00f5es pedag\u00f3gicas e reuni\u00f5es com os pais ou respons\u00e1veis pelos alunos; Elaborar plano de trabalho docente, de acordo com as orienta\u00e7\u00f5es da Ger\u00eancia de Educa\u00e7\u00e3o ; Elaborar relat\u00f3rio descritivo sobre os alunos que apresentam necessidades educacionais especiais, nos termos da legisla\u00e7\u00e3o vigente; Manter-se atualizado com as inova\u00e7\u00f5es did\u00e1tico-pedag\u00f3gicas, visitando exposi\u00e7\u00f5es e feiras culturais, participando de congressos, confer\u00eancias, simp\u00f3sios, palestras e workshops, consultando revistas e publica\u00e7\u00f5es especializadas, Internet e livrarias, objetivando a aquisi\u00e7\u00e3o de novos conhecimentos e informa\u00e7\u00f5es de sua \u00e1rea de atua\u00e7\u00e3o, que possibilitar\u00e3o a melhoria de performance profissional; Prestar pronto atendimento aos alunos, quando da ocorr\u00eancia de acidentes nas depend\u00eancias da Unidade Escolar; Elaborar e encaminhar relat\u00f3rio de acompanhamento de alunos \u00e0 Coordena\u00e7\u00e3o Pedag\u00f3gica, se necess\u00e1rio; Sistematizar registros de avalia\u00e7\u00e3o de desenvolvimento dos alunos ao longo do processo de ensino e aprendizagem; Identificar os casos de alunos com problemas de frequ\u00eancia e os poss\u00edveis motivos, comunicando ao Administrador Escolar da Unidade.<\/p>\n<p><strong>PEB III<\/strong>: Ministrar aulas aos alunos do Ensino M\u00e9dio, em conformidade com a metodologia proposta nos Referenciais Curriculares de Educa\u00e7\u00e3o B\u00e1sica do SESI-SP; Participar da elabora\u00e7\u00e3o da Proposta Pedag\u00f3gica e da avalia\u00e7\u00e3o da Unidade Escolar; Concretizar, por meio de a\u00e7\u00f5es did\u00e1ticas, projetos institucionais; Participar de reuni\u00f5es de Conselho de Classe; Participar de reuni\u00f5es pedag\u00f3gicas e reuni\u00f5es com os pais ou respons\u00e1veis pelos alunos; Participar do Programa de Desenvolvimento de Pessoal \u2013 PDP \u2013 promovido pela Ger\u00eancia de Educa\u00e7\u00e3o; Organizar e participar de eventos, festividades, comemora\u00e7\u00f5es, excurs\u00f5es e outras atividades extracurriculares promovidas pela Unidade Escolar; Elaborar relat\u00f3rio descritivo sobre os alunos que apresentam necessidades educacionais especiais, nos termos da legisla\u00e7\u00e3o vigente; Manter-se atualizado com as inova\u00e7\u00f5es did\u00e1tico-pedag\u00f3gicas, visitando exposi\u00e7\u00f5es e feiras culturais, participando de congressos, confer\u00eancias, simp\u00f3sios, palestras e workshops, consultando revistas e publica\u00e7\u00f5es especializadas, Internet e livrarias, objetivando a aquisi\u00e7\u00e3o de novos conhecimentos e informa\u00e7\u00f5es de sua \u00e1rea de atua\u00e7\u00e3o, que possibilitar\u00e3o a melhoria de performance profissional; Prestar pronto atendimento aos alunos, quando da ocorr\u00eancia de acidentes nas depend\u00eancias da Unidade Escolar; Oportunizar, incentivar e acompanhar os alunos na utiliza\u00e7\u00e3o dos recursos do laborat\u00f3rio de Inform\u00e1tica Educacional e da biblioteca escolar; Elaborar e encaminhar relat\u00f3rio de acompanhamento de alunos \u00e0 Coordena\u00e7\u00e3o Pedag\u00f3gica, se necess\u00e1rio; Sistematizar registros de avalia\u00e7\u00e3o de desenvolvimento dos alunos ao longo do processo de ensino e aprendizagem; Identificar os casos de alunos com problemas de frequ\u00eancia e os poss\u00edveis motivos, comunicando ao Administrador Escolar da Unidade.<\/p>\n<h2 id=\"quais-so-os-requisitos-para-contratao-do-concurso-sesi-sp\">Quais s\u00e3o os requisitos para contrata\u00e7\u00e3o do concurso SESI SP?<\/h2>\n<ul><li>Possuir os requisitos de escolaridade exigidos para o cargo pretendido, de acordo com a qualifica\u00e7\u00e3o estipulada dos requisitos de escolaridade;<\/li>\n<li>Ter idade m\u00ednima de 18 (dezoito) anos na data da contrata\u00e7\u00e3o;<\/li>\n<li>Ser eleitor e estar em dia com suas obriga\u00e7\u00f5es eleitorais;<\/li>\n<li>Estar em dia com as obriga\u00e7\u00f5es militares (se do sexo masculino);<\/li>\n<li>Gozar de sa\u00fade f\u00edsica e mental compat\u00edveis com o exerc\u00edcio das fun\u00e7\u00f5es que competem ao cargo a que concorre;<\/li>\n<li>Ser julgado apto em exame de sanidade f\u00edsica e mental, a crit\u00e9rio do M\u00e9dico do Trabalho do SESI\/SP;<\/li>\n<li>Se candidato ao cargo de PEB \u2013 Educa\u00e7\u00e3o F\u00edsica, estar em dia com as obriga\u00e7\u00f5es do Conselho Regional de Educa\u00e7\u00e3o F\u00edsica.<\/li>\n<\/ul><h2 id=\"como-ser-a-prova-do-concurso-sesi-sp\">Como ser\u00e1 a prova do concurso SESI SP?<\/h2>\n<p>Os candidatos ser\u00e3o avaliados por meio de <strong>provas objetivas<\/strong>, previstas para serem realizadas no dia <strong>15 de dezembro de 2019<\/strong>.<\/p>\n<p>As provas ser\u00e3o aplicadas nas cidades de S\u00e3o Paulo, Americana, Andradina, Ara\u00e7atuba, Araraquara, Araras, Barretos, Bauru, Bebedouro, Birigui, Botucatu, Bragan\u00e7a Paulista, Campinas, Cruzeiro, Franca, Itapetininga, Itu, Ja\u00fa, Jundia\u00ed, Limeira, Mar\u00edlia, Mat\u00e3o, Mogi das Cruzes, Mogi Gua\u00e7u, Osasco, Ourinhos, Piracicaba, Porto Ferreira, Presidente Prudente, Registro, Ribeir\u00e3o Preto, Rio Claro, Santo Andr\u00e9, Santos, S\u00e3o Bernardo do Campo, S\u00e3o Carlos, S\u00e3o Jo\u00e3o da Boa Vista, S\u00e3o Jos\u00e9 do Rio Preto, S\u00e3o Jos\u00e9 dos Campos, Sert\u00e3ozinho, Sorocaba, Tamba\u00fa, Tatu\u00ed, Taubat\u00e9, e Votuporanga.<\/p>\n<p>A prova ser\u00e1 composta de 50 quest\u00f5es, com pontua\u00e7\u00e3o m\u00e1xima de 100 pontos. Sua estrutura \u00e9 a seguinte: L\u00edngua Portuguesa (10 quest\u00f5es), Conhecimentos Pedag\u00f3gicos (20), Conhecimentos Espec\u00edficos (20 quest\u00f5es).<\/p>\n<p>Confira o <strong>conte\u00fado program\u00e1tico<\/strong>:<\/p>\n<ul><li>L\u00edngua Portuguesa: Interpreta\u00e7\u00e3o e diferencia\u00e7\u00e3o de g\u00eaneros textuais: As quest\u00f5es de L\u00edngua Portuguesa t\u00eam por objetivo verificar, entre outras quest\u00f5es, a capacidade de leitura, compreens\u00e3o e interpreta\u00e7\u00e3o de texto, bem como, a habilidade de usar a linguagem como meio para produzir, expressar e comunicar ideias em diferentes situa\u00e7\u00f5es.<\/li>\n<li>Conhecimentos Pedag\u00f3gicos: Parceria escola e fam\u00edlia; LDB; compet\u00eancias socioemocionais; 10 compet\u00eancias da BNCC; Temas contempor\u00e2neos- BNCC; conceito de educa\u00e7\u00e3o integral; igualdade, diversidade e equidade; quest\u00f5es que contemplem situa\u00e7\u00f5es reais de sala de aula; avalia\u00e7\u00e3o mediadora; estudante como protagonista da aprendizagem; professor mediador; como o aluno aprende? (aprendizagem significativa).<\/li>\n<\/ul>","protected":false},"excerpt":{"rendered":"<p>Saiu o edital do novo concurso SESI SP (Servi\u00e7o Social da Ind\u00fastria de S\u00e3o Paulo)! As oportunidades s\u00e3o destinadas para cargos de Professores, com sal\u00e1rios de at\u00e9 R$ 5 mil.<\/p>\n","protected":false},"author":28995,"featured_media":0,"comment_status":"closed","ping_status":"closed","sticky":false,"template":"","format":"standard","meta":{"_acf_changed":false,"footnotes":"","_wp_rev_ctl_limit":""},"categories":[44999],"tags":[],"class_list":["post-56100","post","type-post","status-publish","format-standard","hentry","category-concursos"],"acf":[],"_links":{"self":[{"href":"https:\/\/www.novaconcursos.com.br\/portal\/wp-json\/wp\/v2\/posts\/56100","targetHints":{"allow":["GET"]}}],"collection":[{"href":"https:\/\/www.novaconcursos.com.br\/portal\/wp-json\/wp\/v2\/posts"}],"about":[{"href":"https:\/\/www.novaconcursos.com.br\/portal\/wp-json\/wp\/v2\/types\/post"}],"author":[{"embeddable":true,"href":"https:\/\/www.novaconcursos.com.br\/portal\/wp-json\/wp\/v2\/users\/28995"}],"replies":[{"embeddable":true,"href":"https:\/\/www.novaconcursos.com.br\/portal\/wp-json\/wp\/v2\/comments?post=56100"}],"version-history":[{"count":5,"href":"https:\/\/www.novaconcursos.com.br\/portal\/wp-json\/wp\/v2\/posts\/56100\/revisions"}],"predecessor-version":[{"id":124550,"href":"https:\/\/www.novaconcursos.com.br\/portal\/wp-json\/wp\/v2\/posts\/56100\/revisions\/124550"}],"wp:attachment":[{"href":"https:\/\/www.novaconcursos.com.br\/portal\/wp-json\/wp\/v2\/media?parent=56100"}],"wp:term":[{"taxonomy":"category","embeddable":true,"href":"https:\/\/www.novaconcursos.com.br\/portal\/wp-json\/wp\/v2\/categories?post=56100"},{"taxonomy":"post_tag","embeddable":true,"href":"https:\/\/www.novaconcursos.com.br\/portal\/wp-json\/wp\/v2\/tags?post=56100"}],"curies":[{"name":"wp","href":"https:\/\/api.w.org\/{rel}","templated":true}]}}