{"id":56921,"date":"2017-08-17T08:40:23","date_gmt":"2017-08-17T11:40:23","guid":{"rendered":"http:\/\/www.novaconcursos.com.br\/portal\/?p=56921"},"modified":"2024-11-18T15:14:23","modified_gmt":"2024-11-18T18:14:23","slug":"concurso-e-parana-110-vagas-para-area-de-comunicacao-2017-07","status":"publish","type":"post","link":"https:\/\/www.novaconcursos.com.br\/portal\/noticias\/concurso-e-parana-110-vagas-para-area-de-comunicacao-2017-07\/","title":{"rendered":"Concurso E-Paran\u00e1: \u00daltimo dia de inscri\u00e7\u00f5es com 110 vagas e sal\u00e1rios de at\u00e9 R$ 4,4 mil!"},"content":{"rendered":"<p>Aten\u00e7\u00e3o concurseiros paranaenses<strong>!<\/strong> A <strong>E-Paran\u00e1 Comunica\u00e7\u00e3o<\/strong>, servi\u00e7o social aut\u00f4nomo vinculado \u00e0 Secretaria de Estado da Comunica\u00e7\u00e3o Social, encerra hoje (<strong>17\/08<\/strong>) as inscri\u00e7\u00f5es para <strong>Processo Seletivo\u00a0voltado<\/strong> a candidatos de <strong>n\u00edvel m\u00e9dio, t\u00e9cnico e superior<\/strong>.<\/p>\n<p>A sele\u00e7\u00e3o\u00a0oferece <strong>110 vagas, mais cadastro reserva,\u00a0<\/strong>com sal\u00e1rios de at\u00e9 <strong>R$ 4,4 mil!<\/strong><\/p>\n<p style=\"text-align: center;\"><strong><a style=\"color: #000000;\" href=\"https:\/\/www.novaconcursos.com.br\/concurso\/e-pr-e-parana-comunicacao\/apostila?utm_source=blog&amp;utm_medium=smm&amp;utm_content=link-texto&amp;utm_campaign=blog-noticia-e-parana\" target=\"_blank\" rel=\"noopener noreferrer\">\u00bb Adquira as Apostilas do\u00a0<span style=\"text-decoration: underline; color: #0000ff;\">Concurso E-Paran\u00e1<\/span>\u00a0e parcele o pagamento\u00a0<span style=\"text-decoration: underline; color: #ff0000;\">SEM JUROS<\/span>! \u00ab<\/a><\/strong><\/p>\n<p><span style=\"color: #000000;\"><strong>Inscri\u00e7\u00f5es<\/strong><\/span><\/p>\n<p>O per\u00edodo de inscri\u00e7\u00f5es se estende at\u00e9 \u00e0s <strong>23h59min<\/strong> de hoje, dia <strong>17 de agosto de 2017.<\/strong><\/p>\n<p>Para participar, os interessados dever\u00e3o acessar o site da organizadora, a Funda\u00e7\u00e3o de Apoio ao Desenvolvimento da Unicentro (<span style=\"text-decoration: underline; color: #0000ff;\"><a style=\"color: #0000ff; text-decoration: underline;\" href=\"http:\/\/www.concursosfau.com.br\/?sub=concursos&amp;id=39\" target=\"_blank\" rel=\"noopener noreferrer\">FAU<\/a><\/span>). O valor da taxa varia entre <strong>R$ 60,00 e R$ 95,00<\/strong>, valor que dever\u00e1 ser pago at\u00e9 o dia <strong>18 de agosto<\/strong>.<\/p>\n<p>Importante salientar que os profissionais que se inscreveram para o edital do Concurso P\u00fablico n\u00ba 01\/2016, e <strong>n\u00e3o solicitaram ressarcimento<\/strong>, podem aproveitar o valor que foi pago, para concorrer \u00e0s oportunidades deste Processo Seletivo atual, lembrando de <strong>refazer a inscri\u00e7\u00e3o<\/strong> no novo edital.<\/p>\n<p><span style=\"color: #000000;\"><strong>Vagas e sal\u00e1rios<\/strong><\/span><\/p>\n<p>As <strong>110 oportunidades<\/strong> est\u00e3o distribu\u00eddas entre cargos de <strong>n\u00edveis m\u00e9dio, t\u00e9cnico e superior<\/strong>. S\u00e3o eles:<\/p>\n<p>Administrador (1); Advogado (1); Analista de Capta\u00e7\u00e3o de Recursos e Projetos Culturais (1); Analista de Cria\u00e7\u00e3o e Desenvolvimento em Web e Plataformas Digitais (2); Analista de Eventos (2); Analista de Marketing (1); Analista de M\u00eddia; Analista de M\u00eddias Sociais (4); Analista de Recursos Humanos (1); Contador (1); Designer Gr\u00e1fico (5); Editor de Radio e TV (9); Jornalista (4); Produtor de Radio e TV (15); Redator Publicit\u00e1rio (1); Rela\u00e7\u00f5es P\u00fablicas (1); Rep\u00f3rter de R\u00e1dio e TV (10); Rep\u00f3rter Cinematogr\u00e1fico (5); Rep\u00f3rter Fotogr\u00e1fico (2); WebDesigner (3); Auxiliar Administrativo (1); Auxiliar de Almoxarifado T\u00e9cnico (1); Auxiliar de Eventos (1); Diretor de Cena (2); Editor de Imagem e Finaliza\u00e7\u00e3o (9); Eletrot\u00e9cnico (1); Locutor; Motorista (1); Operador de \u00c1udio (9); Produtor Executivo de R\u00e1dio, TV e M\u00eddias Digitais (4); Programador Musical (6); Secret\u00e1rio (1); Sonoplasta (2); Supervisor de Programa\u00e7\u00e3o (1); T\u00e9cnico em Tecnologia da Informa\u00e7\u00e3o (1); e Assistente de C\u00e2mera (1).<\/p>\n<p>A remunera\u00e7\u00f5es variam de <strong>R$ 1.500,00 a R$ 4.400,22<\/strong>, e os profissionais ser\u00e3o contratados sob regime celetista. A jornada de trabalho varia de <strong>25h at\u00e9 40h<\/strong> semanais.<\/p>\n<p><span style=\"color: #000000;\"><strong>Provas<\/strong><\/span><\/p>\n<p>O exame ter\u00e1 quest\u00f5es de:<\/p>\n<p>\u2014 <strong>L\u00edngua Portuguesa<\/strong>\u00a0(Prepare-se com Dicas de Portugu\u00eas\u00a0<span style=\"text-decoration: underline; color: #0000ff;\">C<a style=\"color: #0000ff;\" href=\"https:\/\/www.novaconcursos.com.br\/apostila\/curso-online\/curso-preparatorio\/curso-preparatorio-dica-professor-filemon-curso-online-nova\" target=\"_blank\" rel=\"noopener noreferrer\">urso preparat\u00f3rio<\/a><\/span>);<\/p>\n<p>\u2014 <strong>Racioc\u00ednio L\u00f3gico e Matem\u00e1tico<\/strong>\u00a0(Prepare-se com Caderno de Testes \u2013\u00a0<span style=\"text-decoration: underline; color: #0000ff;\"><a style=\"color: #0000ff; text-decoration: underline;\" href=\"https:\/\/www.novaconcursos.com.br\/livro\" target=\"_blank\" rel=\"noopener noreferrer\">500 Testes de Racioc\u00ednio L\u00f3gico<\/a><\/span>);<\/p>\n<p>\u2014 <strong>Conhecimentos Gerais<\/strong>;<\/p>\n<p>\u2014 <strong>Conhecimentos Espec\u00edficos<\/strong>.<\/p>\n<p>Os candidatos ainda ser\u00e3o avaliados por meio de <strong>prova discursiva, avalia\u00e7\u00e3o de t\u00edtulos<\/strong>, pontua\u00e7\u00e3o para <strong>tempo de experi\u00eancia e forma\u00e7\u00e3o acad\u00eamica.<\/strong><\/p>\n<p style=\"text-align: center;\"><strong>Para mais informa\u00e7\u00f5es e acesso ao edital,<\/strong> <span style=\"text-decoration: underline; color: #0000ff;\"><a style=\"color: #0000ff; text-decoration: underline;\" href=\"https:\/\/www.novaconcursos.com.br\/portal\/concursos\/concurso-e-parana\/\" target=\"_blank\" rel=\"noopener noreferrer\">veja a p\u00e1gina do <strong>Concurso E-Paran\u00e1<\/strong><\/a><\/span><\/p>\n<p>A\u00a0<span style=\"text-decoration: underline; color: #000000;\"><a style=\"color: #000000;\" href=\"https:\/\/www.novaconcursos.com.br\/?utm_source=blog&amp;utm_medium=smm&amp;utm_content=link-texto&amp;utm_campaign=home\" target=\"_blank\" rel=\"noopener noreferrer\"><strong>Nova\u00a0Concursos<\/strong><\/a><\/span>\u00a0tem ajudado h\u00e1 mais de 8 anos quem quer vencer a batalha do concurso p\u00fablico. Se voc\u00ea quer aumentar as suas chances de passar, conhe\u00e7a os nossos materiais, acessando o nosso site!<\/p>\n<p style=\"text-align: center;\"><span style=\"color: #000000;\"><strong><a style=\"color: #000000;\" href=\"https:\/\/www.novaconcursos.com.br\/concurso\/e-pr-e-parana-comunicacao\/apostila?utm_source=blog&amp;utm_medium=smm&amp;utm_content=link-texto&amp;utm_campaign=blog-noticia-e-parana\" target=\"_blank\" rel=\"noopener noreferrer\">\u00bb Adquira as Apostilas do <span style=\"text-decoration: underline; color: #0000ff;\">Concurso E-Paran\u00e1<\/span>\u00a0e parcele o pagamento <span style=\"text-decoration: underline; color: #ff0000;\">SEM JUROS<\/span>! \u00ab<\/a><\/strong><\/span><\/p>","protected":false},"excerpt":{"rendered":"<p>Aten\u00e7\u00e3o concurseiros paranaenses! A E-Paran\u00e1 Comunica\u00e7\u00e3o, servi\u00e7o social aut\u00f4nomo vinculado \u00e0 Secretaria de Estado da Comunica\u00e7\u00e3o Social, encerra hoje (17\/08) as inscri\u00e7\u00f5es para Processo Seletivo\u00a0voltado a candidatos de n\u00edvel m\u00e9dio, t\u00e9cnico e superior. A sele\u00e7\u00e3o\u00a0oferece 110 vagas, mais cadastro reserva,\u00a0com sal\u00e1rios de at\u00e9 R$ 4,4 mil! \u00bb Adquira as Apostilas do\u00a0Concurso E-Paran\u00e1\u00a0e parcele o pagamento\u00a0SEM [&hellip;]<\/p>\n","protected":false},"author":16,"featured_media":56922,"comment_status":"closed","ping_status":"closed","sticky":false,"template":"","format":"standard","meta":{"_acf_changed":false,"footnotes":"","_wp_rev_ctl_limit":""},"categories":[228],"tags":[21628,21629,21632,21630,21631],"class_list":["post-56921","post","type-post","status-publish","format-standard","has-post-thumbnail","hentry","category-noticias","tag-concurso-e-parana","tag-concurso-e-parana-2017","tag-concurso-e-parana-comunicacao","tag-edital-concurso-e-parana","tag-inscricoes-concurso-e-parana"],"acf":[],"_links":{"self":[{"href":"https:\/\/www.novaconcursos.com.br\/portal\/wp-json\/wp\/v2\/posts\/56921","targetHints":{"allow":["GET"]}}],"collection":[{"href":"https:\/\/www.novaconcursos.com.br\/portal\/wp-json\/wp\/v2\/posts"}],"about":[{"href":"https:\/\/www.novaconcursos.com.br\/portal\/wp-json\/wp\/v2\/types\/post"}],"author":[{"embeddable":true,"href":"https:\/\/www.novaconcursos.com.br\/portal\/wp-json\/wp\/v2\/users\/16"}],"replies":[{"embeddable":true,"href":"https:\/\/www.novaconcursos.com.br\/portal\/wp-json\/wp\/v2\/comments?post=56921"}],"version-history":[{"count":9,"href":"https:\/\/www.novaconcursos.com.br\/portal\/wp-json\/wp\/v2\/posts\/56921\/revisions"}],"predecessor-version":[{"id":261712,"href":"https:\/\/www.novaconcursos.com.br\/portal\/wp-json\/wp\/v2\/posts\/56921\/revisions\/261712"}],"wp:featuredmedia":[{"embeddable":true,"href":"https:\/\/www.novaconcursos.com.br\/portal\/wp-json\/wp\/v2\/media\/56922"}],"wp:attachment":[{"href":"https:\/\/www.novaconcursos.com.br\/portal\/wp-json\/wp\/v2\/media?parent=56921"}],"wp:term":[{"taxonomy":"category","embeddable":true,"href":"https:\/\/www.novaconcursos.com.br\/portal\/wp-json\/wp\/v2\/categories?post=56921"},{"taxonomy":"post_tag","embeddable":true,"href":"https:\/\/www.novaconcursos.com.br\/portal\/wp-json\/wp\/v2\/tags?post=56921"}],"curies":[{"name":"wp","href":"https:\/\/api.w.org\/{rel}","templated":true}]}}