{"id":57167,"date":"2017-07-25T14:38:23","date_gmt":"2017-07-25T17:38:23","guid":{"rendered":"http:\/\/www.novaconcursos.com.br\/portal\/?post_type=nc-public-tender&#038;p=57167"},"modified":"2024-12-16T10:54:12","modified_gmt":"2024-12-16T13:54:12","slug":"concurso-e-parana","status":"publish","type":"post","link":"https:\/\/www.novaconcursos.com.br\/portal\/concursos\/concurso-e-parana\/","title":{"rendered":"Concurso E-Paran\u00e1"},"content":{"rendered":"<p>A\u00a0<strong>E-Paran\u00e1 Comunica\u00e7\u00e3o<\/strong>, servi\u00e7o social aut\u00f4nomo vinculado \u00e0 Secretaria de Estado da Comunica\u00e7\u00e3o Social, reabre as inscri\u00e7\u00f5es para\u00a0<strong>Processo Seletivo\u00a0voltado<\/strong>\u00a0a candidatos de\u00a0<strong>n\u00edvel m\u00e9dio, t\u00e9cnico e superior<\/strong>.<\/p>\n<p>O certame oferece\u00a0<strong>110 vagas, mais cadastro reserva,\u00a0<\/strong>com sal\u00e1rios de at\u00e9\u00a0<strong>R$ 4,4 mil!<\/strong><\/p>\n<p style=\"text-align: center;\"><strong><a style=\"color: #000000;\" href=\"https:\/\/www.novaconcursos.com.br\/concurso\/e-pr-e-parana-comunicacao\/apostila?utm_source=blog&amp;utm_medium=smm&amp;utm_content=link-texto&amp;utm_campaign=blog-concurso-e-parana\" target=\"_blank\" rel=\"noopener\">\u00bb Adquira as Apostilas do\u00a0<span style=\"text-decoration: underline; color: #0000ff;\">Concurso E-Paran\u00e1<\/span>\u00a0e parcele o pagamento\u00a0<span style=\"text-decoration: underline; color: #ff0000;\">SEM JUROS<\/span>! \u00ab<\/a><\/strong><\/p>\n<p><span style=\"color: #000000;\"><strong>Como fazer a inscri\u00e7\u00e3o?<\/strong><\/span><\/p>\n<p>O per\u00edodo de inscri\u00e7\u00f5es se estende at\u00e9 \u00e0s 23h59min do dia\u00a0<strong>17 de agosto de 2017.<\/strong><\/p>\n<p>Para participar, os interessados dever\u00e3o acessar o site da organizadora, a Funda\u00e7\u00e3o de Apoio ao Desenvolvimento da Unicentro (<span style=\"text-decoration: underline; color: #0000ff;\"><a style=\"color: #0000ff; text-decoration: underline;\" href=\"http:\/\/www.concursosfau.com.br\/?sub=concursos&amp;id=39\" target=\"_blank\" rel=\"noopener\">FAU<\/a><\/span>). O valor da taxa varia entre\u00a0<strong>R$ 60,00 e R$ 95,00<\/strong>, valor que dever\u00e1 ser pago at\u00e9 o dia\u00a0<strong>18 de agosto<\/strong>.<\/p>\n<p>Importante salientar que os profissionais que se inscreveram para o edital do Concurso P\u00fablico n\u00ba 01\/2016, e\u00a0<strong>n\u00e3o solicitaram ressarcimento<\/strong>, podem aproveitar o valor que foi pago, para concorrer \u00e0s oportunidades deste Processo Seletivo atual, lembrando de\u00a0<strong>refazer a inscri\u00e7\u00e3o<\/strong>\u00a0no novo edital.<\/p>\n<p><span style=\"color: #000000;\"><strong>Vagas e sal\u00e1rios<\/strong><\/span><\/p>\n<p>As\u00a0<strong>110 oportunidades<\/strong>\u00a0est\u00e3o distribu\u00eddas entre cargos de\u00a0<strong>n\u00edveis m\u00e9dio, t\u00e9cnico e superior<\/strong>. S\u00e3o eles:<\/p>\n<p>Administrador (1); Advogado (1); Analista de Capta\u00e7\u00e3o de Recursos e Projetos Culturais (1); Analista de Cria\u00e7\u00e3o e Desenvolvimento em Web e Plataformas Digitais (2); Analista de Eventos (2); Analista de Marketing (1); Analista de M\u00eddia; Analista de M\u00eddias Sociais (4); Analista de Recursos Humanos (1); Contador (1); Designer Gr\u00e1fico (5); Editor de Radio e TV (9); Jornalista (4); Produtor de Radio e TV (15); Redator Publicit\u00e1rio (1); Rela\u00e7\u00f5es P\u00fablicas (1); Rep\u00f3rter de R\u00e1dio e TV (10); Rep\u00f3rter Cinematogr\u00e1fico (5); Rep\u00f3rter Fotogr\u00e1fico (2); WebDesigner (3); Auxiliar Administrativo (1); Auxiliar de Almoxarifado T\u00e9cnico (1); Auxiliar de Eventos (1); Diretor de Cena (2); Editor de Imagem e Finaliza\u00e7\u00e3o (9); Eletrot\u00e9cnico (1); Locutor; Motorista (1); Operador de \u00c1udio (9); Produtor Executivo de R\u00e1dio, TV e M\u00eddias Digitais (4); Programador Musical (6); Secret\u00e1rio (1); Sonoplasta (2); Supervisor de Programa\u00e7\u00e3o (1); T\u00e9cnico em Tecnologia da Informa\u00e7\u00e3o (1); e Assistente de C\u00e2mera (1).<\/p>\n<p>A remunera\u00e7\u00f5es variam de\u00a0<strong>R$ 1.500,00 a R$ 4.400,22<\/strong>, e os profissionais ser\u00e3o contratados sob regime celetista. A jornada de trabalho varia\u00a0de\u00a0<strong>25h at\u00e9 40h<\/strong>\u00a0semanais.<\/p>\n<p><span style=\"color: #000000;\"><strong>Como ser\u00e3o as Provas?<\/strong><\/span><\/p>\n<p>A avalia\u00e7\u00e3o ser\u00e1 por meio de\u00a0<strong>prova objetiva e<\/strong>\u00a0<strong>discursiva<\/strong>\u00a0previstas para o dia de\u00a0<strong>17 de setembro de 2017<\/strong>\u00a0em Curitiba.<\/p>\n<p>O exame ter\u00e1 quest\u00f5es de:<\/p>\n<p>\u2014\u00a0<strong>L\u00edngua Portuguesa<\/strong>\u00a0(Prepare-se com Dicas de Portugu\u00eas\u00a0<span style=\"text-decoration: underline; color: #0000ff;\">C<a style=\"color: #0000ff;\" href=\"https:\/\/www.novaconcursos.com.br\/apostila\/curso-online\/curso-preparatorio\/curso-preparatorio-dica-professor-filemon-curso-online-nova\" target=\"_blank\" rel=\"noopener\">urso preparat\u00f3rio<\/a><\/span>);<\/p>\n<p>\u2014\u00a0<strong>Racioc\u00ednio L\u00f3gico e Matem\u00e1tico<\/strong>\u00a0(Prepare-se com Caderno de Testes \u2013\u00a0<span style=\"text-decoration: underline; color: #0000ff;\"><a style=\"color: #0000ff; text-decoration: underline;\" href=\"https:\/\/www.novaconcursos.com.br\/livro\" target=\"_blank\" rel=\"noopener\">500 Testes de Racioc\u00ednio L\u00f3gico<\/a><\/span>);<\/p>\n<p>\u2014\u00a0<strong>Conhecimentos Gerais<\/strong>;<\/p>\n<p>\u2014\u00a0<strong>Conhecimentos Espec\u00edficos<\/strong>.<\/p>\n<p>Os candidatos ainda ser\u00e3o avaliados por meio de\u00a0<strong>prova discursiva, avalia\u00e7\u00e3o de t\u00edtulos<\/strong>, pontua\u00e7\u00e3o para\u00a0<strong>tempo de experi\u00eancia e forma\u00e7\u00e3o acad\u00eamica.<\/strong><\/p>\n<p style=\"text-align: center;\"><strong><a style=\"color: #000000;\" href=\"https:\/\/www.novaconcursos.com.br\/concurso\/e-pr-e-parana-comunicacao\/apostila?utm_source=blog&amp;utm_medium=smm&amp;utm_content=link-texto&amp;utm_campaign=blog-concurso-e-parana\" target=\"_blank\" rel=\"noopener\">\u00bb Adquira as Apostilas do\u00a0<span style=\"text-decoration: underline; color: #0000ff;\">Concurso E-Paran\u00e1<\/span>\u00a0e parcele o pagamento\u00a0<span style=\"text-decoration: underline; color: #ff0000;\">SEM JUROS<\/span>! \u00ab<\/a><\/strong><\/p>\n<p><a href=\"https:\/\/www.novaconcursos.com.br\/concurso\/e-pr-e-parana-comunicacao\/apostila?utm_source=blog&amp;utm_medium=smm&amp;utm_content=link-texto&amp;utm_campaign=blog-concurso-e-parana\" target=\"_blank\" rel=\"noopener\"><img decoding=\"async\" class=\"aligncenter wp-image-37405 size-full\" src=\"https:\/\/www.novaconcursos.com.br\/portal\/wp-content\/uploads\/2016\/04\/BANNER-GEN%C3%89RICO.jpg\" alt=\"Concurso E-Paran\u00e1\" width=\"590\" height=\"80\" loading=\"lazy\" title=\"\" srcset=\"https:\/\/www.novaconcursos.com.br\/portal\/wp-content\/uploads\/2016\/04\/BANNER-GEN\u00c9RICO-300x41.jpg 300w, https:\/\/www.novaconcursos.com.br\/portal\/wp-content\/uploads\/2016\/04\/BANNER-GEN\u00c9RICO.jpg 590w\" sizes=\"auto, (max-width: 480px) 100vw, (max-width: 768px) 100vw, (max-width: 1200px) 70vw, 768px\"><\/a><\/p>","protected":false},"excerpt":{"rendered":"<p>Concurso E-Paran\u00e1 reabre inscri\u00e7\u00f5es de Processo Seletivo para n\u00edvel m\u00e9dio, t\u00e9cnico e superior. Ser\u00e3o 110 vagas com sal\u00e1rios de at\u00e9 R$ 4,2 mil!<\/p>\n","protected":false},"author":16,"featured_media":56922,"comment_status":"closed","ping_status":"closed","sticky":false,"template":"","format":"standard","meta":{"_acf_changed":false,"footnotes":"","_wp_rev_ctl_limit":""},"categories":[44999],"tags":[],"class_list":["post-57167","post","type-post","status-publish","format-standard","has-post-thumbnail","hentry","category-concursos"],"acf":[],"_links":{"self":[{"href":"https:\/\/www.novaconcursos.com.br\/portal\/wp-json\/wp\/v2\/posts\/57167","targetHints":{"allow":["GET"]}}],"collection":[{"href":"https:\/\/www.novaconcursos.com.br\/portal\/wp-json\/wp\/v2\/posts"}],"about":[{"href":"https:\/\/www.novaconcursos.com.br\/portal\/wp-json\/wp\/v2\/types\/post"}],"author":[{"embeddable":true,"href":"https:\/\/www.novaconcursos.com.br\/portal\/wp-json\/wp\/v2\/users\/16"}],"replies":[{"embeddable":true,"href":"https:\/\/www.novaconcursos.com.br\/portal\/wp-json\/wp\/v2\/comments?post=57167"}],"version-history":[{"count":3,"href":"https:\/\/www.novaconcursos.com.br\/portal\/wp-json\/wp\/v2\/posts\/57167\/revisions"}],"predecessor-version":[{"id":266203,"href":"https:\/\/www.novaconcursos.com.br\/portal\/wp-json\/wp\/v2\/posts\/57167\/revisions\/266203"}],"wp:featuredmedia":[{"embeddable":true,"href":"https:\/\/www.novaconcursos.com.br\/portal\/wp-json\/wp\/v2\/media\/56922"}],"wp:attachment":[{"href":"https:\/\/www.novaconcursos.com.br\/portal\/wp-json\/wp\/v2\/media?parent=57167"}],"wp:term":[{"taxonomy":"category","embeddable":true,"href":"https:\/\/www.novaconcursos.com.br\/portal\/wp-json\/wp\/v2\/categories?post=57167"},{"taxonomy":"post_tag","embeddable":true,"href":"https:\/\/www.novaconcursos.com.br\/portal\/wp-json\/wp\/v2\/tags?post=57167"}],"curies":[{"name":"wp","href":"https:\/\/api.w.org\/{rel}","templated":true}]}}