{"id":57396,"date":"2023-02-07T08:00:52","date_gmt":"2023-02-07T11:00:52","guid":{"rendered":"http:\/\/www.novaconcursos.com.br\/portal\/?post_type=nc-public-tender&#038;p=57396"},"modified":"2025-04-23T14:34:07","modified_gmt":"2025-04-23T17:34:07","slug":"concurso-camara-de-campo-grande-ms","status":"publish","type":"post","link":"https:\/\/www.novaconcursos.com.br\/portal\/concursos\/concurso-camara-de-campo-grande-ms\/","title":{"rendered":"Concurso C\u00e2mara Campo Grande &#8211; MS: Iniciados os preparativos para novo edital!"},"content":{"rendered":"<p>O concurso\u00a0<strong>C\u00e2mara Campo Grande \u2013 MS\u00a0<\/strong>ter\u00e1 uma nova edi\u00e7\u00e3o!<\/p>\n\n\n\n<p>Os estudos para o novo certame j\u00e1 tiveram in\u00edcio e os <strong>aprovados<\/strong> na \u00faltima sele\u00e7\u00e3o dever\u00e3o ser empossados em breve.<\/p>\n\n\n\n<p>Para saber todos os detalhes e iniciar sua prepara\u00e7\u00e3o, basta navegar pelo \u00edndice abaixo!<\/p>\n\n\n\n<h2 class=\"wp-block-heading\" id=\"concurso-cmara-campo-grande-ms-situao-atual\">Concurso C\u00e2mara Campo Grande \u2013 MS: Situa\u00e7\u00e3o atual<\/h2>\n\n\n\n<p>A C\u00e2mara Municipal de Campo Grande, capital de <a href=\"https:\/\/www.novaconcursos.com.br\/portal\/concursos-abertos\/ms\/\">Mato Grosso do Sul<\/a>, ter\u00e1 um novo concurso p\u00fablico!<\/p>\n\n\n\n<p>Os preparativos j\u00e1 tiveram in\u00edcio e, de acordo com o presidente da Casa, Carlos Augusto \u201cCarl\u00e3o\u201d Borges, o <strong>edital<\/strong> deve ser publicado ainda em 2023.<\/p>\n\n\n\n<p>A <strong>informa\u00e7\u00e3o<\/strong> foi repassada por Carl\u00e3o no dia 1\u00ba de fevereiro de 2023.<\/p>\n\n\n\n<p>\u00c9 previsto que o certame oferte entre <strong>20 e 30 vagas imediatas<\/strong>. O quantitativo ser\u00e1 definido ap\u00f3s a conclus\u00e3o dos estudos acerca das necessidades da C\u00e2mara.<\/p>\n\n\n\n<p><em>\u201cTemos que extinguir alguns cargos comissionados, porque sen\u00e3o n\u00e3o tem como fazer o concurso. Nossa ideia \u00e9 regulamentar e regularizar essa quest\u00e3o do funcionamento (do Legislativo)\u201d<\/em>, afirmou o presidente da C\u00e2mara.<\/p>\n\n\n\n<p>\u00c9 importante recordar que as \u00e1reas ofertadas pelo <strong>\u00faltimo certame<\/strong> da C\u00e2mara n\u00e3o poder\u00e3o contar com novas vagas criadas para a pr\u00f3xima sele\u00e7\u00e3o, uma vez que o concurso ainda est\u00e1 v\u00e1lido. Isto justifica a necessidade dos estudos para o novo certame.<\/p>\n\n\n\n<p>O <strong>\u00faltimo edital<\/strong> foi publicado em 2022 e ofertou 20 vagas. As oportunidades ofertadas foram assim distribu\u00eddas:<\/p>\n\n\n\n<ul class=\"wp-block-list\"><li>Assistente Administrativo \u2013 15 vagas<\/li>\n\n\n\n<li>Assistente Social \u2013 1 vaga<\/li>\n\n\n\n<li>T\u00e9cnico Administrativo \u2013 2 vagas<\/li>\n\n\n\n<li>Tradutor de Libras \u2013 2 vagas<\/li>\n<\/ul><p>Vale destacar que os <strong>aprovados<\/strong> ainda n\u00e3o foram empossados, o que deve ocorrer em breve.<\/p>\n\n\n\n<p>Estude para o concurso dos seus sonhos com o\u00a0<strong>M\u00e9todo<\/strong>\u00a0que j\u00e1 ajudou na\u00a0<strong>aprova\u00e7\u00e3o de mais de 70 mil alunos<\/strong>.\u00a0<a class=\"c-link\" tabindex=\"-1\" href=\"https:\/\/www.novaconcursos.com.br\/eventos\/assinatura?promo_creative=Clique+aqui&amp;promo_name=concurso&amp;promo_id=%2Fportal%2Fconcursos%2Fconcurso-uespi-edital-autorizado-160-vagas&amp;promo_position=corpo-texto\" target=\"_blank\" rel=\"noopener noreferrer\" data-stringify-link=\"https:\/\/www.novaconcursos.com.br\/eventos\/assinatura?promo_creative=Clique+aqui&amp;promo_name=concurso&amp;promo_id=%2Fportal%2Fconcursos%2Fconcurso-uespi-edital-autorizado-160-vagas&amp;promo_position=corpo-texto\" data-sk=\"tooltip_parent\" data-remove-tab-index=\"true\">Clique aqui<\/a>e saiba mais!<\/p>\n\n\n\n<h2 class=\"wp-block-heading\" id=\"ltimo-concurso-cmara-municipal-de-campo-grande-ms-2022\">\u00daltimo concurso C\u00e2mara Municipal de Campo Grande \u2013 MS (2022)<\/h2>\n\n\n\n<p>Conforme destacado anteriormente, a \u00faltima sele\u00e7\u00e3o para a casa aconteceu recentemente, em <strong>2022<\/strong>, quando foram ofertadas vagas para Assistente Administrativo, de n\u00edvel m\u00e9dio, e para carreiras de n\u00edvel superior.<\/p>\n\n\n\n<p>A organiza\u00e7\u00e3o do concurso ficou sob organiza\u00e7\u00e3o do\u00a0<strong>Instituto Selecon\u00a0<\/strong>(Instituto Nacional de Sele\u00e7\u00f5es e Concursos).<\/p>\n\n\n\n<p>Os aprovados far\u00e3o jus a\u00a0<strong>sal\u00e1rios\u00a0<\/strong>de R$ 1.774,10 (n\u00edvel m\u00e9dio) e de R$ 3.005,86 (n\u00edvel superior) para jornadas de trabalho de 30 horas semanais.<\/p>\n\n\n\n<p>Para que a candidatura dos interessados fosse homologada, foi necess\u00e1rio pagar uma\u00a0<strong>taxa de inscri\u00e7\u00e3o\u00a0<\/strong>de R$ 90,00 ou R$ 110,00, a depender do cargo escolhido.<\/p>\n\n\n\n<h3 class=\"wp-block-heading\">Requisitos b\u00e1sicos<\/h3>\n\n\n\n<p>Confira os crit\u00e9rios m\u00ednimos que deveriam ser preenchidos pelos candidatos do \u00faltimo <a href=\"https:\/\/www.novaconcursos.com.br\/portal\/concursos-previstos\/ms\/\">certame<\/a>, al\u00e9m do n\u00edvel de escolaridade exigido pelas diferentes carreiras:<\/p>\n\n\n\n<ul class=\"wp-block-list\"><li>Ter nacionalidade brasileira e, no caso de nacionalidade portuguesa, estar amparado pelo Estatuto de Igualdade entre Brasileiros e Portugueses;<\/li>\n\n\n\n<li>Estar em gozo dos direitos pol\u00edticos;<\/li>\n\n\n\n<li>Estar em dia com as obriga\u00e7\u00f5es do Servi\u00e7o Militar, para os candidatos do sexo masculino;<\/li>\n\n\n\n<li>Possuir aptid\u00e3o f\u00edsica e mental para o exerc\u00edcio das atribui\u00e7\u00f5es do cargo;<\/li>\n\n\n\n<li>Ter idade m\u00ednima de 18 anos na data da posse;<\/li>\n\n\n\n<li>N\u00e3o estar incompatibilizado para nova investidura em cargo p\u00fablico;<\/li>\n\n\n\n<li>Apresentar certid\u00e3o comprobat\u00f3ria de registro no respectivo conselho de classe, se houver;<\/li>\n\n\n\n<li>N\u00e3o ocupar ou receber proventos de aposentadoria de cargo, emprego ou fun\u00e7\u00e3o p\u00fablica que caracterizem acumula\u00e7\u00e3o il\u00edcita, na forma do artigo 37, inciso XVI, da Constitui\u00e7\u00e3o Federal;<\/li>\n\n\n\n<li>Apresentar:\n<ul class=\"wp-block-list\"><li>declara\u00e7\u00e3o dos bens e valores que constituem seu patrim\u00f4nio e declara\u00e7\u00e3o de n\u00e3o exercer qualquer atividade p\u00fablica ou privada incompat\u00edvel com o exerc\u00edcio de sua fun\u00e7\u00e3o;<\/li>\n\n\n\n<li>certid\u00f5es criminais da Justi\u00e7a Federal e da Justi\u00e7a Estadual;<\/li>\n\n\n\n<li>C\u00e9dula de Identidade (RG) e Cadastro de Pessoa F\u00edsica (CPF-MF);<\/li>\n\n\n\n<li>outros documentos que se fizerem necess\u00e1rios e relacionados no edital de convoca\u00e7\u00e3o, por ocasi\u00e3o da convoca\u00e7\u00e3o para a posse.<\/li>\n<\/ul><\/li>\n<\/ul><h3 class=\"wp-block-heading\">Etapas e provas<\/h3>\n\n\n\n<p>A\u00a0<strong>avalia\u00e7\u00e3o\u00a0<\/strong>dos candidatos se deu por meio das seguintes etapas:<\/p>\n\n\n\n<ul class=\"wp-block-list\"><li>Prova Objetiva (eliminat\u00f3ria e classificat\u00f3ria)<\/li>\n\n\n\n<li>Prova Discursiva (eliminat\u00f3ria e classificat\u00f3ria)<\/li>\n\n\n\n<li>Avalia\u00e7\u00e3o de T\u00edtulos (classificat\u00f3ria e apenas para n\u00edvel superior)<\/li>\n<\/ul><p>As\u00a0<strong>provas objetivas\u00a0<\/strong>contaram com 40 quest\u00f5es, sendo 20 de Conhecimentos B\u00e1sicos e 20 acerca\u00a0 de Conhecimentos Espec\u00edficos.<\/p>\n\n\n\n<p>Confira as\u00a0<strong>disciplinas\u00a0<\/strong>abordadas para cada n\u00edvel de escolaridade:<\/p>\n\n\n\n<p><strong>N\u00edvel M\u00e9dio<\/strong><\/p>\n\n\n\n<ul class=\"wp-block-list\"><li>L\u00edngua Portuguesa (10)<\/li>\n\n\n\n<li>Racioc\u00ednio L\u00f3gico (5)<\/li>\n\n\n\n<li>No\u00e7\u00f5es de Inform\u00e1tica (5)<\/li>\n\n\n\n<li>Conhecimentos Espec\u00edficos (20)<\/li>\n<\/ul><p><strong>N\u00edvel Superior<\/strong><\/p>\n\n\n\n<ul class=\"wp-block-list\"><li>L\u00edngua Portuguesa (10)<\/li>\n\n\n\n<li>No\u00e7\u00f5es de Inform\u00e1tica (5)<\/li>\n\n\n\n<li>No\u00e7\u00f5es de Administra\u00e7\u00e3o P\u00fablica (5)<\/li>\n\n\n\n<li>Conhecimentos Espec\u00edficos (20)<\/li>\n<\/ul><p>J\u00e1 as <strong>prova discursivas<\/strong>, aplicadas junto ao exame objetivo, foram estruturadas conforme \u00e9 poss\u00edvel ver abaixo:<\/p>\n\n\n\n<p><strong>N\u00edvel M\u00e9dio<\/strong><\/p>\n\n\n\n<ul class=\"wp-block-list\"><li>Valor m\u00e1ximo: 100 pontos<\/li>\n\n\n\n<li>O candidato deveria redigir sua resposta utilizando o m\u00ednimo de 15 e o m\u00e1ximo de 25 linhas;<\/li>\n\n\n\n<li>O tema versou sobre Conhecimento Espec\u00edfico do cargo\/habilita\u00e7\u00e3o profissional, observando-se os crit\u00e9rios de corre\u00e7\u00e3o estabelecidos.<\/li>\n<\/ul><p><strong>N\u00edvel Superior<\/strong><\/p>\n\n\n\n<ul class=\"wp-block-list\"><li>Valor m\u00e1ximo: 100 pontos<\/li>\n\n\n\n<li>O candidato deveria redigir sua resposta utilizando o m\u00ednimo de 20 e o m\u00e1ximo 30 linhas;<\/li>\n\n\n\n<li>O tema versou sobre Conhecimento Espec\u00edfico do cargo\/habilita\u00e7\u00e3o profissional, observando-se os crit\u00e9rios de corre\u00e7\u00e3o estabelecidos.<\/li>\n<\/ul><p>Vale recordar que apenas foram corrigidos os exames discursivos dos <strong>aprovados<\/strong> na prova objetiva dentro do limite estabelecido pelo edital.<\/p>\n\n\n\n<p>Finalmente, os aprovados em ambas as etapas deveriam se submeter \u00e0\u00a0<strong>avalia\u00e7\u00e3o de t\u00edtulos<\/strong>, na qual foram admitidas e pontuadas as seguintes titula\u00e7\u00f5es:<\/p>\n\n\n\n<figure class=\"wp-block-image\"><a href=\"https:\/\/www.novaconcursos.com.br\/portal\/wp-content\/uploads\/2022\/02\/imagem_2023-02-07_085245852.png\"><img decoding=\"async\" width=\"610\" height=\"562\" src=\"https:\/\/www.novaconcursos.com.br\/portal\/wp-content\/uploads\/2022\/02\/imagem_2023-02-07_085245852.png\" alt=\"\" class=\"wp-image-185346\" loading=\"lazy\" title=\"\" srcset=\"https:\/\/www.novaconcursos.com.br\/portal\/wp-content\/uploads\/2022\/02\/imagem_2023-02-07_085245852-300x276.png 300w, https:\/\/www.novaconcursos.com.br\/portal\/wp-content\/uploads\/2022\/02\/imagem_2023-02-07_085245852.png 610w\" sizes=\"auto, (max-width: 480px) 100vw, (max-width: 768px) 100vw, (max-width: 1200px) 70vw, 768px\"><\/a><\/figure><p><a href=\"https:\/\/www.novaconcursos.com.br\/portal\/wp-content\/uploads\/2021\/12\/EDITAL.01.2021-ABERTURA-PUBLICADO.pdf\" target=\"_blank\" rel=\"noopener noreferrer\">Clique aqui<\/a> e confira o edital do \u00faltimo concurso da C\u00e2mara de Campo Grande.<\/p>\n\n\n\n<p>Ademais, no site do Instituto Selecon, organizador da sele\u00e7\u00e3o, \u00e9 poss\u00edvel conferir a lista de aprovados no certame.<\/p>\n\n\n\n<h2 class=\"wp-block-heading\" id=\"composio-da-cmara-de-campo-grande\">Composi\u00e7\u00e3o da C\u00e2mara de Campo Grande<\/h2>\n\n\n\n<p>Abaixo, voc\u00ea pode conferir a composi\u00e7\u00e3o da <a href=\"https:\/\/camara.ms.gov.br\" target=\"_blank\" rel=\"noopener noreferrer\">C\u00e2mara Municipal de Campo Grande<\/a>.<\/p>\n\n\n\n<p><strong>Vereadores<\/strong><\/p>\n\n\n\n<ul class=\"wp-block-list\"><li>Ademir Santana<\/li>\n\n\n\n<li>Ayrton Ara\u00fajo<\/li>\n\n\n\n<li>Betinho<\/li>\n\n\n\n<li>Beto Avelar<\/li>\n\n\n\n<li>Carl\u00e3o \u2013 Presidente<\/li>\n\n\n\n<li>Clodoilson Pires<\/li>\n\n\n\n<li>Coronel Al\u00edrio Villasanti<\/li>\n\n\n\n<li>Delei Pinheiro<\/li>\n\n\n\n<li>Dr. Jamal<\/li>\n\n\n\n<li>Dr. Loester<\/li>\n\n\n\n<li>Dr. Victor Rocha<\/li>\n\n\n\n<li>Edu Miranda<\/li>\n\n\n\n<li>Gilmar da Cruz<\/li>\n\n\n\n<li>Junior Corigna<\/li>\n\n\n\n<li>Luiza Ribeiro<\/li>\n\n\n\n<li>Ot\u00e1vio Trad<\/li>\n\n\n\n<li>Papy<\/li>\n\n\n\n<li>Paulo Lands<\/li>\n\n\n\n<li>Prof. Andr\u00e9 Luis<\/li>\n\n\n\n<li>Prof. Jo\u00e3o Rocha<\/li>\n\n\n\n<li>Professor Juari<\/li>\n\n\n\n<li>Professor Riverton<\/li>\n\n\n\n<li>Ronil\u00e7o Guerreiro<\/li>\n\n\n\n<li>Silvio Pitu<\/li>\n\n\n\n<li>Tabosa<\/li>\n\n\n\n<li>Tiago Vargas<\/li>\n\n\n\n<li>Valdir Gomes<\/li>\n\n\n\n<li>William Maksoud<\/li>\n\n\n\n<li>Z\u00e9 da Farm\u00e1cia<\/li>\n<\/ul><p>Os vereadores s\u00e3o <strong>encarregados<\/strong> de elaborar as leis municipais e de fiscalizar a atua\u00e7\u00e3o do Executivo (prefeito). S\u00e3o eles que prop\u00f5em, discutem e aprovam as leis a serem aplicadas no Munic\u00edpio.<\/p>\n\n\n\n<p>\u00a0<\/p>","protected":false},"excerpt":{"rendered":"<p>O concurso C\u00e2mara Campo Grande &#8211; MS ter\u00e1 uma nova edi\u00e7\u00e3o!<br \/>\nOs estudos para o novo certame j\u00e1 tiveram in\u00edcio e os aprovados na \u00faltima sele\u00e7\u00e3o dever\u00e3o ser empossados em breve. <\/p>\n","protected":false},"author":16,"featured_media":185355,"comment_status":"closed","ping_status":"closed","sticky":false,"template":"","format":"standard","meta":{"_acf_changed":false,"footnotes":"","_wp_rev_ctl_limit":""},"categories":[44999],"tags":[],"class_list":["post-57396","post","type-post","status-publish","format-standard","has-post-thumbnail","hentry","category-concursos"],"acf":[],"_links":{"self":[{"href":"https:\/\/www.novaconcursos.com.br\/portal\/wp-json\/wp\/v2\/posts\/57396","targetHints":{"allow":["GET"]}}],"collection":[{"href":"https:\/\/www.novaconcursos.com.br\/portal\/wp-json\/wp\/v2\/posts"}],"about":[{"href":"https:\/\/www.novaconcursos.com.br\/portal\/wp-json\/wp\/v2\/types\/post"}],"author":[{"embeddable":true,"href":"https:\/\/www.novaconcursos.com.br\/portal\/wp-json\/wp\/v2\/users\/16"}],"replies":[{"embeddable":true,"href":"https:\/\/www.novaconcursos.com.br\/portal\/wp-json\/wp\/v2\/comments?post=57396"}],"version-history":[{"count":19,"href":"https:\/\/www.novaconcursos.com.br\/portal\/wp-json\/wp\/v2\/posts\/57396\/revisions"}],"predecessor-version":[{"id":280230,"href":"https:\/\/www.novaconcursos.com.br\/portal\/wp-json\/wp\/v2\/posts\/57396\/revisions\/280230"}],"wp:featuredmedia":[{"embeddable":true,"href":"https:\/\/www.novaconcursos.com.br\/portal\/wp-json\/wp\/v2\/media\/185355"}],"wp:attachment":[{"href":"https:\/\/www.novaconcursos.com.br\/portal\/wp-json\/wp\/v2\/media?parent=57396"}],"wp:term":[{"taxonomy":"category","embeddable":true,"href":"https:\/\/www.novaconcursos.com.br\/portal\/wp-json\/wp\/v2\/categories?post=57396"},{"taxonomy":"post_tag","embeddable":true,"href":"https:\/\/www.novaconcursos.com.br\/portal\/wp-json\/wp\/v2\/tags?post=57396"}],"curies":[{"name":"wp","href":"https:\/\/api.w.org\/{rel}","templated":true}]}}