{"id":57793,"date":"2018-09-20T14:01:18","date_gmt":"2018-09-20T17:01:18","guid":{"rendered":"http:\/\/www.novaconcursos.com.br\/portal\/?post_type=nc-public-tender&#038;p=57793"},"modified":"2024-12-16T10:39:02","modified_gmt":"2024-12-16T13:39:02","slug":"processo-seletivo-sed-sc","status":"publish","type":"post","link":"https:\/\/www.novaconcursos.com.br\/portal\/concursos\/processo-seletivo-sed-sc\/","title":{"rendered":"Processo Seletivo SED SC"},"content":{"rendered":"<p>J\u00e1 est\u00e3o <strong>abertas as inscri\u00e7\u00f5es<\/strong> para os novos <strong>Processos Seletivos<\/strong> da <strong><a href=\"https:\/\/www.novaconcursos.com.br\/concurso\/sed-sc-secretaria-da-educacao-de-santa-catarina\/apostila?promo_name=sed-sc-blog&amp;promo_id=1&amp;promo_creative=link-processo-seletivo-sed-sc&amp;promo_position=contextual\" target=\"_blank\" rel=\"noopener noreferrer\">Secretaria de Estado da Educa\u00e7\u00e3o de Santa Catarina (SED-SC)<\/a><\/strong>!<\/p>\n<p>As oportunidades s\u00e3o para <strong>forma\u00e7\u00e3o de cadastro reserva<\/strong> de <a href=\"https:\/\/www.novaconcursos.com.br\/concurso\/sed-sc-secretaria-da-educacao-de-santa-catarina\/apostila?promo_name=sed-sc-blog&amp;promo_id=1&amp;promo_creative=link-processo-seletivo-sed-sc&amp;promo_position=contextual\"><strong>Professores<\/strong><\/a>, com exig\u00eancia de <strong>n\u00edvel superior<\/strong>.<\/p>\n<p style=\"text-align: center;\"><span style=\"text-decoration: underline; color: #0000ff;\"><strong><a style=\"color: #0000ff; text-decoration: underline;\" href=\"https:\/\/www.novaconcursos.com.br\/concurso\/sed-sc-secretaria-da-educacao-de-santa-catarina\/apostila?promo_name=sed-sc-blog&amp;promo_id=1&amp;promo_creative=link-processo-seletivo-sed-sc&amp;promo_position=topo\" target=\"_blank\" rel=\"noopener noreferrer\">\u00bb Prepare-se com a Apostila\u00a0SED-SC + Curso Lei 8.069\/1990 \u2013 Estatuto da Crian\u00e7a e do Adolescente (GR\u00c1TIS)\u00a0\u00ab<\/a><\/strong><\/span><\/p>\n<p><span style=\"color: #000000;\"><strong>Como fazer a inscri\u00e7\u00e3o?<\/strong><\/span><\/p>\n<p>As inscri\u00e7\u00f5es seguem abertas at\u00e9 \u00e0s <strong>23h59min<\/strong> do dia <strong>27 de setembro de 2018.<\/strong><\/p>\n<p>Para concorrer, os interessados devem acessar o site da banca organizadora, o <span style=\"text-decoration: underline; color: #0000ff;\"><a style=\"color: #0000ff; text-decoration: underline;\" href=\"http:\/\/www.institutoaocp.org.br\/\" target=\"_blank\" rel=\"noopener noreferrer\">Instituto AOCP<\/a><\/span>.<\/p>\n<p>O valor da taxa de inscri\u00e7\u00e3o \u00e9 de <strong>R$ 70,00<\/strong>, devendo ser pago at\u00e9 o dia <strong>28 de setembro de 2018<\/strong>.<\/p>\n<p><span style=\"color: #000000;\"><strong>Vagas para Professores<\/strong><\/span><\/p>\n<p>As oportunidades s\u00e3o para <a href=\"https:\/\/www.novaconcursos.com.br\/concurso\/sed-sc-secretaria-da-educacao-de-santa-catarina\/apostila?promo_name=sed-sc-blog&amp;promo_id=1&amp;promo_creative=link-processo-seletivo-sed-sc&amp;promo_position=contextual\"><strong>forma\u00e7\u00e3o de cadastro reserva<\/strong><\/a>, que serve para contrata\u00e7\u00f5es conforme a demanda da pasta, substituindo outros contratos ou afastamentos de servidores, e servir\u00e1 para os pr\u00f3ximos dois anos.<\/p>\n<p>A sele\u00e7\u00e3o conta com <a href=\"https:\/\/www.novaconcursos.com.br\/concurso\/sed-sc-secretaria-da-educacao-de-santa-catarina\/apostila?promo_name=sed-sc-blog&amp;promo_id=1&amp;promo_creative=link-processo-seletivo-sed-sc&amp;promo_position=contextual\"><strong>tr\u00eas editais<\/strong><\/a> para o cargo de <strong>Professor<\/strong>, para os anos de <strong>2019 e 2020<\/strong>. As oportunidades s\u00e3o para as <strong>seguintes \u00e1reas:<\/strong><\/p>\n<p>\u2666 <span style=\"text-decoration: underline;\">Edital 1.997\/2018<\/span>: Alem\u00e3o, Anos Iniciais do Ensino Fundamental, Artes, Biologia, Ci\u00eancias, Educa\u00e7\u00e3o F\u00edsica, Ensino Religioso, Espanhol, Filosofia, F\u00edsica, Geografia, Hist\u00f3ria, Ingl\u00eas, Italiano, L\u00edngua Portuguesa e Literatura, Matem\u00e1tica, Qu\u00edmica, Sociologia, Did\u00e1tica Educa\u00e7\u00e3o Infantil, Did\u00e1tica Anos Iniciais, Educa\u00e7\u00e3o e Inf\u00e2ncia, Educa\u00e7\u00e3o Especial, Est\u00e1gio Supervisionado\/Educa\u00e7\u00e3o Infantil, Est\u00e1gio Supervisionado\/Anos Iniciais, Filosofia da Educa\u00e7\u00e3o, Hist\u00f3ria da Educa\u00e7\u00e3o, Libras, Literatura Infantil, Metodologia de Ensino de Alfabetiza\u00e7\u00e3o, Metodologia de Ensino de Hist\u00f3ria e Geografia, Metodologia de Ensino de Ci\u00eancias, Metodologia de Ensino de Matem\u00e1tica, Metodologia de Ensino de Artes, Organiza\u00e7\u00e3o e Legisla\u00e7\u00e3o Educacional, Psicologia da Educa\u00e7\u00e3o, Sociologia da Educa\u00e7\u00e3o, Alfabetiza\u00e7\u00e3o, Nivelamento, Atendimento Educacional Especializado, Professor AEE\/Superdota\u00e7\u00e3o, Professor Assessor AEE, Defici\u00eancia Auditiva, Defici\u00eancia Visual, Professor Instrutor de Libras, Professor Bil\u00edngue\/Libras;<\/p>\n<p>\u2666 <span style=\"text-decoration: underline;\">Edital 1.998\/2018<\/span>: Inform\u00e1tica, Administra\u00e7\u00e3o, An\u00e1lises Cl\u00ednicas, Contabilidade, Direito, Eletrot\u00e9cnica, Mec\u00e2nica, Seguran\u00e7a no Trabalho, Hospedagem, Agroneg\u00f3cio, Agropecu\u00e1ria, Matem\u00e1tica Aplicada, Cozinha, Desenho, Com\u00e9rcio, Enfermagem, Portugu\u00eas, Ingl\u00eas, Espanhol, Massoterapia, Psicologia, Transa\u00e7\u00f5es Imobili\u00e1rias, Vestu\u00e1rio, Recursos Humanos, Log\u00edstica, Est\u00e9tica, Alimentos, Economia, Edifica\u00e7\u00f5es, F\u00edsica Aplicada, Meio Ambiente, Portugu\u00eas Instrumental, Qu\u00edmica, Zootecnia, Qualidade, Marketing, T\u00e9cnico em Dan\u00e7a, Sa\u00fade Bucal, Qu\u00edmica Geral, Saneamento, Biotecnologia, T\u00e9cnico em Hospedagem, T\u00e9cnico em Enfermagem, Ingl\u00eas Instrumental, Farm\u00e1cia;<\/p>\n<p>\u2666 <span style=\"text-decoration: underline;\">Edital 1.999\/2018<\/span>: Alfabetiza\u00e7\u00e3o, Anos Iniciais do Ensino Fundamental, Antropologia, Artes, Artes Ind\u00edgena, Biologia, Ci\u00eancia Matem\u00e1tica\/Natureza e Contexto, Ci\u00eancias, Ci\u00eancias Ambientais, Ci\u00eancias Humanas\/Contexto, Cultura Ind\u00edgena, Educa\u00e7\u00e3o Especial\/AEE, Ensino Religioso, Educa\u00e7\u00e3o F\u00edsica, Espanhol, Filosofia, F\u00edsica, Geografia, Gest\u00e3o Ambiental, Hist\u00f3ria, Ingl\u00eas, Int\u00e9rprete de Libras, L\u00edngua Guarani, L\u00edngua Kaingang, L\u00edngua Portuguesa, L\u00edngua Portuguesa\/Literatura, Linguagem Contexto Ind\u00edgena, Matem\u00e1tica, Qu\u00edmica, Sociologia.<\/p>\n<p><span style=\"color: #000000;\"><strong>Como ser\u00e1 a Prova?<\/strong><\/span><\/p>\n<p>Os candidatos ser\u00e3o avaliados por meio de <a href=\"https:\/\/www.novaconcursos.com.br\/concurso\/sed-sc-secretaria-da-educacao-de-santa-catarina\/apostila?promo_name=sed-sc-blog&amp;promo_id=1&amp;promo_creative=link-processo-seletivo-sed-sc&amp;promo_position=contextual\"><strong>provas objetivas<\/strong><\/a> (para todos os cargos), previstas para o dia <strong>18 de novembro de 2018.<\/strong><\/p>\n<p>O conte\u00fado program\u00e1tico da prova consistir\u00e1 nas disciplinas de Conhecimentos Gerais (10 quest\u00f5es) e Conhecimentos Espec\u00edficos (10 quest\u00f5es).<\/p>\n<p>Haver\u00e1 ainda <a href=\"https:\/\/www.novaconcursos.com.br\/concurso\/sed-sc-secretaria-da-educacao-de-santa-catarina\/apostila?promo_name=sed-sc-blog&amp;promo_id=1&amp;promo_creative=link-processo-seletivo-sed-sc&amp;promo_position=contextual\"><strong>prova de t\u00edtulos<\/strong><\/a> como crit\u00e9rio de avalia\u00e7\u00e3o dos candidatos.<\/p>\n<p>Os <strong>locais e hor\u00e1rios<\/strong> de aplica\u00e7\u00e3o das provas ser\u00e3o informados no site da banca organizadora a partir do dia 05 de novembro de 2018.<\/p>\n<p>A validade da sele\u00e7\u00e3o ser\u00e1 de<strong> dois anos<\/strong> letivos (2019 e 2020) e n\u00e3o haver\u00e1 reclassifica\u00e7\u00e3o de candidatos no referido per\u00edodo. Todavia, o candidato que comprovar a habilita\u00e7\u00e3o m\u00ednima exigida para ser habilitado na disciplina da vaga de atua\u00e7\u00e3o, no dia da admiss\u00e3o, perceber\u00e1 seus vencimentos como habilitado.<\/p>\n<p>A\u00a0<span style=\"text-decoration: underline; color: #0000ff;\"><strong><a style=\"color: #0000ff; text-decoration: underline;\" href=\"https:\/\/www.novaconcursos.com.br\/\" target=\"_blank\" rel=\"noopener noreferrer\">Nova\u2002Concursos<\/a><\/strong><\/span>\u00a0tem ajudado h\u00e1 mais de 10 anos quem quer vencer a batalha do concurso p\u00fablico. Se voc\u00ea quer aumentar as suas chances de passar, conhe\u00e7a os nossos materiais, acessando o nosso site!<\/p>\n<p style=\"text-align: center;\"><span style=\"text-decoration: underline; color: #0000ff;\"><strong><a style=\"color: #0000ff; text-decoration: underline;\" href=\"https:\/\/www.novaconcursos.com.br\/concurso\/sed-sc-secretaria-da-educacao-de-santa-catarina\/apostila?promo_name=sed-sc-blog&amp;promo_id=1&amp;promo_creative=link-processo-seletivo-sed-sc&amp;promo_position=fim\" target=\"_blank\" rel=\"noopener noreferrer\">\u00bb Prepare-se com a Apostila\u00a0SED-SC + Curso Lei 8.069\/1990 \u2013 Estatuto da Crian\u00e7a e do Adolescente (GR\u00c1TIS)\u00a0\u00ab<\/a><\/strong><\/span><\/p>","protected":false},"excerpt":{"rendered":"<p>Processo Seletivo SED-SC: Traz oportunidades para forma\u00e7\u00e3o de cadastro reserva de Professores, com exig\u00eancia de n\u00edvel superior.<\/p>\n","protected":false},"author":16,"featured_media":0,"comment_status":"closed","ping_status":"closed","sticky":false,"template":"","format":"standard","meta":{"_acf_changed":false,"footnotes":"","_wp_rev_ctl_limit":""},"categories":[44999],"tags":[],"class_list":["post-57793","post","type-post","status-publish","format-standard","hentry","category-concursos"],"acf":[],"_links":{"self":[{"href":"https:\/\/www.novaconcursos.com.br\/portal\/wp-json\/wp\/v2\/posts\/57793","targetHints":{"allow":["GET"]}}],"collection":[{"href":"https:\/\/www.novaconcursos.com.br\/portal\/wp-json\/wp\/v2\/posts"}],"about":[{"href":"https:\/\/www.novaconcursos.com.br\/portal\/wp-json\/wp\/v2\/types\/post"}],"author":[{"embeddable":true,"href":"https:\/\/www.novaconcursos.com.br\/portal\/wp-json\/wp\/v2\/users\/16"}],"replies":[{"embeddable":true,"href":"https:\/\/www.novaconcursos.com.br\/portal\/wp-json\/wp\/v2\/comments?post=57793"}],"version-history":[{"count":1,"href":"https:\/\/www.novaconcursos.com.br\/portal\/wp-json\/wp\/v2\/posts\/57793\/revisions"}],"predecessor-version":[{"id":265715,"href":"https:\/\/www.novaconcursos.com.br\/portal\/wp-json\/wp\/v2\/posts\/57793\/revisions\/265715"}],"wp:attachment":[{"href":"https:\/\/www.novaconcursos.com.br\/portal\/wp-json\/wp\/v2\/media?parent=57793"}],"wp:term":[{"taxonomy":"category","embeddable":true,"href":"https:\/\/www.novaconcursos.com.br\/portal\/wp-json\/wp\/v2\/categories?post=57793"},{"taxonomy":"post_tag","embeddable":true,"href":"https:\/\/www.novaconcursos.com.br\/portal\/wp-json\/wp\/v2\/tags?post=57793"}],"curies":[{"name":"wp","href":"https:\/\/api.w.org\/{rel}","templated":true}]}}