{"id":58486,"date":"2023-10-13T09:28:33","date_gmt":"2023-10-13T12:28:33","guid":{"rendered":"http:\/\/www.novaconcursos.com.br\/portal\/?post_type=nc-public-tender&#038;p=58486"},"modified":"2025-04-08T14:54:25","modified_gmt":"2025-04-08T17:54:25","slug":"concurso-trt-rn-21","status":"publish","type":"post","link":"https:\/\/www.novaconcursos.com.br\/portal\/concursos\/concurso-trt-rn-21\/","title":{"rendered":"Concurso TRT RN &#8211; 21\u00aa regi\u00e3o: Edital publicado para T\u00e9cnico e Analista!"},"content":{"rendered":"<p>\u00d3timas not\u00edcias, concurseiros! Foi publicado o novo concurso <a href=\"https:\/\/www.novaconcursos.com.br\/portal\/concursos-abertos\/rn\/\">TRT RN (21) (Tribunal Regional do Trabalho do Rio Grande do Norte da 21\u00aa Regi\u00e3o)<\/a>!<\/p>\n\n\n\n<p>Est\u00e3o sendo ofertadas vagas para T\u00e9cnico e Analista, com iniciais de at\u00e9 <strong>R$ 15 mil<\/strong>!<\/p>\n\n\n\n<p>Continue com a gente e conhe\u00e7a todos os detalhes para participar!<\/p>\n\n\n\n<h2 class=\"wp-block-heading\" id=\"resumo-do-edital\">Resumo do Edital<\/h2>\n\n\n\n<p>Vagas: cadastro reserva<br>Escolaridade: n\u00edvel superior<br>Sal\u00e1rio: R$ 9.220,35 e R$ 15.128,00<br>Per\u00edodo de inscri\u00e7\u00e3o: de 16\/10\/2023 a 08\/11\/2023<br>Taxa de inscri\u00e7\u00e3o: R$ 90,00 e R$ 110,00<br>Prova: 17\/12\/2023<br>Banca: FCC<br><a href=\"https:\/\/www.novaconcursos.com.br\/portal\/wp-content\/uploads\/2023\/10\/edital-trt-rn.pdf\" target=\"_blank\" rel=\"noopener\">Baixe o edital.<\/a><\/p>\n\n\n\n<h2 class=\"wp-block-heading\" id=\"como-se-inscrever-para-o-concurso-trt-rn\">Como se inscrever para o concurso TRT RN?<\/h2>\n\n\n\n<p>As inscri\u00e7\u00f5es para o concurso TRT RN estar\u00e3o abertas entre \u00e0s <strong>10h do dia 16 de outubro de 2023 at\u00e9 \u00e0s 23h59 do dia 18 de novembro de 2023<\/strong>, no site da banca organizadora, a <a href=\"https:\/\/www.concursosfcc.com.br\/\" target=\"_blank\" rel=\"noopener\">Funda\u00e7\u00e3o Carlos Chagas (FCC)<\/a>.<\/p>\n\n\n\n<p>Para participar do certame, o interessado dever\u00e1 efetivar o pagamento de uma <strong>taxa<\/strong> de inscri\u00e7\u00e3o nos seguintes valores:<\/p>\n\n\n\n<ul class=\"wp-block-list\"><li>T\u00e9cnico Judici\u00e1rio: R$ 90,00<\/li>\n\n\n\n<li>Analista Judici\u00e1rio: R$ 110,00<\/li>\n<\/ul><p>O concurso tamb\u00e9m oferece a <strong>isen\u00e7\u00e3o<\/strong> da taxa de inscri\u00e7\u00e3o para o candidato:<\/p>\n\n\n\n<ul class=\"wp-block-list\"><li>inscrito no Cadastro \u00danico para Programas Sociais do Governo Federal \u2013 Cad\u00danico, e for membro de fam\u00edlia de baixa renda, nos termos do Decreto Federal n\u00ba 11.016, de 29 mar\u00e7o de 2022; ou<\/li>\n\n\n\n<li>doador de medula \u00f3ssea, amparados pela Lei Federal n\u00ba 13.656, de 30 de abril de 2018.<\/li>\n<\/ul><p><strong>Aten\u00e7\u00e3o!<\/strong> A solicita\u00e7\u00e3o do pedido de isen\u00e7\u00e3o dever\u00e1 ser realizada entre \u00e0s 10h do dia 16 de outubro at\u00e9 \u00e0s 23h59 do dia 20 de outubro de 2023.<\/p>\n\n\n\n<p>Estude para o concurso dos seus sonhos com o\u00a0<strong>M\u00e9todo<\/strong>\u00a0que j\u00e1 ajudou na\u00a0<strong>aprova\u00e7\u00e3o de mais de 70 mil alunos.<\/strong>\u00a0<a href=\"https:\/\/aprovacao.novaconcursos.com.br\/assinatura?promo_creative=Clique+aqui&amp;promo_name=noticia&amp;promo_id=%2Fportal%2Fnoticias%2Fconcurso-trt-21-comissao-formada-confira-cargos-vagos&amp;promo_position=corpo-texto\" target=\"_blank\" rel=\"noreferrer noopener\">Clique aqui<\/a> e saiba mais!<\/p>\n\n\n\n<h2 class=\"wp-block-heading\" id=\"quais-so-os-cargos-vagas-e-salrios-do-concurso-trt-rn\">Quais s\u00e3o os cargos, vagas e sal\u00e1rios do concurso TRT RN?<\/h2>\n\n\n\n<p>O novo concurso do Tribunal Regional do Trabalho do Rio Grande do Norte da 21\u00aa Regi\u00e3o ir\u00e1 ofertar vagas para\u00a0<strong>cadastro reserva<\/strong>, para os cargos de T\u00e9cnico e Analista Judici\u00e1rio.<\/p>\n\n\n\n<p>Ser\u00e3o contempladas as <strong>especialidades\u00a0<\/strong>a seguir:<\/p>\n\n\n\n<p><strong>T\u00e9cnico Judici\u00e1rio<\/strong><\/p>\n\n\n\n<ul class=\"wp-block-list\"><li>\u00c1rea Administrativa<\/li>\n\n\n\n<li>\u00c1rea Administrativa \u2013 Especialidade Agente da Pol\u00edcia Judicial<\/li>\n\n\n\n<li>\u00c1rea Apoio Especializado \u2013 Especialidade Seguran\u00e7a do Trabalho<\/li>\n<\/ul><p><strong>Analista <\/strong><strong>Judici\u00e1rio<\/strong><\/p>\n\n\n\n<ul class=\"wp-block-list\"><li>\u00c1rea Administrativa<\/li>\n\n\n\n<li>\u00c1rea Administrativa \u2013 Especialidade Contabilidade<\/li>\n\n\n\n<li>\u00c1rea Judici\u00e1ria<\/li>\n\n\n\n<li>\u00c1rea Judici\u00e1ria \u2013 Especialidade Oficial de Justi\u00e7a Avaliador Federal<\/li>\n\n\n\n<li>\u00c1rea Apoio Especializado \u2013 Tecnologia da Informa\u00e7\u00e3o<\/li>\n\n\n\n<li>\u00c1rea Apoio Especializado \u2013 Especialidade Medicina<\/li>\n<\/ul><p>Os cargos possuem com uma jornada de trabalho de 40 horas semanais.<\/p>\n\n\n\n<p>Os servidores far\u00e3o jus a uma <strong>remunera\u00e7\u00e3o inicial<\/strong> composta pelo vencimento b\u00e1sico + GAS (Gratifica\u00e7\u00e3o de Atividade de Seguran\u00e7a), nos seguintes valores:<\/p>\n\n\n\n<ul class=\"wp-block-list\"><li>T\u00e9cnico Judici\u00e1rio: R$ 9.220,35<\/li>\n\n\n\n<li>Analista Judici\u00e1rio: R$ 15.128,00<\/li>\n<\/ul><p>Acesse aqui as <a href=\"https:\/\/www.novaconcursos.com.br\/portal\/wp-content\/uploads\/2023\/10\/atribuicoes-trt-rn-21.pdf\" target=\"_blank\" rel=\"noopener\">atribui\u00e7\u00f5es<\/a> de cada cargo e especialidade.<\/p>\n\n\n\n<ul class=\"wp-block-list\"><li><strong>Confira:<\/strong>\u00a0<a href=\"https:\/\/www.novaconcursos.com.br\/livro\/1000-questoes-gabaritadas-tribunal-regional-trabalho-tecnico-analista?promo_creative=Livro+1.000+Quest%C3%B5es+Gabaritadas+para+o+Tribunal+Regional+do+Trabalho+%26%238211%3B+T%C3%A9cnico+e+Analista&amp;promo_name=noticia&amp;promo_id=%2Fportal%2Fnoticias%2Fconcurso-trt-21-comissao-formada-confira-cargos-vagos&amp;promo_position=corpo-texto\">Livro 1.000 Quest\u00f5es Gabaritadas para o Tribunal Regional do Trabalho \u2013 T\u00e9cnico e Analista<\/a><\/li>\n\n\n\n<li><strong>Confira:\u00a0<\/strong><a href=\"https:\/\/www.novaconcursos.com.br\/livro\/1000-questoes-gabaritadas-fcc?promo_creative=Livro+1.000+Quest%C3%B5es+Gabaritadas+FCC&amp;promo_name=noticia&amp;promo_id=%2Fportal%2Fnoticias%2Fconcurso-trt-21-comissao-formada-confira-cargos-vagos&amp;promo_position=corpo-texto\">Livro 1.000 Quest\u00f5es Gabaritadas FCC<\/a><\/li>\n<\/ul><h2 class=\"wp-block-heading\" id=\"concurso-trt-rn-requisitos\">Concurso TRT RN: requisitos<\/h2>\n\n\n\n<p>As exig\u00eancias b\u00e1sicas para investidura nos cargos s\u00e3o:<\/p>\n\n\n\n<ul class=\"wp-block-list\"><li>ser brasileiro nato ou naturalizado ou portugu\u00eas em condi\u00e7\u00e3o de igualdade de direitos com os brasileiros, na forma do artigo 12, \u00a7 1\u00ba, da Constitui\u00e7\u00e3o Federal;<\/li>\n\n\n\n<li><strong>ter idade m\u00ednima de 18 (dezoito) anos;<\/strong><\/li>\n\n\n\n<li>estar em dia com as obriga\u00e7\u00f5es eleitorais;<\/li>\n\n\n\n<li>estar em dia com os deveres do Servi\u00e7o Militar, para os candidatos do sexo masculino;<\/li>\n\n\n\n<li>apresentar certid\u00f5es de antecedentes criminais da Justi\u00e7a Federal, Eleitoral, Militar (estadual e federal) e da Justi\u00e7a Estadual;<\/li>\n\n\n\n<li>n\u00e3o estar incompatibilizado para nova investidura em cargo p\u00fablico federal, nos termos dispostos no artigo 137 da Lei n\u00ba 8.112\/1990;<\/li>\n\n\n\n<li>possuir os documentos comprobat\u00f3rios da escolaridade e pr\u00e9-requisitos constantes do Cap\u00edtulo 2 e os documentos constantes do item 14.10 do Cap\u00edtulo 14 deste Edital;<\/li>\n\n\n\n<li><strong>ter<\/strong> <strong>aptid\u00e3o f\u00edsica e mental para o exerc\u00edcio das atribui\u00e7\u00f5es do Cargo\/\u00c1rea\/Especialidade<\/strong>, conforme artigo 14, par\u00e1grafo \u00fanico, da Lei n\u00ba 8.112\/1990, atestada pela \u00e1rea m\u00e9dica do Tribunal Regional do Trabalho da 21\u00aa Regi\u00e3o para todos os cargos e, adicionalmente, para o cargo de T\u00e9cnico Judici\u00e1rio, \u00c1rea Administrativa, Agente de Policia Judicial, pelo Teste de Aptid\u00e3o F\u00edsica \u2013 TAF.<\/li>\n<\/ul><p>Todos os cargos e especialidades exigem\u00a0<strong>n\u00edvel superior<\/strong> de forma\u00e7\u00e3o, em Institui\u00e7\u00e3o de Ensino Superior reconhecida pelo Minist\u00e9rio da Educa\u00e7\u00e3o.<\/p>\n\n\n\n<p>Assim, os requisitos <strong>espec\u00edficos<\/strong> dos cargos t\u00eam rela\u00e7\u00e3o com a \u00e1rea de forma\u00e7\u00e3o , al\u00e9m da exig\u00eancia de registro no \u00d3rg\u00e3o de Classe, qualquer houver.<\/p>\n\n\n\n<p>A especialidade de <strong>Agente da Pol\u00edcia Judicial<\/strong> exige, tamb\u00e9m, carteira nacional de habilita\u00e7\u00e3o categoria \u201cB\u201d ou superior.<\/p>\n\n\n\n<h2 class=\"wp-block-heading\" id=\"etapas-de-seleo-do-concurso-trt-rn\">Etapas de Sele\u00e7\u00e3o do concurso TRT RN<\/h2>\n\n\n\n<p>O certame TRT RN da 21\u00aa Regi\u00e3o ser\u00e1 realizado em duas etapas:<\/p>\n\n\n\n<ul class=\"wp-block-list\"><li>Provas objetivas (todos os cargos); e<\/li>\n\n\n\n<li>Provas discursivas (somente para Analista Judici\u00e1rio).<\/li>\n<\/ul><p>A sele\u00e7\u00e3o ser\u00e1 realizada em <a href=\"https:\/\/www.novaconcursos.com.br\/portal\/concursos-previstos\/rn\/\">Natal\/RN<\/a> no dia <strong>17 de dezembro de 2023<\/strong>, no per\u00edodo da manh\u00e3.<\/p>\n\n\n\n<p>Vamos saber mais sobre cada uma das etapas!<\/p>\n\n\n\n<h3 class=\"wp-block-heading\">Provas objetivas<\/h3>\n\n\n\n<p>Esta etapa, de car\u00e1ter habilitat\u00f3rio e classificat\u00f3rio, ser\u00e1 composta por<strong> 60 quest\u00f5es<\/strong> de m\u00faltipla escolha e ter\u00e1 dura\u00e7\u00e3o m\u00e1xima de 4h30.<\/p>\n\n\n\n<p>Ser\u00e3o cobradas as seguintes disciplinas:<\/p>\n\n\n\n<ul class=\"wp-block-list\"><li>Conhecimentos gerais (20)\n<ul class=\"wp-block-list\"><li>L\u00edngua Portuguesa<\/li>\n\n\n\n<li>No\u00e7\u00f5es sobre o Direito das Pessoas com Defici\u00eancia<\/li>\n\n\n\n<li>No\u00e7\u00f5es de Sustentabilidade<\/li>\n\n\n\n<li>No\u00e7\u00f5es de Google Workspace<\/li>\n\n\n\n<li>C\u00f3digo de \u00c9tica e Regimento do TRT 21<\/li>\n<\/ul><\/li>\n\n\n\n<li>Conhecimentos Espec\u00edficos (40)<\/li>\n<\/ul><p>Cada uma das provas ser\u00e1 avaliada em uma escala de 0 \u00e0 10 pontos, por meio de m\u00e9dia aritm\u00e9tica.<\/p>\n\n\n\n<p>E, para ser considerado <strong>aprovado<\/strong>, o candidato dever\u00e1 obter nota igual ou superior \u00e0 6 pontos.<\/p>\n\n\n\n<h3 class=\"wp-block-heading\">Provas discursivas<\/h3>\n\n\n\n<p>De car\u00e1ter eliminat\u00f3rio e classificat\u00f3rio, a prova discursiva ser\u00e1 composta pela <strong>elabora\u00e7\u00e3o de uma reda\u00e7\u00e3o<\/strong> dissertativa-argumentativa, entre 20 e 30 linhas.<\/p>\n\n\n\n<p>Os\u00a0<strong>crit\u00e9rios\u00a0<\/strong>de avalia\u00e7\u00e3o ser\u00e3o:<\/p>\n\n\n\n<ul class=\"wp-block-list\"><li>Conte\u00fado \u2013 at\u00e9 4 pontos:\n<ul class=\"wp-block-list\"><li>perspectiva adotada no tratamento do tema;<\/li>\n\n\n\n<li>capacidade de an\u00e1lise e senso cr\u00edtico em rela\u00e7\u00e3o ao tema proposto;<\/li>\n\n\n\n<li>consist\u00eancia dos argumentos, clareza e coer\u00eancia no seu encadeamento.<\/li>\n<\/ul><\/li>\n\n\n\n<li>Estrutura \u2013 at\u00e9 3 pontos:\n<ul class=\"wp-block-list\"><li>respeito ao g\u00eanero solicitado;<\/li>\n\n\n\n<li>progress\u00e3o textual e encadeamento de ideias;<\/li>\n\n\n\n<li>articula\u00e7\u00e3o de frases e par\u00e1grafos (coes\u00e3o textual).<\/li>\n<\/ul><\/li>\n\n\n\n<li>Express\u00e3o \u2013 at\u00e9 3 pontos:\n<ul class=\"wp-block-list\"><li>desempenho lingu\u00edstico de acordo com o n\u00edvel de conhecimento exigido para o Cargo;<\/li>\n\n\n\n<li>adequa\u00e7\u00e3o do n\u00edvel de linguagem adotado \u00e0 produ\u00e7\u00e3o proposta e coer\u00eancia no uso;<\/li>\n\n\n\n<li>dom\u00ednio da norma culta formal, com aten\u00e7\u00e3o aos seguintes itens: estrutura sint\u00e1tica de ora\u00e7\u00f5es e per\u00edodos, elementos coesivos; concord\u00e2ncia verbal e nominal; pontua\u00e7\u00e3o; reg\u00eancia verbal e nominal; emprego de pronomes; flex\u00e3o verbal e nominal; uso de tempos e modos verbais; grafia e acentua\u00e7\u00e3o.<\/li>\n<\/ul><\/li>\n<\/ul><p>Em uma escala de 0 \u00e0 10 pontos, ser\u00e3o aprovados os candidatos que obtiverem nota igual ou superior a 4,80 pontos.<\/p>\n\n\n\n<h2 class=\"wp-block-heading\" id=\"sobre-o-trt-rn-21\">Sobre o TRT RN (21)<\/h2>\n\n\n\n<p>O Tribunal Regional do Trabalho da 21\u00aa Regi\u00e3o (TRT-RN) foi criado pela Lei n\u00ba 8215\/1991 e instalado em 1992, sob a presid\u00eancia de Jos\u00e9 Vasconcelos da Rocha, com a composi\u00e7\u00e3o dos ju\u00edzes togados Raimundo Oliveira, Othongaldi Rocha, Francisco das Chagas Pereira, Waldeci Gomes Confessor e Maria do Perp\u00e9tuo Socorro Wanderley de Castro e os ju\u00edzes classistas S\u00e9rgio de Miranda Monte e Reginaldo Te\u00f3filo da Silva.<\/p>\n\n\n\n<p>O TRT-RN distribui-se por 23\u00a0Varas do Trabalho (Natal, Mossor\u00f3, Caic\u00f3, Currais Novos, Macau, Goianinha e Cear\u00e1-mirim) e um Posto Avan\u00e7ado em Pau dos Ferros e funciona com duas Turmas de Julgamento e o Tribunal Pleno, composto por dez desembargadores.<\/p>\n\n\n\n<p><strong>Miss\u00e3o<\/strong><\/p>\n\n\n\n<p>Promover justi\u00e7a, no \u00e2mbito das rela\u00e7\u00f5es de trabalho, com celeridade, efici\u00eancia e efetividade, contribuindo para a paz social e o fortalecimento da\u00a0cidadania.<\/p>\n\n\n\n<p><strong>Vis\u00e3o de Futuro<\/strong><\/p>\n\n\n\n<p>Ser reconhecido como um Tribunal que prima pela efetividade na presta\u00e7\u00e3o jurisdicional e na gest\u00e3o dos meios utilizados, com a valoriza\u00e7\u00e3o das pessoas.<\/p>\n\n\n\n<p><strong>Valores Institucionais<\/strong><\/p>\n\n\n\n<p>Acessibilidade<\/p>\n\n\n\n<p>Celeridade<\/p>\n\n\n\n<p>Efetividade<\/p>\n\n\n\n<p>\u00c9tica<\/p>\n\n\n\n<p>Impessoalidade<\/p>\n\n\n\n<p>Inova\u00e7\u00e3o<\/p>\n\n\n\n<p>Justi\u00e7a<\/p>\n\n\n\n<p>Qualidade<\/p>\n\n\n\n<p>Responsabilidade Socioambiental<\/p>\n\n\n\n<p>Solidariedade<\/p>\n\n\n\n<p>Transpar\u00eancia<\/p>\n\n\n\n<p>Valoriza\u00e7\u00e3o das Pessoas<\/p>","protected":false},"excerpt":{"rendered":"<p>\u00d3timas not\u00edcias, concurseiros! Foi publicado o novo concurso TRT RN (21) (Tribunal Regional do Trabalho do Rio Grande do Norte da 21\u00aa Regi\u00e3o)!<\/p>\n<p>Est\u00e3o sendo ofertadas vagas para T\u00e9cnico e Analista, com iniciais de at\u00e9 R$ 15 mil!<\/p>\n<p>Continue com a gente e conhe\u00e7a todos os detalhes para participar!<\/p>\n","protected":false},"author":16,"featured_media":201084,"comment_status":"closed","ping_status":"closed","sticky":false,"template":"","format":"standard","meta":{"_acf_changed":false,"footnotes":"","_wp_rev_ctl_limit":""},"categories":[44999],"tags":[],"class_list":["post-58486","post","type-post","status-publish","format-standard","has-post-thumbnail","hentry","category-concursos"],"acf":[],"_links":{"self":[{"href":"https:\/\/www.novaconcursos.com.br\/portal\/wp-json\/wp\/v2\/posts\/58486","targetHints":{"allow":["GET"]}}],"collection":[{"href":"https:\/\/www.novaconcursos.com.br\/portal\/wp-json\/wp\/v2\/posts"}],"about":[{"href":"https:\/\/www.novaconcursos.com.br\/portal\/wp-json\/wp\/v2\/types\/post"}],"author":[{"embeddable":true,"href":"https:\/\/www.novaconcursos.com.br\/portal\/wp-json\/wp\/v2\/users\/16"}],"replies":[{"embeddable":true,"href":"https:\/\/www.novaconcursos.com.br\/portal\/wp-json\/wp\/v2\/comments?post=58486"}],"version-history":[{"count":13,"href":"https:\/\/www.novaconcursos.com.br\/portal\/wp-json\/wp\/v2\/posts\/58486\/revisions"}],"predecessor-version":[{"id":278257,"href":"https:\/\/www.novaconcursos.com.br\/portal\/wp-json\/wp\/v2\/posts\/58486\/revisions\/278257"}],"wp:featuredmedia":[{"embeddable":true,"href":"https:\/\/www.novaconcursos.com.br\/portal\/wp-json\/wp\/v2\/media\/201084"}],"wp:attachment":[{"href":"https:\/\/www.novaconcursos.com.br\/portal\/wp-json\/wp\/v2\/media?parent=58486"}],"wp:term":[{"taxonomy":"category","embeddable":true,"href":"https:\/\/www.novaconcursos.com.br\/portal\/wp-json\/wp\/v2\/categories?post=58486"},{"taxonomy":"post_tag","embeddable":true,"href":"https:\/\/www.novaconcursos.com.br\/portal\/wp-json\/wp\/v2\/tags?post=58486"}],"curies":[{"name":"wp","href":"https:\/\/api.w.org\/{rel}","templated":true}]}}