{"id":5849,"date":"2014-02-03T11:25:15","date_gmt":"2014-02-03T14:25:15","guid":{"rendered":"http:\/\/www.novaconcursos.com.br\/portal\/?p=5849"},"modified":"2025-04-03T13:05:51","modified_gmt":"2025-04-03T16:05:51","slug":"o-que-cai-na-prova-do-mapa-2014","status":"publish","type":"post","link":"https:\/\/www.novaconcursos.com.br\/portal\/artigos\/o-que-cai-na-prova-do-mapa-2014\/","title":{"rendered":"O que cai na prova do MAPA 2014?"},"content":{"rendered":"<p class=\"wp-block-paragraph\">Quer saber o que vai cair na prova do<strong> concurso MAPA-\u00a0\u00a0Minist\u00e9rio da Agricultura, Pecu\u00e1ria e Abastecimento 2014?<\/strong> A Nova Concursos te ajuda!<\/p>\n\n\n\n<p class=\"wp-block-paragraph\">No dia 21 de janeiro foi divulgado o edital para o <strong>Concurso MAPA<\/strong>\u00a02014.<\/p>\n\n\n\n<p class=\"wp-block-paragraph\">-As <strong>inscri\u00e7\u00f5es<\/strong> come\u00e7aram hoje, <strong>dia 03\/02;<br><\/strong>-s\u00e3o mais de<strong> 790 vagas dispon\u00edveis<\/strong> nos n\u00edveis m\u00e9dio, t\u00e9cnico e superior.<br>-Os sal\u00e1rios ir\u00e3o variar entre<strong> R$ 2.818,02 e R$ 12.539,38<\/strong>, para uma carga hor\u00e1ria de 40 horas semanais.<\/p>\n\n\n\n<p class=\"wp-block-paragraph\">A prova ser\u00e1 objetiva e discursiva. \u00c9 importante que o candidato esteja atento aos conhecimentos espec\u00edficos do cargo ao qual se candidatou.<\/p>\n\n\n\n<p class=\"wp-block-paragraph\">A Nova quer ajudar voc\u00ea nos estudos! Por isso, al\u00e9m de <strong><a title=\"Apostilas Concurso MAPA 2014\" href=\"https:\/\/www.novaconcursos.com.br\/concurso\/mapa-ministerio-da-agricultura-pecuaria-e-abastecimento\/apostila?utm_source=blog&amp;utm_medium=smm&amp;utm_content=post+o+que+cai+na+prova+concurso+mapa+2014&amp;utm_campaign=20140203\" target=\"_blank\" rel=\"noopener noreferrer\">Apostilas atualizadas para o Concurso MAPA 2014<\/a>,<\/strong> tamb\u00e9m listou as mat\u00e9rias que dever\u00e3o ser estudadas para esta prova:<\/p>\n\n\n\n<h2 class=\"wp-block-heading\" id=\"lngua-portuguesa\">L\u00edngua Portuguesa<\/h2>\n\n\n\n<p class=\"wp-block-paragraph\">ter\u00e1 abordagens diferentes para cada n\u00edvel, sendo:<\/p>\n\n\n\n<p class=\"wp-block-paragraph\"><strong>N\u00edvel Fundamental Completo:<\/strong>\u00a0leitura e compreens\u00e3o de textos, significa\u00e7\u00e3o das palavras no texto. Emprego das classes de palavras. Pontua\u00e7\u00e3o. Acentua\u00e7\u00e3o gr\u00e1fica. Ortografia. Fon\u00e9tica e fonologia. Termos essenciais da ora\u00e7\u00e3o.<\/p>\n\n\n\n<p class=\"wp-block-paragraph\"><strong>N\u00edvel M\u00e9dio T\u00e9cnico e M\u00e9dio:<\/strong>\u00a0conceito, encontros voc\u00e1licos, d\u00edgrafos, orto\u00e9pia, divis\u00e3o sil\u00e1bica, pros\u00f3dia-acentua\u00e7\u00e3o e ortografia; estrutura e forma\u00e7\u00e3o das palavras, classes de palavras; Sintaxe: termos da ora\u00e7\u00e3o, per\u00edodo composto, conceito e classifica\u00e7\u00e3o das ora\u00e7\u00f5es, concord\u00e2ncia verbal e nominal, reg\u00eancia verbal e nominal, crase e pontua\u00e7\u00e3o; Sem\u00e2ntica: a significa\u00e7\u00e3o das palavras no texto; Interpreta\u00e7\u00e3o de texto.<\/p>\n\n\n\n<p class=\"wp-block-paragraph\"><strong>N\u00edvel Superior:<\/strong> compreens\u00e3o e interpreta\u00e7\u00e3o de textos; denota\u00e7\u00e3o e conota\u00e7\u00e3o; figuras; coes\u00e3o e coer\u00eancia; tipologia textual; significa\u00e7\u00e3o das palavras; emprego das classes de palavras; sintaxe da ora\u00e7\u00e3o e do per\u00edodo; pontua\u00e7\u00e3o; concord\u00e2ncia verbal e nominal; reg\u00eancia verbal e nominal; estudo da crase; sem\u00e2ntica e estil\u00edstica.<\/p>\n\n\n\n<h2 class=\"wp-block-heading\" id=\"raciocnio-lgico\">Racioc\u00ednio L\u00f3gico<\/h2>\n\n\n\n<p class=\"wp-block-paragraph\">tamb\u00e9m ser\u00e1 dividido em n\u00edveis, sendo<\/p>\n\n\n\n<p class=\"wp-block-paragraph\"><strong>N\u00edvel Fundamental Completo:<\/strong>\u00a0sequ\u00eancias L\u00f3gicas envolvendo n\u00fameros, letras e figuras. Geometria b\u00e1sica. Criptografia. Simetria. Conjuntos; as rela\u00e7\u00f5es de pertin\u00eancia, inclus\u00e3o e igualdade; opera\u00e7\u00f5es entre conjuntos, uni\u00e3o, interse\u00e7\u00e3o e diferen\u00e7a. Compara\u00e7\u00f5es. Calend\u00e1rios. Numera\u00e7\u00e3o. Raz\u00e3o e propor\u00e7\u00e3o. Regra de Tr\u00eas.<\/p>\n\n\n\n<p class=\"wp-block-paragraph\"><strong>N\u00edvel Superior M\u00e9dio T\u00e9cnico e M\u00e9dio:<\/strong> princ\u00edpio da Regress\u00e3o ou Revers\u00e3o. L\u00f3gica Dedutiva, Argumentativa e Quantitativa. L\u00f3gica matem\u00e1tica qualitativa, Sequ\u00eancias L\u00f3gicas envolvendo N\u00fameros, Letras e Figuras. Geometria b\u00e1sica. \u00c1lgebra b\u00e1sica e sistemas lineares. Calend\u00e1rios. Numera\u00e7\u00e3o. Raz\u00f5es Especiais. An\u00e1lise Combinat\u00f3ria e Probabilidade. Progress\u00f5es Aritm\u00e9tica e Geom\u00e9trica. Conjuntos; as rela\u00e7\u00f5es de pertin\u00eancia, inclus\u00e3o e igualdade; opera\u00e7\u00f5es entre conjuntos, uni\u00e3o, interse\u00e7\u00e3o e diferen\u00e7a. Compara\u00e7\u00f5es.<\/p>\n\n\n\n<h2 class=\"wp-block-heading\" id=\"noes-de-informtica\">No\u00e7\u00f5es de Inform\u00e1tica<\/h2>\n\n\n\n<p class=\"wp-block-paragraph\">Em <a title=\"No\u00e7\u00f5es de Inform\u00e1tica para Concursos P\u00fablicos\" href=\"https:\/\/www.novaconcursos.com.br\/portal\/dicas\/nocoes-de-informatica-para-concursos-publicos\/\"><strong>no\u00e7\u00f5es de inform\u00e1tica<\/strong><\/a> ser\u00e3o abordados assuntos como conceitos b\u00e1sicos do hardware e perif\u00e9ricos de um microcomputador, al\u00e9m dos\u00a0Browsers de Internet Explorer e Firefox.<\/p>\n\n\n\n<p class=\"wp-block-paragraph\">Foque tamb\u00e9m em ferramentas e aplica\u00e7\u00f5es de inform\u00e1tica, Ambientes Windows. Correio eletr\u00f4nico, Procedimento para a realiza\u00e7\u00e3o de c\u00f3pia de seguran\u00e7a (backup).<\/p>\n\n\n\n<p class=\"wp-block-paragraph\">Outros temas s\u00e3o:Microsoft Office \u2013 Word e Excel. Conceitos de organiza\u00e7\u00e3o de arquivos e m\u00e9todos de acesso. Conceitos e tecnologias.<\/p>\n\n\n\n<p class=\"wp-block-paragraph\">Sistema operacional Windows XP e Windows 7.<\/p>\n\n\n\n<p class=\"wp-block-paragraph\">Microsoft Office: Word 2007, Excel 2007, Power Point 2007 e Microsoft Outlook 2007.<\/p>\n\n\n\n<p class=\"wp-block-paragraph\">Conceitos e tecnologias relacionados \u00e0 Internet e a Correio Eletr\u00f4nico. Internet Explorer 8. Conceitos b\u00e1sicos de seguran\u00e7a da informa\u00e7\u00e3o.<\/p>\n\n\n\n<h2 class=\"wp-block-heading\" id=\"conhecimentos-gerais\">Conhecimentos gerais<\/h2>\n\n\n\n<p class=\"wp-block-paragraph\">Prepare-se! <strong>Leia muito, atente-se ao que est\u00e1 acontecendo no Brasil<\/strong> e no mundo. Busque artigos na internet.<\/p>\n\n\n\n<p class=\"wp-block-paragraph\">Ser\u00e3o abordados t\u00f3picos relevantes de diversas \u00e1reas, tais como: pol\u00edtica, economia, sociedade, educa\u00e7\u00e3o, tecnologia, energia, rela\u00e7\u00f5es internacionais, desenvolvimento sustent\u00e1vel, seguran\u00e7a, artes e literatura e suas vincula\u00e7\u00f5es hist\u00f3ricas, a n\u00edvel regional, nacional e internacional.<\/p>\n\n\n\n<h3 class=\"wp-block-heading\"><strong>Conhecimentos espec\u00edficos<\/strong><\/h3>\n\n\n\n<p class=\"wp-block-paragraph\">O candidato deve estar atento e atualizar-se sobre os conhecimentos espec\u00edficos do cargo ao qual se candidatou. \u00c9 bom estar preparado, pois os conte\u00fados ser\u00e3o bem focados de acordo com a vaga.<\/p>","protected":false},"excerpt":{"rendered":"<p>Quer saber o que vai cair na prova do concurso MAPA-\u00a0\u00a0Minist\u00e9rio da Agricultura, Pecu\u00e1ria e Abastecimento 2014? A Nova Concursos te ajuda! No dia 21 de janeiro foi divulgado o edital para o Concurso MAPA\u00a02014. -As inscri\u00e7\u00f5es come\u00e7aram hoje, dia 03\/02;-s\u00e3o mais de 790 vagas dispon\u00edveis nos n\u00edveis m\u00e9dio, t\u00e9cnico e superior.-Os sal\u00e1rios ir\u00e3o variar [&hellip;]<\/p>\n","protected":false},"author":16,"featured_media":5852,"comment_status":"closed","ping_status":"closed","sticky":false,"template":"","format":"standard","meta":{"_acf_changed":false,"footnotes":"","_wp_rev_ctl_limit":""},"categories":[33508],"tags":[8455,8456,8457,8458,8459,8460,8461,6480,3197,8838,8839,8840,8841,8842],"class_list":["post-5849","post","type-post","status-publish","format-standard","has-post-thumbnail","hentry","category-artigos","tag-apostila-concurso-mapa","tag-apostila-concurso-mapa-2013","tag-apostila-concurso-mapa-2014","tag-apostila-concurso-ministerio-da-agricultura-e-do-abastecimento","tag-apostila-concurso-ministerio-da-agricultura-e-do-abastecimento-2014","tag-apostila-mapa","tag-apostila-mapa-2014","tag-dicas-de-edital","tag-dicas-de-estudo","tag-edital-mapa-2014","tag-o-que-cai-concurso-mapa","tag-o-que-cai-concurso-mapa-2014","tag-o-que-cai-mapa-2014","tag-o-que-cai-prova-mapa-2014"],"acf":[],"_links":{"self":[{"href":"https:\/\/www.novaconcursos.com.br\/portal\/wp-json\/wp\/v2\/posts\/5849","targetHints":{"allow":["GET"]}}],"collection":[{"href":"https:\/\/www.novaconcursos.com.br\/portal\/wp-json\/wp\/v2\/posts"}],"about":[{"href":"https:\/\/www.novaconcursos.com.br\/portal\/wp-json\/wp\/v2\/types\/post"}],"author":[{"embeddable":true,"href":"https:\/\/www.novaconcursos.com.br\/portal\/wp-json\/wp\/v2\/users\/16"}],"replies":[{"embeddable":true,"href":"https:\/\/www.novaconcursos.com.br\/portal\/wp-json\/wp\/v2\/comments?post=5849"}],"version-history":[{"count":4,"href":"https:\/\/www.novaconcursos.com.br\/portal\/wp-json\/wp\/v2\/posts\/5849\/revisions"}],"predecessor-version":[{"id":277679,"href":"https:\/\/www.novaconcursos.com.br\/portal\/wp-json\/wp\/v2\/posts\/5849\/revisions\/277679"}],"wp:featuredmedia":[{"embeddable":true,"href":"https:\/\/www.novaconcursos.com.br\/portal\/wp-json\/wp\/v2\/media\/5852"}],"wp:attachment":[{"href":"https:\/\/www.novaconcursos.com.br\/portal\/wp-json\/wp\/v2\/media?parent=5849"}],"wp:term":[{"taxonomy":"category","embeddable":true,"href":"https:\/\/www.novaconcursos.com.br\/portal\/wp-json\/wp\/v2\/categories?post=5849"},{"taxonomy":"post_tag","embeddable":true,"href":"https:\/\/www.novaconcursos.com.br\/portal\/wp-json\/wp\/v2\/tags?post=5849"}],"curies":[{"name":"wp","href":"https:\/\/api.w.org\/{rel}","templated":true}]}}