{"id":59878,"date":"2017-10-30T16:46:18","date_gmt":"2017-10-30T18:46:18","guid":{"rendered":"http:\/\/www.novaconcursos.com.br\/portal\/?post_type=nc-public-tender&#038;p=59878"},"modified":"2024-12-16T10:52:34","modified_gmt":"2024-12-16T13:52:34","slug":"concurso-camara-de-sao-joao-de-meriti-rj","status":"publish","type":"post","link":"https:\/\/www.novaconcursos.com.br\/portal\/concursos\/concurso-camara-de-sao-joao-de-meriti-rj\/","title":{"rendered":"Concurso C\u00e2mara de S\u00e3o Jo\u00e3o de Meriti RJ"},"content":{"rendered":"<p>A <strong>C\u00e2mara Municipal de S\u00e3o Jo\u00e3o de Meriti<\/strong>, no interior do Rio de Janeiro, divulgou <strong>edital de abertura<\/strong> de novo concurso p\u00fablico!<\/p>\n<p>O certame oferece <strong>55 vagas<\/strong> para candidatos de <strong>todos os n\u00edveis<\/strong> de escolaridade e sal\u00e1rios de at\u00e9 <strong>R$ 3 mil!<\/strong><\/p>\n<p style=\"text-align: center;\"><strong><a style=\"color: #000000;\" href=\"https:\/\/www.novaconcursos.com.br\/concurso\/camara-municipal-de-sao-joao-de-meriti-rj\/apostila?utm_source=blog&amp;utm_medium=smm&amp;utm_content=link-texto&amp;utm_campaign=blog-concurso-camara-sao-joao-de-meriti-rj\" target=\"_blank\" rel=\"noopener\">\u00bb Adquira a Apostila do\u00a0<span style=\"text-decoration: underline; color: #0000ff;\">Concurso\u00a0C\u00e2mara de S\u00e3o Jo\u00e3o de Meriti RJ<\/span>\u00a0e parcele o pagamento\u00a0<span style=\"text-decoration: underline; color: #ff0000;\">SEM JUROS<\/span>! \u00ab<\/a><\/strong><\/p>\n<p><span style=\"color: #000000;\"><strong>Como fazer a inscri\u00e7\u00e3o?<\/strong><\/span><\/p>\n<p>As inscri\u00e7\u00f5es poder\u00e3o ser realizadas a partir das <strong>9h<\/strong> do dia <strong>1\u00ba de novembro<\/strong> se estendendo at\u00e9 \u00e0s <strong>23h59min<\/strong> do dia <strong>03 de dezembro de 2017<\/strong>.<\/p>\n<p>A taxa de inscri\u00e7\u00e3o \u00e9 de <strong>R$ 55,00<\/strong> (n\u00edvel fundamental), <strong>R$ 75,00<\/strong> (n\u00edvel m\u00e9dio) e <strong>R$ 115,00<\/strong> (n\u00edvel superior). O pagamento da taxa de inscri\u00e7\u00e3o poder\u00e1 ser efetuado at\u00e9 o dia <strong>06\/12\/2017<\/strong>.<\/p>\n<p><span style=\"color: #000000;\"><strong>Vagas e sal\u00e1rios<\/strong><\/span><\/p>\n<p>As <strong>55 vagas<\/strong> est\u00e3o distribu\u00eddas entre os seguintes cargos:<\/p>\n<blockquote><p>\u2666 <span style=\"text-decoration: underline;\"><em>Ensino fundamental:<\/em><\/span> Auxiliar Administrativo (8 vagas), Auxiliar Operacional (10 vagas) e Motorista \u201cC\u201d (2 vagas);<\/p>\n<p>\u2666 <span style=\"text-decoration: underline;\"><em>N\u00edvel m\u00e9dio:<\/em><\/span> T\u00e9cnico Administrativo (20 vagas), T\u00e9cnico em Finan\u00e7as (2 vagas), T\u00e9cnico em Inform\u00e1tica (2 vagas) e T\u00e9cnico em Manuten\u00e7\u00e3o (3 vagas);<\/p>\n<p>\u2666 <span style=\"text-decoration: underline;\"><em>N\u00edvel superior:<\/em><\/span> Advogado Legislativo (2 vagas), Contador Legislativo (2 vagas), Analista Administrativo (2 vagas) e Analista em Tecnologia (2 vagas).<\/p><\/blockquote>\n<p>Os sal\u00e1rios variam entre <strong>R$ 1.000,00 e R$ 3.000,00<\/strong> para jornada de trabalho de <strong>40 horas<\/strong> semanais.<\/p>\n<p><span style=\"color: #000000;\"><strong>Como ser\u00e1 a Prova?<\/strong><\/span><\/p>\n<p>A avalia\u00e7\u00e3o dos candidatos ser\u00e1 por meio de <strong>prova objetiva<\/strong>, prevista para o <strong>21 de janeiro de 2018.<\/strong><\/p>\n<p>O exame ter\u00e1 quest\u00f5es de Portugu\u00eas, Racioc\u00ednio L\u00f3gico, Regimento Interno da C\u00e2mara e Lei Org\u00e2nica de S\u00e3o Jo\u00e3o do Meriti e Conhecimentos Espec\u00edficos.<\/p>\n<p>Haver\u00e1 ainda <strong>avalia\u00e7\u00e3o m\u00e9dica<\/strong> admissional e <strong>checagem de pr\u00e9-requisitos\/comprova\u00e7\u00e3o de documento<\/strong>s, ambas de car\u00e1ter eliminat\u00f3rio.<\/p>\n<p>Os locais e hor\u00e1rios de aplica\u00e7\u00e3o da prova ser\u00e3o divulgados a partir do dia <strong>10 de janeiro de 2018<\/strong>, no site da organizadora.<\/p>\n<p>A\u00a0<span style=\"text-decoration: underline; color: #0000ff;\"><a style=\"color: #0000ff;\" href=\"https:\/\/www.novaconcursos.com.br\/?utm_source=blog&amp;utm_medium=smm&amp;utm_content=link-texto&amp;utm_campaign=home\" target=\"_blank\" rel=\"noopener\"><strong>Nova\u00a0Concursos<\/strong><\/a><\/span>\u00a0tem ajudado h\u00e1 mais de 8 anos quem quer vencer a batalha do concurso p\u00fablico. Se voc\u00ea quer aumentar as suas chances de passar, conhe\u00e7a os nossos materiais, acessando o nosso site!<\/p>\n<p style=\"text-align: center;\"><strong><a style=\"color: #000000;\" href=\"https:\/\/www.novaconcursos.com.br\/concurso\/camara-municipal-de-sao-joao-de-meriti-rj\/apostila?utm_source=blog&amp;utm_medium=smm&amp;utm_content=link-texto&amp;utm_campaign=blog-concurso-camara-sao-joao-de-meriti-rj\" target=\"_blank\" rel=\"noopener\">\u00bb Adquira a Apostila do\u00a0<span style=\"text-decoration: underline; color: #0000ff;\">Concurso\u00a0C\u00e2mara de S\u00e3o Jo\u00e3o de Meriti RJ<\/span>\u00a0e parcele o pagamento\u00a0<span style=\"text-decoration: underline; color: #ff0000;\">SEM JUROS<\/span>! \u00ab<\/a><\/strong><\/p>","protected":false},"excerpt":{"rendered":"<p>O Concurso C\u00e2mara de S\u00e3o Jo\u00e3o de Meriti RJ oferece 55 vagas para todos os n\u00edveis de escolaridade e sal\u00e1rios de at\u00e9 R$ 3 mil! Inscri\u00e7\u00f5es entre 01\/11 e 03\/12!<\/p>\n","protected":false},"author":16,"featured_media":59879,"comment_status":"closed","ping_status":"closed","sticky":false,"template":"","format":"standard","meta":{"_acf_changed":false,"footnotes":"","_wp_rev_ctl_limit":""},"categories":[44999],"tags":[],"class_list":["post-59878","post","type-post","status-publish","format-standard","has-post-thumbnail","hentry","category-concursos"],"acf":[],"_links":{"self":[{"href":"https:\/\/www.novaconcursos.com.br\/portal\/wp-json\/wp\/v2\/posts\/59878","targetHints":{"allow":["GET"]}}],"collection":[{"href":"https:\/\/www.novaconcursos.com.br\/portal\/wp-json\/wp\/v2\/posts"}],"about":[{"href":"https:\/\/www.novaconcursos.com.br\/portal\/wp-json\/wp\/v2\/types\/post"}],"author":[{"embeddable":true,"href":"https:\/\/www.novaconcursos.com.br\/portal\/wp-json\/wp\/v2\/users\/16"}],"replies":[{"embeddable":true,"href":"https:\/\/www.novaconcursos.com.br\/portal\/wp-json\/wp\/v2\/comments?post=59878"}],"version-history":[{"count":2,"href":"https:\/\/www.novaconcursos.com.br\/portal\/wp-json\/wp\/v2\/posts\/59878\/revisions"}],"predecessor-version":[{"id":261561,"href":"https:\/\/www.novaconcursos.com.br\/portal\/wp-json\/wp\/v2\/posts\/59878\/revisions\/261561"}],"wp:featuredmedia":[{"embeddable":true,"href":"https:\/\/www.novaconcursos.com.br\/portal\/wp-json\/wp\/v2\/media\/59879"}],"wp:attachment":[{"href":"https:\/\/www.novaconcursos.com.br\/portal\/wp-json\/wp\/v2\/media?parent=59878"}],"wp:term":[{"taxonomy":"category","embeddable":true,"href":"https:\/\/www.novaconcursos.com.br\/portal\/wp-json\/wp\/v2\/categories?post=59878"},{"taxonomy":"post_tag","embeddable":true,"href":"https:\/\/www.novaconcursos.com.br\/portal\/wp-json\/wp\/v2\/tags?post=59878"}],"curies":[{"name":"wp","href":"https:\/\/api.w.org\/{rel}","templated":true}]}}