{"id":61764,"date":"2022-05-27T14:04:13","date_gmt":"2022-05-27T17:04:13","guid":{"rendered":"http:\/\/www.novaconcursos.com.br\/portal\/?post_type=nc-public-tender&#038;p=61764"},"modified":"2024-12-16T09:52:27","modified_gmt":"2024-12-16T12:52:27","slug":"concurso-ipm-joao-pessoa-pb","status":"publish","type":"post","link":"https:\/\/www.novaconcursos.com.br\/portal\/concursos\/concurso-ipm-joao-pessoa-pb\/","title":{"rendered":"Concurso IPM Jo\u00e3o Pessoa PB: Comiss\u00e3o formada para novo edital!"},"content":{"rendered":"<p>Novidades para os concurseiros! Um novo <strong>concurso IPM Jo\u00e3o Pessoa PB<\/strong> (Instituto de Previd\u00eancia do Munic\u00edpio) pode ser realizado <strong>em breve.<\/strong> Isso porque uma comiss\u00e3o organizadora<strong> j\u00e1 foi formada.<\/strong><\/p>\n\n\n\n<p>Al\u00e9m disso, vale recordar que o \u00faltimo concurso <strong>ocorreu em 2018<\/strong>, de maneira que atualmente existem vac\u00e2ncias que precisam<strong> ser preenchidas.<\/strong> Sendo assim, se voc\u00ea se interessa pela nova sele\u00e7\u00e3o, confira <strong>todos os detalhes<\/strong> a seguir!<\/p>\n\n\n\n<h2 class=\"wp-block-heading\" id=\"concurso-ipm-joo-pessoa-pb-situao-atual\">Concurso IPM Jo\u00e3o Pessoa PB: situa\u00e7\u00e3o atual<\/h2>\n\n\n\n<p>Nesse sentido, \u00e9 imprescind\u00edvel que os concurseiros saibam que em breve poder\u00e1 ser realizado um<strong> novo concurso IPM Jo\u00e3o Pessoa PB.<\/strong> Ademais, o primeiro passo rumo a publica\u00e7\u00e3o do edital j\u00e1 foi dado, visto que a <strong>comiss\u00e3o organizadora<\/strong> foi formada.<\/p>\n\n\n\n<p>Dessa forma, foi publicada na \u00faltima quinta-feira,<strong> 26 de maio<\/strong>, por meio do Di\u00e1rio Oficial do munic\u00edpio a forma\u00e7\u00e3o da <strong>comiss\u00e3o organizadora<\/strong> respons\u00e1vel por dar in\u00edcio aos preparativos do edital.<\/p>\n\n\n\n<p>Sendo assim, conhe\u00e7a os <strong>membros designados:<\/strong><\/p>\n\n\n\n<p><strong>Presidente<\/strong><\/p>\n\n\n\n<ul class=\"wp-block-list\"><li>Nath\u00e1lia Palmeira Silva Coutinho<\/li>\n<\/ul><p><strong>Membros<\/strong><\/p>\n\n\n\n<ul class=\"wp-block-list\"><li>Soraia Dias Monteiro<\/li>\n\n\n\n<li>Manuel de Almeida Lima<\/li>\n<\/ul><p>Al\u00e9m disso, o documento tamb\u00e9m apresenta as<strong> atribui\u00e7\u00f5es do grupo<\/strong> formado, de maneira que tais membros ser\u00e3o respons\u00e1veis por:<\/p>\n\n\n\n<ul class=\"wp-block-list\"><li>Realizar estudo de vagas a serem ofertadas;<\/li>\n\n\n\n<li>Proceder com a requisi\u00e7\u00e3o de atos necess\u00e1rios a fase inicial de contrata\u00e7\u00e3o de empresa que ficar\u00e1 respons\u00e1vel pelo certame;<\/li>\n\n\n\n<li>Fornecer dados e informa\u00e7\u00f5es necess\u00e1rias \u00e0 empresa contratada;<\/li>\n\n\n\n<li>Fiscalizar a presta\u00e7\u00e3o dos servi\u00e7os da empresa contratada;<\/li>\n\n\n\n<li>Analisar e validar o edital e demais comunicados relacionados ao concurso p\u00fablico;<\/li>\n\n\n\n<li>Julgar pedidos de isen\u00e7\u00e3o de taxa de inscri\u00e7\u00e3o, ap\u00f3s an\u00e1lise e parecer da empresa contratada e os eventuais recursos e impugna\u00e7\u00f5es ao edital;<\/li>\n\n\n\n<li>Receber e analisar os relat\u00f3rios diversos e listagens contendo os resultados das provas;<\/li>\n\n\n\n<li>Responder, no que couber, aos \u00f3rg\u00e3os p\u00fablicos, a exemplo do Tribunal de Contas do Estado, sindicatos e demais entidades, quanto a poss\u00edveis questionamentos pertinentes ao processo de sele\u00e7\u00e3o, assessoradas pela empresa contratada;<\/li>\n\n\n\n<li>Aprovar atos realizados pela banca;<\/li>\n\n\n\n<li>Homologar resultado final do concurso IMP Jo\u00e3o Pessoa PB.<\/li>\n<\/ul><h3 class=\"wp-block-heading\">[ps2id id=\u2019banca\u2019 target=\u201d\/]Banca organizadora<\/h3>\n\n\n\n<p>\u00c9 igualmente essencial frisar que em breve pode ocorrer o processo de<strong> escolha e contrata\u00e7\u00e3o<\/strong> de uma <strong>banca organizadora.<\/strong><\/p>\n\n\n\n<p>Al\u00e9m disso, vale frisar que a empresa ser\u00e1 a respons\u00e1vel por <strong>receber as inscri\u00e7\u00f5es<\/strong> dos candidatos e <strong>viabilizar e aplicar<\/strong> as etapas avaliativas da sele\u00e7\u00e3o.<\/p>\n\n\n\n<p>Nesse sentido, o edital somente poder\u00e1 ser publicado ap\u00f3s a <strong>contrata\u00e7\u00e3o<\/strong> da empresa escolhida e a conclus\u00e3o dos<strong> tr\u00e2mites finais.<\/strong><\/p>\n\n\n\n<p>Dessa forma, vale frisar que ainda <strong>n\u00e3o s\u00e3o conhecidos maiores detalhes<\/strong> acerca da nova sele\u00e7\u00e3o, visto que a comiss\u00e3o organizadora acaba de ser formada. Entretanto, novidades podem ser divulgadas em breve, conforme<strong> avan\u00e7o nos trabalhos.<\/strong><\/p>\n\n\n\n<h2 class=\"wp-block-heading\" id=\"ltimo-concurso-ipm-joo-pessoa-pb\">\u00daltimo concurso IPM Jo\u00e3o Pessoa PB<\/h2>\n\n\n\n<p>Sendo assim, enquanto <strong>novas informa\u00e7\u00f5es<\/strong> acerca da nova sele\u00e7\u00e3o n\u00e3o s\u00e3o divulgadas, \u00e9 essencial que os concurseiros <strong>iniciem sua prepara\u00e7\u00e3o<\/strong> com base na an\u00e1lise de <strong>antigos editais.<\/strong><\/p>\n\n\n\n<p>Nesse sentido, o \u00faltimo concurso IPM Jo\u00e3o Pessoa PB <strong>ocorreu em 2018<\/strong> sob a organiza\u00e7\u00e3o do IBADE, quando foram ofertadas<strong> 60 oportunidades<\/strong> entre carreiras de n\u00edveis m\u00e9dio, t\u00e9cnico e superior, sendo elas:<\/p>\n\n\n\n<p><strong>N\u00edvel M\u00e9dio<\/strong><\/p>\n\n\n\n<ul class=\"wp-block-list\"><li>Assistente de Suporte de:\n<ul class=\"wp-block-list\"><li>Administra\u00e7\u00e3o e Finan\u00e7as \u2013 19 vagas;<\/li>\n\n\n\n<li>Previd\u00eancia \u2013 10 vagas;<\/li>\n\n\n\n<li>Tecnologia da Informa\u00e7\u00e3o \u2013 3 vagas;<\/li>\n\n\n\n<li>Transporte \u2013 4 vagas.<\/li>\n<\/ul><\/li>\n<\/ul><p><strong>N\u00edvel T\u00e9cnico<\/strong><\/p>\n\n\n\n<ul class=\"wp-block-list\"><li>T\u00e9cnico em Contabilidade \u2013 3 vagas;<\/li>\n\n\n\n<li>T\u00e9cnico em Inform\u00e1tica \u2013 2 vagas.<\/li>\n<\/ul><p><strong>N\u00edvel Superior<\/strong><\/p>\n\n\n\n<ul class=\"wp-block-list\"><li>Administrador \u2013 2 vagas;<\/li>\n\n\n\n<li>Analista de Inform\u00e1tica (Analista de Redes e Comunica\u00e7\u00e3o) \u2013 1 vaga;<\/li>\n\n\n\n<li>Analista de Inform\u00e1tica (Analista de Sistema e Programa\u00e7\u00e3o) \u2013 1 vaga;<\/li>\n\n\n\n<li>Arquivista \u2013 2 vagas;<\/li>\n\n\n\n<li>Assistente Social \u2013 2 vagas;<\/li>\n\n\n\n<li>Atu\u00e1rio \u2013 1 vaga;<\/li>\n\n\n\n<li>Contador \u2013 2 vagas;<\/li>\n\n\n\n<li>Economista \u2013 1 vaga;<\/li>\n\n\n\n<li>Jur\u00eddico \u2013 7 vagas.<\/li>\n<\/ul><p>Al\u00e9m disso, os aprovados no concurso p\u00fablico receberam <strong>sal\u00e1rios iniciais<\/strong> que variavam entre <strong>R$ 1.500,00 a R$ 2.479,27.<\/strong><\/p>\n\n\n\n<h3 class=\"wp-block-heading\">Como foram as provas?<\/h3>\n\n\n\n<p>Por fim, \u00e9 essencial recordar que os inscritos no \u00faltimo <a href=\"https:\/\/www.novaconcursos.com.br\/portal\/concursos-abertos\/\">concurso<\/a> do Instituto de Previd\u00eancia do Munic\u00edpio de Jo\u00e3o Pessoa, na Para\u00edba, foram avaliados por meio de <strong>provas objetivas e discursivas.<\/strong><\/p>\n\n\n\n<p>Ademais, para as <strong>provas objetivas<\/strong> os candidatos responderam a <strong>50 quest\u00f5es<\/strong> de m\u00faltipla escolha acerca das <strong>disciplinas<\/strong> de:<\/p>\n\n\n\n<p><strong>N\u00edvel Superior<\/strong><\/p>\n\n\n\n<ul class=\"wp-block-list\"><li>L\u00edngua Portuguesa<\/li>\n\n\n\n<li>No\u00e7\u00f5es de Administra\u00e7\u00e3o P\u00fablica<\/li>\n\n\n\n<li>Legisla\u00e7\u00e3o Previdenci\u00e1ria<\/li>\n\n\n\n<li>No\u00e7\u00f5es de Direito Administrativo<\/li>\n\n\n\n<li>No\u00e7\u00f5es de Direito Constitucional<\/li>\n\n\n\n<li>Conhecimentos na \u00c1rea de Forma\u00e7\u00e3o<\/li>\n<\/ul><p><strong>N\u00edvel M\u00e9dio\/T\u00e9cnico<\/strong><\/p>\n\n\n\n<ul class=\"wp-block-list\"><li>L\u00edngua Portuguesa<\/li>\n\n\n\n<li>Racioc\u00ednio L\u00f3gico e Matem\u00e1tico<\/li>\n\n\n\n<li>Legisla\u00e7\u00e3o Previdenci\u00e1rio<\/li>\n\n\n\n<li>No\u00e7\u00f5es de Direito Administrativo<\/li>\n\n\n\n<li>No\u00e7\u00f5es de Direito Constitucional<\/li>\n\n\n\n<li>Conhecimentos na \u00e1rea do cargo<\/li>\n<\/ul><p>Por outro lado, a <strong>prova discursiva<\/strong> foi composta por apenas um tema e os candidatos foram avaliados por meio dos <strong>crit\u00e9rios abaixo:<\/strong><\/p>\n\n\n\n<ul class=\"wp-block-list\"><li>Dom\u00ednio da norma padr\u00e3o da L\u00edngua Portuguesa<\/li>\n\n\n\n<li>Pontua\u00e7\u00e3o<\/li>\n\n\n\n<li>Ortografia<\/li>\n\n\n\n<li>Compreens\u00e3o da Proposta<\/li>\n\n\n\n<li>Organiza\u00e7\u00e3o dos Argumentos<\/li>\n\n\n\n<li>Clareza<\/li>\n\n\n\n<li>Produtividade autoral<\/li>\n<\/ul>","protected":false},"excerpt":{"rendered":"<p>Novidades para os concurseiros! Um novo concurso IPM Jo\u00e3o Pessoa PB (Instituto de Previd\u00eancia do Munic\u00edpio) pode ser realizado em breve. Isso porque uma comiss\u00e3o organizadora j\u00e1 foi formada.<br \/>\nAl\u00e9m disso, vale recordar que o \u00faltimo concurso ocorreu em 2018, de maneira que atualmente existem vac\u00e2ncias que precisam ser preenchidas. Sendo assim, se voc\u00ea se interessa pela nova sele\u00e7\u00e3o, confira todos os detalhes a seguir!<\/p>\n","protected":false},"author":16,"featured_media":161988,"comment_status":"closed","ping_status":"closed","sticky":false,"template":"","format":"standard","meta":{"_acf_changed":false,"footnotes":"","_wp_rev_ctl_limit":""},"categories":[44999],"tags":[],"class_list":["post-61764","post","type-post","status-publish","format-standard","has-post-thumbnail","hentry","category-concursos"],"acf":[],"_links":{"self":[{"href":"https:\/\/www.novaconcursos.com.br\/portal\/wp-json\/wp\/v2\/posts\/61764","targetHints":{"allow":["GET"]}}],"collection":[{"href":"https:\/\/www.novaconcursos.com.br\/portal\/wp-json\/wp\/v2\/posts"}],"about":[{"href":"https:\/\/www.novaconcursos.com.br\/portal\/wp-json\/wp\/v2\/types\/post"}],"author":[{"embeddable":true,"href":"https:\/\/www.novaconcursos.com.br\/portal\/wp-json\/wp\/v2\/users\/16"}],"replies":[{"embeddable":true,"href":"https:\/\/www.novaconcursos.com.br\/portal\/wp-json\/wp\/v2\/comments?post=61764"}],"version-history":[{"count":3,"href":"https:\/\/www.novaconcursos.com.br\/portal\/wp-json\/wp\/v2\/posts\/61764\/revisions"}],"predecessor-version":[{"id":240504,"href":"https:\/\/www.novaconcursos.com.br\/portal\/wp-json\/wp\/v2\/posts\/61764\/revisions\/240504"}],"wp:featuredmedia":[{"embeddable":true,"href":"https:\/\/www.novaconcursos.com.br\/portal\/wp-json\/wp\/v2\/media\/161988"}],"wp:attachment":[{"href":"https:\/\/www.novaconcursos.com.br\/portal\/wp-json\/wp\/v2\/media?parent=61764"}],"wp:term":[{"taxonomy":"category","embeddable":true,"href":"https:\/\/www.novaconcursos.com.br\/portal\/wp-json\/wp\/v2\/categories?post=61764"},{"taxonomy":"post_tag","embeddable":true,"href":"https:\/\/www.novaconcursos.com.br\/portal\/wp-json\/wp\/v2\/tags?post=61764"}],"curies":[{"name":"wp","href":"https:\/\/api.w.org\/{rel}","templated":true}]}}