{"id":6199,"date":"2014-02-22T10:55:23","date_gmt":"2014-02-22T13:55:23","guid":{"rendered":"http:\/\/www.novaconcursos.com.br\/portal\/?p=6199"},"modified":"2025-04-03T10:46:08","modified_gmt":"2025-04-03T13:46:08","slug":"duvidas-comuns-de-portugues-para-concursos","status":"publish","type":"post","link":"https:\/\/www.novaconcursos.com.br\/portal\/artigos\/duvidas-comuns-de-portugues-para-concursos\/","title":{"rendered":"D\u00favidas comuns de portugu\u00eas para concursos"},"content":{"rendered":"<p>Conhe\u00e7a temas da<strong><a href=\"https:\/\/www.novaconcursos.com.br\/concurso\/lingua-portuguesa\/apostila?utm_source=blog&amp;utm_medium=smm&amp;utm_content=post+temas+portugues+que+mais+caem+concursos&amp;utm_campaign=20140222\" target=\"_blank\" rel=\"noopener noreferrer\"> l\u00edngua portuguesa<\/a> para concursos<\/strong> considerados dif\u00edceis que deixam qualquer um apreensivo.<\/p>\n\n\n\n<p><\/p>\n\n\n\n<p>Considerado um dos grandes <strong>vil\u00f5es da \u00e1rea de concursos p\u00fablicos<\/strong>, o portugu\u00eas causa estranheza e confus\u00e3o por muitas vezes ser usado de forma coloquial ao inv\u00e9s de sua norma culta.<\/p>\n\n\n\n<p>Investir em bons livros e bons autores \u00e9 fundamental para se dar bem. Confira abaixo quais s\u00e3o os t\u00f3picos considerados mais complicados para concursos:<\/p>\n\n\n\n<h2 class=\"wp-block-heading\" id=\"colocao-pronominal\">Coloca\u00e7\u00e3o Pronominal<\/h2>\n\n\n\n<p>Coloca\u00e7\u00e3o dos pronomes obl\u00edquos \u00e1tonos \u2013 me, te, se, o, a, lhe, nos, vos, os, as, lhes. H\u00e1 muito erro por parte dos concurseiros porque o uso coloquial tende a aceitar a pr\u00f3clise (pronome vem antes do verbo)<\/p>\n\n\n\n<p>Ex.: \u201cprecisam-se de empregados\u201d ou \u201cprecisa-se de empregados\u201d.<\/p>\n\n\n\n<h2 class=\"wp-block-heading\" id=\"regncia-verbal\">Reg\u00eancia verbal<\/h2>\n\n\n\n<p>A reg\u00eancia muda de acordo com a rela\u00e7\u00e3o do verbo com o complemento.<\/p>\n\n\n\n<p>Ex.:Joana assistiu um paciente no hospital onde trabalha.<br>Joana assistiu ao jogo da sele\u00e7\u00e3o brasileira.<\/p>\n\n\n\n<h2 class=\"wp-block-heading\" id=\"regncia-nominal\">Reg\u00eancia nominal<\/h2>\n\n\n\n<p>\u00c9 a rela\u00e7\u00e3o entre o substantivo, adjetivo ou adv\u00e9rbio transitivo e seu complemento nominal, intermediada por uma preposi\u00e7\u00e3o.<\/p>\n\n\n\n<p>Ex.: Ela tem necessidade de roupa.<br>Fiz uma refer\u00eancia a um escritor famoso.<\/p>\n\n\n\n<h2 class=\"wp-block-heading\" id=\"acentuao\">Acentua\u00e7\u00e3o<\/h2>\n\n\n\n<p>Quest\u00f5es de acentua\u00e7\u00e3o aparecem muito, sobretudo tratando do uso da crase.<\/p>\n\n\n\n<h2 class=\"wp-block-heading\" id=\"flexo-verbal\">Flex\u00e3o verbal<\/h2>\n\n\n\n<p>S\u00e3o colocados no final das palavras para indicar flex\u00f5es verbais ou nominais, indicando g\u00eanero e n\u00famero de nomes ou n\u00famero, pessoa, tempo e modo dos verbos<\/p>\n\n\n\n<p>Ex.: casa \u2013 casas, gato \u2013 gata<\/p>\n\n\n\n<h2 class=\"wp-block-heading\" id=\"concordncia\">Concord\u00e2ncia<\/h2>\n\n\n\n<p>Pode ser verbal e nominal. O primeiro diz a rela\u00e7\u00e3o do verbo em rela\u00e7\u00e3o ao sujeito, com um concordando em n\u00famero (singular ou plural) e pessoa (1\u00aa, 2\u00aa, 3\u00aa) com o segundo.<\/p>\n\n\n\n<p>Ex.: O menino trabalha na f\u00e1brica; N\u00f3s gostamos de crian\u00e7as.<\/p>\n\n\n\n<h2 class=\"wp-block-heading\" id=\"modo-imperativo\">Modo imperativo<\/h2>\n\n\n\n<p>j\u00e1 a concord\u00e2ncia nominal diz respeito ao substantivo e seus termos referentes: adjetivo, numeral, pronome, artigo. Essa concord\u00e2ncia \u00e9 feita em g\u00eanero (masculino ou feminino) e pessoa.<\/p>\n\n\n\n<p>Ex.: O professor e a aluna s\u00e3o altos.<\/p>\n\n\n\n<h2 class=\"wp-block-heading\" id=\"pronomes\">Pronomes<\/h2>\n\n\n\n<p>palavras que representam ou substituem nomes .<br>Ex.: Jo\u00e3o e Maria eram lojistas. Eles s\u00e3o lojistas.<\/p>\n\n\n\n<p><strong>Como estudar d\u00favidas mais comuns de portugu\u00eas para concursos?<\/strong><br>\u2013 Al\u00e9m da teoria gramatical, a fixa\u00e7\u00e3o do conte\u00fado ocorre a partir da pr\u00e1tica. O concurseiro deve sempre examinar o termo regente (verbo), e o termo regido (complemento) para fazer uma an\u00e1lise mais aprofundada sobre o assunto.<\/p>\n\n\n\n<p>\u2013 Separe todos as palavras da ora\u00e7\u00e3o e identifique qual a classe gramatical de cada uma para depois analisar a rela\u00e7\u00e3o entre todas elas. Sempre que poss\u00edvel, consulte a gram\u00e1tica.<\/p>\n\n\n\n<p>Agora \u00e9 s\u00f3 estudar! Boa sorte \ud83d\ude42<\/p>\n\n\n\n<p><\/p>","protected":false},"excerpt":{"rendered":"<p>Conhe\u00e7a temas da l\u00edngua portuguesa para concursos considerados dif\u00edceis que deixam qualquer um apreensivo. Considerado um dos grandes vil\u00f5es da \u00e1rea de concursos p\u00fablicos, o portugu\u00eas causa estranheza e confus\u00e3o por muitas vezes ser usado de forma coloquial ao inv\u00e9s de sua norma culta. Investir em bons livros e bons autores \u00e9 fundamental para se [&hellip;]<\/p>\n","protected":false},"author":16,"featured_media":6434,"comment_status":"closed","ping_status":"open","sticky":false,"template":"","format":"standard","meta":{"_acf_changed":false,"footnotes":"","_wp_rev_ctl_limit":""},"categories":[33508],"tags":[9173,9174,9175,9176,3237,3198,7269,2818,8096],"class_list":["post-6199","post","type-post","status-publish","format-standard","has-post-thumbnail","hentry","category-artigos","tag-apostilas-de-portugues-para-concursos","tag-como-estudar-portugues","tag-como-estudar-portugues-para-concursos","tag-dicas-de-lingua-portuguesa","tag-dicas-de-portugues-2014","tag-dicas-de-preparacao","tag-estudos","tag-lingua-portuguesa","tag-portugues"],"acf":[],"_links":{"self":[{"href":"https:\/\/www.novaconcursos.com.br\/portal\/wp-json\/wp\/v2\/posts\/6199","targetHints":{"allow":["GET"]}}],"collection":[{"href":"https:\/\/www.novaconcursos.com.br\/portal\/wp-json\/wp\/v2\/posts"}],"about":[{"href":"https:\/\/www.novaconcursos.com.br\/portal\/wp-json\/wp\/v2\/types\/post"}],"author":[{"embeddable":true,"href":"https:\/\/www.novaconcursos.com.br\/portal\/wp-json\/wp\/v2\/users\/16"}],"replies":[{"embeddable":true,"href":"https:\/\/www.novaconcursos.com.br\/portal\/wp-json\/wp\/v2\/comments?post=6199"}],"version-history":[{"count":4,"href":"https:\/\/www.novaconcursos.com.br\/portal\/wp-json\/wp\/v2\/posts\/6199\/revisions"}],"predecessor-version":[{"id":277609,"href":"https:\/\/www.novaconcursos.com.br\/portal\/wp-json\/wp\/v2\/posts\/6199\/revisions\/277609"}],"wp:featuredmedia":[{"embeddable":true,"href":"https:\/\/www.novaconcursos.com.br\/portal\/wp-json\/"}],"wp:attachment":[{"href":"https:\/\/www.novaconcursos.com.br\/portal\/wp-json\/wp\/v2\/media?parent=6199"}],"wp:term":[{"taxonomy":"category","embeddable":true,"href":"https:\/\/www.novaconcursos.com.br\/portal\/wp-json\/wp\/v2\/categories?post=6199"},{"taxonomy":"post_tag","embeddable":true,"href":"https:\/\/www.novaconcursos.com.br\/portal\/wp-json\/wp\/v2\/tags?post=6199"}],"curies":[{"name":"wp","href":"https:\/\/api.w.org\/{rel}","templated":true}]}}