{"id":62314,"date":"2018-01-19T11:56:00","date_gmt":"2018-01-19T13:56:00","guid":{"rendered":"http:\/\/www.novaconcursos.com.br\/portal\/?p=62314"},"modified":"2025-12-29T12:06:14","modified_gmt":"2025-12-29T15:06:14","slug":"concurso-pf-2018","status":"publish","type":"post","link":"https:\/\/www.novaconcursos.com.br\/portal\/noticias\/concurso-pf-2018\/","title":{"rendered":"Concurso PF 2018"},"content":{"rendered":"<p>Ainda n\u00e3o se sabe ao certo a data em que o edital do <a href=\"https:\/\/www.novaconcursos.com.br\/portal\/concursos\/concurso-policia-federal\/\">Concurso PF<\/a><strong> 2018 (Pol\u00edcia Federal)<\/strong>\u00a0ser\u00e1 publicado, por\u00e9m pelas movimenta\u00e7\u00f5es pelas quais as peti\u00e7\u00f5es tem passado ultimamente, podemos dizer que <strong>n\u00e3o ir\u00e1 demorar!<\/strong><\/p>\n<p style=\"text-align: center;\"><strong><a href=\"https:\/\/www.novaconcursos.com.br\/apostila-concurso\/pf-policia-federal\" target=\"_blank\" rel=\"noopener noreferrer\">\u00bbEstude para o <span style=\"text-decoration: underline;\"><span style=\"color: #0000ff; text-decoration: underline;\">Concurso Pol\u00edcia Federal<\/span> <\/span>e parcele o pagamento <span style=\"text-decoration: underline;\"><span style=\"color: #ff0000; text-decoration: underline;\">SEM JUROS<\/span><\/span>!\u00ab<\/a><\/strong><\/p>\n<p>Os concurseiros que desejam se inscrever e tentar uma vaga na pol\u00edcia federal, podem <strong>intensificar os estudos<\/strong> pois muito em breve teremos mais informa\u00e7\u00f5es sobre o concurso.<\/p>\n<p>O assunto foi o tema da <strong>reuni\u00e3o entre o Presidente do Brasil, Michel Temer e o Diretor-Geral da Pol\u00edcia Federal, Fernando Seg\u00f3via<\/strong>, nesta segunda feira, dia 15 de janeiro de 2018.<\/p>\n<p>Apesar das in\u00fameras tentativas de obter mais informa\u00e7\u00f5es a respeito do que realmente foi discutido na reuni\u00e3o e quais as decis\u00f5es que foram tomadas, tudo ainda \u00e9 bastante sigiloso.<\/p>\n<p>O que pudemos entender, \u00e9 que<strong> o governo apoia o novo Concurso da PF<\/strong> e ele j\u00e1 consta no or\u00e7amento deste ano, que j\u00e1 foi sancionado.<\/p>\n<p>A Pol\u00edcia Federal, informou que<strong> ir\u00e1 protocolar nova solicita\u00e7\u00e3o de vagas no Minist\u00e9rio de Planejamento<\/strong>, levando em conta a mudan\u00e7a que ocorreu recentemente na dire\u00e7\u00e3o da PF, com a posse do novo diretor geral, Fernando Seg\u00f3via, em novembro; Seg\u00f3via j\u00e1 deixou claro que uma de suas prioridades de sua dire\u00e7\u00e3o \u00e9 o novo concurso para suprir as necessidades da seguran\u00e7a do pa\u00eds.<\/p>\n<p>De acordo com a Federa\u00e7\u00e3o Nacional dos Policiais Federais, <strong>ser\u00e3o ofertadas 600 vagas,<\/strong> por\u00e9m essa informa\u00e7\u00e3o ainda \u00e9 apenas uma especula\u00e7\u00e3o, pois n\u00e3o foi confirmada pela Pol\u00edcia Federal, que tamb\u00e9m n\u00e3o revela como ser\u00e1 a distribui\u00e7\u00e3o dos cargos ainda.<\/p>\n<p style=\"text-align: center;\"><strong><a href=\"https:\/\/www.novaconcursos.com.br\/apostila-concurso\/pf-policia-federal\" target=\"_blank\" rel=\"noopener noreferrer\">\u00bbEstude para o <span style=\"text-decoration: underline;\"><span style=\"color: #0000ff; text-decoration: underline;\">Concurso Pol\u00edcia Federal<\/span> <\/span>e parcele o pagamento <span style=\"text-decoration: underline;\"><span style=\"color: #ff0000; text-decoration: underline;\">SEM JUROS<\/span><\/span>!\u00ab<\/a><\/strong><\/p>\n<p>A <span style=\"text-decoration: underline; color: #0000ff;\"><strong><a style=\"color: #0000ff; text-decoration: underline;\" href=\"https:\/\/www.novaconcursos.com.br\" target=\"_blank\" rel=\"noopener noreferrer\">Nova Concursos<\/a><\/strong><\/span> tem ajudado h\u00e1 mais de 8 anos quem quer vencer a batalha do concurso p\u00fablico. Se voc\u00ea quer aumentar suas chances de passar, conhe\u00e7a nossos materiais acessando nosso site!<\/p>","protected":false},"excerpt":{"rendered":"<p>Ainda n\u00e3o se sabe ao certo a data em que o edital do Concurso PF 2018 (Pol\u00edcia Federal)\u00a0ser\u00e1 publicado, por\u00e9m pelas movimenta\u00e7\u00f5es pelas quais as peti\u00e7\u00f5es tem passado ultimamente, podemos dizer que n\u00e3o ir\u00e1 demorar! \u00bbEstude para o Concurso Pol\u00edcia Federal e parcele o pagamento SEM JUROS!\u00ab Os concurseiros que desejam se inscrever e tentar [&hellip;]<\/p>\n","protected":false},"author":16,"featured_media":0,"comment_status":"closed","ping_status":"closed","sticky":false,"template":"","format":"standard","meta":{"_acf_changed":false,"footnotes":"","_wp_rev_ctl_limit":""},"categories":[228],"tags":[5360,24321,24319,24318,24316,24317,24315,24314,24313,24320],"class_list":["post-62314","post","type-post","status-publish","format-standard","hentry","category-noticias","tag-edital-policia-federal","tag-estudar-para-o-concurso-da-pf","tag-pf-2018-concurso","tag-pf-2018-edital","tag-pf-concurso","tag-pf-edital","tag-pf-vagas","tag-policia-federal-concurso","tag-policia-federal-vagas","tag-vagas-na-pf"],"acf":[],"_links":{"self":[{"href":"https:\/\/www.novaconcursos.com.br\/portal\/wp-json\/wp\/v2\/posts\/62314","targetHints":{"allow":["GET"]}}],"collection":[{"href":"https:\/\/www.novaconcursos.com.br\/portal\/wp-json\/wp\/v2\/posts"}],"about":[{"href":"https:\/\/www.novaconcursos.com.br\/portal\/wp-json\/wp\/v2\/types\/post"}],"author":[{"embeddable":true,"href":"https:\/\/www.novaconcursos.com.br\/portal\/wp-json\/wp\/v2\/users\/16"}],"replies":[{"embeddable":true,"href":"https:\/\/www.novaconcursos.com.br\/portal\/wp-json\/wp\/v2\/comments?post=62314"}],"version-history":[{"count":3,"href":"https:\/\/www.novaconcursos.com.br\/portal\/wp-json\/wp\/v2\/posts\/62314\/revisions"}],"predecessor-version":[{"id":301568,"href":"https:\/\/www.novaconcursos.com.br\/portal\/wp-json\/wp\/v2\/posts\/62314\/revisions\/301568"}],"wp:attachment":[{"href":"https:\/\/www.novaconcursos.com.br\/portal\/wp-json\/wp\/v2\/media?parent=62314"}],"wp:term":[{"taxonomy":"category","embeddable":true,"href":"https:\/\/www.novaconcursos.com.br\/portal\/wp-json\/wp\/v2\/categories?post=62314"},{"taxonomy":"post_tag","embeddable":true,"href":"https:\/\/www.novaconcursos.com.br\/portal\/wp-json\/wp\/v2\/tags?post=62314"}],"curies":[{"name":"wp","href":"https:\/\/api.w.org\/{rel}","templated":true}]}}