{"id":62764,"date":"2018-01-31T17:20:26","date_gmt":"2018-01-31T19:20:26","guid":{"rendered":"http:\/\/www.novaconcursos.com.br\/portal\/?p=62764"},"modified":"2021-01-28T15:44:37","modified_gmt":"2021-01-28T18:44:37","slug":"concurso-pm-to-edital-com-mais-de-1-000-vagas-e-retificado-2018-01","status":"publish","type":"post","link":"https:\/\/www.novaconcursos.com.br\/portal\/noticias\/concurso-pm-to-edital-com-mais-de-1-000-vagas-e-retificado-2018-01\/","title":{"rendered":"Concurso PM TO: Edital com mais de 1.000 vagas \u00e9 retificado!"},"content":{"rendered":"<p><a href=\"https:\/\/www.novaconcursos.com.br\/apostila-concurso\/pm-to-policia-militar-de-tocantins\" target=\"_blank\" rel=\"noopener noreferrer\">Os <strong>editais<\/strong> do concurso p\u00fablico da <strong>Pol\u00edcia Militar do Tocantins (PM TO)<\/strong> para os cargos de Soldado e Cadete <strong>foram retificados<\/strong>. As mudan\u00e7as s\u00e3o referentes \u00e0 <strong>faixa et\u00e1ria<\/strong> para a avalia\u00e7\u00e3o do exame de capacidade f\u00edsica (<strong>ECF<\/strong>).<\/a><\/p>\n<p style=\"text-align: center;\"><strong><a style=\"color: #000000;\" href=\"https:\/\/www.novaconcursos.com.br\/apostila-concurso\/pm-to-policia-militar-de-tocantins\" target=\"_blank\" rel=\"noopener noreferrer\">\u00bb\u00a0Prepare-se com a\u00a0<span style=\"text-decoration: underline; color: #0000ff;\">Apostila PM TO<\/span>\u00a0e parcele o pagamento\u00a0<span style=\"text-decoration: underline; color: #ff0000;\">SEM JUROS<\/span>!\u00a0\u00ab<\/a><\/strong><\/p>\n<p><span style=\"color: #000000;\"><strong>Quais s\u00e3o as altera\u00e7\u00f5es?<\/strong><\/span><\/p>\n<p><a href=\"https:\/\/www.novaconcursos.com.br\/apostila-concurso\/pm-to-policia-militar-de-tocantins\" target=\"_blank\" rel=\"noopener noreferrer\">A primeira altera\u00e7\u00e3o \u00e9 sobre a <strong>faixa et\u00e1ria<\/strong>, onde no edital l\u00ea-se faixa et\u00e1ria de <strong>25 a 30 anos<\/strong>, com a retifica\u00e7\u00e3o foi corrigido para faixa et\u00e1ria a partir de <strong>25 anos<\/strong>. A idade considerada na faixa et\u00e1ria ser\u00e1 a idade que o candidato tiver na <strong>data da realiza\u00e7\u00e3o do ECF<\/strong>.<\/a><\/p>\n<p><a href=\"https:\/\/www.novaconcursos.com.br\/apostila-concurso\/pm-to-policia-militar-de-tocantins\" target=\"_blank\" rel=\"noopener noreferrer\">Ainda de acordo com a retifica\u00e7\u00e3o, a idade ser\u00e1 contada em<strong> anos inteiros<\/strong>, desprezando-se as fra\u00e7\u00f5es (meses e dias). Ser\u00e1 observada a idade at\u00e9 o dia marcado no edital de convoca\u00e7\u00e3o para o candidato se submeter ao ECF, incluindo o primeiro dia de realiza\u00e7\u00e3o do exame.<\/a><\/p>\n<p><span style=\"color: #000000;\"><strong>Sobre o exame de Capacidade F\u00edsica (ECF)<\/strong><\/span><\/p>\n<p><a href=\"https:\/\/www.novaconcursos.com.br\/apostila-concurso\/pm-to-policia-militar-de-tocantins\" target=\"_blank\" rel=\"noopener noreferrer\">Ainda de acordo com o edital de retifica\u00e7\u00e3o, o <strong>exame de Capacidade F\u00edsica (ECF)<\/strong> do concurso PM TO ter\u00e1 <strong>car\u00e1ter eliminat\u00f3rio<\/strong> e ser\u00e1 realizado na cidade de Palmas\/TO. Para participar da etapa, o candidato dever\u00e1 alcan\u00e7ar <strong>pontua\u00e7\u00e3o m\u00ednima<\/strong> na prova objetiva e dissertativa, de acordo com a pontua\u00e7\u00e3o estabelecida no edital.<\/a><\/p>\n<p><a href=\"https:\/\/www.novaconcursos.com.br\/apostila-concurso\/pm-to-policia-militar-de-tocantins\" target=\"_blank\" rel=\"noopener noreferrer\">O primeiro passo do teste f\u00edsico ser\u00e1 a avalia\u00e7\u00e3o da estatura m\u00ednima exigida, sendo automaticamente eliminado o candidato que apresentar altura inferior a <strong>1,63m<\/strong> (homens) e <strong>1,60m<\/strong> (mulheres).<\/a><\/p>\n<p><a href=\"https:\/\/www.novaconcursos.com.br\/apostila-concurso\/pm-to-policia-militar-de-tocantins\" target=\"_blank\" rel=\"noopener noreferrer\">O objetivo do exame \u00e9 verificar a capacidade m\u00ednima necess\u00e1ria para suportar, f\u00edsica e organicamente, as exig\u00eancias pr\u00f3prias do cargo. O local e o hor\u00e1rio, assim como as normas complementares, ser\u00e3o divulgados no edital de convoca\u00e7\u00e3o para a etapa, que estar\u00e1 dispon\u00edvel no <strong>site da banca organizadora, a AOCP<\/strong>.<\/a><\/p>\n<p style=\"text-align: center;\"><a href=\"https:\/\/www.novaconcursos.com.br\/portal\/concursos\/concurso-pm-to\/\" target=\"_blank\" rel=\"noopener noreferrer\"><strong>Para mais informa\u00e7\u00f5es sobre o certame e acesso aos editais,<\/strong> <span style=\"text-decoration: underline; color: #0000ff;\">veja a p\u00e1gina do <strong>Concurso PM TO<\/strong><\/span><\/a><\/p>\n<p style=\"text-align: left;\">A\u00a0<a href=\"https:\/\/www.novaconcursos.com.br\/\" target=\"_blank\" rel=\"noopener noreferrer\"><span style=\"text-decoration: underline; color: #0000ff;\"><strong>Nova Concursos<\/strong><\/span>\u00a0<\/a>tem ajudado h\u00e1 mais de 8 anos quem quer vencer a batalha do concurso p\u00fablico. Se voc\u00ea quer aumentar suas chances de passar, conhe\u00e7a nossos materiais acessando nosso site!<\/p>\n<p style=\"text-align: center;\"><span style=\"color: #000000;\"><strong><a style=\"color: #000000;\" href=\"https:\/\/www.novaconcursos.com.br\/apostila-concurso\/pm-to-policia-militar-de-tocantins\" target=\"_blank\" rel=\"noopener noreferrer\">\u00bb\u00a0Prepare-se com a\u00a0<span style=\"text-decoration: underline; color: #0000ff;\">Apostila PM TO<\/span>\u00a0e parcele o pagamento\u00a0<span style=\"text-decoration: underline; color: #ff0000;\">SEM JUROS<\/span>!\u00a0\u00ab<\/a><\/strong><\/span><\/p>","protected":false},"excerpt":{"rendered":"<p>Os editais do concurso p\u00fablico da Pol\u00edcia Militar do Tocantins (PM TO) para os cargos de Soldado e Cadete foram retificados. As mudan\u00e7as s\u00e3o referentes \u00e0 faixa et\u00e1ria para a avalia\u00e7\u00e3o do exame de capacidade f\u00edsica (ECF). \u00bb\u00a0Prepare-se com a\u00a0Apostila PM TO\u00a0e parcele o pagamento\u00a0SEM JUROS!\u00a0\u00ab Quais s\u00e3o as altera\u00e7\u00f5es? A primeira altera\u00e7\u00e3o \u00e9 sobre [&hellip;]<\/p>\n","protected":false},"author":16,"featured_media":60350,"comment_status":"closed","ping_status":"closed","sticky":false,"template":"","format":"standard","meta":{"_acf_changed":false,"footnotes":"","_wp_rev_ctl_limit":""},"categories":[228],"tags":[23349,24609,24086,24084,24610,24083,24082,24085,24081],"class_list":["post-62764","post","type-post","status-publish","format-standard","has-post-thumbnail","hentry","category-noticias","tag-concurso-pm-to-2018","tag-concurso-pm-to-retificacao-do-edital","tag-concurso-pm-to-soldado-2018","tag-oficial-pm-to","tag-pm-pm-to-concurso","tag-pm-to-estudar","tag-pm-to-inscrever","tag-pm-to-soldado-concurso","tag-pm-to-vagas"],"acf":[],"_links":{"self":[{"href":"https:\/\/www.novaconcursos.com.br\/portal\/wp-json\/wp\/v2\/posts\/62764","targetHints":{"allow":["GET"]}}],"collection":[{"href":"https:\/\/www.novaconcursos.com.br\/portal\/wp-json\/wp\/v2\/posts"}],"about":[{"href":"https:\/\/www.novaconcursos.com.br\/portal\/wp-json\/wp\/v2\/types\/post"}],"author":[{"embeddable":true,"href":"https:\/\/www.novaconcursos.com.br\/portal\/wp-json\/wp\/v2\/users\/16"}],"replies":[{"embeddable":true,"href":"https:\/\/www.novaconcursos.com.br\/portal\/wp-json\/wp\/v2\/comments?post=62764"}],"version-history":[{"count":2,"href":"https:\/\/www.novaconcursos.com.br\/portal\/wp-json\/wp\/v2\/posts\/62764\/revisions"}],"predecessor-version":[{"id":113953,"href":"https:\/\/www.novaconcursos.com.br\/portal\/wp-json\/wp\/v2\/posts\/62764\/revisions\/113953"}],"wp:featuredmedia":[{"embeddable":true,"href":"https:\/\/www.novaconcursos.com.br\/portal\/wp-json\/wp\/v2\/media\/60350"}],"wp:attachment":[{"href":"https:\/\/www.novaconcursos.com.br\/portal\/wp-json\/wp\/v2\/media?parent=62764"}],"wp:term":[{"taxonomy":"category","embeddable":true,"href":"https:\/\/www.novaconcursos.com.br\/portal\/wp-json\/wp\/v2\/categories?post=62764"},{"taxonomy":"post_tag","embeddable":true,"href":"https:\/\/www.novaconcursos.com.br\/portal\/wp-json\/wp\/v2\/tags?post=62764"}],"curies":[{"name":"wp","href":"https:\/\/api.w.org\/{rel}","templated":true}]}}